{"id":229,"date":"2026-01-10T08:00:00","date_gmt":"2026-01-10T07:00:00","guid":{"rendered":"https:\/\/www.les-energies-renouvelables.eu\/article\/actualites\/?p=229"},"modified":"2026-01-09T21:26:23","modified_gmt":"2026-01-09T20:26:23","slug":"raccordement-pourquoi-lhybridation-eolien-solaire-attire-les-developpeurs-en-france","status":"publish","type":"post","link":"https:\/\/www.les-energies-renouvelables.eu\/article\/actualites\/energies\/raccordement-pourquoi-lhybridation-eolien-solaire-attire-les-developpeurs-en-france-229\/","title":{"rendered":"Raccordement : pourquoi l\u2019hybridation \u00e9olien-solaire attire les d\u00e9veloppeurs en France"},"content":{"rendered":"\n<p>R\u00e9sum\u00e9 :&nbsp;<\/p>\n\n\n\n<ul class=\"wp-block-list\">\n<li><strong>Usage des capacit\u00e9s<\/strong> : Utilisation de la puissance r\u00e9siduelle des points de raccordement pour injecter une production compl\u00e9mentaire.<\/li>\n\n\n\n<li><strong>Compl\u00e9mentarit\u00e9 des profils<\/strong> : Une synergie entre l&rsquo;\u00e9olien et le solaire, dont les gisements varient selon les cycles journaliers et saisonniers.<\/li>\n\n\n\n<li><strong>Mutualisation des \u00e9quipements<\/strong> : Partage des infrastructures \u00e9lectriques entre plusieurs sources pour rationaliser les investissements de raccordement.<\/li>\n<\/ul>\n\n\n\n<p>Le d\u00e9veloppement des \u00e9nergies renouvelables terrestres, o\u00f9 l&rsquo;\u00e9olien et le solaire constituent les troisi\u00e8me et quatri\u00e8me sources de production nationale, n\u00e9cessite une adaptation du r\u00e9seau. Selon la strat\u00e9gie de r\u00e9f\u00e9rence de RTE (SDDR 2025, Fiche 7), environ <strong>50 milliards d\u2019euros d\u2019investissements<\/strong> sont projet\u00e9s sur 15 ans pour moderniser les infrastructures de transport. Dans ce cadre, la <strong>loi APER<\/strong> et les Sch\u00e9mas R\u00e9gionaux de Raccordement (<strong>S3REnR<\/strong>) visent \u00e0 construire un r\u00e9seau optimis\u00e9 et mutualis\u00e9 afin d&rsquo;en minimiser les co\u00fbts globaux (source : RTE).<\/p>\n\n\n\n<h2 class=\"wp-block-heading\">Une gestion mutualis\u00e9e pour optimiser les investissements<\/h2>\n\n\n\n<p>Le dimensionnement d&rsquo;un poste de raccordement est traditionnellement calcul\u00e9 sur le pic de production maximal d&rsquo;une seule technologie. Or, ce seuil n&rsquo;est sollicit\u00e9 que durant une faible partie de l&rsquo;ann\u00e9e. L&rsquo;hybridation permet d&rsquo;allouer cette <strong>capacit\u00e9 technique<\/strong> souvent disponible \u00e0 une source d&rsquo;\u00e9nergie secondaire. Cette approche s&rsquo;inscrit dans la strat\u00e9gie globale d&rsquo;optimisation du r\u00e9seau qui, selon RTE, a permis d&rsquo;\u00e9viter environ <strong>1,5 milliard d&rsquo;euros d&rsquo;investissements<\/strong> sur la p\u00e9riode 2019-2025.<\/p>\n\n\n\n<p>Si l&rsquo;hybridation permet de partager les co\u00fbts de cr\u00e9ation d&rsquo;ouvrages entre plusieurs installations, des obstacles r\u00e9glementaires subsistent. Le <strong>Syndicat des \u00e9nergies renouvelables (SER)<\/strong> souligne la n\u00e9cessit\u00e9 de stabiliser le cadre l\u00e9gislatif pour lever certains freins, notamment concernant le raccordement en <strong>Haute Tension (HTA)<\/strong> pour les projets d\u00e9passant 17 MW, ainsi que la complexit\u00e9 des proc\u00e9dures d&rsquo;autorisation (source : PV Magazine).<\/p>\n\n\n\n<h2 class=\"wp-block-heading\">$Synergies techniques et enjeux de colocalisation<\/h2>\n\n\n\n<p>L&rsquo;int\u00e9r\u00eat de l&rsquo;hybridation repose sur la variabilit\u00e9 des gisements : le solaire produit exclusivement de jour, tandis que l&rsquo;\u00e9olien pr\u00e9sente souvent une production plus soutenue en hiver ou durant la nuit. Cette <strong>compl\u00e9mentarit\u00e9<\/strong> peut permettre de lisser l&rsquo;injection sur le r\u00e9seau, bien que les effets r\u00e9els sur la stabilit\u00e9 du syst\u00e8me fassent encore l&rsquo;objet de retours d&rsquo;exp\u00e9rience.<\/p>\n\n\n\n<p>PV Magazine souligne que la <strong>colocalisation des installations<\/strong> est essentielle pour l&rsquo;efficacit\u00e9 de ces projets, tout en rappelant les contraintes d&rsquo;espacement. Les \u00e9oliennes doivent en effet \u00eatre distantes les unes des autres pour limiter les <strong>effets de sillage<\/strong> (perturbations a\u00e9rodynamiques). Cette contrainte influence la conception des parcs et peut ouvrir des arbitrages d&rsquo;implantation pour le photovolta\u00efque. Selon l&rsquo;acteur <strong>Amplus Solar<\/strong>, l&rsquo;\u00e9loignement entre les unit\u00e9s de production et la sous-station de mise en commun augmente m\u00e9caniquement les pertes en ligne. En France, le projet de <strong>Sor\u00e9gies<\/strong> illustre une approche localis\u00e9e, avec des actifs photovolta\u00efques (5 MWc) et \u00e9oliens (24 MW) distants d&rsquo;une dizaine de kilom\u00e8tres.<\/p>\n\n\n\n<h2 class=\"wp-block-heading\">Pilotage num\u00e9rique et gestion des congestions<\/h2>\n\n\n\n<p>L\u2019int\u00e9gration de parcs hybrides modifie la conduite du r\u00e9seau. Selon RTE (SDDR 2025, Fiche 7), le gestionnaire a engag\u00e9 d\u00e8s 2024 le d\u00e9ploiement industriel d\u2019<strong>automates de gestion des flux<\/strong>. Ces dispositifs r\u00e9gulent l\u2019injection en temps r\u00e9el pour pr\u00e9venir les <strong>congestions<\/strong> lorsque la production cumul\u00e9e des deux sources d\u00e9passe la capacit\u00e9 autoris\u00e9e du poste de raccordement.<\/p>\n\n\n\n<p>Ce pilotage num\u00e9rique permet d&rsquo;optimiser l&rsquo;usage du r\u00e9seau existant dans le respect des limites de s\u00e9curit\u00e9. Toutefois, ces outils ne remplacent pas les investissements structurels de long terme pr\u00e9vus par RTE. Enfin, l&rsquo;aboutissement de tels projets d\u00e9pend de facteurs humains et administratifs. L&rsquo;exemple du <strong>projet Foulventour<\/strong> cit\u00e9 par RTE d\u00e9montre l&rsquo;importance des processus de concertation pr\u00e9alable du public pour parvenir \u00e0 un consensus territorial, ainsi que le respect de jalons temporels rigoureux (source : RTE).<\/p>\n\n\n\n<p>L&rsquo;hybridation est mise en avant comme une piste d&rsquo;optimisation pour le raccordement des \u00e9nergies renouvelables en France. En cherchant \u00e0 maximiser l&rsquo;usage des infrastructures \u00e9lectriques et en s&rsquo;appuyant sur de nouveaux outils de <strong>pilotage num\u00e9rique<\/strong>, elle pourrait contribuer \u00e0 une transition \u00e9nerg\u00e9tique plus efficiente. La g\u00e9n\u00e9ralisation de ce mod\u00e8le d\u00e9pendra de l&rsquo;\u00e9volution du cadre l\u00e9gislatif face aux sp\u00e9cificit\u00e9s de ces montages <strong>multi-\u00e9nergies<\/strong>.<\/p>\n","protected":false},"excerpt":{"rendered":"","protected":false},"author":2,"featured_media":231,"comment_status":"closed","ping_status":"closed","sticky":false,"template":"","format":"standard","meta":{"footnotes":""},"categories":[1],"tags":[],"class_list":["post-229","post","type-post","status-publish","format-standard","has-post-thumbnail","hentry","category-energies","masonry-post","generate-columns","tablet-grid-50","mobile-grid-100","grid-parent","grid-33"],"yoast_head":"<!-- This site is optimized with the Yoast SEO plugin v26.6 - https:\/\/yoast.com\/wordpress\/plugins\/seo\/ -->\n<title>Raccordement : pourquoi l\u2019hybridation \u00e9olien-solaire attire les d\u00e9veloppeurs en France - ECOinfos<\/title>\n<meta name=\"description\" content=\"L&#039;hybridation \u00e9olien-solaire s&#039;impose comme une solution pour optimiser le raccordement au r\u00e9seau \u00e9lectrique en France. D\u00e9cryptage des enjeux techniques, des b\u00e9n\u00e9fices pour le r\u00e9seau RTE et des freins r\u00e9glementaires.\" \/>\n<meta name=\"robots\" content=\"index, follow, max-snippet:-1, max-image-preview:large, max-video-preview:-1\" \/>\n<link rel=\"canonical\" href=\"https:\/\/www.les-energies-renouvelables.eu\/article\/actualites\/energies\/raccordement-pourquoi-lhybridation-eolien-solaire-attire-les-developpeurs-en-france-229\/\" \/>\n<meta property=\"og:locale\" content=\"fr_FR\" \/>\n<meta property=\"og:type\" content=\"article\" \/>\n<meta property=\"og:title\" content=\"Raccordement : pourquoi l\u2019hybridation \u00e9olien-solaire attire les d\u00e9veloppeurs en France - ECOinfos\" \/>\n<meta property=\"og:description\" content=\"L&#039;hybridation \u00e9olien-solaire s&#039;impose comme une solution pour optimiser le raccordement au r\u00e9seau \u00e9lectrique en France. D\u00e9cryptage des enjeux techniques, des b\u00e9n\u00e9fices pour le r\u00e9seau RTE et des freins r\u00e9glementaires.\" \/>\n<meta property=\"og:url\" content=\"https:\/\/www.les-energies-renouvelables.eu\/article\/actualites\/energies\/raccordement-pourquoi-lhybridation-eolien-solaire-attire-les-developpeurs-en-france-229\/\" \/>\n<meta property=\"og:site_name\" content=\"ECOinfos Energies renouvelables\" \/>\n<meta property=\"article:publisher\" content=\"https:\/\/www.facebook.com\/ecoannuaire.energierenouvelable\/\" \/>\n<meta property=\"article:author\" content=\"https:\/\/www.facebook.com\/tictacf2c\/\" \/>\n<meta property=\"article:published_time\" content=\"2026-01-10T07:00:00+00:00\" \/>\n<meta property=\"og:image\" content=\"https:\/\/www.les-energies-renouvelables.eu\/article\/actualites\/wp-content\/uploads\/2026\/01\/actualites-raccordement-pourquoi-lhybridation-eolien-solaire-attire-les-developpeurs-en-france-hybridation-eolien-solaire-raccordement-france.jpg\" \/>\n\t<meta property=\"og:image:width\" content=\"1200\" \/>\n\t<meta property=\"og:image:height\" content=\"675\" \/>\n\t<meta property=\"og:image:type\" content=\"image\/jpeg\" \/>\n<meta name=\"author\" content=\"Alexia JACQUARD\" \/>\n<meta name=\"twitter:card\" content=\"summary_large_image\" \/>\n<meta name=\"twitter:creator\" content=\"@alexiajcrd\" \/>\n<meta name=\"twitter:site\" content=\"@ECOinfosENR\" \/>\n<meta name=\"twitter:label1\" content=\"\u00c9crit par\" \/>\n\t<meta name=\"twitter:data1\" content=\"Alexia JACQUARD\" \/>\n\t<meta name=\"twitter:label2\" content=\"Dur\u00e9e de lecture estim\u00e9e\" \/>\n\t<meta name=\"twitter:data2\" content=\"4 minutes\" \/>\n<script type=\"application\/ld+json\" class=\"yoast-schema-graph\">{\"@context\":\"https:\/\/schema.org\",\"@graph\":[{\"@type\":\"Article\",\"@id\":\"https:\/\/www.les-energies-renouvelables.eu\/article\/actualites\/energies\/raccordement-pourquoi-lhybridation-eolien-solaire-attire-les-developpeurs-en-france-229\/#article\",\"isPartOf\":{\"@id\":\"https:\/\/www.les-energies-renouvelables.eu\/article\/actualites\/energies\/raccordement-pourquoi-lhybridation-eolien-solaire-attire-les-developpeurs-en-france-229\/\"},\"author\":{\"name\":\"Alexia JACQUARD\",\"@id\":\"https:\/\/www.les-energies-renouvelables.eu\/article\/actualites\/#\/schema\/person\/2c7d09eb5ca339c12ca8d86145440169\"},\"headline\":\"Raccordement : pourquoi l\u2019hybridation \u00e9olien-solaire attire les d\u00e9veloppeurs en France\",\"datePublished\":\"2026-01-10T07:00:00+00:00\",\"mainEntityOfPage\":{\"@id\":\"https:\/\/www.les-energies-renouvelables.eu\/article\/actualites\/energies\/raccordement-pourquoi-lhybridation-eolien-solaire-attire-les-developpeurs-en-france-229\/\"},\"wordCount\":748,\"publisher\":{\"@id\":\"https:\/\/www.les-energies-renouvelables.eu\/article\/actualites\/#organization\"},\"image\":{\"@id\":\"https:\/\/www.les-energies-renouvelables.eu\/article\/actualites\/energies\/raccordement-pourquoi-lhybridation-eolien-solaire-attire-les-developpeurs-en-france-229\/#primaryimage\"},\"thumbnailUrl\":\"https:\/\/www.les-energies-renouvelables.eu\/article\/actualites\/wp-content\/uploads\/2026\/01\/actualites-raccordement-pourquoi-lhybridation-eolien-solaire-attire-les-developpeurs-en-france-hybridation-eolien-solaire-raccordement-france.jpg\",\"articleSection\":[\"\u00c9nergies\"],\"inLanguage\":\"fr-FR\"},{\"@type\":\"WebPage\",\"@id\":\"https:\/\/www.les-energies-renouvelables.eu\/article\/actualites\/energies\/raccordement-pourquoi-lhybridation-eolien-solaire-attire-les-developpeurs-en-france-229\/\",\"url\":\"https:\/\/www.les-energies-renouvelables.eu\/article\/actualites\/energies\/raccordement-pourquoi-lhybridation-eolien-solaire-attire-les-developpeurs-en-france-229\/\",\"name\":\"Raccordement : pourquoi l\u2019hybridation \u00e9olien-solaire attire les d\u00e9veloppeurs en France - ECOinfos\",\"isPartOf\":{\"@id\":\"https:\/\/www.les-energies-renouvelables.eu\/article\/actualites\/#website\"},\"primaryImageOfPage\":{\"@id\":\"https:\/\/www.les-energies-renouvelables.eu\/article\/actualites\/energies\/raccordement-pourquoi-lhybridation-eolien-solaire-attire-les-developpeurs-en-france-229\/#primaryimage\"},\"image\":{\"@id\":\"https:\/\/www.les-energies-renouvelables.eu\/article\/actualites\/energies\/raccordement-pourquoi-lhybridation-eolien-solaire-attire-les-developpeurs-en-france-229\/#primaryimage\"},\"thumbnailUrl\":\"https:\/\/www.les-energies-renouvelables.eu\/article\/actualites\/wp-content\/uploads\/2026\/01\/actualites-raccordement-pourquoi-lhybridation-eolien-solaire-attire-les-developpeurs-en-france-hybridation-eolien-solaire-raccordement-france.jpg\",\"datePublished\":\"2026-01-10T07:00:00+00:00\",\"description\":\"L'hybridation \u00e9olien-solaire s'impose comme une solution pour optimiser le raccordement au r\u00e9seau \u00e9lectrique en France. D\u00e9cryptage des enjeux techniques, des b\u00e9n\u00e9fices pour le r\u00e9seau RTE et des freins r\u00e9glementaires.\",\"breadcrumb\":{\"@id\":\"https:\/\/www.les-energies-renouvelables.eu\/article\/actualites\/energies\/raccordement-pourquoi-lhybridation-eolien-solaire-attire-les-developpeurs-en-france-229\/#breadcrumb\"},\"inLanguage\":\"fr-FR\",\"potentialAction\":[{\"@type\":\"ReadAction\",\"target\":[\"https:\/\/www.les-energies-renouvelables.eu\/article\/actualites\/energies\/raccordement-pourquoi-lhybridation-eolien-solaire-attire-les-developpeurs-en-france-229\/\"]}]},{\"@type\":\"ImageObject\",\"inLanguage\":\"fr-FR\",\"@id\":\"https:\/\/www.les-energies-renouvelables.eu\/article\/actualites\/energies\/raccordement-pourquoi-lhybridation-eolien-solaire-attire-les-developpeurs-en-france-229\/#primaryimage\",\"url\":\"https:\/\/www.les-energies-renouvelables.eu\/article\/actualites\/wp-content\/uploads\/2026\/01\/actualites-raccordement-pourquoi-lhybridation-eolien-solaire-attire-les-developpeurs-en-france-hybridation-eolien-solaire-raccordement-france.jpg\",\"contentUrl\":\"https:\/\/www.les-energies-renouvelables.eu\/article\/actualites\/wp-content\/uploads\/2026\/01\/actualites-raccordement-pourquoi-lhybridation-eolien-solaire-attire-les-developpeurs-en-france-hybridation-eolien-solaire-raccordement-france.jpg\",\"width\":1200,\"height\":675,\"caption\":\"Ideogram\"},{\"@type\":\"BreadcrumbList\",\"@id\":\"https:\/\/www.les-energies-renouvelables.eu\/article\/actualites\/energies\/raccordement-pourquoi-lhybridation-eolien-solaire-attire-les-developpeurs-en-france-229\/#breadcrumb\",\"itemListElement\":[{\"@type\":\"ListItem\",\"position\":1,\"name\":\"Accueil\",\"item\":\"https:\/\/www.les-energies-renouvelables.eu\/article\/actualites\/\"},{\"@type\":\"ListItem\",\"position\":2,\"name\":\"Raccordement : pourquoi l\u2019hybridation \u00e9olien-solaire attire les d\u00e9veloppeurs en France\"}]},{\"@type\":\"WebSite\",\"@id\":\"https:\/\/www.les-energies-renouvelables.eu\/article\/actualites\/#website\",\"url\":\"https:\/\/www.les-energies-renouvelables.eu\/article\/actualites\/\",\"name\":\"ECOinfos Energies renouvelables\",\"description\":\"Le d\u00e9cryptage quotidien du secteur des \u00e9nergies renouvelables\",\"publisher\":{\"@id\":\"https:\/\/www.les-energies-renouvelables.eu\/article\/actualites\/#organization\"},\"potentialAction\":[{\"@type\":\"SearchAction\",\"target\":{\"@type\":\"EntryPoint\",\"urlTemplate\":\"https:\/\/www.les-energies-renouvelables.eu\/article\/actualites\/?s={search_term_string}\"},\"query-input\":{\"@type\":\"PropertyValueSpecification\",\"valueRequired\":true,\"valueName\":\"search_term_string\"}}],\"inLanguage\":\"fr-FR\"},{\"@type\":\"Organization\",\"@id\":\"https:\/\/www.les-energies-renouvelables.eu\/article\/actualites\/#organization\",\"name\":\"ECOinfos Energies renouvelables\",\"url\":\"https:\/\/www.les-energies-renouvelables.eu\/article\/actualites\/\",\"logo\":{\"@type\":\"ImageObject\",\"inLanguage\":\"fr-FR\",\"@id\":\"https:\/\/www.les-energies-renouvelables.eu\/article\/actualites\/#\/schema\/logo\/image\/\",\"url\":\"https:\/\/www.les-energies-renouvelables.eu\/article\/actualites\/wp-content\/uploads\/2025\/11\/ecoinfos.eldorado-consulting.com-logo-logo.svg\",\"contentUrl\":\"https:\/\/www.les-energies-renouvelables.eu\/article\/actualites\/wp-content\/uploads\/2025\/11\/ecoinfos.eldorado-consulting.com-logo-logo.svg\",\"caption\":\"ECOinfos Energies renouvelables\"},\"image\":{\"@id\":\"https:\/\/www.les-energies-renouvelables.eu\/article\/actualites\/#\/schema\/logo\/image\/\"},\"sameAs\":[\"https:\/\/www.facebook.com\/ecoannuaire.energierenouvelable\/\",\"https:\/\/x.com\/ECOinfosENR\",\"https:\/\/www.linkedin.com\/company\/ecoinfos-energies-renouvelables\/\",\"https:\/\/www.youtube.com\/@ecoinfosenergies\",\"https:\/\/share.google\/dyKHJPxAV42WhhjbM\"]},{\"@type\":\"Person\",\"@id\":\"https:\/\/www.les-energies-renouvelables.eu\/article\/actualites\/#\/schema\/person\/2c7d09eb5ca339c12ca8d86145440169\",\"name\":\"Alexia JACQUARD\",\"pronouns\":\"elle\/elle\",\"image\":{\"@type\":\"ImageObject\",\"inLanguage\":\"fr-FR\",\"@id\":\"https:\/\/www.les-energies-renouvelables.eu\/article\/actualites\/#\/schema\/person\/image\/\",\"url\":\"https:\/\/www.les-energies-renouvelables.eu\/article\/actualites\/wp-content\/uploads\/2026\/01\/actualites-alexia-jacquard-alexia-jacquard-160x160.jpg\",\"contentUrl\":\"https:\/\/www.les-energies-renouvelables.eu\/article\/actualites\/wp-content\/uploads\/2026\/01\/actualites-alexia-jacquard-alexia-jacquard-160x160.jpg\",\"caption\":\"Alexia JACQUARD\"},\"description\":\"Curieuse de nature et attentif aux enjeux du d\u00e9veloppement durable, Alexia Jacquard suit l'actualit\u00e9 des \u00e9nergies renouvelables pour partager les derni\u00e8res nouveaut\u00e9s du secteur. Elle s'attache \u00e0 retranscrire simplement les informations cl\u00e9s et les initiatives positives qui marquent la transition \u00e9nerg\u00e9tique. Son objectif : proposer des articles d'actualit\u00e9 clairs et accessibles pour tous ceux qui s'int\u00e9ressent \u00e0 l'avenir de notre \u00e9nergie.\",\"sameAs\":[\"https:\/\/alexia-jacquard.fr\",\"https:\/\/www.facebook.com\/tictacf2c\/\",\"https:\/\/www.instagram.com\/alexia_redac\/\",\"https:\/\/www.linkedin.com\/in\/alexia-jacquard-449a4b289\/\",\"https:\/\/fr.pinterest.com\/alexiajacquard\/\",\"https:\/\/x.com\/alexiajcrd\",\"https:\/\/www.youtube.com\/@Thepaindemie\",\"https:\/\/muckrack.com\/alexia-jacquard\"],\"url\":\"https:\/\/www.les-energies-renouvelables.eu\/article\/actualites\/author\/alexia-jacquard\/\"}]}<\/script>\n<!-- \/ Yoast SEO plugin. -->","yoast_head_json":{"title":"Raccordement : pourquoi l\u2019hybridation \u00e9olien-solaire attire les d\u00e9veloppeurs en France - ECOinfos","description":"L'hybridation \u00e9olien-solaire s'impose comme une solution pour optimiser le raccordement au r\u00e9seau \u00e9lectrique en France. D\u00e9cryptage des enjeux techniques, des b\u00e9n\u00e9fices pour le r\u00e9seau RTE et des freins r\u00e9glementaires.","robots":{"index":"index","follow":"follow","max-snippet":"max-snippet:-1","max-image-preview":"max-image-preview:large","max-video-preview":"max-video-preview:-1"},"canonical":"https:\/\/www.les-energies-renouvelables.eu\/article\/actualites\/energies\/raccordement-pourquoi-lhybridation-eolien-solaire-attire-les-developpeurs-en-france-229\/","og_locale":"fr_FR","og_type":"article","og_title":"Raccordement : pourquoi l\u2019hybridation \u00e9olien-solaire attire les d\u00e9veloppeurs en France - ECOinfos","og_description":"L'hybridation \u00e9olien-solaire s'impose comme une solution pour optimiser le raccordement au r\u00e9seau \u00e9lectrique en France. D\u00e9cryptage des enjeux techniques, des b\u00e9n\u00e9fices pour le r\u00e9seau RTE et des freins r\u00e9glementaires.","og_url":"https:\/\/www.les-energies-renouvelables.eu\/article\/actualites\/energies\/raccordement-pourquoi-lhybridation-eolien-solaire-attire-les-developpeurs-en-france-229\/","og_site_name":"ECOinfos Energies renouvelables","article_publisher":"https:\/\/www.facebook.com\/ecoannuaire.energierenouvelable\/","article_author":"https:\/\/www.facebook.com\/tictacf2c\/","article_published_time":"2026-01-10T07:00:00+00:00","og_image":[{"width":1200,"height":675,"url":"https:\/\/www.les-energies-renouvelables.eu\/article\/actualites\/wp-content\/uploads\/2026\/01\/actualites-raccordement-pourquoi-lhybridation-eolien-solaire-attire-les-developpeurs-en-france-hybridation-eolien-solaire-raccordement-france.jpg","type":"image\/jpeg"}],"author":"Alexia JACQUARD","twitter_card":"summary_large_image","twitter_creator":"@alexiajcrd","twitter_site":"@ECOinfosENR","twitter_misc":{"\u00c9crit par":"Alexia JACQUARD","Dur\u00e9e de lecture estim\u00e9e":"4 minutes"},"schema":{"@context":"https:\/\/schema.org","@graph":[{"@type":"Article","@id":"https:\/\/www.les-energies-renouvelables.eu\/article\/actualites\/energies\/raccordement-pourquoi-lhybridation-eolien-solaire-attire-les-developpeurs-en-france-229\/#article","isPartOf":{"@id":"https:\/\/www.les-energies-renouvelables.eu\/article\/actualites\/energies\/raccordement-pourquoi-lhybridation-eolien-solaire-attire-les-developpeurs-en-france-229\/"},"author":{"name":"Alexia JACQUARD","@id":"https:\/\/www.les-energies-renouvelables.eu\/article\/actualites\/#\/schema\/person\/2c7d09eb5ca339c12ca8d86145440169"},"headline":"Raccordement : pourquoi l\u2019hybridation \u00e9olien-solaire attire les d\u00e9veloppeurs en France","datePublished":"2026-01-10T07:00:00+00:00","mainEntityOfPage":{"@id":"https:\/\/www.les-energies-renouvelables.eu\/article\/actualites\/energies\/raccordement-pourquoi-lhybridation-eolien-solaire-attire-les-developpeurs-en-france-229\/"},"wordCount":748,"publisher":{"@id":"https:\/\/www.les-energies-renouvelables.eu\/article\/actualites\/#organization"},"image":{"@id":"https:\/\/www.les-energies-renouvelables.eu\/article\/actualites\/energies\/raccordement-pourquoi-lhybridation-eolien-solaire-attire-les-developpeurs-en-france-229\/#primaryimage"},"thumbnailUrl":"https:\/\/www.les-energies-renouvelables.eu\/article\/actualites\/wp-content\/uploads\/2026\/01\/actualites-raccordement-pourquoi-lhybridation-eolien-solaire-attire-les-developpeurs-en-france-hybridation-eolien-solaire-raccordement-france.jpg","articleSection":["\u00c9nergies"],"inLanguage":"fr-FR"},{"@type":"WebPage","@id":"https:\/\/www.les-energies-renouvelables.eu\/article\/actualites\/energies\/raccordement-pourquoi-lhybridation-eolien-solaire-attire-les-developpeurs-en-france-229\/","url":"https:\/\/www.les-energies-renouvelables.eu\/article\/actualites\/energies\/raccordement-pourquoi-lhybridation-eolien-solaire-attire-les-developpeurs-en-france-229\/","name":"Raccordement : pourquoi l\u2019hybridation \u00e9olien-solaire attire les d\u00e9veloppeurs en France - ECOinfos","isPartOf":{"@id":"https:\/\/www.les-energies-renouvelables.eu\/article\/actualites\/#website"},"primaryImageOfPage":{"@id":"https:\/\/www.les-energies-renouvelables.eu\/article\/actualites\/energies\/raccordement-pourquoi-lhybridation-eolien-solaire-attire-les-developpeurs-en-france-229\/#primaryimage"},"image":{"@id":"https:\/\/www.les-energies-renouvelables.eu\/article\/actualites\/energies\/raccordement-pourquoi-lhybridation-eolien-solaire-attire-les-developpeurs-en-france-229\/#primaryimage"},"thumbnailUrl":"https:\/\/www.les-energies-renouvelables.eu\/article\/actualites\/wp-content\/uploads\/2026\/01\/actualites-raccordement-pourquoi-lhybridation-eolien-solaire-attire-les-developpeurs-en-france-hybridation-eolien-solaire-raccordement-france.jpg","datePublished":"2026-01-10T07:00:00+00:00","description":"L'hybridation \u00e9olien-solaire s'impose comme une solution pour optimiser le raccordement au r\u00e9seau \u00e9lectrique en France. D\u00e9cryptage des enjeux techniques, des b\u00e9n\u00e9fices pour le r\u00e9seau RTE et des freins r\u00e9glementaires.","breadcrumb":{"@id":"https:\/\/www.les-energies-renouvelables.eu\/article\/actualites\/energies\/raccordement-pourquoi-lhybridation-eolien-solaire-attire-les-developpeurs-en-france-229\/#breadcrumb"},"inLanguage":"fr-FR","potentialAction":[{"@type":"ReadAction","target":["https:\/\/www.les-energies-renouvelables.eu\/article\/actualites\/energies\/raccordement-pourquoi-lhybridation-eolien-solaire-attire-les-developpeurs-en-france-229\/"]}]},{"@type":"ImageObject","inLanguage":"fr-FR","@id":"https:\/\/www.les-energies-renouvelables.eu\/article\/actualites\/energies\/raccordement-pourquoi-lhybridation-eolien-solaire-attire-les-developpeurs-en-france-229\/#primaryimage","url":"https:\/\/www.les-energies-renouvelables.eu\/article\/actualites\/wp-content\/uploads\/2026\/01\/actualites-raccordement-pourquoi-lhybridation-eolien-solaire-attire-les-developpeurs-en-france-hybridation-eolien-solaire-raccordement-france.jpg","contentUrl":"https:\/\/www.les-energies-renouvelables.eu\/article\/actualites\/wp-content\/uploads\/2026\/01\/actualites-raccordement-pourquoi-lhybridation-eolien-solaire-attire-les-developpeurs-en-france-hybridation-eolien-solaire-raccordement-france.jpg","width":1200,"height":675,"caption":"Ideogram"},{"@type":"BreadcrumbList","@id":"https:\/\/www.les-energies-renouvelables.eu\/article\/actualites\/energies\/raccordement-pourquoi-lhybridation-eolien-solaire-attire-les-developpeurs-en-france-229\/#breadcrumb","itemListElement":[{"@type":"ListItem","position":1,"name":"Accueil","item":"https:\/\/www.les-energies-renouvelables.eu\/article\/actualites\/"},{"@type":"ListItem","position":2,"name":"Raccordement : pourquoi l\u2019hybridation \u00e9olien-solaire attire les d\u00e9veloppeurs en France"}]},{"@type":"WebSite","@id":"https:\/\/www.les-energies-renouvelables.eu\/article\/actualites\/#website","url":"https:\/\/www.les-energies-renouvelables.eu\/article\/actualites\/","name":"ECOinfos Energies renouvelables","description":"Le d\u00e9cryptage quotidien du secteur des \u00e9nergies renouvelables","publisher":{"@id":"https:\/\/www.les-energies-renouvelables.eu\/article\/actualites\/#organization"},"potentialAction":[{"@type":"SearchAction","target":{"@type":"EntryPoint","urlTemplate":"https:\/\/www.les-energies-renouvelables.eu\/article\/actualites\/?s={search_term_string}"},"query-input":{"@type":"PropertyValueSpecification","valueRequired":true,"valueName":"search_term_string"}}],"inLanguage":"fr-FR"},{"@type":"Organization","@id":"https:\/\/www.les-energies-renouvelables.eu\/article\/actualites\/#organization","name":"ECOinfos Energies renouvelables","url":"https:\/\/www.les-energies-renouvelables.eu\/article\/actualites\/","logo":{"@type":"ImageObject","inLanguage":"fr-FR","@id":"https:\/\/www.les-energies-renouvelables.eu\/article\/actualites\/#\/schema\/logo\/image\/","url":"https:\/\/www.les-energies-renouvelables.eu\/article\/actualites\/wp-content\/uploads\/2025\/11\/ecoinfos.eldorado-consulting.com-logo-logo.svg","contentUrl":"https:\/\/www.les-energies-renouvelables.eu\/article\/actualites\/wp-content\/uploads\/2025\/11\/ecoinfos.eldorado-consulting.com-logo-logo.svg","caption":"ECOinfos Energies renouvelables"},"image":{"@id":"https:\/\/www.les-energies-renouvelables.eu\/article\/actualites\/#\/schema\/logo\/image\/"},"sameAs":["https:\/\/www.facebook.com\/ecoannuaire.energierenouvelable\/","https:\/\/x.com\/ECOinfosENR","https:\/\/www.linkedin.com\/company\/ecoinfos-energies-renouvelables\/","https:\/\/www.youtube.com\/@ecoinfosenergies","https:\/\/share.google\/dyKHJPxAV42WhhjbM"]},{"@type":"Person","@id":"https:\/\/www.les-energies-renouvelables.eu\/article\/actualites\/#\/schema\/person\/2c7d09eb5ca339c12ca8d86145440169","name":"Alexia JACQUARD","pronouns":"elle\/elle","image":{"@type":"ImageObject","inLanguage":"fr-FR","@id":"https:\/\/www.les-energies-renouvelables.eu\/article\/actualites\/#\/schema\/person\/image\/","url":"https:\/\/www.les-energies-renouvelables.eu\/article\/actualites\/wp-content\/uploads\/2026\/01\/actualites-alexia-jacquard-alexia-jacquard-160x160.jpg","contentUrl":"https:\/\/www.les-energies-renouvelables.eu\/article\/actualites\/wp-content\/uploads\/2026\/01\/actualites-alexia-jacquard-alexia-jacquard-160x160.jpg","caption":"Alexia JACQUARD"},"description":"Curieuse de nature et attentif aux enjeux du d\u00e9veloppement durable, Alexia Jacquard suit l'actualit\u00e9 des \u00e9nergies renouvelables pour partager les derni\u00e8res nouveaut\u00e9s du secteur. Elle s'attache \u00e0 retranscrire simplement les informations cl\u00e9s et les initiatives positives qui marquent la transition \u00e9nerg\u00e9tique. Son objectif : proposer des articles d'actualit\u00e9 clairs et accessibles pour tous ceux qui s'int\u00e9ressent \u00e0 l'avenir de notre \u00e9nergie.","sameAs":["https:\/\/alexia-jacquard.fr","https:\/\/www.facebook.com\/tictacf2c\/","https:\/\/www.instagram.com\/alexia_redac\/","https:\/\/www.linkedin.com\/in\/alexia-jacquard-449a4b289\/","https:\/\/fr.pinterest.com\/alexiajacquard\/","https:\/\/x.com\/alexiajcrd","https:\/\/www.youtube.com\/@Thepaindemie","https:\/\/muckrack.com\/alexia-jacquard"],"url":"https:\/\/www.les-energies-renouvelables.eu\/article\/actualites\/author\/alexia-jacquard\/"}]}},"_links":{"self":[{"href":"https:\/\/www.les-energies-renouvelables.eu\/article\/actualites\/wp-json\/wp\/v2\/posts\/229","targetHints":{"allow":["GET"]}}],"collection":[{"href":"https:\/\/www.les-energies-renouvelables.eu\/article\/actualites\/wp-json\/wp\/v2\/posts"}],"about":[{"href":"https:\/\/www.les-energies-renouvelables.eu\/article\/actualites\/wp-json\/wp\/v2\/types\/post"}],"author":[{"embeddable":true,"href":"https:\/\/www.les-energies-renouvelables.eu\/article\/actualites\/wp-json\/wp\/v2\/users\/2"}],"replies":[{"embeddable":true,"href":"https:\/\/www.les-energies-renouvelables.eu\/article\/actualites\/wp-json\/wp\/v2\/comments?post=229"}],"version-history":[{"count":1,"href":"https:\/\/www.les-energies-renouvelables.eu\/article\/actualites\/wp-json\/wp\/v2\/posts\/229\/revisions"}],"predecessor-version":[{"id":230,"href":"https:\/\/www.les-energies-renouvelables.eu\/article\/actualites\/wp-json\/wp\/v2\/posts\/229\/revisions\/230"}],"wp:featuredmedia":[{"embeddable":true,"href":"https:\/\/www.les-energies-renouvelables.eu\/article\/actualites\/wp-json\/wp\/v2\/media\/231"}],"wp:attachment":[{"href":"https:\/\/www.les-energies-renouvelables.eu\/article\/actualites\/wp-json\/wp\/v2\/media?parent=229"}],"wp:term":[{"taxonomy":"category","embeddable":true,"href":"https:\/\/www.les-energies-renouvelables.eu\/article\/actualites\/wp-json\/wp\/v2\/categories?post=229"},{"taxonomy":"post_tag","embeddable":true,"href":"https:\/\/www.les-energies-renouvelables.eu\/article\/actualites\/wp-json\/wp\/v2\/tags?post=229"}],"curies":[{"name":"wp","href":"https:\/\/api.w.org\/{rel}","templated":true}]}}