{"id":226,"date":"2026-01-09T08:00:00","date_gmt":"2026-01-09T07:00:00","guid":{"rendered":"https:\/\/www.les-energies-renouvelables.eu\/article\/actualites\/?p=226"},"modified":"2026-01-08T10:44:27","modified_gmt":"2026-01-08T09:44:27","slug":"exportations-delectricite-la-france-bat-un-record-en-2025-92-twh-nets","status":"publish","type":"post","link":"https:\/\/www.les-energies-renouvelables.eu\/article\/actualites\/energies\/exportations-delectricite-la-france-bat-un-record-en-2025-92-twh-nets-226\/","title":{"rendered":"Exportations d\u2019\u00e9lectricit\u00e9 : la France bat un record en 2025 (92 TWh nets)"},"content":{"rendered":"\n<p>R\u00e9sum\u00e9 :&nbsp;<\/p>\n\n\n\n<ul class=\"wp-block-list\">\n<li><strong>Volume 2025 :<\/strong> <strong>92 TWh<\/strong> de solde exportateur net (Source : RTE).<\/li>\n\n\n\n<li><strong>Comparaison :<\/strong> Ce chiffre est sup\u00e9rieur au pr\u00e9c\u00e9dent record de 2024 (89 TWh).<\/li>\n\n\n\n<li><strong>Production totale :<\/strong> <strong>544 TWh<\/strong> enregistr\u00e9s sur l&rsquo;ann\u00e9e.<\/li>\n\n\n\n<li><strong>Consommation :<\/strong> Une demande int\u00e9rieure stable par rapport \u00e0 2024 (environ 449 TWh).<\/li>\n\n\n\n<li><strong>Flux :<\/strong> Un solde exportateur positif vers les pays voisins, \u00e0 l&rsquo;exception de l&rsquo;Espagne.<\/li>\n<\/ul>\n\n\n\n<p>Le gestionnaire du r\u00e9seau de transport d\u2019\u00e9lectricit\u00e9, <strong>RTE<\/strong>, a annonc\u00e9 que la France a \u00e9tabli en 2025 son plus haut niveau historique d&rsquo;exportation d&rsquo;\u00e9lectricit\u00e9. Avec un <strong>solde net de 92 TWh<\/strong>, le volume d&rsquo;\u00e9nergie export\u00e9 repr\u00e9sente une quantit\u00e9 \u00e9quivalente \u00e0 la consommation annuelle d&rsquo;un pays comme la Belgique. <strong>Thomas Veyrenc<\/strong>, directeur g\u00e9n\u00e9ral \u00e9conomique, strat\u00e9gie et finances de RTE, a soulign\u00e9 l&rsquo;ampleur de ces flux dans sa pr\u00e9sentation des premi\u00e8res tendances annuelles.<\/p>\n\n\n\n<h2 class=\"wp-block-heading\"><strong>Analyse des volumes : un nouveau record \u00e0 92 TWh<\/strong>&nbsp;<\/h2>\n\n\n\n<p>Le <strong>solde exportateur net<\/strong> de 92 TWh enregistr\u00e9 en 2025 marque une progression par rapport aux 89 TWh de 2024. Concernant les records plus anciens, les valeurs pr\u00e9cises ne sont pas sp\u00e9cifi\u00e9es dans ce document de synth\u00e8se de 2026 (non pr\u00e9cis\u00e9 dans la source).<\/p>\n\n\n\n<p>Pour rappel, le <strong>Bilan \u00e9lectrique 2024<\/strong> de RTE indiquait que les flux s&rsquo;\u00e9taient majoritairement dirig\u00e9s vers l&rsquo;Allemagne et la Belgique (27,2 TWh), l&rsquo;Italie (22,3 TWh) et le Royaume-Uni (20,1 TWh). Pour l&rsquo;exercice 2025, le d\u00e9tail consolid\u00e9 par fronti\u00e8re sera pr\u00e9cis\u00e9 lors des prochaines publications institutionnelles du gestionnaire.<\/p>\n\n\n\n<h2 class=\"wp-block-heading\"><strong>Les facteurs de la performance : production et consommation<\/strong>&nbsp;<\/h2>\n\n\n\n<p>RTE explique ce solde record par la combinaison de deux leviers principaux li\u00e9s au <strong>mix \u00e9nerg\u00e9tique fran\u00e7ais<\/strong> :<\/p>\n\n\n\n<ul class=\"wp-block-list\">\n<li><strong>La production bas carbone :<\/strong> La production totale s&rsquo;\u00e9l\u00e8ve \u00e0 <strong>544 TWh<\/strong> en 2025. Le syst\u00e8me a b\u00e9n\u00e9fici\u00e9 de la disponibilit\u00e9 du <strong>parc nucl\u00e9aire<\/strong> et de l&rsquo;apport des <strong>\u00e9nergies renouvelables<\/strong> \u00e9olienne et solaire, ainsi que de l&rsquo;hydro\u00e9lectricit\u00e9.<\/li>\n\n\n\n<li><strong>La consommation int\u00e9rieure :<\/strong> La consommation d&rsquo;\u00e9lectricit\u00e9 (corrig\u00e9e des al\u00e9as m\u00e9t\u00e9orologiques) s&rsquo;\u00e9tablit \u00e0 environ <strong>449 TWh<\/strong>. Ce niveau est stable par rapport \u00e0 l&rsquo;ann\u00e9e pr\u00e9c\u00e9dente, mais reste inf\u00e9rieur de 6 % \u00e0 la moyenne observ\u00e9e entre 2014 et 2019. Cette stabilit\u00e9, coupl\u00e9e \u00e0 une demande int\u00e9rieure mod\u00e9r\u00e9e, contribue au solde exportateur.<\/li>\n<\/ul>\n\n\n\n<h2 class=\"wp-block-heading\"><strong>La France au sein du r\u00e9seau europ\u00e9en<\/strong>&nbsp;<\/h2>\n\n\n\n<p>Les <strong>\u00e9changes d&rsquo;\u00e9lectricit\u00e9 transfrontaliers<\/strong> optimisent le fonctionnement du mix \u00e9nerg\u00e9tique europ\u00e9en. En 2025, la France a \u00e9t\u00e9 massivement exportatrice vers la quasi-totalit\u00e9 de ses voisins.<\/p>\n\n\n\n<p>L&rsquo;Espagne constitue toutefois une exception : selon RTE, le solde des \u00e9changes avec la p\u00e9ninsule ib\u00e9rique est rest\u00e9 \u00ab proche de l\u2019\u00e9quilibre \u00bb sur l&rsquo;ann\u00e9e. Selon RTE, ces \u00e9changes contribuent \u00e0 optimiser le fonctionnement du <strong>syst\u00e8me \u00e9lectrique europ\u00e9en<\/strong> et \u00e0 renforcer la <strong>s\u00e9curit\u00e9 d\u2019approvisionnement<\/strong>.<\/p>\n\n\n\n<h2 class=\"wp-block-heading\"><strong>Retomb\u00e9es \u00e9conomiques : recettes d\u2019exportations et effets de march\u00e9<\/strong><\/h2>\n\n\n\n<p>Ces exportations influent sur les indicateurs financiers du secteur \u00e9nerg\u00e9tique. Pour rappel, les exportations d&rsquo;\u00e9lectricit\u00e9 avaient g\u00e9n\u00e9r\u00e9 des <strong>recettes nettes de 5 milliards d&rsquo;euros<\/strong> en 2024, selon les chiffres consolid\u00e9s de RTE.<\/p>\n\n\n\n<p>Pour l&rsquo;ann\u00e9e 2025, RTE souligne que cette position exportatrice contribue \u00e0 r\u00e9duire la <strong>d\u00e9pendance aux \u00e9nergies fossiles<\/strong>\u00e0 l&rsquo;\u00e9chelle europ\u00e9enne. En revanche, l&rsquo;impact direct de ces volumes sur l&rsquo;\u00e9volution pr\u00e9cise des tarifs r\u00e9glement\u00e9s (TRV) n&rsquo;est pas d\u00e9taill\u00e9 dans cette communication de RTE (non pr\u00e9cis\u00e9 dans la source).<\/p>\n\n\n\n<h2 class=\"wp-block-heading\"><strong>Enjeux pour le syst\u00e8me \u00e9lectrique<\/strong>&nbsp;<\/h2>\n\n\n\n<p>Les donn\u00e9es d\u00e9finitives feront l&rsquo;objet du \u00ab Bilan \u00e9lectrique \u00bb complet de RTE, publi\u00e9 ult\u00e9rieurement. Pour le gestionnaire, l&rsquo;enjeu principal r\u00e9side dans l&rsquo;acc\u00e9l\u00e9ration de l&rsquo;<strong>\u00e9lectrification des usages<\/strong> et la poursuite du d\u00e9ploiement des <strong>\u00e9nergies renouvelables<\/strong>. Maintenir cette capacit\u00e9 d&rsquo;\u00e9change avec les partenaires europ\u00e9ens est consid\u00e9r\u00e9 comme un levier pour la s\u00e9curit\u00e9 d&rsquo;approvisionnement et la d\u00e9carbonation du syst\u00e8me \u00e9nerg\u00e9tique global.<\/p>\n\n\n\n<p><strong>Note :<\/strong><em>Article r\u00e9dig\u00e9 sur la base du document RTE \u00ab Bilan \u00e9lectrique 2025 \u2013 Premi\u00e8res tendances \u00bb (02\/01\/2026) et du bilan annuel 2024.<\/em><\/p>\n","protected":false},"excerpt":{"rendered":"","protected":false},"author":2,"featured_media":228,"comment_status":"closed","ping_status":"closed","sticky":false,"template":"","format":"standard","meta":{"footnotes":""},"categories":[1],"tags":[],"class_list":["post-226","post","type-post","status-publish","format-standard","has-post-thumbnail","hentry","category-energies","masonry-post","generate-columns","tablet-grid-50","mobile-grid-100","grid-parent","grid-33"],"yoast_head":"<!-- This site is optimized with the Yoast SEO plugin v26.6 - https:\/\/yoast.com\/wordpress\/plugins\/seo\/ -->\n<title>Exportations d\u2019\u00e9lectricit\u00e9 : la France bat un record en 2025 (92 TWh nets) - ECOinfos<\/title>\n<meta name=\"description\" content=\"La France bat son record historique d&#039;exportations nettes d&#039;\u00e9lectricit\u00e9 en 2025 avec 92 TWh. D\u00e9couvrez les chiffres de RTE, l&#039;analyse du mix bas carbone et la situation des \u00e9changes europ\u00e9ens.\" \/>\n<meta name=\"robots\" content=\"index, follow, max-snippet:-1, max-image-preview:large, max-video-preview:-1\" \/>\n<link rel=\"canonical\" href=\"https:\/\/www.les-energies-renouvelables.eu\/article\/actualites\/energies\/exportations-delectricite-la-france-bat-un-record-en-2025-92-twh-nets-226\/\" \/>\n<meta property=\"og:locale\" content=\"fr_FR\" \/>\n<meta property=\"og:type\" content=\"article\" \/>\n<meta property=\"og:title\" content=\"Exportations d\u2019\u00e9lectricit\u00e9 : la France bat un record en 2025 (92 TWh nets) - ECOinfos\" \/>\n<meta property=\"og:description\" content=\"La France bat son record historique d&#039;exportations nettes d&#039;\u00e9lectricit\u00e9 en 2025 avec 92 TWh. D\u00e9couvrez les chiffres de RTE, l&#039;analyse du mix bas carbone et la situation des \u00e9changes europ\u00e9ens.\" \/>\n<meta property=\"og:url\" content=\"https:\/\/www.les-energies-renouvelables.eu\/article\/actualites\/energies\/exportations-delectricite-la-france-bat-un-record-en-2025-92-twh-nets-226\/\" \/>\n<meta property=\"og:site_name\" content=\"ECOinfos Energies renouvelables\" \/>\n<meta property=\"article:publisher\" content=\"https:\/\/www.facebook.com\/ecoannuaire.energierenouvelable\/\" \/>\n<meta property=\"article:author\" content=\"https:\/\/www.facebook.com\/tictacf2c\/\" \/>\n<meta property=\"article:published_time\" content=\"2026-01-09T07:00:00+00:00\" \/>\n<meta property=\"og:image\" content=\"https:\/\/www.les-energies-renouvelables.eu\/article\/actualites\/wp-content\/uploads\/2026\/01\/actualites-exportations-delectricite-la-france-bat-un-record-en-2025-92-twh-nets-record-exportations-electricite-france-2025.jpg\" \/>\n\t<meta property=\"og:image:width\" content=\"1200\" \/>\n\t<meta property=\"og:image:height\" content=\"675\" \/>\n\t<meta property=\"og:image:type\" content=\"image\/jpeg\" \/>\n<meta name=\"author\" content=\"Alexia JACQUARD\" \/>\n<meta name=\"twitter:card\" content=\"summary_large_image\" \/>\n<meta name=\"twitter:creator\" content=\"@alexiajcrd\" \/>\n<meta name=\"twitter:site\" content=\"@ECOinfosENR\" \/>\n<meta name=\"twitter:label1\" content=\"\u00c9crit par\" \/>\n\t<meta name=\"twitter:data1\" content=\"Alexia JACQUARD\" \/>\n\t<meta name=\"twitter:label2\" content=\"Dur\u00e9e de lecture estim\u00e9e\" \/>\n\t<meta name=\"twitter:data2\" content=\"3 minutes\" \/>\n<script type=\"application\/ld+json\" class=\"yoast-schema-graph\">{\"@context\":\"https:\/\/schema.org\",\"@graph\":[{\"@type\":\"Article\",\"@id\":\"https:\/\/www.les-energies-renouvelables.eu\/article\/actualites\/energies\/exportations-delectricite-la-france-bat-un-record-en-2025-92-twh-nets-226\/#article\",\"isPartOf\":{\"@id\":\"https:\/\/www.les-energies-renouvelables.eu\/article\/actualites\/energies\/exportations-delectricite-la-france-bat-un-record-en-2025-92-twh-nets-226\/\"},\"author\":{\"name\":\"Alexia JACQUARD\",\"@id\":\"https:\/\/www.les-energies-renouvelables.eu\/article\/actualites\/#\/schema\/person\/2c7d09eb5ca339c12ca8d86145440169\"},\"headline\":\"Exportations d\u2019\u00e9lectricit\u00e9 : la France bat un record en 2025 (92 TWh nets)\",\"datePublished\":\"2026-01-09T07:00:00+00:00\",\"mainEntityOfPage\":{\"@id\":\"https:\/\/www.les-energies-renouvelables.eu\/article\/actualites\/energies\/exportations-delectricite-la-france-bat-un-record-en-2025-92-twh-nets-226\/\"},\"wordCount\":672,\"publisher\":{\"@id\":\"https:\/\/www.les-energies-renouvelables.eu\/article\/actualites\/#organization\"},\"image\":{\"@id\":\"https:\/\/www.les-energies-renouvelables.eu\/article\/actualites\/energies\/exportations-delectricite-la-france-bat-un-record-en-2025-92-twh-nets-226\/#primaryimage\"},\"thumbnailUrl\":\"https:\/\/www.les-energies-renouvelables.eu\/article\/actualites\/wp-content\/uploads\/2026\/01\/actualites-exportations-delectricite-la-france-bat-un-record-en-2025-92-twh-nets-record-exportations-electricite-france-2025.jpg\",\"articleSection\":[\"\u00c9nergies\"],\"inLanguage\":\"fr-FR\"},{\"@type\":\"WebPage\",\"@id\":\"https:\/\/www.les-energies-renouvelables.eu\/article\/actualites\/energies\/exportations-delectricite-la-france-bat-un-record-en-2025-92-twh-nets-226\/\",\"url\":\"https:\/\/www.les-energies-renouvelables.eu\/article\/actualites\/energies\/exportations-delectricite-la-france-bat-un-record-en-2025-92-twh-nets-226\/\",\"name\":\"Exportations d\u2019\u00e9lectricit\u00e9 : la France bat un record en 2025 (92 TWh nets) - ECOinfos\",\"isPartOf\":{\"@id\":\"https:\/\/www.les-energies-renouvelables.eu\/article\/actualites\/#website\"},\"primaryImageOfPage\":{\"@id\":\"https:\/\/www.les-energies-renouvelables.eu\/article\/actualites\/energies\/exportations-delectricite-la-france-bat-un-record-en-2025-92-twh-nets-226\/#primaryimage\"},\"image\":{\"@id\":\"https:\/\/www.les-energies-renouvelables.eu\/article\/actualites\/energies\/exportations-delectricite-la-france-bat-un-record-en-2025-92-twh-nets-226\/#primaryimage\"},\"thumbnailUrl\":\"https:\/\/www.les-energies-renouvelables.eu\/article\/actualites\/wp-content\/uploads\/2026\/01\/actualites-exportations-delectricite-la-france-bat-un-record-en-2025-92-twh-nets-record-exportations-electricite-france-2025.jpg\",\"datePublished\":\"2026-01-09T07:00:00+00:00\",\"description\":\"La France bat son record historique d'exportations nettes d'\u00e9lectricit\u00e9 en 2025 avec 92 TWh. D\u00e9couvrez les chiffres de RTE, l'analyse du mix bas carbone et la situation des \u00e9changes europ\u00e9ens.\",\"breadcrumb\":{\"@id\":\"https:\/\/www.les-energies-renouvelables.eu\/article\/actualites\/energies\/exportations-delectricite-la-france-bat-un-record-en-2025-92-twh-nets-226\/#breadcrumb\"},\"inLanguage\":\"fr-FR\",\"potentialAction\":[{\"@type\":\"ReadAction\",\"target\":[\"https:\/\/www.les-energies-renouvelables.eu\/article\/actualites\/energies\/exportations-delectricite-la-france-bat-un-record-en-2025-92-twh-nets-226\/\"]}]},{\"@type\":\"ImageObject\",\"inLanguage\":\"fr-FR\",\"@id\":\"https:\/\/www.les-energies-renouvelables.eu\/article\/actualites\/energies\/exportations-delectricite-la-france-bat-un-record-en-2025-92-twh-nets-226\/#primaryimage\",\"url\":\"https:\/\/www.les-energies-renouvelables.eu\/article\/actualites\/wp-content\/uploads\/2026\/01\/actualites-exportations-delectricite-la-france-bat-un-record-en-2025-92-twh-nets-record-exportations-electricite-france-2025.jpg\",\"contentUrl\":\"https:\/\/www.les-energies-renouvelables.eu\/article\/actualites\/wp-content\/uploads\/2026\/01\/actualites-exportations-delectricite-la-france-bat-un-record-en-2025-92-twh-nets-record-exportations-electricite-france-2025.jpg\",\"width\":1200,\"height\":675,\"caption\":\"Ideogram\"},{\"@type\":\"BreadcrumbList\",\"@id\":\"https:\/\/www.les-energies-renouvelables.eu\/article\/actualites\/energies\/exportations-delectricite-la-france-bat-un-record-en-2025-92-twh-nets-226\/#breadcrumb\",\"itemListElement\":[{\"@type\":\"ListItem\",\"position\":1,\"name\":\"Accueil\",\"item\":\"https:\/\/www.les-energies-renouvelables.eu\/article\/actualites\/\"},{\"@type\":\"ListItem\",\"position\":2,\"name\":\"Exportations d\u2019\u00e9lectricit\u00e9 : la France bat un record en 2025 (92 TWh nets)\"}]},{\"@type\":\"WebSite\",\"@id\":\"https:\/\/www.les-energies-renouvelables.eu\/article\/actualites\/#website\",\"url\":\"https:\/\/www.les-energies-renouvelables.eu\/article\/actualites\/\",\"name\":\"ECOinfos Energies renouvelables\",\"description\":\"Le d\u00e9cryptage quotidien du secteur des \u00e9nergies renouvelables\",\"publisher\":{\"@id\":\"https:\/\/www.les-energies-renouvelables.eu\/article\/actualites\/#organization\"},\"potentialAction\":[{\"@type\":\"SearchAction\",\"target\":{\"@type\":\"EntryPoint\",\"urlTemplate\":\"https:\/\/www.les-energies-renouvelables.eu\/article\/actualites\/?s={search_term_string}\"},\"query-input\":{\"@type\":\"PropertyValueSpecification\",\"valueRequired\":true,\"valueName\":\"search_term_string\"}}],\"inLanguage\":\"fr-FR\"},{\"@type\":\"Organization\",\"@id\":\"https:\/\/www.les-energies-renouvelables.eu\/article\/actualites\/#organization\",\"name\":\"ECOinfos Energies renouvelables\",\"url\":\"https:\/\/www.les-energies-renouvelables.eu\/article\/actualites\/\",\"logo\":{\"@type\":\"ImageObject\",\"inLanguage\":\"fr-FR\",\"@id\":\"https:\/\/www.les-energies-renouvelables.eu\/article\/actualites\/#\/schema\/logo\/image\/\",\"url\":\"https:\/\/www.les-energies-renouvelables.eu\/article\/actualites\/wp-content\/uploads\/2025\/11\/ecoinfos.eldorado-consulting.com-logo-logo.svg\",\"contentUrl\":\"https:\/\/www.les-energies-renouvelables.eu\/article\/actualites\/wp-content\/uploads\/2025\/11\/ecoinfos.eldorado-consulting.com-logo-logo.svg\",\"caption\":\"ECOinfos Energies renouvelables\"},\"image\":{\"@id\":\"https:\/\/www.les-energies-renouvelables.eu\/article\/actualites\/#\/schema\/logo\/image\/\"},\"sameAs\":[\"https:\/\/www.facebook.com\/ecoannuaire.energierenouvelable\/\",\"https:\/\/x.com\/ECOinfosENR\",\"https:\/\/www.linkedin.com\/company\/ecoinfos-energies-renouvelables\/\",\"https:\/\/www.youtube.com\/@ecoinfosenergies\",\"https:\/\/share.google\/dyKHJPxAV42WhhjbM\"]},{\"@type\":\"Person\",\"@id\":\"https:\/\/www.les-energies-renouvelables.eu\/article\/actualites\/#\/schema\/person\/2c7d09eb5ca339c12ca8d86145440169\",\"name\":\"Alexia JACQUARD\",\"pronouns\":\"elle\/elle\",\"image\":{\"@type\":\"ImageObject\",\"inLanguage\":\"fr-FR\",\"@id\":\"https:\/\/www.les-energies-renouvelables.eu\/article\/actualites\/#\/schema\/person\/image\/\",\"url\":\"https:\/\/www.les-energies-renouvelables.eu\/article\/actualites\/wp-content\/uploads\/2026\/01\/actualites-alexia-jacquard-alexia-jacquard-160x160.jpg\",\"contentUrl\":\"https:\/\/www.les-energies-renouvelables.eu\/article\/actualites\/wp-content\/uploads\/2026\/01\/actualites-alexia-jacquard-alexia-jacquard-160x160.jpg\",\"caption\":\"Alexia JACQUARD\"},\"description\":\"Curieuse de nature et attentif aux enjeux du d\u00e9veloppement durable, Alexia Jacquard suit l'actualit\u00e9 des \u00e9nergies renouvelables pour partager les derni\u00e8res nouveaut\u00e9s du secteur. Elle s'attache \u00e0 retranscrire simplement les informations cl\u00e9s et les initiatives positives qui marquent la transition \u00e9nerg\u00e9tique. Son objectif : proposer des articles d'actualit\u00e9 clairs et accessibles pour tous ceux qui s'int\u00e9ressent \u00e0 l'avenir de notre \u00e9nergie.\",\"sameAs\":[\"https:\/\/alexia-jacquard.fr\",\"https:\/\/www.facebook.com\/tictacf2c\/\",\"https:\/\/www.instagram.com\/alexia_redac\/\",\"https:\/\/www.linkedin.com\/in\/alexia-jacquard-449a4b289\/\",\"https:\/\/fr.pinterest.com\/alexiajacquard\/\",\"https:\/\/x.com\/alexiajcrd\",\"https:\/\/www.youtube.com\/@Thepaindemie\",\"https:\/\/muckrack.com\/alexia-jacquard\"],\"url\":\"https:\/\/www.les-energies-renouvelables.eu\/article\/actualites\/author\/alexia-jacquard\/\"}]}<\/script>\n<!-- \/ Yoast SEO plugin. -->","yoast_head_json":{"title":"Exportations d\u2019\u00e9lectricit\u00e9 : la France bat un record en 2025 (92 TWh nets) - ECOinfos","description":"La France bat son record historique d'exportations nettes d'\u00e9lectricit\u00e9 en 2025 avec 92 TWh. D\u00e9couvrez les chiffres de RTE, l'analyse du mix bas carbone et la situation des \u00e9changes europ\u00e9ens.","robots":{"index":"index","follow":"follow","max-snippet":"max-snippet:-1","max-image-preview":"max-image-preview:large","max-video-preview":"max-video-preview:-1"},"canonical":"https:\/\/www.les-energies-renouvelables.eu\/article\/actualites\/energies\/exportations-delectricite-la-france-bat-un-record-en-2025-92-twh-nets-226\/","og_locale":"fr_FR","og_type":"article","og_title":"Exportations d\u2019\u00e9lectricit\u00e9 : la France bat un record en 2025 (92 TWh nets) - ECOinfos","og_description":"La France bat son record historique d'exportations nettes d'\u00e9lectricit\u00e9 en 2025 avec 92 TWh. D\u00e9couvrez les chiffres de RTE, l'analyse du mix bas carbone et la situation des \u00e9changes europ\u00e9ens.","og_url":"https:\/\/www.les-energies-renouvelables.eu\/article\/actualites\/energies\/exportations-delectricite-la-france-bat-un-record-en-2025-92-twh-nets-226\/","og_site_name":"ECOinfos Energies renouvelables","article_publisher":"https:\/\/www.facebook.com\/ecoannuaire.energierenouvelable\/","article_author":"https:\/\/www.facebook.com\/tictacf2c\/","article_published_time":"2026-01-09T07:00:00+00:00","og_image":[{"width":1200,"height":675,"url":"https:\/\/www.les-energies-renouvelables.eu\/article\/actualites\/wp-content\/uploads\/2026\/01\/actualites-exportations-delectricite-la-france-bat-un-record-en-2025-92-twh-nets-record-exportations-electricite-france-2025.jpg","type":"image\/jpeg"}],"author":"Alexia JACQUARD","twitter_card":"summary_large_image","twitter_creator":"@alexiajcrd","twitter_site":"@ECOinfosENR","twitter_misc":{"\u00c9crit par":"Alexia JACQUARD","Dur\u00e9e de lecture estim\u00e9e":"3 minutes"},"schema":{"@context":"https:\/\/schema.org","@graph":[{"@type":"Article","@id":"https:\/\/www.les-energies-renouvelables.eu\/article\/actualites\/energies\/exportations-delectricite-la-france-bat-un-record-en-2025-92-twh-nets-226\/#article","isPartOf":{"@id":"https:\/\/www.les-energies-renouvelables.eu\/article\/actualites\/energies\/exportations-delectricite-la-france-bat-un-record-en-2025-92-twh-nets-226\/"},"author":{"name":"Alexia JACQUARD","@id":"https:\/\/www.les-energies-renouvelables.eu\/article\/actualites\/#\/schema\/person\/2c7d09eb5ca339c12ca8d86145440169"},"headline":"Exportations d\u2019\u00e9lectricit\u00e9 : la France bat un record en 2025 (92 TWh nets)","datePublished":"2026-01-09T07:00:00+00:00","mainEntityOfPage":{"@id":"https:\/\/www.les-energies-renouvelables.eu\/article\/actualites\/energies\/exportations-delectricite-la-france-bat-un-record-en-2025-92-twh-nets-226\/"},"wordCount":672,"publisher":{"@id":"https:\/\/www.les-energies-renouvelables.eu\/article\/actualites\/#organization"},"image":{"@id":"https:\/\/www.les-energies-renouvelables.eu\/article\/actualites\/energies\/exportations-delectricite-la-france-bat-un-record-en-2025-92-twh-nets-226\/#primaryimage"},"thumbnailUrl":"https:\/\/www.les-energies-renouvelables.eu\/article\/actualites\/wp-content\/uploads\/2026\/01\/actualites-exportations-delectricite-la-france-bat-un-record-en-2025-92-twh-nets-record-exportations-electricite-france-2025.jpg","articleSection":["\u00c9nergies"],"inLanguage":"fr-FR"},{"@type":"WebPage","@id":"https:\/\/www.les-energies-renouvelables.eu\/article\/actualites\/energies\/exportations-delectricite-la-france-bat-un-record-en-2025-92-twh-nets-226\/","url":"https:\/\/www.les-energies-renouvelables.eu\/article\/actualites\/energies\/exportations-delectricite-la-france-bat-un-record-en-2025-92-twh-nets-226\/","name":"Exportations d\u2019\u00e9lectricit\u00e9 : la France bat un record en 2025 (92 TWh nets) - ECOinfos","isPartOf":{"@id":"https:\/\/www.les-energies-renouvelables.eu\/article\/actualites\/#website"},"primaryImageOfPage":{"@id":"https:\/\/www.les-energies-renouvelables.eu\/article\/actualites\/energies\/exportations-delectricite-la-france-bat-un-record-en-2025-92-twh-nets-226\/#primaryimage"},"image":{"@id":"https:\/\/www.les-energies-renouvelables.eu\/article\/actualites\/energies\/exportations-delectricite-la-france-bat-un-record-en-2025-92-twh-nets-226\/#primaryimage"},"thumbnailUrl":"https:\/\/www.les-energies-renouvelables.eu\/article\/actualites\/wp-content\/uploads\/2026\/01\/actualites-exportations-delectricite-la-france-bat-un-record-en-2025-92-twh-nets-record-exportations-electricite-france-2025.jpg","datePublished":"2026-01-09T07:00:00+00:00","description":"La France bat son record historique d'exportations nettes d'\u00e9lectricit\u00e9 en 2025 avec 92 TWh. D\u00e9couvrez les chiffres de RTE, l'analyse du mix bas carbone et la situation des \u00e9changes europ\u00e9ens.","breadcrumb":{"@id":"https:\/\/www.les-energies-renouvelables.eu\/article\/actualites\/energies\/exportations-delectricite-la-france-bat-un-record-en-2025-92-twh-nets-226\/#breadcrumb"},"inLanguage":"fr-FR","potentialAction":[{"@type":"ReadAction","target":["https:\/\/www.les-energies-renouvelables.eu\/article\/actualites\/energies\/exportations-delectricite-la-france-bat-un-record-en-2025-92-twh-nets-226\/"]}]},{"@type":"ImageObject","inLanguage":"fr-FR","@id":"https:\/\/www.les-energies-renouvelables.eu\/article\/actualites\/energies\/exportations-delectricite-la-france-bat-un-record-en-2025-92-twh-nets-226\/#primaryimage","url":"https:\/\/www.les-energies-renouvelables.eu\/article\/actualites\/wp-content\/uploads\/2026\/01\/actualites-exportations-delectricite-la-france-bat-un-record-en-2025-92-twh-nets-record-exportations-electricite-france-2025.jpg","contentUrl":"https:\/\/www.les-energies-renouvelables.eu\/article\/actualites\/wp-content\/uploads\/2026\/01\/actualites-exportations-delectricite-la-france-bat-un-record-en-2025-92-twh-nets-record-exportations-electricite-france-2025.jpg","width":1200,"height":675,"caption":"Ideogram"},{"@type":"BreadcrumbList","@id":"https:\/\/www.les-energies-renouvelables.eu\/article\/actualites\/energies\/exportations-delectricite-la-france-bat-un-record-en-2025-92-twh-nets-226\/#breadcrumb","itemListElement":[{"@type":"ListItem","position":1,"name":"Accueil","item":"https:\/\/www.les-energies-renouvelables.eu\/article\/actualites\/"},{"@type":"ListItem","position":2,"name":"Exportations d\u2019\u00e9lectricit\u00e9 : la France bat un record en 2025 (92 TWh nets)"}]},{"@type":"WebSite","@id":"https:\/\/www.les-energies-renouvelables.eu\/article\/actualites\/#website","url":"https:\/\/www.les-energies-renouvelables.eu\/article\/actualites\/","name":"ECOinfos Energies renouvelables","description":"Le d\u00e9cryptage quotidien du secteur des \u00e9nergies renouvelables","publisher":{"@id":"https:\/\/www.les-energies-renouvelables.eu\/article\/actualites\/#organization"},"potentialAction":[{"@type":"SearchAction","target":{"@type":"EntryPoint","urlTemplate":"https:\/\/www.les-energies-renouvelables.eu\/article\/actualites\/?s={search_term_string}"},"query-input":{"@type":"PropertyValueSpecification","valueRequired":true,"valueName":"search_term_string"}}],"inLanguage":"fr-FR"},{"@type":"Organization","@id":"https:\/\/www.les-energies-renouvelables.eu\/article\/actualites\/#organization","name":"ECOinfos Energies renouvelables","url":"https:\/\/www.les-energies-renouvelables.eu\/article\/actualites\/","logo":{"@type":"ImageObject","inLanguage":"fr-FR","@id":"https:\/\/www.les-energies-renouvelables.eu\/article\/actualites\/#\/schema\/logo\/image\/","url":"https:\/\/www.les-energies-renouvelables.eu\/article\/actualites\/wp-content\/uploads\/2025\/11\/ecoinfos.eldorado-consulting.com-logo-logo.svg","contentUrl":"https:\/\/www.les-energies-renouvelables.eu\/article\/actualites\/wp-content\/uploads\/2025\/11\/ecoinfos.eldorado-consulting.com-logo-logo.svg","caption":"ECOinfos Energies renouvelables"},"image":{"@id":"https:\/\/www.les-energies-renouvelables.eu\/article\/actualites\/#\/schema\/logo\/image\/"},"sameAs":["https:\/\/www.facebook.com\/ecoannuaire.energierenouvelable\/","https:\/\/x.com\/ECOinfosENR","https:\/\/www.linkedin.com\/company\/ecoinfos-energies-renouvelables\/","https:\/\/www.youtube.com\/@ecoinfosenergies","https:\/\/share.google\/dyKHJPxAV42WhhjbM"]},{"@type":"Person","@id":"https:\/\/www.les-energies-renouvelables.eu\/article\/actualites\/#\/schema\/person\/2c7d09eb5ca339c12ca8d86145440169","name":"Alexia JACQUARD","pronouns":"elle\/elle","image":{"@type":"ImageObject","inLanguage":"fr-FR","@id":"https:\/\/www.les-energies-renouvelables.eu\/article\/actualites\/#\/schema\/person\/image\/","url":"https:\/\/www.les-energies-renouvelables.eu\/article\/actualites\/wp-content\/uploads\/2026\/01\/actualites-alexia-jacquard-alexia-jacquard-160x160.jpg","contentUrl":"https:\/\/www.les-energies-renouvelables.eu\/article\/actualites\/wp-content\/uploads\/2026\/01\/actualites-alexia-jacquard-alexia-jacquard-160x160.jpg","caption":"Alexia JACQUARD"},"description":"Curieuse de nature et attentif aux enjeux du d\u00e9veloppement durable, Alexia Jacquard suit l'actualit\u00e9 des \u00e9nergies renouvelables pour partager les derni\u00e8res nouveaut\u00e9s du secteur. Elle s'attache \u00e0 retranscrire simplement les informations cl\u00e9s et les initiatives positives qui marquent la transition \u00e9nerg\u00e9tique. Son objectif : proposer des articles d'actualit\u00e9 clairs et accessibles pour tous ceux qui s'int\u00e9ressent \u00e0 l'avenir de notre \u00e9nergie.","sameAs":["https:\/\/alexia-jacquard.fr","https:\/\/www.facebook.com\/tictacf2c\/","https:\/\/www.instagram.com\/alexia_redac\/","https:\/\/www.linkedin.com\/in\/alexia-jacquard-449a4b289\/","https:\/\/fr.pinterest.com\/alexiajacquard\/","https:\/\/x.com\/alexiajcrd","https:\/\/www.youtube.com\/@Thepaindemie","https:\/\/muckrack.com\/alexia-jacquard"],"url":"https:\/\/www.les-energies-renouvelables.eu\/article\/actualites\/author\/alexia-jacquard\/"}]}},"_links":{"self":[{"href":"https:\/\/www.les-energies-renouvelables.eu\/article\/actualites\/wp-json\/wp\/v2\/posts\/226","targetHints":{"allow":["GET"]}}],"collection":[{"href":"https:\/\/www.les-energies-renouvelables.eu\/article\/actualites\/wp-json\/wp\/v2\/posts"}],"about":[{"href":"https:\/\/www.les-energies-renouvelables.eu\/article\/actualites\/wp-json\/wp\/v2\/types\/post"}],"author":[{"embeddable":true,"href":"https:\/\/www.les-energies-renouvelables.eu\/article\/actualites\/wp-json\/wp\/v2\/users\/2"}],"replies":[{"embeddable":true,"href":"https:\/\/www.les-energies-renouvelables.eu\/article\/actualites\/wp-json\/wp\/v2\/comments?post=226"}],"version-history":[{"count":1,"href":"https:\/\/www.les-energies-renouvelables.eu\/article\/actualites\/wp-json\/wp\/v2\/posts\/226\/revisions"}],"predecessor-version":[{"id":227,"href":"https:\/\/www.les-energies-renouvelables.eu\/article\/actualites\/wp-json\/wp\/v2\/posts\/226\/revisions\/227"}],"wp:featuredmedia":[{"embeddable":true,"href":"https:\/\/www.les-energies-renouvelables.eu\/article\/actualites\/wp-json\/wp\/v2\/media\/228"}],"wp:attachment":[{"href":"https:\/\/www.les-energies-renouvelables.eu\/article\/actualites\/wp-json\/wp\/v2\/media?parent=226"}],"wp:term":[{"taxonomy":"category","embeddable":true,"href":"https:\/\/www.les-energies-renouvelables.eu\/article\/actualites\/wp-json\/wp\/v2\/categories?post=226"},{"taxonomy":"post_tag","embeddable":true,"href":"https:\/\/www.les-energies-renouvelables.eu\/article\/actualites\/wp-json\/wp\/v2\/tags?post=226"}],"curies":[{"name":"wp","href":"https:\/\/api.w.org\/{rel}","templated":true}]}}