{"id":223,"date":"2026-01-08T08:00:00","date_gmt":"2026-01-08T07:00:00","guid":{"rendered":"https:\/\/www.les-energies-renouvelables.eu\/article\/actualites\/?p=223"},"modified":"2026-01-07T11:12:47","modified_gmt":"2026-01-07T10:12:47","slug":"raccordement-des-enr-ce-que-la-cre-change-pour-accelerer-lacces-au-reseau","status":"publish","type":"post","link":"https:\/\/www.les-energies-renouvelables.eu\/article\/actualites\/energies\/raccordement-des-enr-ce-que-la-cre-change-pour-accelerer-lacces-au-reseau-223\/","title":{"rendered":"Raccordement des EnR : ce que la CRE change pour acc\u00e9l\u00e9rer l\u2019acc\u00e8s au r\u00e9seau"},"content":{"rendered":"\n<p>R\u00e9sum\u00e9 :<\/p>\n\n\n\n<ul class=\"wp-block-list\">\n<li><strong>Objectif d&rsquo;\u00e9quit\u00e9 :<\/strong> La CRE encadre l&rsquo;\u00e9laboration des proc\u00e9dures pour viser un acc\u00e8s transparent et non-discriminatoire aux r\u00e9seaux.<\/li>\n\n\n\n<li><strong>Planification r\u00e9gionale :<\/strong> Les <strong>sch\u00e9mas S3REnR<\/strong> ont pour objectif d&rsquo;anticiper les capacit\u00e9s d&rsquo;accueil n\u00e9cessaires \u00e0 l&rsquo;int\u00e9gration des \u00e9nergies renouvelables.<\/li>\n\n\n\n<li><strong>Cadre financier :<\/strong> Le m\u00e9canisme de <strong>r\u00e9faction<\/strong> pr\u00e9voit un partage des co\u00fbts entre le demandeur et le tarif d&rsquo;utilisation du r\u00e9seau (<strong>TURPE<\/strong>).<\/li>\n\n\n\n<li><strong>\u00c9volutions techniques :<\/strong> Une d\u00e9lib\u00e9ration publi\u00e9e au Journal Officiel du 27 d\u00e9cembre 2024 pr\u00e9cise les conditions de modification de la puissance de raccordement par les gestionnaires.<\/li>\n<\/ul>\n\n\n\n<p>Le <strong>raccordement au r\u00e9seau \u00e9lectrique<\/strong> est d\u00e9fini par la CRE comme l&rsquo;op\u00e9ration consistant \u00e0 connecter physiquement l&rsquo;installation d&rsquo;un utilisateur au r\u00e9seau public de transport (<strong>RPT<\/strong>) ou de distribution (<strong>RPD<\/strong>). Ce processus est le pr\u00e9alable \u00e0 l&rsquo;acc\u00e8s au r\u00e9seau, permettant au demandeur d&rsquo;\u00e9changer la puissance qu&rsquo;il souhaite injecter ou soutirer. Selon les informations publi\u00e9es par la CRE sur son site officiel, l&rsquo;augmentation des demandes de raccordement, notamment pour les sources renouvelables, place la gestion des capacit\u00e9s et des prescriptions techniques parmi les enjeux identifi\u00e9s pour le syst\u00e8me \u00e9lectrique.<\/p>\n\n\n\n<h2 class=\"wp-block-heading\">Un cadre de r\u00e9gulation pour l&rsquo;acc\u00e8s aux r\u00e9seaux publics<\/h2>\n\n\n\n<p>Conform\u00e9ment \u00e0 l\u2019<strong>article L. 134-1 du Code de l\u2019\u00e9nergie<\/strong>, la CRE exerce une mission de garant de l\u2019acc\u00e8s aux r\u00e9seaux publics. Sur sa page d\u00e9di\u00e9e au raccordement, le r\u00e9gulateur pr\u00e9cise que les proc\u00e9dures de traitement des demandes doivent assurer un acc\u00e8s non-discriminatoire. Ces proc\u00e9dures sont \u00e9labor\u00e9es par les gestionnaires de r\u00e9seaux et int\u00e9gr\u00e9es \u00e0 leur <strong>Documentation Technique de R\u00e9f\u00e9rence (DTR)<\/strong>, dont la CRE encadre l&rsquo;\u00e9laboration et le suivi.<\/p>\n\n\n\n<p>Selon la CRE, les prescriptions et d\u00e9cisions des gestionnaires doivent reposer sur des \u00e9l\u00e9ments techniques, dans le respect des proc\u00e9dures d\u00e9finies dans la DTR. Le r\u00f4le du r\u00e9gulateur est de v\u00e9rifier que les r\u00e8gles \u00e9tablies s&rsquo;appliquent de mani\u00e8re \u00e9quitable \u00e0 tous les utilisateurs, afin de pr\u00e9venir les traitements pr\u00e9f\u00e9rentiels lors de l&rsquo;instruction des <strong>dossiers de raccordement<\/strong>.<\/p>\n\n\n\n<h2 class=\"wp-block-heading\">S3REnR : l&rsquo;objectif de planification des capacit\u00e9s d&rsquo;accueil<\/h2>\n\n\n\n<p>Pour r\u00e9pondre \u00e0 la sollicitation des infrastructures, la CRE pr\u00e9sente les <strong>sch\u00e9mas r\u00e9gionaux de raccordement au r\u00e9seau des \u00e9nergies renouvelables (S3REnR)<\/strong> comme des outils de planification. Ces sch\u00e9mas ont pour fonction d&rsquo;identifier les zones de rar\u00e9faction des <strong>capacit\u00e9s d&rsquo;accueil<\/strong> et de pr\u00e9voir les investissements n\u00e9cessaires. Selon la CRE, l&rsquo;objectif est d&rsquo;apporter une visibilit\u00e9 aux demandeurs et de viser une r\u00e9duction des d\u00e9lais de traitement, bien que les r\u00e9sultats pr\u00e9cis ne soient pas d\u00e9taill\u00e9s dans la source.<\/p>\n\n\n\n<p>Dans les zones o\u00f9 les capacit\u00e9s sont limit\u00e9es, la CRE encadre les proc\u00e9dures de gestion des <strong>files d&rsquo;attente<\/strong>. Ces m\u00e9canismes visent \u00e0 assurer la transparence dans l&rsquo;attribution des puissances disponibles, en lien avec les objectifs de d\u00e9veloppement des moyens de production identifi\u00e9s dans les sch\u00e9mas r\u00e9gionaux.<\/p>\n\n\n\n<h2 class=\"wp-block-heading\">Co\u00fbts de raccordement : le fonctionnement du m\u00e9canisme de r\u00e9faction<\/h2>\n\n\n\n<p>Le financement des ouvrages de raccordement est r\u00e9gi par des r\u00e8gles de partage des co\u00fbts pr\u00e9cis\u00e9es par la CRE. Une partie des frais est couverte par la contribution du demandeur, tandis que l&rsquo;autre est prise en charge par le <strong>Tarif d\u2019Utilisation des R\u00e9seaux Publics d\u2019\u00c9lectricit\u00e9 (TURPE)<\/strong>. Ce dispositif, nomm\u00e9 <strong>r\u00e9faction<\/strong>, s&rsquo;applique selon des taux fix\u00e9s pour certaines cat\u00e9gories d&rsquo;installations par les textes officiels.<\/p>\n\n\n\n<p>Sur sa plateforme d&rsquo;information, la CRE explique que cette mutualisation des co\u00fbts via le TURPE concerne notamment les ouvrages d&rsquo;extension du r\u00e9seau. Les modalit\u00e9s financi\u00e8res sont d\u00e9taill\u00e9es dans les <strong>bar\u00e8mes de raccordement<\/strong> des gestionnaires de r\u00e9seaux publics, \u00e9tablis selon les principes et le cadre d\u00e9finis par le r\u00e9gulateur.<\/p>\n\n\n\n<h2 class=\"wp-block-heading\">Puissance de raccordement : les nouvelles modalit\u00e9s de modification<\/h2>\n\n\n\n<p><a href=\"https:\/\/www.legifrance.gouv.fr\/jorf\/id\/JORFTEXT000050823761\">Une d\u00e9lib\u00e9ration de la CRE<\/a>, publi\u00e9e au Journal Officiel le 27 d\u00e9cembre 2024 (sous la r\u00e9f\u00e9rence <strong>JORFTEXT000050823761<\/strong>), d\u00e9finit les conditions dans lesquelles les gestionnaires de r\u00e9seau peuvent modifier la <strong>puissance de raccordement<\/strong> \u00e9lectrique. Ce texte, pris en application de la loi relative \u00e0 l\u2019acc\u00e9l\u00e9ration de la production d\u2019\u00e9nergies renouvelables, encadre les conditions de mise en \u0153uvre de ces modifications pour les installations de production et de consommation.<\/p>\n\n\n\n<p>Ce dispositif, li\u00e9 \u00e0 l&rsquo;<strong>article L. 342-24 du Code de l&rsquo;\u00e9nergie<\/strong>, pr\u00e9cise les modalit\u00e9s d&rsquo;indemnisation de l&rsquo;utilisateur lorsque cette modification est activ\u00e9e. La d\u00e9lib\u00e9ration encadre les situations o\u00f9 la puissance souscrite peut \u00eatre adapt\u00e9e (objectifs et finalit\u00e9s techniques d\u00e9taill\u00e9s non explicit\u00e9s dans la source). L&rsquo;enjeu cit\u00e9 est de permettre une gestion de la puissance d&rsquo;injection en fonction des capacit\u00e9s disponibles sur les infrastructures existantes.<\/p>\n\n\n\n<h2 class=\"wp-block-heading\">Un parcours encadr\u00e9 par la Documentation Technique de R\u00e9f\u00e9rence<\/h2>\n\n\n\n<p>Le processus de raccordement suit un encha\u00eenement d&rsquo;\u00e9tapes administratives et techniques d\u00e9crit dans la DTR de chaque gestionnaire. Comme l&rsquo;indique la CRE, le parcours d\u00e9bute par l&rsquo;\u00e9laboration d&rsquo;un dossier de demande, suivi d&rsquo;une <strong>proposition technique et financi\u00e8re (PTF)<\/strong> transmise au demandeur. Cette proposition pr\u00e9cise les travaux \u00e0 r\u00e9aliser, les co\u00fbts et les d\u00e9lais pr\u00e9visionnels.<\/p>\n\n\n\n<p>La relation entre le gestionnaire et l&rsquo;utilisateur est ensuite formalis\u00e9e par une <strong>convention de raccordement<\/strong>, puis par un contrat d&rsquo;acc\u00e8s au r\u00e9seau (<strong>CARD<\/strong> pour la distribution, <strong>CART<\/strong> pour le transport). Ces documents contractuels, dont le contenu est \u00e9labor\u00e9 selon les principes fix\u00e9s par la CRE, d\u00e9finissent les modalit\u00e9s techniques et financi\u00e8res de l&rsquo;injection d&rsquo;\u00e9lectricit\u00e9. L&rsquo;ensemble de ce cadre vise \u00e0 assurer que chaque raccordement s&rsquo;effectue dans le respect des prescriptions techniques de conception et de fonctionnement du syst\u00e8me \u00e9lectrique.<br><strong>Note sur les sources :<\/strong><em>Cet article a \u00e9t\u00e9 r\u00e9dig\u00e9 sur la base des informations de la Commission de r\u00e9gulation de l&rsquo;\u00e9nergie (page \u00ab Raccordement et acc\u00e8s au r\u00e9seau \u00bb) et de la d\u00e9lib\u00e9ration de la CRE du 18 d\u00e9cembre 2024 publi\u00e9e au Journal Officiel.<\/em><\/p>\n","protected":false},"excerpt":{"rendered":"","protected":false},"author":2,"featured_media":225,"comment_status":"closed","ping_status":"closed","sticky":false,"template":"","format":"standard","meta":{"footnotes":""},"categories":[1],"tags":[],"class_list":["post-223","post","type-post","status-publish","format-standard","has-post-thumbnail","hentry","category-energies","masonry-post","generate-columns","tablet-grid-50","mobile-grid-100","grid-parent","grid-33"],"yoast_head":"<!-- This site is optimized with the Yoast SEO plugin v26.6 - https:\/\/yoast.com\/wordpress\/plugins\/seo\/ -->\n<title>Raccordement des EnR : ce que la CRE change pour acc\u00e9l\u00e9rer l\u2019acc\u00e8s au r\u00e9seau - ECOinfos<\/title>\n<meta name=\"description\" content=\"D\u00e9couvrez comment la CRE encadre le raccordement des \u00e9nergies renouvelables au r\u00e9seau \u00e9lectrique : planification S3REnR, m\u00e9canisme de r\u00e9faction et nouvelles r\u00e8gles de puissance.\" \/>\n<meta name=\"robots\" content=\"index, follow, max-snippet:-1, max-image-preview:large, max-video-preview:-1\" \/>\n<link rel=\"canonical\" href=\"https:\/\/www.les-energies-renouvelables.eu\/article\/actualites\/energies\/raccordement-des-enr-ce-que-la-cre-change-pour-accelerer-lacces-au-reseau-223\/\" \/>\n<meta property=\"og:locale\" content=\"fr_FR\" \/>\n<meta property=\"og:type\" content=\"article\" \/>\n<meta property=\"og:title\" content=\"Raccordement des EnR : ce que la CRE change pour acc\u00e9l\u00e9rer l\u2019acc\u00e8s au r\u00e9seau - ECOinfos\" \/>\n<meta property=\"og:description\" content=\"D\u00e9couvrez comment la CRE encadre le raccordement des \u00e9nergies renouvelables au r\u00e9seau \u00e9lectrique : planification S3REnR, m\u00e9canisme de r\u00e9faction et nouvelles r\u00e8gles de puissance.\" \/>\n<meta property=\"og:url\" content=\"https:\/\/www.les-energies-renouvelables.eu\/article\/actualites\/energies\/raccordement-des-enr-ce-que-la-cre-change-pour-accelerer-lacces-au-reseau-223\/\" \/>\n<meta property=\"og:site_name\" content=\"ECOinfos Energies renouvelables\" \/>\n<meta property=\"article:publisher\" content=\"https:\/\/www.facebook.com\/ecoannuaire.energierenouvelable\/\" \/>\n<meta property=\"article:author\" content=\"https:\/\/www.facebook.com\/tictacf2c\/\" \/>\n<meta property=\"article:published_time\" content=\"2026-01-08T07:00:00+00:00\" \/>\n<meta property=\"og:image\" content=\"https:\/\/www.les-energies-renouvelables.eu\/article\/actualites\/wp-content\/uploads\/2026\/01\/actualites-raccordement-des-enr-ce-que-la-cre-change-pour-accelerer-lacces-au-reseau-raccordement-reseaux-electriques-enr.jpg\" \/>\n\t<meta property=\"og:image:width\" content=\"1200\" \/>\n\t<meta property=\"og:image:height\" content=\"675\" \/>\n\t<meta property=\"og:image:type\" content=\"image\/jpeg\" \/>\n<meta name=\"author\" content=\"Alexia JACQUARD\" \/>\n<meta name=\"twitter:card\" content=\"summary_large_image\" \/>\n<meta name=\"twitter:creator\" content=\"@alexiajcrd\" \/>\n<meta name=\"twitter:site\" content=\"@ECOinfosENR\" \/>\n<meta name=\"twitter:label1\" content=\"\u00c9crit par\" \/>\n\t<meta name=\"twitter:data1\" content=\"Alexia JACQUARD\" \/>\n\t<meta name=\"twitter:label2\" content=\"Dur\u00e9e de lecture estim\u00e9e\" \/>\n\t<meta name=\"twitter:data2\" content=\"5 minutes\" \/>\n<script type=\"application\/ld+json\" class=\"yoast-schema-graph\">{\"@context\":\"https:\/\/schema.org\",\"@graph\":[{\"@type\":\"Article\",\"@id\":\"https:\/\/www.les-energies-renouvelables.eu\/article\/actualites\/energies\/raccordement-des-enr-ce-que-la-cre-change-pour-accelerer-lacces-au-reseau-223\/#article\",\"isPartOf\":{\"@id\":\"https:\/\/www.les-energies-renouvelables.eu\/article\/actualites\/energies\/raccordement-des-enr-ce-que-la-cre-change-pour-accelerer-lacces-au-reseau-223\/\"},\"author\":{\"name\":\"Alexia JACQUARD\",\"@id\":\"https:\/\/www.les-energies-renouvelables.eu\/article\/actualites\/#\/schema\/person\/2c7d09eb5ca339c12ca8d86145440169\"},\"headline\":\"Raccordement des EnR : ce que la CRE change pour acc\u00e9l\u00e9rer l\u2019acc\u00e8s au r\u00e9seau\",\"datePublished\":\"2026-01-08T07:00:00+00:00\",\"mainEntityOfPage\":{\"@id\":\"https:\/\/www.les-energies-renouvelables.eu\/article\/actualites\/energies\/raccordement-des-enr-ce-que-la-cre-change-pour-accelerer-lacces-au-reseau-223\/\"},\"wordCount\":1089,\"publisher\":{\"@id\":\"https:\/\/www.les-energies-renouvelables.eu\/article\/actualites\/#organization\"},\"image\":{\"@id\":\"https:\/\/www.les-energies-renouvelables.eu\/article\/actualites\/energies\/raccordement-des-enr-ce-que-la-cre-change-pour-accelerer-lacces-au-reseau-223\/#primaryimage\"},\"thumbnailUrl\":\"https:\/\/www.les-energies-renouvelables.eu\/article\/actualites\/wp-content\/uploads\/2026\/01\/actualites-raccordement-des-enr-ce-que-la-cre-change-pour-accelerer-lacces-au-reseau-raccordement-reseaux-electriques-enr.jpg\",\"articleSection\":[\"\u00c9nergies\"],\"inLanguage\":\"fr-FR\"},{\"@type\":\"WebPage\",\"@id\":\"https:\/\/www.les-energies-renouvelables.eu\/article\/actualites\/energies\/raccordement-des-enr-ce-que-la-cre-change-pour-accelerer-lacces-au-reseau-223\/\",\"url\":\"https:\/\/www.les-energies-renouvelables.eu\/article\/actualites\/energies\/raccordement-des-enr-ce-que-la-cre-change-pour-accelerer-lacces-au-reseau-223\/\",\"name\":\"Raccordement des EnR : ce que la CRE change pour acc\u00e9l\u00e9rer l\u2019acc\u00e8s au r\u00e9seau - ECOinfos\",\"isPartOf\":{\"@id\":\"https:\/\/www.les-energies-renouvelables.eu\/article\/actualites\/#website\"},\"primaryImageOfPage\":{\"@id\":\"https:\/\/www.les-energies-renouvelables.eu\/article\/actualites\/energies\/raccordement-des-enr-ce-que-la-cre-change-pour-accelerer-lacces-au-reseau-223\/#primaryimage\"},\"image\":{\"@id\":\"https:\/\/www.les-energies-renouvelables.eu\/article\/actualites\/energies\/raccordement-des-enr-ce-que-la-cre-change-pour-accelerer-lacces-au-reseau-223\/#primaryimage\"},\"thumbnailUrl\":\"https:\/\/www.les-energies-renouvelables.eu\/article\/actualites\/wp-content\/uploads\/2026\/01\/actualites-raccordement-des-enr-ce-que-la-cre-change-pour-accelerer-lacces-au-reseau-raccordement-reseaux-electriques-enr.jpg\",\"datePublished\":\"2026-01-08T07:00:00+00:00\",\"description\":\"D\u00e9couvrez comment la CRE encadre le raccordement des \u00e9nergies renouvelables au r\u00e9seau \u00e9lectrique : planification S3REnR, m\u00e9canisme de r\u00e9faction et nouvelles r\u00e8gles de puissance.\",\"breadcrumb\":{\"@id\":\"https:\/\/www.les-energies-renouvelables.eu\/article\/actualites\/energies\/raccordement-des-enr-ce-que-la-cre-change-pour-accelerer-lacces-au-reseau-223\/#breadcrumb\"},\"inLanguage\":\"fr-FR\",\"potentialAction\":[{\"@type\":\"ReadAction\",\"target\":[\"https:\/\/www.les-energies-renouvelables.eu\/article\/actualites\/energies\/raccordement-des-enr-ce-que-la-cre-change-pour-accelerer-lacces-au-reseau-223\/\"]}]},{\"@type\":\"ImageObject\",\"inLanguage\":\"fr-FR\",\"@id\":\"https:\/\/www.les-energies-renouvelables.eu\/article\/actualites\/energies\/raccordement-des-enr-ce-que-la-cre-change-pour-accelerer-lacces-au-reseau-223\/#primaryimage\",\"url\":\"https:\/\/www.les-energies-renouvelables.eu\/article\/actualites\/wp-content\/uploads\/2026\/01\/actualites-raccordement-des-enr-ce-que-la-cre-change-pour-accelerer-lacces-au-reseau-raccordement-reseaux-electriques-enr.jpg\",\"contentUrl\":\"https:\/\/www.les-energies-renouvelables.eu\/article\/actualites\/wp-content\/uploads\/2026\/01\/actualites-raccordement-des-enr-ce-que-la-cre-change-pour-accelerer-lacces-au-reseau-raccordement-reseaux-electriques-enr.jpg\",\"width\":1200,\"height\":675,\"caption\":\"Ideogram\"},{\"@type\":\"BreadcrumbList\",\"@id\":\"https:\/\/www.les-energies-renouvelables.eu\/article\/actualites\/energies\/raccordement-des-enr-ce-que-la-cre-change-pour-accelerer-lacces-au-reseau-223\/#breadcrumb\",\"itemListElement\":[{\"@type\":\"ListItem\",\"position\":1,\"name\":\"Accueil\",\"item\":\"https:\/\/www.les-energies-renouvelables.eu\/article\/actualites\/\"},{\"@type\":\"ListItem\",\"position\":2,\"name\":\"Raccordement des EnR : ce que la CRE change pour acc\u00e9l\u00e9rer l\u2019acc\u00e8s au r\u00e9seau\"}]},{\"@type\":\"WebSite\",\"@id\":\"https:\/\/www.les-energies-renouvelables.eu\/article\/actualites\/#website\",\"url\":\"https:\/\/www.les-energies-renouvelables.eu\/article\/actualites\/\",\"name\":\"ECOinfos Energies renouvelables\",\"description\":\"Le d\u00e9cryptage quotidien du secteur des \u00e9nergies renouvelables\",\"publisher\":{\"@id\":\"https:\/\/www.les-energies-renouvelables.eu\/article\/actualites\/#organization\"},\"potentialAction\":[{\"@type\":\"SearchAction\",\"target\":{\"@type\":\"EntryPoint\",\"urlTemplate\":\"https:\/\/www.les-energies-renouvelables.eu\/article\/actualites\/?s={search_term_string}\"},\"query-input\":{\"@type\":\"PropertyValueSpecification\",\"valueRequired\":true,\"valueName\":\"search_term_string\"}}],\"inLanguage\":\"fr-FR\"},{\"@type\":\"Organization\",\"@id\":\"https:\/\/www.les-energies-renouvelables.eu\/article\/actualites\/#organization\",\"name\":\"ECOinfos Energies renouvelables\",\"url\":\"https:\/\/www.les-energies-renouvelables.eu\/article\/actualites\/\",\"logo\":{\"@type\":\"ImageObject\",\"inLanguage\":\"fr-FR\",\"@id\":\"https:\/\/www.les-energies-renouvelables.eu\/article\/actualites\/#\/schema\/logo\/image\/\",\"url\":\"https:\/\/www.les-energies-renouvelables.eu\/article\/actualites\/wp-content\/uploads\/2025\/11\/ecoinfos.eldorado-consulting.com-logo-logo.svg\",\"contentUrl\":\"https:\/\/www.les-energies-renouvelables.eu\/article\/actualites\/wp-content\/uploads\/2025\/11\/ecoinfos.eldorado-consulting.com-logo-logo.svg\",\"caption\":\"ECOinfos Energies renouvelables\"},\"image\":{\"@id\":\"https:\/\/www.les-energies-renouvelables.eu\/article\/actualites\/#\/schema\/logo\/image\/\"},\"sameAs\":[\"https:\/\/www.facebook.com\/ecoannuaire.energierenouvelable\/\",\"https:\/\/x.com\/ECOinfosENR\",\"https:\/\/www.linkedin.com\/company\/ecoinfos-energies-renouvelables\/\",\"https:\/\/www.youtube.com\/@ecoinfosenergies\",\"https:\/\/share.google\/dyKHJPxAV42WhhjbM\"]},{\"@type\":\"Person\",\"@id\":\"https:\/\/www.les-energies-renouvelables.eu\/article\/actualites\/#\/schema\/person\/2c7d09eb5ca339c12ca8d86145440169\",\"name\":\"Alexia JACQUARD\",\"pronouns\":\"elle\/elle\",\"image\":{\"@type\":\"ImageObject\",\"inLanguage\":\"fr-FR\",\"@id\":\"https:\/\/www.les-energies-renouvelables.eu\/article\/actualites\/#\/schema\/person\/image\/\",\"url\":\"https:\/\/www.les-energies-renouvelables.eu\/article\/actualites\/wp-content\/uploads\/2026\/01\/actualites-alexia-jacquard-alexia-jacquard-160x160.jpg\",\"contentUrl\":\"https:\/\/www.les-energies-renouvelables.eu\/article\/actualites\/wp-content\/uploads\/2026\/01\/actualites-alexia-jacquard-alexia-jacquard-160x160.jpg\",\"caption\":\"Alexia JACQUARD\"},\"description\":\"Curieuse de nature et attentif aux enjeux du d\u00e9veloppement durable, Alexia Jacquard suit l'actualit\u00e9 des \u00e9nergies renouvelables pour partager les derni\u00e8res nouveaut\u00e9s du secteur. Elle s'attache \u00e0 retranscrire simplement les informations cl\u00e9s et les initiatives positives qui marquent la transition \u00e9nerg\u00e9tique. Son objectif : proposer des articles d'actualit\u00e9 clairs et accessibles pour tous ceux qui s'int\u00e9ressent \u00e0 l'avenir de notre \u00e9nergie.\",\"sameAs\":[\"https:\/\/alexia-jacquard.fr\",\"https:\/\/www.facebook.com\/tictacf2c\/\",\"https:\/\/www.instagram.com\/alexia_redac\/\",\"https:\/\/www.linkedin.com\/in\/alexia-jacquard-449a4b289\/\",\"https:\/\/fr.pinterest.com\/alexiajacquard\/\",\"https:\/\/x.com\/alexiajcrd\",\"https:\/\/www.youtube.com\/@Thepaindemie\",\"https:\/\/muckrack.com\/alexia-jacquard\"],\"url\":\"https:\/\/www.les-energies-renouvelables.eu\/article\/actualites\/author\/alexia-jacquard\/\"}]}<\/script>\n<!-- \/ Yoast SEO plugin. -->","yoast_head_json":{"title":"Raccordement des EnR : ce que la CRE change pour acc\u00e9l\u00e9rer l\u2019acc\u00e8s au r\u00e9seau - ECOinfos","description":"D\u00e9couvrez comment la CRE encadre le raccordement des \u00e9nergies renouvelables au r\u00e9seau \u00e9lectrique : planification S3REnR, m\u00e9canisme de r\u00e9faction et nouvelles r\u00e8gles de puissance.","robots":{"index":"index","follow":"follow","max-snippet":"max-snippet:-1","max-image-preview":"max-image-preview:large","max-video-preview":"max-video-preview:-1"},"canonical":"https:\/\/www.les-energies-renouvelables.eu\/article\/actualites\/energies\/raccordement-des-enr-ce-que-la-cre-change-pour-accelerer-lacces-au-reseau-223\/","og_locale":"fr_FR","og_type":"article","og_title":"Raccordement des EnR : ce que la CRE change pour acc\u00e9l\u00e9rer l\u2019acc\u00e8s au r\u00e9seau - ECOinfos","og_description":"D\u00e9couvrez comment la CRE encadre le raccordement des \u00e9nergies renouvelables au r\u00e9seau \u00e9lectrique : planification S3REnR, m\u00e9canisme de r\u00e9faction et nouvelles r\u00e8gles de puissance.","og_url":"https:\/\/www.les-energies-renouvelables.eu\/article\/actualites\/energies\/raccordement-des-enr-ce-que-la-cre-change-pour-accelerer-lacces-au-reseau-223\/","og_site_name":"ECOinfos Energies renouvelables","article_publisher":"https:\/\/www.facebook.com\/ecoannuaire.energierenouvelable\/","article_author":"https:\/\/www.facebook.com\/tictacf2c\/","article_published_time":"2026-01-08T07:00:00+00:00","og_image":[{"width":1200,"height":675,"url":"https:\/\/www.les-energies-renouvelables.eu\/article\/actualites\/wp-content\/uploads\/2026\/01\/actualites-raccordement-des-enr-ce-que-la-cre-change-pour-accelerer-lacces-au-reseau-raccordement-reseaux-electriques-enr.jpg","type":"image\/jpeg"}],"author":"Alexia JACQUARD","twitter_card":"summary_large_image","twitter_creator":"@alexiajcrd","twitter_site":"@ECOinfosENR","twitter_misc":{"\u00c9crit par":"Alexia JACQUARD","Dur\u00e9e de lecture estim\u00e9e":"5 minutes"},"schema":{"@context":"https:\/\/schema.org","@graph":[{"@type":"Article","@id":"https:\/\/www.les-energies-renouvelables.eu\/article\/actualites\/energies\/raccordement-des-enr-ce-que-la-cre-change-pour-accelerer-lacces-au-reseau-223\/#article","isPartOf":{"@id":"https:\/\/www.les-energies-renouvelables.eu\/article\/actualites\/energies\/raccordement-des-enr-ce-que-la-cre-change-pour-accelerer-lacces-au-reseau-223\/"},"author":{"name":"Alexia JACQUARD","@id":"https:\/\/www.les-energies-renouvelables.eu\/article\/actualites\/#\/schema\/person\/2c7d09eb5ca339c12ca8d86145440169"},"headline":"Raccordement des EnR : ce que la CRE change pour acc\u00e9l\u00e9rer l\u2019acc\u00e8s au r\u00e9seau","datePublished":"2026-01-08T07:00:00+00:00","mainEntityOfPage":{"@id":"https:\/\/www.les-energies-renouvelables.eu\/article\/actualites\/energies\/raccordement-des-enr-ce-que-la-cre-change-pour-accelerer-lacces-au-reseau-223\/"},"wordCount":1089,"publisher":{"@id":"https:\/\/www.les-energies-renouvelables.eu\/article\/actualites\/#organization"},"image":{"@id":"https:\/\/www.les-energies-renouvelables.eu\/article\/actualites\/energies\/raccordement-des-enr-ce-que-la-cre-change-pour-accelerer-lacces-au-reseau-223\/#primaryimage"},"thumbnailUrl":"https:\/\/www.les-energies-renouvelables.eu\/article\/actualites\/wp-content\/uploads\/2026\/01\/actualites-raccordement-des-enr-ce-que-la-cre-change-pour-accelerer-lacces-au-reseau-raccordement-reseaux-electriques-enr.jpg","articleSection":["\u00c9nergies"],"inLanguage":"fr-FR"},{"@type":"WebPage","@id":"https:\/\/www.les-energies-renouvelables.eu\/article\/actualites\/energies\/raccordement-des-enr-ce-que-la-cre-change-pour-accelerer-lacces-au-reseau-223\/","url":"https:\/\/www.les-energies-renouvelables.eu\/article\/actualites\/energies\/raccordement-des-enr-ce-que-la-cre-change-pour-accelerer-lacces-au-reseau-223\/","name":"Raccordement des EnR : ce que la CRE change pour acc\u00e9l\u00e9rer l\u2019acc\u00e8s au r\u00e9seau - ECOinfos","isPartOf":{"@id":"https:\/\/www.les-energies-renouvelables.eu\/article\/actualites\/#website"},"primaryImageOfPage":{"@id":"https:\/\/www.les-energies-renouvelables.eu\/article\/actualites\/energies\/raccordement-des-enr-ce-que-la-cre-change-pour-accelerer-lacces-au-reseau-223\/#primaryimage"},"image":{"@id":"https:\/\/www.les-energies-renouvelables.eu\/article\/actualites\/energies\/raccordement-des-enr-ce-que-la-cre-change-pour-accelerer-lacces-au-reseau-223\/#primaryimage"},"thumbnailUrl":"https:\/\/www.les-energies-renouvelables.eu\/article\/actualites\/wp-content\/uploads\/2026\/01\/actualites-raccordement-des-enr-ce-que-la-cre-change-pour-accelerer-lacces-au-reseau-raccordement-reseaux-electriques-enr.jpg","datePublished":"2026-01-08T07:00:00+00:00","description":"D\u00e9couvrez comment la CRE encadre le raccordement des \u00e9nergies renouvelables au r\u00e9seau \u00e9lectrique : planification S3REnR, m\u00e9canisme de r\u00e9faction et nouvelles r\u00e8gles de puissance.","breadcrumb":{"@id":"https:\/\/www.les-energies-renouvelables.eu\/article\/actualites\/energies\/raccordement-des-enr-ce-que-la-cre-change-pour-accelerer-lacces-au-reseau-223\/#breadcrumb"},"inLanguage":"fr-FR","potentialAction":[{"@type":"ReadAction","target":["https:\/\/www.les-energies-renouvelables.eu\/article\/actualites\/energies\/raccordement-des-enr-ce-que-la-cre-change-pour-accelerer-lacces-au-reseau-223\/"]}]},{"@type":"ImageObject","inLanguage":"fr-FR","@id":"https:\/\/www.les-energies-renouvelables.eu\/article\/actualites\/energies\/raccordement-des-enr-ce-que-la-cre-change-pour-accelerer-lacces-au-reseau-223\/#primaryimage","url":"https:\/\/www.les-energies-renouvelables.eu\/article\/actualites\/wp-content\/uploads\/2026\/01\/actualites-raccordement-des-enr-ce-que-la-cre-change-pour-accelerer-lacces-au-reseau-raccordement-reseaux-electriques-enr.jpg","contentUrl":"https:\/\/www.les-energies-renouvelables.eu\/article\/actualites\/wp-content\/uploads\/2026\/01\/actualites-raccordement-des-enr-ce-que-la-cre-change-pour-accelerer-lacces-au-reseau-raccordement-reseaux-electriques-enr.jpg","width":1200,"height":675,"caption":"Ideogram"},{"@type":"BreadcrumbList","@id":"https:\/\/www.les-energies-renouvelables.eu\/article\/actualites\/energies\/raccordement-des-enr-ce-que-la-cre-change-pour-accelerer-lacces-au-reseau-223\/#breadcrumb","itemListElement":[{"@type":"ListItem","position":1,"name":"Accueil","item":"https:\/\/www.les-energies-renouvelables.eu\/article\/actualites\/"},{"@type":"ListItem","position":2,"name":"Raccordement des EnR : ce que la CRE change pour acc\u00e9l\u00e9rer l\u2019acc\u00e8s au r\u00e9seau"}]},{"@type":"WebSite","@id":"https:\/\/www.les-energies-renouvelables.eu\/article\/actualites\/#website","url":"https:\/\/www.les-energies-renouvelables.eu\/article\/actualites\/","name":"ECOinfos Energies renouvelables","description":"Le d\u00e9cryptage quotidien du secteur des \u00e9nergies renouvelables","publisher":{"@id":"https:\/\/www.les-energies-renouvelables.eu\/article\/actualites\/#organization"},"potentialAction":[{"@type":"SearchAction","target":{"@type":"EntryPoint","urlTemplate":"https:\/\/www.les-energies-renouvelables.eu\/article\/actualites\/?s={search_term_string}"},"query-input":{"@type":"PropertyValueSpecification","valueRequired":true,"valueName":"search_term_string"}}],"inLanguage":"fr-FR"},{"@type":"Organization","@id":"https:\/\/www.les-energies-renouvelables.eu\/article\/actualites\/#organization","name":"ECOinfos Energies renouvelables","url":"https:\/\/www.les-energies-renouvelables.eu\/article\/actualites\/","logo":{"@type":"ImageObject","inLanguage":"fr-FR","@id":"https:\/\/www.les-energies-renouvelables.eu\/article\/actualites\/#\/schema\/logo\/image\/","url":"https:\/\/www.les-energies-renouvelables.eu\/article\/actualites\/wp-content\/uploads\/2025\/11\/ecoinfos.eldorado-consulting.com-logo-logo.svg","contentUrl":"https:\/\/www.les-energies-renouvelables.eu\/article\/actualites\/wp-content\/uploads\/2025\/11\/ecoinfos.eldorado-consulting.com-logo-logo.svg","caption":"ECOinfos Energies renouvelables"},"image":{"@id":"https:\/\/www.les-energies-renouvelables.eu\/article\/actualites\/#\/schema\/logo\/image\/"},"sameAs":["https:\/\/www.facebook.com\/ecoannuaire.energierenouvelable\/","https:\/\/x.com\/ECOinfosENR","https:\/\/www.linkedin.com\/company\/ecoinfos-energies-renouvelables\/","https:\/\/www.youtube.com\/@ecoinfosenergies","https:\/\/share.google\/dyKHJPxAV42WhhjbM"]},{"@type":"Person","@id":"https:\/\/www.les-energies-renouvelables.eu\/article\/actualites\/#\/schema\/person\/2c7d09eb5ca339c12ca8d86145440169","name":"Alexia JACQUARD","pronouns":"elle\/elle","image":{"@type":"ImageObject","inLanguage":"fr-FR","@id":"https:\/\/www.les-energies-renouvelables.eu\/article\/actualites\/#\/schema\/person\/image\/","url":"https:\/\/www.les-energies-renouvelables.eu\/article\/actualites\/wp-content\/uploads\/2026\/01\/actualites-alexia-jacquard-alexia-jacquard-160x160.jpg","contentUrl":"https:\/\/www.les-energies-renouvelables.eu\/article\/actualites\/wp-content\/uploads\/2026\/01\/actualites-alexia-jacquard-alexia-jacquard-160x160.jpg","caption":"Alexia JACQUARD"},"description":"Curieuse de nature et attentif aux enjeux du d\u00e9veloppement durable, Alexia Jacquard suit l'actualit\u00e9 des \u00e9nergies renouvelables pour partager les derni\u00e8res nouveaut\u00e9s du secteur. Elle s'attache \u00e0 retranscrire simplement les informations cl\u00e9s et les initiatives positives qui marquent la transition \u00e9nerg\u00e9tique. Son objectif : proposer des articles d'actualit\u00e9 clairs et accessibles pour tous ceux qui s'int\u00e9ressent \u00e0 l'avenir de notre \u00e9nergie.","sameAs":["https:\/\/alexia-jacquard.fr","https:\/\/www.facebook.com\/tictacf2c\/","https:\/\/www.instagram.com\/alexia_redac\/","https:\/\/www.linkedin.com\/in\/alexia-jacquard-449a4b289\/","https:\/\/fr.pinterest.com\/alexiajacquard\/","https:\/\/x.com\/alexiajcrd","https:\/\/www.youtube.com\/@Thepaindemie","https:\/\/muckrack.com\/alexia-jacquard"],"url":"https:\/\/www.les-energies-renouvelables.eu\/article\/actualites\/author\/alexia-jacquard\/"}]}},"_links":{"self":[{"href":"https:\/\/www.les-energies-renouvelables.eu\/article\/actualites\/wp-json\/wp\/v2\/posts\/223","targetHints":{"allow":["GET"]}}],"collection":[{"href":"https:\/\/www.les-energies-renouvelables.eu\/article\/actualites\/wp-json\/wp\/v2\/posts"}],"about":[{"href":"https:\/\/www.les-energies-renouvelables.eu\/article\/actualites\/wp-json\/wp\/v2\/types\/post"}],"author":[{"embeddable":true,"href":"https:\/\/www.les-energies-renouvelables.eu\/article\/actualites\/wp-json\/wp\/v2\/users\/2"}],"replies":[{"embeddable":true,"href":"https:\/\/www.les-energies-renouvelables.eu\/article\/actualites\/wp-json\/wp\/v2\/comments?post=223"}],"version-history":[{"count":1,"href":"https:\/\/www.les-energies-renouvelables.eu\/article\/actualites\/wp-json\/wp\/v2\/posts\/223\/revisions"}],"predecessor-version":[{"id":224,"href":"https:\/\/www.les-energies-renouvelables.eu\/article\/actualites\/wp-json\/wp\/v2\/posts\/223\/revisions\/224"}],"wp:featuredmedia":[{"embeddable":true,"href":"https:\/\/www.les-energies-renouvelables.eu\/article\/actualites\/wp-json\/wp\/v2\/media\/225"}],"wp:attachment":[{"href":"https:\/\/www.les-energies-renouvelables.eu\/article\/actualites\/wp-json\/wp\/v2\/media?parent=223"}],"wp:term":[{"taxonomy":"category","embeddable":true,"href":"https:\/\/www.les-energies-renouvelables.eu\/article\/actualites\/wp-json\/wp\/v2\/categories?post=223"},{"taxonomy":"post_tag","embeddable":true,"href":"https:\/\/www.les-energies-renouvelables.eu\/article\/actualites\/wp-json\/wp\/v2\/tags?post=223"}],"curies":[{"name":"wp","href":"https:\/\/api.w.org\/{rel}","templated":true}]}}