{"id":209,"date":"2026-01-05T08:00:00","date_gmt":"2026-01-05T07:00:00","guid":{"rendered":"https:\/\/www.les-energies-renouvelables.eu\/article\/actualites\/?p=209"},"modified":"2026-01-05T16:10:43","modified_gmt":"2026-01-05T15:10:43","slug":"versailles-le-chauffage-urbain-passera-majoritairement-a-la-geothermie-dici-2030","status":"publish","type":"post","link":"https:\/\/www.les-energies-renouvelables.eu\/article\/actualites\/energies\/versailles-le-chauffage-urbain-passera-majoritairement-a-la-geothermie-dici-2030-209\/","title":{"rendered":"Versailles : le chauffage urbain passera majoritairement \u00e0 la g\u00e9othermie d&rsquo;ici 2030"},"content":{"rendered":"\n<p>R\u00e9sum\u00e9 :&nbsp;<\/p>\n\n\n\n<ul class=\"wp-block-list\">\n<li><strong>Objectif :<\/strong> Conversion du mix \u00e9nerg\u00e9tique vers une chaleur majoritairement issue de la <strong>g\u00e9othermie<\/strong>, selon Actu.fr.<\/li>\n\n\n\n<li><strong>Acteurs :<\/strong> Ville de Versailles et Engie, via sa filiale <strong>Verseo<\/strong> (d\u00e9l\u00e9gation jusqu\u2019en 2058).<\/li>\n\n\n\n<li><strong>Technologie :<\/strong> Doublet de <strong>g\u00e9othermie profonde<\/strong> (couche du Dogger \u00e0 1 500 m).<\/li>\n\n\n\n<li><strong>Calendrier :<\/strong> Forage test en 2028, mise en service pr\u00e9vue fin 2030, d&rsquo;apr\u00e8s Actu.fr.<\/li>\n\n\n\n<li><strong>Financement :<\/strong> <strong>107 M\u20ac d\u2019investissement<\/strong> port\u00e9s par le d\u00e9l\u00e9gataire priv\u00e9.<\/li>\n\n\n\n<li><strong>Tarification :<\/strong> Baisse de 13 % n\u00e9goci\u00e9e par rapport au tarif actuel du r\u00e9seau, selon Actu.fr.<\/li>\n<\/ul>\n\n\n\n<p>La Ville de Versailles a valid\u00e9 la mise en place d&rsquo;une <strong>d\u00e9l\u00e9gation de service public (DSP)<\/strong> pour transformer son <strong>r\u00e9seau de chaleur urbain<\/strong>. Actuellement aliment\u00e9 par des chaudi\u00e8res \u00e0 gaz, le syst\u00e8me doit basculer vers la g\u00e9othermie profonde. La municipalit\u00e9 pr\u00e9sente ce projet, rapport\u00e9 par Actu.fr, comme une \u00e9tape de sa politique de transition \u00e9nerg\u00e9tique afin de r\u00e9duire la d\u00e9pendance aux \u00e9nergies fossiles.<\/p>\n\n\n\n<h2 class=\"wp-block-heading\">Un calendrier technique en trois \u00e9tapes : du forage \u00e0 la mise en service<\/h2>\n\n\n\n<p>Le calendrier du d\u00e9ploiement industriel est jalonn\u00e9 par des \u00e9tapes de validation technique pr\u00e9cises.<\/p>\n\n\n\n<p><strong>2028 : Forage exploratoire au Dogger<\/strong> D\u2019apr\u00e8s Actu.fr, Engie pr\u00e9voit de r\u00e9aliser un <strong>premier forage en 2028<\/strong> sur le site de Verseo pour atteindre la couche g\u00e9ologique du <strong>Dogger<\/strong>, \u00e0 1 500 m\u00e8tres de profondeur. La poursuite de l&rsquo;op\u00e9ration d\u00e9pendra de la qualit\u00e9 de la nappe (\u00e9paisseur, porosit\u00e9, absence de faille). Si ces crit\u00e8res ne sont pas r\u00e9unis, le projet pourrait \u00eatre abandonn\u00e9 selon la source, qui pr\u00e9cise que cet arr\u00eat se ferait sans cons\u00e9quence op\u00e9rationnelle ou financi\u00e8re pour les abonn\u00e9s.<\/p>\n\n\n\n<p><strong>2029 : Validation des donn\u00e9es du sous-sol<\/strong> L\u2019ann\u00e9e 2029 marquera la phase de validation des donn\u00e9es g\u00e9ologiques. Ce jalon conditionne, selon le calendrier pr\u00e9vu, le d\u00e9but de la construction des installations de surface. Le projet pr\u00e9voit l&rsquo;utilisation de <strong>deux doublets<\/strong> pour la production de chaleur.<\/p>\n\n\n\n<p><strong>2030 : Mise en service industrielle<\/strong> L\u2019\u00e9ch\u00e9ance mentionn\u00e9e par Actu.fr fixe la <strong>mise en service \u00e0 la fin de l\u2019ann\u00e9e 2030<\/strong>. L\u2019installation comprendra des pompes \u00e0 chaleur, des \u00e9changeurs et une chaudi\u00e8re de secours. Le r\u00e9seau fonctionnera en basse pression, ce qui permet, selon la source, de desservir aussi bien le b\u00e2ti ancien que les nouvelles constructions.<\/p>\n\n\n\n<h2 class=\"wp-block-heading\">Gouvernance et cadre financier de l&rsquo;op\u00e9ration<\/h2>\n\n\n\n<p>La gestion compl\u00e8te du r\u00e9seau (production, transport, facturation) est confi\u00e9e \u00e0 Engie via Verseo jusqu&rsquo;en 2058.<\/p>\n\n\n\n<p>L\u2019investissement total de <strong>107 millions d\u2019euros<\/strong> est financ\u00e9 par le d\u00e9l\u00e9gataire. Ce budget couvre le forage, la centrale et l\u2019extension des canalisations. Actu.fr indique par ailleurs qu&rsquo;un <strong>fonds de performance \u00e9nerg\u00e9tique<\/strong> d\u2019un million d\u2019euros est pr\u00e9vu pour accompagner les copropri\u00e9t\u00e9s raccord\u00e9es qui pourraient rencontrer des difficult\u00e9s techniques \u00e0 s&rsquo;adapter au nouveau r\u00e9gime thermique (le nombre d&rsquo;usagers n&rsquo;est pas pr\u00e9cis\u00e9 dans la source).<\/p>\n\n\n\n<h2 class=\"wp-block-heading\">Enjeux de transition et impact sur les tarifs<\/h2>\n\n\n\n<p>La ville pr\u00e9sente la g\u00e9othermie comme un levier de <strong>souverainet\u00e9 \u00e9nerg\u00e9tique locale<\/strong>, selon Actu.fr. Le syst\u00e8me de \u00ab\u00a0doublet\u00a0\u00bb permet de r\u00e9cup\u00e9rer la chaleur naturelle de l&rsquo;eau du sous-sol avant de la r\u00e9injecter dans sa nappe d&rsquo;origine. Actu.fr pr\u00e9cise que cette ressource est d\u00e9j\u00e0 exploit\u00e9e par d&rsquo;autres r\u00e9seaux de chaleur en \u00cele-de-France.<\/p>\n\n\n\n<p>Sur le plan \u00e9conomique, la municipalit\u00e9 a n\u00e9goci\u00e9 une <strong>baisse de tarif de 13 %<\/strong> par rapport au tarif actuel du r\u00e9seau. Toujours d&rsquo;apr\u00e8s Actu.fr, le tarif restera maintenu fixe pour les abonn\u00e9s jusqu\u2019\u00e0 la mise en route effective de la g\u00e9othermie fin 2030. Le maire de Versailles, Fran\u00e7ois de Mazi\u00e8res, qualifie ce projet de \u00ab\u00a0strat\u00e9gique\u00a0\u00bb car il doit permettre d&rsquo;obtenir des garanties en termes de chauffage (les volumes de r\u00e9duction de CO\u2082 ne sont pas pr\u00e9cis\u00e9s dans la source).<\/p>\n\n\n\n<h2 class=\"wp-block-heading\">D\u00e9fis logistiques et travaux de voirie<\/h2>\n\n\n\n<p>L\u2019ambition de la ville repose sur une extension physique du r\u00e9seau, qui doit passer de <strong>22 \u00e0 35 kilom\u00e8tres<\/strong>.<\/p>\n\n\n\n<p><strong>Extension du raccordement<\/strong> Le r\u00e9seau existant, qui alimente d\u00e9j\u00e0 le Ch\u00e2teau, l\u2019Arm\u00e9e et certaines collectivit\u00e9s, s\u2019ouvrira \u00e0 de nouvelles copropri\u00e9t\u00e9s sur la base du volontariat. Le quartier de Satory Ouest et la copropri\u00e9t\u00e9 Grand Si\u00e8cle sont notamment cit\u00e9s par la source comme zones de raccordement potentielles.<\/p>\n\n\n\n<p><strong>Gestion de la voirie<\/strong> Selon les propos du maire rapport\u00e9s par Actu.fr, les <strong>travaux de voirie<\/strong> constitueront la \u00ab\u00a0seule difficult\u00e9\u00a0\u00bb du projet. L\u2019extension et le renouvellement partiel des canalisations n\u00e9cessiteront des chantiers importants. Pour limiter l&rsquo;impact, la planification pr\u00e9voit, selon Actu.fr, des interventions durant les p\u00e9riodes de <strong>vacances scolaires<\/strong>.<\/p>\n\n\n\n<p>Le projet versaillais illustre les enjeux de la transition \u00e9nerg\u00e9tique en milieu urbain dense. L&rsquo;objectif affich\u00e9 est de substituer le gaz par une ressource locale avec une baisse annonc\u00e9e de 13 % et un tarif maintenu fixe jusqu\u2019\u00e0 la mise en route, selon Actu.fr. La r\u00e9ussite compl\u00e8te de l&rsquo;op\u00e9ration d\u00e9pendra de la <strong>validation technique du forage en 2028<\/strong> et de l\u2019adaptation des b\u00e2timents anciens au nouveau r\u00e9gime de temp\u00e9rature du r\u00e9seau.<strong>Source :<\/strong> Actu.fr<\/p>\n","protected":false},"excerpt":{"rendered":"","protected":false},"author":2,"featured_media":215,"comment_status":"closed","ping_status":"closed","sticky":false,"template":"","format":"standard","meta":{"footnotes":""},"categories":[1],"tags":[],"class_list":["post-209","post","type-post","status-publish","format-standard","has-post-thumbnail","hentry","category-energies","masonry-post","generate-columns","tablet-grid-50","mobile-grid-100","grid-parent","grid-33"],"yoast_head":"<!-- This site is optimized with the Yoast SEO plugin v26.6 - https:\/\/yoast.com\/wordpress\/plugins\/seo\/ -->\n<title>Versailles : le chauffage urbain passera majoritairement \u00e0 la g\u00e9othermie d&#039;ici 2030 - ECOinfos<\/title>\n<meta name=\"description\" content=\"Versailles mise sur la g\u00e9othermie profonde pour d\u00e9carboner son chauffage urbain d&#039;ici 2030. Un projet de 107 M\u20ac pour r\u00e9duire le gaz et baisser les tarifs.\" \/>\n<meta name=\"robots\" content=\"index, follow, max-snippet:-1, max-image-preview:large, max-video-preview:-1\" \/>\n<link rel=\"canonical\" href=\"https:\/\/www.les-energies-renouvelables.eu\/article\/actualites\/energies\/versailles-le-chauffage-urbain-passera-majoritairement-a-la-geothermie-dici-2030-209\/\" \/>\n<meta property=\"og:locale\" content=\"fr_FR\" \/>\n<meta property=\"og:type\" content=\"article\" \/>\n<meta property=\"og:title\" content=\"Versailles : le chauffage urbain passera majoritairement \u00e0 la g\u00e9othermie d&#039;ici 2030 - ECOinfos\" \/>\n<meta property=\"og:description\" content=\"Versailles mise sur la g\u00e9othermie profonde pour d\u00e9carboner son chauffage urbain d&#039;ici 2030. Un projet de 107 M\u20ac pour r\u00e9duire le gaz et baisser les tarifs.\" \/>\n<meta property=\"og:url\" content=\"https:\/\/www.les-energies-renouvelables.eu\/article\/actualites\/energies\/versailles-le-chauffage-urbain-passera-majoritairement-a-la-geothermie-dici-2030-209\/\" \/>\n<meta property=\"og:site_name\" content=\"ECOinfos Energies renouvelables\" \/>\n<meta property=\"article:publisher\" content=\"https:\/\/www.facebook.com\/ecoannuaire.energierenouvelable\/\" \/>\n<meta property=\"article:author\" content=\"https:\/\/www.facebook.com\/tictacf2c\/\" \/>\n<meta property=\"article:published_time\" content=\"2026-01-05T07:00:00+00:00\" \/>\n<meta property=\"article:modified_time\" content=\"2026-01-05T15:10:43+00:00\" \/>\n<meta property=\"og:image\" content=\"https:\/\/www.les-energies-renouvelables.eu\/article\/actualites\/wp-content\/uploads\/2026\/01\/actualites-versailles-le-chauffage-urbain-passera-majoritairement-a-la-geothermie-dici-2030-geothermie-versailles.jpg\" \/>\n\t<meta property=\"og:image:width\" content=\"1200\" \/>\n\t<meta property=\"og:image:height\" content=\"675\" \/>\n\t<meta property=\"og:image:type\" content=\"image\/jpeg\" \/>\n<meta name=\"author\" content=\"Alexia JACQUARD\" \/>\n<meta name=\"twitter:card\" content=\"summary_large_image\" \/>\n<meta name=\"twitter:creator\" content=\"@alexiajcrd\" \/>\n<meta name=\"twitter:site\" content=\"@ECOinfosENR\" \/>\n<meta name=\"twitter:label1\" content=\"\u00c9crit par\" \/>\n\t<meta name=\"twitter:data1\" content=\"Alexia JACQUARD\" \/>\n\t<meta name=\"twitter:label2\" content=\"Dur\u00e9e de lecture estim\u00e9e\" \/>\n\t<meta name=\"twitter:data2\" content=\"4 minutes\" \/>\n<script type=\"application\/ld+json\" class=\"yoast-schema-graph\">{\"@context\":\"https:\/\/schema.org\",\"@graph\":[{\"@type\":\"Article\",\"@id\":\"https:\/\/www.les-energies-renouvelables.eu\/article\/actualites\/energies\/versailles-le-chauffage-urbain-passera-majoritairement-a-la-geothermie-dici-2030-209\/#article\",\"isPartOf\":{\"@id\":\"https:\/\/www.les-energies-renouvelables.eu\/article\/actualites\/energies\/versailles-le-chauffage-urbain-passera-majoritairement-a-la-geothermie-dici-2030-209\/\"},\"author\":{\"name\":\"Alexia JACQUARD\",\"@id\":\"https:\/\/www.les-energies-renouvelables.eu\/article\/actualites\/#\/schema\/person\/2c7d09eb5ca339c12ca8d86145440169\"},\"headline\":\"Versailles : le chauffage urbain passera majoritairement \u00e0 la g\u00e9othermie d&rsquo;ici 2030\",\"datePublished\":\"2026-01-05T07:00:00+00:00\",\"dateModified\":\"2026-01-05T15:10:43+00:00\",\"mainEntityOfPage\":{\"@id\":\"https:\/\/www.les-energies-renouvelables.eu\/article\/actualites\/energies\/versailles-le-chauffage-urbain-passera-majoritairement-a-la-geothermie-dici-2030-209\/\"},\"wordCount\":906,\"publisher\":{\"@id\":\"https:\/\/www.les-energies-renouvelables.eu\/article\/actualites\/#organization\"},\"image\":{\"@id\":\"https:\/\/www.les-energies-renouvelables.eu\/article\/actualites\/energies\/versailles-le-chauffage-urbain-passera-majoritairement-a-la-geothermie-dici-2030-209\/#primaryimage\"},\"thumbnailUrl\":\"https:\/\/www.les-energies-renouvelables.eu\/article\/actualites\/wp-content\/uploads\/2026\/01\/actualites-versailles-le-chauffage-urbain-passera-majoritairement-a-la-geothermie-dici-2030-geothermie-versailles.jpg\",\"articleSection\":[\"\u00c9nergies\"],\"inLanguage\":\"fr-FR\"},{\"@type\":\"WebPage\",\"@id\":\"https:\/\/www.les-energies-renouvelables.eu\/article\/actualites\/energies\/versailles-le-chauffage-urbain-passera-majoritairement-a-la-geothermie-dici-2030-209\/\",\"url\":\"https:\/\/www.les-energies-renouvelables.eu\/article\/actualites\/energies\/versailles-le-chauffage-urbain-passera-majoritairement-a-la-geothermie-dici-2030-209\/\",\"name\":\"Versailles : le chauffage urbain passera majoritairement \u00e0 la g\u00e9othermie d'ici 2030 - ECOinfos\",\"isPartOf\":{\"@id\":\"https:\/\/www.les-energies-renouvelables.eu\/article\/actualites\/#website\"},\"primaryImageOfPage\":{\"@id\":\"https:\/\/www.les-energies-renouvelables.eu\/article\/actualites\/energies\/versailles-le-chauffage-urbain-passera-majoritairement-a-la-geothermie-dici-2030-209\/#primaryimage\"},\"image\":{\"@id\":\"https:\/\/www.les-energies-renouvelables.eu\/article\/actualites\/energies\/versailles-le-chauffage-urbain-passera-majoritairement-a-la-geothermie-dici-2030-209\/#primaryimage\"},\"thumbnailUrl\":\"https:\/\/www.les-energies-renouvelables.eu\/article\/actualites\/wp-content\/uploads\/2026\/01\/actualites-versailles-le-chauffage-urbain-passera-majoritairement-a-la-geothermie-dici-2030-geothermie-versailles.jpg\",\"datePublished\":\"2026-01-05T07:00:00+00:00\",\"dateModified\":\"2026-01-05T15:10:43+00:00\",\"description\":\"Versailles mise sur la g\u00e9othermie profonde pour d\u00e9carboner son chauffage urbain d'ici 2030. Un projet de 107 M\u20ac pour r\u00e9duire le gaz et baisser les tarifs.\",\"breadcrumb\":{\"@id\":\"https:\/\/www.les-energies-renouvelables.eu\/article\/actualites\/energies\/versailles-le-chauffage-urbain-passera-majoritairement-a-la-geothermie-dici-2030-209\/#breadcrumb\"},\"inLanguage\":\"fr-FR\",\"potentialAction\":[{\"@type\":\"ReadAction\",\"target\":[\"https:\/\/www.les-energies-renouvelables.eu\/article\/actualites\/energies\/versailles-le-chauffage-urbain-passera-majoritairement-a-la-geothermie-dici-2030-209\/\"]}]},{\"@type\":\"ImageObject\",\"inLanguage\":\"fr-FR\",\"@id\":\"https:\/\/www.les-energies-renouvelables.eu\/article\/actualites\/energies\/versailles-le-chauffage-urbain-passera-majoritairement-a-la-geothermie-dici-2030-209\/#primaryimage\",\"url\":\"https:\/\/www.les-energies-renouvelables.eu\/article\/actualites\/wp-content\/uploads\/2026\/01\/actualites-versailles-le-chauffage-urbain-passera-majoritairement-a-la-geothermie-dici-2030-geothermie-versailles.jpg\",\"contentUrl\":\"https:\/\/www.les-energies-renouvelables.eu\/article\/actualites\/wp-content\/uploads\/2026\/01\/actualites-versailles-le-chauffage-urbain-passera-majoritairement-a-la-geothermie-dici-2030-geothermie-versailles.jpg\",\"width\":1200,\"height\":675,\"caption\":\"Ideogram\"},{\"@type\":\"BreadcrumbList\",\"@id\":\"https:\/\/www.les-energies-renouvelables.eu\/article\/actualites\/energies\/versailles-le-chauffage-urbain-passera-majoritairement-a-la-geothermie-dici-2030-209\/#breadcrumb\",\"itemListElement\":[{\"@type\":\"ListItem\",\"position\":1,\"name\":\"Accueil\",\"item\":\"https:\/\/www.les-energies-renouvelables.eu\/article\/actualites\/\"},{\"@type\":\"ListItem\",\"position\":2,\"name\":\"Versailles : le chauffage urbain passera majoritairement \u00e0 la g\u00e9othermie d&rsquo;ici 2030\"}]},{\"@type\":\"WebSite\",\"@id\":\"https:\/\/www.les-energies-renouvelables.eu\/article\/actualites\/#website\",\"url\":\"https:\/\/www.les-energies-renouvelables.eu\/article\/actualites\/\",\"name\":\"ECOinfos Energies renouvelables\",\"description\":\"Le d\u00e9cryptage quotidien du secteur des \u00e9nergies renouvelables\",\"publisher\":{\"@id\":\"https:\/\/www.les-energies-renouvelables.eu\/article\/actualites\/#organization\"},\"potentialAction\":[{\"@type\":\"SearchAction\",\"target\":{\"@type\":\"EntryPoint\",\"urlTemplate\":\"https:\/\/www.les-energies-renouvelables.eu\/article\/actualites\/?s={search_term_string}\"},\"query-input\":{\"@type\":\"PropertyValueSpecification\",\"valueRequired\":true,\"valueName\":\"search_term_string\"}}],\"inLanguage\":\"fr-FR\"},{\"@type\":\"Organization\",\"@id\":\"https:\/\/www.les-energies-renouvelables.eu\/article\/actualites\/#organization\",\"name\":\"ECOinfos Energies renouvelables\",\"url\":\"https:\/\/www.les-energies-renouvelables.eu\/article\/actualites\/\",\"logo\":{\"@type\":\"ImageObject\",\"inLanguage\":\"fr-FR\",\"@id\":\"https:\/\/www.les-energies-renouvelables.eu\/article\/actualites\/#\/schema\/logo\/image\/\",\"url\":\"https:\/\/www.les-energies-renouvelables.eu\/article\/actualites\/wp-content\/uploads\/2025\/11\/ecoinfos.eldorado-consulting.com-logo-logo.svg\",\"contentUrl\":\"https:\/\/www.les-energies-renouvelables.eu\/article\/actualites\/wp-content\/uploads\/2025\/11\/ecoinfos.eldorado-consulting.com-logo-logo.svg\",\"caption\":\"ECOinfos Energies renouvelables\"},\"image\":{\"@id\":\"https:\/\/www.les-energies-renouvelables.eu\/article\/actualites\/#\/schema\/logo\/image\/\"},\"sameAs\":[\"https:\/\/www.facebook.com\/ecoannuaire.energierenouvelable\/\",\"https:\/\/x.com\/ECOinfosENR\",\"https:\/\/www.linkedin.com\/company\/ecoinfos-energies-renouvelables\/\",\"https:\/\/www.youtube.com\/@ecoinfosenergies\",\"https:\/\/share.google\/dyKHJPxAV42WhhjbM\"]},{\"@type\":\"Person\",\"@id\":\"https:\/\/www.les-energies-renouvelables.eu\/article\/actualites\/#\/schema\/person\/2c7d09eb5ca339c12ca8d86145440169\",\"name\":\"Alexia JACQUARD\",\"pronouns\":\"elle\/elle\",\"image\":{\"@type\":\"ImageObject\",\"inLanguage\":\"fr-FR\",\"@id\":\"https:\/\/www.les-energies-renouvelables.eu\/article\/actualites\/#\/schema\/person\/image\/\",\"url\":\"https:\/\/www.les-energies-renouvelables.eu\/article\/actualites\/wp-content\/uploads\/2026\/01\/actualites-alexia-jacquard-alexia-jacquard-160x160.jpg\",\"contentUrl\":\"https:\/\/www.les-energies-renouvelables.eu\/article\/actualites\/wp-content\/uploads\/2026\/01\/actualites-alexia-jacquard-alexia-jacquard-160x160.jpg\",\"caption\":\"Alexia JACQUARD\"},\"description\":\"Curieuse de nature et attentif aux enjeux du d\u00e9veloppement durable, Alexia Jacquard suit l'actualit\u00e9 des \u00e9nergies renouvelables pour partager les derni\u00e8res nouveaut\u00e9s du secteur. Elle s'attache \u00e0 retranscrire simplement les informations cl\u00e9s et les initiatives positives qui marquent la transition \u00e9nerg\u00e9tique. Son objectif : proposer des articles d'actualit\u00e9 clairs et accessibles pour tous ceux qui s'int\u00e9ressent \u00e0 l'avenir de notre \u00e9nergie.\",\"sameAs\":[\"https:\/\/alexia-jacquard.fr\",\"https:\/\/www.facebook.com\/tictacf2c\/\",\"https:\/\/www.instagram.com\/alexia_redac\/\",\"https:\/\/www.linkedin.com\/in\/alexia-jacquard-449a4b289\/\",\"https:\/\/fr.pinterest.com\/alexiajacquard\/\",\"https:\/\/x.com\/alexiajcrd\",\"https:\/\/www.youtube.com\/@Thepaindemie\",\"https:\/\/muckrack.com\/alexia-jacquard\"],\"url\":\"https:\/\/www.les-energies-renouvelables.eu\/article\/actualites\/author\/alexia-jacquard\/\"}]}<\/script>\n<!-- \/ Yoast SEO plugin. -->","yoast_head_json":{"title":"Versailles : le chauffage urbain passera majoritairement \u00e0 la g\u00e9othermie d'ici 2030 - ECOinfos","description":"Versailles mise sur la g\u00e9othermie profonde pour d\u00e9carboner son chauffage urbain d'ici 2030. Un projet de 107 M\u20ac pour r\u00e9duire le gaz et baisser les tarifs.","robots":{"index":"index","follow":"follow","max-snippet":"max-snippet:-1","max-image-preview":"max-image-preview:large","max-video-preview":"max-video-preview:-1"},"canonical":"https:\/\/www.les-energies-renouvelables.eu\/article\/actualites\/energies\/versailles-le-chauffage-urbain-passera-majoritairement-a-la-geothermie-dici-2030-209\/","og_locale":"fr_FR","og_type":"article","og_title":"Versailles : le chauffage urbain passera majoritairement \u00e0 la g\u00e9othermie d'ici 2030 - ECOinfos","og_description":"Versailles mise sur la g\u00e9othermie profonde pour d\u00e9carboner son chauffage urbain d'ici 2030. Un projet de 107 M\u20ac pour r\u00e9duire le gaz et baisser les tarifs.","og_url":"https:\/\/www.les-energies-renouvelables.eu\/article\/actualites\/energies\/versailles-le-chauffage-urbain-passera-majoritairement-a-la-geothermie-dici-2030-209\/","og_site_name":"ECOinfos Energies renouvelables","article_publisher":"https:\/\/www.facebook.com\/ecoannuaire.energierenouvelable\/","article_author":"https:\/\/www.facebook.com\/tictacf2c\/","article_published_time":"2026-01-05T07:00:00+00:00","article_modified_time":"2026-01-05T15:10:43+00:00","og_image":[{"width":1200,"height":675,"url":"https:\/\/www.les-energies-renouvelables.eu\/article\/actualites\/wp-content\/uploads\/2026\/01\/actualites-versailles-le-chauffage-urbain-passera-majoritairement-a-la-geothermie-dici-2030-geothermie-versailles.jpg","type":"image\/jpeg"}],"author":"Alexia JACQUARD","twitter_card":"summary_large_image","twitter_creator":"@alexiajcrd","twitter_site":"@ECOinfosENR","twitter_misc":{"\u00c9crit par":"Alexia JACQUARD","Dur\u00e9e de lecture estim\u00e9e":"4 minutes"},"schema":{"@context":"https:\/\/schema.org","@graph":[{"@type":"Article","@id":"https:\/\/www.les-energies-renouvelables.eu\/article\/actualites\/energies\/versailles-le-chauffage-urbain-passera-majoritairement-a-la-geothermie-dici-2030-209\/#article","isPartOf":{"@id":"https:\/\/www.les-energies-renouvelables.eu\/article\/actualites\/energies\/versailles-le-chauffage-urbain-passera-majoritairement-a-la-geothermie-dici-2030-209\/"},"author":{"name":"Alexia JACQUARD","@id":"https:\/\/www.les-energies-renouvelables.eu\/article\/actualites\/#\/schema\/person\/2c7d09eb5ca339c12ca8d86145440169"},"headline":"Versailles : le chauffage urbain passera majoritairement \u00e0 la g\u00e9othermie d&rsquo;ici 2030","datePublished":"2026-01-05T07:00:00+00:00","dateModified":"2026-01-05T15:10:43+00:00","mainEntityOfPage":{"@id":"https:\/\/www.les-energies-renouvelables.eu\/article\/actualites\/energies\/versailles-le-chauffage-urbain-passera-majoritairement-a-la-geothermie-dici-2030-209\/"},"wordCount":906,"publisher":{"@id":"https:\/\/www.les-energies-renouvelables.eu\/article\/actualites\/#organization"},"image":{"@id":"https:\/\/www.les-energies-renouvelables.eu\/article\/actualites\/energies\/versailles-le-chauffage-urbain-passera-majoritairement-a-la-geothermie-dici-2030-209\/#primaryimage"},"thumbnailUrl":"https:\/\/www.les-energies-renouvelables.eu\/article\/actualites\/wp-content\/uploads\/2026\/01\/actualites-versailles-le-chauffage-urbain-passera-majoritairement-a-la-geothermie-dici-2030-geothermie-versailles.jpg","articleSection":["\u00c9nergies"],"inLanguage":"fr-FR"},{"@type":"WebPage","@id":"https:\/\/www.les-energies-renouvelables.eu\/article\/actualites\/energies\/versailles-le-chauffage-urbain-passera-majoritairement-a-la-geothermie-dici-2030-209\/","url":"https:\/\/www.les-energies-renouvelables.eu\/article\/actualites\/energies\/versailles-le-chauffage-urbain-passera-majoritairement-a-la-geothermie-dici-2030-209\/","name":"Versailles : le chauffage urbain passera majoritairement \u00e0 la g\u00e9othermie d'ici 2030 - ECOinfos","isPartOf":{"@id":"https:\/\/www.les-energies-renouvelables.eu\/article\/actualites\/#website"},"primaryImageOfPage":{"@id":"https:\/\/www.les-energies-renouvelables.eu\/article\/actualites\/energies\/versailles-le-chauffage-urbain-passera-majoritairement-a-la-geothermie-dici-2030-209\/#primaryimage"},"image":{"@id":"https:\/\/www.les-energies-renouvelables.eu\/article\/actualites\/energies\/versailles-le-chauffage-urbain-passera-majoritairement-a-la-geothermie-dici-2030-209\/#primaryimage"},"thumbnailUrl":"https:\/\/www.les-energies-renouvelables.eu\/article\/actualites\/wp-content\/uploads\/2026\/01\/actualites-versailles-le-chauffage-urbain-passera-majoritairement-a-la-geothermie-dici-2030-geothermie-versailles.jpg","datePublished":"2026-01-05T07:00:00+00:00","dateModified":"2026-01-05T15:10:43+00:00","description":"Versailles mise sur la g\u00e9othermie profonde pour d\u00e9carboner son chauffage urbain d'ici 2030. Un projet de 107 M\u20ac pour r\u00e9duire le gaz et baisser les tarifs.","breadcrumb":{"@id":"https:\/\/www.les-energies-renouvelables.eu\/article\/actualites\/energies\/versailles-le-chauffage-urbain-passera-majoritairement-a-la-geothermie-dici-2030-209\/#breadcrumb"},"inLanguage":"fr-FR","potentialAction":[{"@type":"ReadAction","target":["https:\/\/www.les-energies-renouvelables.eu\/article\/actualites\/energies\/versailles-le-chauffage-urbain-passera-majoritairement-a-la-geothermie-dici-2030-209\/"]}]},{"@type":"ImageObject","inLanguage":"fr-FR","@id":"https:\/\/www.les-energies-renouvelables.eu\/article\/actualites\/energies\/versailles-le-chauffage-urbain-passera-majoritairement-a-la-geothermie-dici-2030-209\/#primaryimage","url":"https:\/\/www.les-energies-renouvelables.eu\/article\/actualites\/wp-content\/uploads\/2026\/01\/actualites-versailles-le-chauffage-urbain-passera-majoritairement-a-la-geothermie-dici-2030-geothermie-versailles.jpg","contentUrl":"https:\/\/www.les-energies-renouvelables.eu\/article\/actualites\/wp-content\/uploads\/2026\/01\/actualites-versailles-le-chauffage-urbain-passera-majoritairement-a-la-geothermie-dici-2030-geothermie-versailles.jpg","width":1200,"height":675,"caption":"Ideogram"},{"@type":"BreadcrumbList","@id":"https:\/\/www.les-energies-renouvelables.eu\/article\/actualites\/energies\/versailles-le-chauffage-urbain-passera-majoritairement-a-la-geothermie-dici-2030-209\/#breadcrumb","itemListElement":[{"@type":"ListItem","position":1,"name":"Accueil","item":"https:\/\/www.les-energies-renouvelables.eu\/article\/actualites\/"},{"@type":"ListItem","position":2,"name":"Versailles : le chauffage urbain passera majoritairement \u00e0 la g\u00e9othermie d&rsquo;ici 2030"}]},{"@type":"WebSite","@id":"https:\/\/www.les-energies-renouvelables.eu\/article\/actualites\/#website","url":"https:\/\/www.les-energies-renouvelables.eu\/article\/actualites\/","name":"ECOinfos Energies renouvelables","description":"Le d\u00e9cryptage quotidien du secteur des \u00e9nergies renouvelables","publisher":{"@id":"https:\/\/www.les-energies-renouvelables.eu\/article\/actualites\/#organization"},"potentialAction":[{"@type":"SearchAction","target":{"@type":"EntryPoint","urlTemplate":"https:\/\/www.les-energies-renouvelables.eu\/article\/actualites\/?s={search_term_string}"},"query-input":{"@type":"PropertyValueSpecification","valueRequired":true,"valueName":"search_term_string"}}],"inLanguage":"fr-FR"},{"@type":"Organization","@id":"https:\/\/www.les-energies-renouvelables.eu\/article\/actualites\/#organization","name":"ECOinfos Energies renouvelables","url":"https:\/\/www.les-energies-renouvelables.eu\/article\/actualites\/","logo":{"@type":"ImageObject","inLanguage":"fr-FR","@id":"https:\/\/www.les-energies-renouvelables.eu\/article\/actualites\/#\/schema\/logo\/image\/","url":"https:\/\/www.les-energies-renouvelables.eu\/article\/actualites\/wp-content\/uploads\/2025\/11\/ecoinfos.eldorado-consulting.com-logo-logo.svg","contentUrl":"https:\/\/www.les-energies-renouvelables.eu\/article\/actualites\/wp-content\/uploads\/2025\/11\/ecoinfos.eldorado-consulting.com-logo-logo.svg","caption":"ECOinfos Energies renouvelables"},"image":{"@id":"https:\/\/www.les-energies-renouvelables.eu\/article\/actualites\/#\/schema\/logo\/image\/"},"sameAs":["https:\/\/www.facebook.com\/ecoannuaire.energierenouvelable\/","https:\/\/x.com\/ECOinfosENR","https:\/\/www.linkedin.com\/company\/ecoinfos-energies-renouvelables\/","https:\/\/www.youtube.com\/@ecoinfosenergies","https:\/\/share.google\/dyKHJPxAV42WhhjbM"]},{"@type":"Person","@id":"https:\/\/www.les-energies-renouvelables.eu\/article\/actualites\/#\/schema\/person\/2c7d09eb5ca339c12ca8d86145440169","name":"Alexia JACQUARD","pronouns":"elle\/elle","image":{"@type":"ImageObject","inLanguage":"fr-FR","@id":"https:\/\/www.les-energies-renouvelables.eu\/article\/actualites\/#\/schema\/person\/image\/","url":"https:\/\/www.les-energies-renouvelables.eu\/article\/actualites\/wp-content\/uploads\/2026\/01\/actualites-alexia-jacquard-alexia-jacquard-160x160.jpg","contentUrl":"https:\/\/www.les-energies-renouvelables.eu\/article\/actualites\/wp-content\/uploads\/2026\/01\/actualites-alexia-jacquard-alexia-jacquard-160x160.jpg","caption":"Alexia JACQUARD"},"description":"Curieuse de nature et attentif aux enjeux du d\u00e9veloppement durable, Alexia Jacquard suit l'actualit\u00e9 des \u00e9nergies renouvelables pour partager les derni\u00e8res nouveaut\u00e9s du secteur. Elle s'attache \u00e0 retranscrire simplement les informations cl\u00e9s et les initiatives positives qui marquent la transition \u00e9nerg\u00e9tique. Son objectif : proposer des articles d'actualit\u00e9 clairs et accessibles pour tous ceux qui s'int\u00e9ressent \u00e0 l'avenir de notre \u00e9nergie.","sameAs":["https:\/\/alexia-jacquard.fr","https:\/\/www.facebook.com\/tictacf2c\/","https:\/\/www.instagram.com\/alexia_redac\/","https:\/\/www.linkedin.com\/in\/alexia-jacquard-449a4b289\/","https:\/\/fr.pinterest.com\/alexiajacquard\/","https:\/\/x.com\/alexiajcrd","https:\/\/www.youtube.com\/@Thepaindemie","https:\/\/muckrack.com\/alexia-jacquard"],"url":"https:\/\/www.les-energies-renouvelables.eu\/article\/actualites\/author\/alexia-jacquard\/"}]}},"_links":{"self":[{"href":"https:\/\/www.les-energies-renouvelables.eu\/article\/actualites\/wp-json\/wp\/v2\/posts\/209","targetHints":{"allow":["GET"]}}],"collection":[{"href":"https:\/\/www.les-energies-renouvelables.eu\/article\/actualites\/wp-json\/wp\/v2\/posts"}],"about":[{"href":"https:\/\/www.les-energies-renouvelables.eu\/article\/actualites\/wp-json\/wp\/v2\/types\/post"}],"author":[{"embeddable":true,"href":"https:\/\/www.les-energies-renouvelables.eu\/article\/actualites\/wp-json\/wp\/v2\/users\/2"}],"replies":[{"embeddable":true,"href":"https:\/\/www.les-energies-renouvelables.eu\/article\/actualites\/wp-json\/wp\/v2\/comments?post=209"}],"version-history":[{"count":1,"href":"https:\/\/www.les-energies-renouvelables.eu\/article\/actualites\/wp-json\/wp\/v2\/posts\/209\/revisions"}],"predecessor-version":[{"id":210,"href":"https:\/\/www.les-energies-renouvelables.eu\/article\/actualites\/wp-json\/wp\/v2\/posts\/209\/revisions\/210"}],"wp:featuredmedia":[{"embeddable":true,"href":"https:\/\/www.les-energies-renouvelables.eu\/article\/actualites\/wp-json\/wp\/v2\/media\/215"}],"wp:attachment":[{"href":"https:\/\/www.les-energies-renouvelables.eu\/article\/actualites\/wp-json\/wp\/v2\/media?parent=209"}],"wp:term":[{"taxonomy":"category","embeddable":true,"href":"https:\/\/www.les-energies-renouvelables.eu\/article\/actualites\/wp-json\/wp\/v2\/categories?post=209"},{"taxonomy":"post_tag","embeddable":true,"href":"https:\/\/www.les-energies-renouvelables.eu\/article\/actualites\/wp-json\/wp\/v2\/tags?post=209"}],"curies":[{"name":"wp","href":"https:\/\/api.w.org\/{rel}","templated":true}]}}