{"id":205,"date":"2026-01-03T08:00:00","date_gmt":"2026-01-03T07:00:00","guid":{"rendered":"https:\/\/www.les-energies-renouvelables.eu\/article\/actualites\/?p=205"},"modified":"2026-01-05T16:08:14","modified_gmt":"2026-01-05T15:08:14","slug":"soutien-aux-energies-renouvelables-le-gouvernement-lance-la-mission-levy-tuot","status":"publish","type":"post","link":"https:\/\/www.les-energies-renouvelables.eu\/article\/actualites\/energies\/soutien-aux-energies-renouvelables-le-gouvernement-lance-la-mission-levy-tuot-205\/","title":{"rendered":"Soutien aux \u00e9nergies renouvelables : le gouvernement lance la mission L\u00e9vy-Tuot"},"content":{"rendered":"\n<p>R\u00e9sum\u00e9 :&nbsp;<\/p>\n\n\n\n<ul class=\"wp-block-list\">\n<li><strong>Lancement officiel<\/strong> : Mission annonc\u00e9e le 3 d\u00e9cembre 2025 par les services du Premier ministre.<\/li>\n\n\n\n<li><strong>P\u00e9rim\u00e8tre<\/strong> : \u00c9nergies renouvelables (EnR) \u00e9lectriques, stockage et flexibilit\u00e9s.<\/li>\n\n\n\n<li><strong>Objectif<\/strong> : Proposer un mod\u00e8le de soutien plus efficace et <strong>mieux partag\u00e9 entre acteurs publics et priv\u00e9s<\/strong>.<\/li>\n\n\n\n<li><strong>Pilotes<\/strong> : Travaux dirig\u00e9s par Jean-Bernard L\u00e9vy et Thierry Tuot.<\/li>\n\n\n\n<li><strong>Calendrier<\/strong> : Conclusions op\u00e9rationnelles attendues dans un <strong>d\u00e9lai de trois mois<\/strong>.<\/li>\n<\/ul>\n\n\n\n<p>Le Premier ministre a confi\u00e9, le 3 d\u00e9cembre 2025, une mission \u00e0 <strong>Jean-Bernard L\u00e9vy<\/strong>, pr\u00e9sident du Conseil fran\u00e7ais de l\u2019\u00e9nergie, et <strong>Thierry Tuot<\/strong>, conseiller d\u2019\u00c9tat. Ce mandat concerne l\u2019optimisation des dispositifs de soutien public aux \u00e9nergies renouvelables \u00e9lectriques ainsi qu&rsquo;aux solutions de stockage et de flexibilit\u00e9. Les deux experts disposent d&rsquo;un d\u00e9lai de trois mois pour rendre leurs conclusions, ce qui place l&rsquo;\u00e9ch\u00e9ance \u00e0 d\u00e9but mars 2026.<\/p>\n\n\n\n<h2 class=\"wp-block-heading\">Moderniser le soutien public face \u00e0 la maturit\u00e9 des fili\u00e8res<\/h2>\n\n\n\n<p>Les fili\u00e8res \u00e9olienne et solaire b\u00e9n\u00e9ficient de dispositifs de soutien financ\u00e9s par le budget de l\u2019\u00c9tat. Selon le communiqu\u00e9 officiel de Matignon (<strong>info.gouv.fr<\/strong>), ces m\u00e9canismes ont \u00e9t\u00e9 \u00ab con\u00e7us pour accompagner leur d\u00e9ploiement \u00bb. Ils repr\u00e9sentent aujourd\u2019hui un \u00ab engagement financier majeur pour la puissance publique \u00bb.<\/p>\n\n\n\n<p>Le gouvernement pr\u00e9cise que l\u2019\u00e9volution r\u00e9guli\u00e8re de ces aides est \u00ab indispensable \u00bb pour prendre en compte les progr\u00e8s technologiques, les nouvelles conditions de march\u00e9 et les priorit\u00e9s de la transition \u00e9nerg\u00e9tique. Cette r\u00e9flexion s&rsquo;inscrit dans un constat de <strong>maturit\u00e9 croissante des fili\u00e8res<\/strong>, n\u00e9cessitant une mise \u00e0 jour des mod\u00e8les pour garantir la <strong>soutenabilit\u00e9 financi\u00e8re<\/strong> du soutien de l&rsquo;\u00c9tat sur le long terme.<\/p>\n\n\n\n<h2 class=\"wp-block-heading\">Une expertise de haut niveau pour la transition<\/h2>\n\n\n\n<p>Le choix des pilotes refl\u00e8te une volont\u00e9 d&rsquo;associer expertises industrielle et r\u00e9glementaire. Jean-Bernard L\u00e9vy et Thierry Tuot s&rsquo;appuient sur le Conseil g\u00e9n\u00e9ral de l\u2019\u00e9conomie (CGE) et la Direction g\u00e9n\u00e9rale de l\u2019\u00e9nergie et du climat (DGEC). En lien avec les administrations et les fili\u00e8res concern\u00e9es, la mission doit analyser les mesures d&rsquo;optimisation d\u00e9j\u00e0 engag\u00e9es pour proposer un mod\u00e8le \u00ab plus efficace, plus soutenable et mieux partag\u00e9 \u00bb.<\/p>\n\n\n\n<h2 class=\"wp-block-heading\">Les enjeux : efficacit\u00e9, stockage et flexibilit\u00e9s<\/h2>\n\n\n\n<p>Un axe central des travaux concerne la <strong>r\u00e9partition des risques entre l\u2019\u00c9tat et les producteurs<\/strong>. Le communiqu\u00e9 de presse indique que la mission \u00e9tudiera \u00e9galement les leviers de financement mobilisables par le secteur priv\u00e9.<\/p>\n\n\n\n<h3 class=\"wp-block-heading\">Le stockage et les flexibilit\u00e9s, garants de la stabilit\u00e9<\/h3>\n\n\n\n<p>La mission inclut explicitement le stockage d\u2019\u00e9lectricit\u00e9 et les moyens de flexibilit\u00e9 dans son p\u00e9rim\u00e8tre. Selon la source officielle, ces dispositifs sont \u00ab essentiels pour la <strong>stabilit\u00e9 du syst\u00e8me \u00e9lectrique<\/strong> et l\u2019efficacit\u00e9 de la d\u00e9pense publique \u00bb. L&rsquo;int\u00e9gration de ces technologies vise \u00e0 optimiser l&rsquo;usage des ressources publiques dans le cadre du d\u00e9veloppement des \u00e9nergies renouvelables.<\/p>\n\n\n\n<h2 class=\"wp-block-heading\">Un contexte budg\u00e9taire exigeant et des objectifs climatiques maintenus<\/h2>\n\n\n\n<p>La mission intervient dans un \u00ab contexte budg\u00e9taire exigeant \u00bb. Selon le communiqu\u00e9 de Matignon, l&rsquo;objectif est de garantir la soutenabilit\u00e9 financi\u00e8re du soutien public afin d&rsquo;atteindre les ambitions climatiques nationales : une r\u00e9duction d\u2019au moins <strong>50 % des \u00e9missions de gaz \u00e0 effet de serre d\u2019ici 2030<\/strong> et la <strong>neutralit\u00e9 carbone en 2050<\/strong>.<\/p>\n\n\n\n<p>Les sources ne pr\u00e9cisent pas le r\u00f4le ou l&rsquo;articulation de cette mission avec le parc nucl\u00e9aire existant. Elles rappellent toutefois que ces travaux visent \u00e0 maintenir les trajectoires de d\u00e9carbonation du mix \u00e9nerg\u00e9tique fran\u00e7ais.<\/p>\n\n\n\n<p>Les conclusions de la mission sont attendues sous trois mois. Ces \u00ab recommandations op\u00e9rationnelles pour les ann\u00e9es \u00e0 venir \u00bb alimenteront les r\u00e9flexions sur la politique \u00e9nerg\u00e9tique nationale.<\/p>\n\n\n\n<p>Selon les informations rapport\u00e9es par <strong>Actu-Environnement<\/strong>, ce calendrier co\u00efncide avec les discussions en cours autour de la <strong>Programmation pluriannuelle de l\u2019\u00e9nergie (PPE)<\/strong>. La source indique qu&rsquo;un accord est recherch\u00e9 entre le Gouvernement et les parlementaires d&rsquo;ici la fin de l&rsquo;ann\u00e9e. Les enseignements de la mission L\u00e9vy-Tuot devraient ainsi contribuer \u00e0 d\u00e9finir la trajectoire \u00e9nerg\u00e9tique fran\u00e7aise pour les prochaines ann\u00e9es.<\/p>\n\n\n\n<p><strong>Sources :<\/strong><\/p>\n\n\n\n<ul class=\"wp-block-list\">\n<li><em>Communiqu\u00e9 officiel du Premier ministre (info.gouv.fr), 3 d\u00e9cembre 2025.<\/em><\/li>\n\n\n\n<li><em>\u00ab Mission sur le co\u00fbt des EnR et le stockage \u00bb, Actu-Environnement, 3 d\u00e9cembre 2025.<\/em><\/li>\n<\/ul>\n","protected":false},"excerpt":{"rendered":"","protected":false},"author":2,"featured_media":212,"comment_status":"closed","ping_status":"closed","sticky":false,"template":"","format":"standard","meta":{"footnotes":""},"categories":[1],"tags":[],"class_list":["post-205","post","type-post","status-publish","format-standard","has-post-thumbnail","hentry","category-energies","masonry-post","generate-columns","tablet-grid-50","mobile-grid-100","grid-parent","grid-33"],"yoast_head":"<!-- This site is optimized with the Yoast SEO plugin v26.6 - https:\/\/yoast.com\/wordpress\/plugins\/seo\/ -->\n<title>Soutien aux \u00e9nergies renouvelables : le gouvernement lance la mission L\u00e9vy-Tuot - ECOinfos<\/title>\n<meta name=\"description\" content=\"Le gouvernement lance la mission L\u00e9vy-Tuot pour optimiser le soutien public aux \u00e9nergies renouvelables, au stockage et aux flexibilit\u00e9s. D\u00e9cryptage des objectifs et du calendrier.\" \/>\n<meta name=\"robots\" content=\"index, follow, max-snippet:-1, max-image-preview:large, max-video-preview:-1\" \/>\n<link rel=\"canonical\" href=\"https:\/\/www.les-energies-renouvelables.eu\/article\/actualites\/energies\/soutien-aux-energies-renouvelables-le-gouvernement-lance-la-mission-levy-tuot-205\/\" \/>\n<meta property=\"og:locale\" content=\"fr_FR\" \/>\n<meta property=\"og:type\" content=\"article\" \/>\n<meta property=\"og:title\" content=\"Soutien aux \u00e9nergies renouvelables : le gouvernement lance la mission L\u00e9vy-Tuot - ECOinfos\" \/>\n<meta property=\"og:description\" content=\"Le gouvernement lance la mission L\u00e9vy-Tuot pour optimiser le soutien public aux \u00e9nergies renouvelables, au stockage et aux flexibilit\u00e9s. D\u00e9cryptage des objectifs et du calendrier.\" \/>\n<meta property=\"og:url\" content=\"https:\/\/www.les-energies-renouvelables.eu\/article\/actualites\/energies\/soutien-aux-energies-renouvelables-le-gouvernement-lance-la-mission-levy-tuot-205\/\" \/>\n<meta property=\"og:site_name\" content=\"ECOinfos Energies renouvelables\" \/>\n<meta property=\"article:publisher\" content=\"https:\/\/www.facebook.com\/ecoannuaire.energierenouvelable\/\" \/>\n<meta property=\"article:author\" content=\"https:\/\/www.facebook.com\/tictacf2c\/\" \/>\n<meta property=\"article:published_time\" content=\"2026-01-03T07:00:00+00:00\" \/>\n<meta property=\"article:modified_time\" content=\"2026-01-05T15:08:14+00:00\" \/>\n<meta property=\"og:image\" content=\"https:\/\/www.les-energies-renouvelables.eu\/article\/actualites\/wp-content\/uploads\/2026\/01\/actualites-soutien-aux-energies-renouvelables-le-gouvernement-lance-la-mission-levy-tuot-mission-levy-tuot-soutien-energies-renouvelables.jpg\" \/>\n\t<meta property=\"og:image:width\" content=\"1200\" \/>\n\t<meta property=\"og:image:height\" content=\"675\" \/>\n\t<meta property=\"og:image:type\" content=\"image\/jpeg\" \/>\n<meta name=\"author\" content=\"Alexia JACQUARD\" \/>\n<meta name=\"twitter:card\" content=\"summary_large_image\" \/>\n<meta name=\"twitter:creator\" content=\"@alexiajcrd\" \/>\n<meta name=\"twitter:site\" content=\"@ECOinfosENR\" \/>\n<meta name=\"twitter:label1\" content=\"\u00c9crit par\" \/>\n\t<meta name=\"twitter:data1\" content=\"Alexia JACQUARD\" \/>\n\t<meta name=\"twitter:label2\" content=\"Dur\u00e9e de lecture estim\u00e9e\" \/>\n\t<meta name=\"twitter:data2\" content=\"4 minutes\" \/>\n<script type=\"application\/ld+json\" class=\"yoast-schema-graph\">{\"@context\":\"https:\/\/schema.org\",\"@graph\":[{\"@type\":\"Article\",\"@id\":\"https:\/\/www.les-energies-renouvelables.eu\/article\/actualites\/energies\/soutien-aux-energies-renouvelables-le-gouvernement-lance-la-mission-levy-tuot-205\/#article\",\"isPartOf\":{\"@id\":\"https:\/\/www.les-energies-renouvelables.eu\/article\/actualites\/energies\/soutien-aux-energies-renouvelables-le-gouvernement-lance-la-mission-levy-tuot-205\/\"},\"author\":{\"name\":\"Alexia JACQUARD\",\"@id\":\"https:\/\/www.les-energies-renouvelables.eu\/article\/actualites\/#\/schema\/person\/2c7d09eb5ca339c12ca8d86145440169\"},\"headline\":\"Soutien aux \u00e9nergies renouvelables : le gouvernement lance la mission L\u00e9vy-Tuot\",\"datePublished\":\"2026-01-03T07:00:00+00:00\",\"dateModified\":\"2026-01-05T15:08:14+00:00\",\"mainEntityOfPage\":{\"@id\":\"https:\/\/www.les-energies-renouvelables.eu\/article\/actualites\/energies\/soutien-aux-energies-renouvelables-le-gouvernement-lance-la-mission-levy-tuot-205\/\"},\"wordCount\":725,\"publisher\":{\"@id\":\"https:\/\/www.les-energies-renouvelables.eu\/article\/actualites\/#organization\"},\"image\":{\"@id\":\"https:\/\/www.les-energies-renouvelables.eu\/article\/actualites\/energies\/soutien-aux-energies-renouvelables-le-gouvernement-lance-la-mission-levy-tuot-205\/#primaryimage\"},\"thumbnailUrl\":\"https:\/\/www.les-energies-renouvelables.eu\/article\/actualites\/wp-content\/uploads\/2026\/01\/actualites-soutien-aux-energies-renouvelables-le-gouvernement-lance-la-mission-levy-tuot-mission-levy-tuot-soutien-energies-renouvelables.jpg\",\"articleSection\":[\"\u00c9nergies\"],\"inLanguage\":\"fr-FR\"},{\"@type\":\"WebPage\",\"@id\":\"https:\/\/www.les-energies-renouvelables.eu\/article\/actualites\/energies\/soutien-aux-energies-renouvelables-le-gouvernement-lance-la-mission-levy-tuot-205\/\",\"url\":\"https:\/\/www.les-energies-renouvelables.eu\/article\/actualites\/energies\/soutien-aux-energies-renouvelables-le-gouvernement-lance-la-mission-levy-tuot-205\/\",\"name\":\"Soutien aux \u00e9nergies renouvelables : le gouvernement lance la mission L\u00e9vy-Tuot - ECOinfos\",\"isPartOf\":{\"@id\":\"https:\/\/www.les-energies-renouvelables.eu\/article\/actualites\/#website\"},\"primaryImageOfPage\":{\"@id\":\"https:\/\/www.les-energies-renouvelables.eu\/article\/actualites\/energies\/soutien-aux-energies-renouvelables-le-gouvernement-lance-la-mission-levy-tuot-205\/#primaryimage\"},\"image\":{\"@id\":\"https:\/\/www.les-energies-renouvelables.eu\/article\/actualites\/energies\/soutien-aux-energies-renouvelables-le-gouvernement-lance-la-mission-levy-tuot-205\/#primaryimage\"},\"thumbnailUrl\":\"https:\/\/www.les-energies-renouvelables.eu\/article\/actualites\/wp-content\/uploads\/2026\/01\/actualites-soutien-aux-energies-renouvelables-le-gouvernement-lance-la-mission-levy-tuot-mission-levy-tuot-soutien-energies-renouvelables.jpg\",\"datePublished\":\"2026-01-03T07:00:00+00:00\",\"dateModified\":\"2026-01-05T15:08:14+00:00\",\"description\":\"Le gouvernement lance la mission L\u00e9vy-Tuot pour optimiser le soutien public aux \u00e9nergies renouvelables, au stockage et aux flexibilit\u00e9s. D\u00e9cryptage des objectifs et du calendrier.\",\"breadcrumb\":{\"@id\":\"https:\/\/www.les-energies-renouvelables.eu\/article\/actualites\/energies\/soutien-aux-energies-renouvelables-le-gouvernement-lance-la-mission-levy-tuot-205\/#breadcrumb\"},\"inLanguage\":\"fr-FR\",\"potentialAction\":[{\"@type\":\"ReadAction\",\"target\":[\"https:\/\/www.les-energies-renouvelables.eu\/article\/actualites\/energies\/soutien-aux-energies-renouvelables-le-gouvernement-lance-la-mission-levy-tuot-205\/\"]}]},{\"@type\":\"ImageObject\",\"inLanguage\":\"fr-FR\",\"@id\":\"https:\/\/www.les-energies-renouvelables.eu\/article\/actualites\/energies\/soutien-aux-energies-renouvelables-le-gouvernement-lance-la-mission-levy-tuot-205\/#primaryimage\",\"url\":\"https:\/\/www.les-energies-renouvelables.eu\/article\/actualites\/wp-content\/uploads\/2026\/01\/actualites-soutien-aux-energies-renouvelables-le-gouvernement-lance-la-mission-levy-tuot-mission-levy-tuot-soutien-energies-renouvelables.jpg\",\"contentUrl\":\"https:\/\/www.les-energies-renouvelables.eu\/article\/actualites\/wp-content\/uploads\/2026\/01\/actualites-soutien-aux-energies-renouvelables-le-gouvernement-lance-la-mission-levy-tuot-mission-levy-tuot-soutien-energies-renouvelables.jpg\",\"width\":1200,\"height\":675,\"caption\":\"Ideogram\"},{\"@type\":\"BreadcrumbList\",\"@id\":\"https:\/\/www.les-energies-renouvelables.eu\/article\/actualites\/energies\/soutien-aux-energies-renouvelables-le-gouvernement-lance-la-mission-levy-tuot-205\/#breadcrumb\",\"itemListElement\":[{\"@type\":\"ListItem\",\"position\":1,\"name\":\"Accueil\",\"item\":\"https:\/\/www.les-energies-renouvelables.eu\/article\/actualites\/\"},{\"@type\":\"ListItem\",\"position\":2,\"name\":\"Soutien aux \u00e9nergies renouvelables : le gouvernement lance la mission L\u00e9vy-Tuot\"}]},{\"@type\":\"WebSite\",\"@id\":\"https:\/\/www.les-energies-renouvelables.eu\/article\/actualites\/#website\",\"url\":\"https:\/\/www.les-energies-renouvelables.eu\/article\/actualites\/\",\"name\":\"ECOinfos Energies renouvelables\",\"description\":\"Le d\u00e9cryptage quotidien du secteur des \u00e9nergies renouvelables\",\"publisher\":{\"@id\":\"https:\/\/www.les-energies-renouvelables.eu\/article\/actualites\/#organization\"},\"potentialAction\":[{\"@type\":\"SearchAction\",\"target\":{\"@type\":\"EntryPoint\",\"urlTemplate\":\"https:\/\/www.les-energies-renouvelables.eu\/article\/actualites\/?s={search_term_string}\"},\"query-input\":{\"@type\":\"PropertyValueSpecification\",\"valueRequired\":true,\"valueName\":\"search_term_string\"}}],\"inLanguage\":\"fr-FR\"},{\"@type\":\"Organization\",\"@id\":\"https:\/\/www.les-energies-renouvelables.eu\/article\/actualites\/#organization\",\"name\":\"ECOinfos Energies renouvelables\",\"url\":\"https:\/\/www.les-energies-renouvelables.eu\/article\/actualites\/\",\"logo\":{\"@type\":\"ImageObject\",\"inLanguage\":\"fr-FR\",\"@id\":\"https:\/\/www.les-energies-renouvelables.eu\/article\/actualites\/#\/schema\/logo\/image\/\",\"url\":\"https:\/\/www.les-energies-renouvelables.eu\/article\/actualites\/wp-content\/uploads\/2025\/11\/ecoinfos.eldorado-consulting.com-logo-logo.svg\",\"contentUrl\":\"https:\/\/www.les-energies-renouvelables.eu\/article\/actualites\/wp-content\/uploads\/2025\/11\/ecoinfos.eldorado-consulting.com-logo-logo.svg\",\"caption\":\"ECOinfos Energies renouvelables\"},\"image\":{\"@id\":\"https:\/\/www.les-energies-renouvelables.eu\/article\/actualites\/#\/schema\/logo\/image\/\"},\"sameAs\":[\"https:\/\/www.facebook.com\/ecoannuaire.energierenouvelable\/\",\"https:\/\/x.com\/ECOinfosENR\",\"https:\/\/www.linkedin.com\/company\/ecoinfos-energies-renouvelables\/\",\"https:\/\/www.youtube.com\/@ecoinfosenergies\",\"https:\/\/share.google\/dyKHJPxAV42WhhjbM\"]},{\"@type\":\"Person\",\"@id\":\"https:\/\/www.les-energies-renouvelables.eu\/article\/actualites\/#\/schema\/person\/2c7d09eb5ca339c12ca8d86145440169\",\"name\":\"Alexia JACQUARD\",\"pronouns\":\"elle\/elle\",\"image\":{\"@type\":\"ImageObject\",\"inLanguage\":\"fr-FR\",\"@id\":\"https:\/\/www.les-energies-renouvelables.eu\/article\/actualites\/#\/schema\/person\/image\/\",\"url\":\"https:\/\/www.les-energies-renouvelables.eu\/article\/actualites\/wp-content\/uploads\/2026\/01\/actualites-alexia-jacquard-alexia-jacquard-160x160.jpg\",\"contentUrl\":\"https:\/\/www.les-energies-renouvelables.eu\/article\/actualites\/wp-content\/uploads\/2026\/01\/actualites-alexia-jacquard-alexia-jacquard-160x160.jpg\",\"caption\":\"Alexia JACQUARD\"},\"description\":\"Curieuse de nature et attentif aux enjeux du d\u00e9veloppement durable, Alexia Jacquard suit l'actualit\u00e9 des \u00e9nergies renouvelables pour partager les derni\u00e8res nouveaut\u00e9s du secteur. Elle s'attache \u00e0 retranscrire simplement les informations cl\u00e9s et les initiatives positives qui marquent la transition \u00e9nerg\u00e9tique. Son objectif : proposer des articles d'actualit\u00e9 clairs et accessibles pour tous ceux qui s'int\u00e9ressent \u00e0 l'avenir de notre \u00e9nergie.\",\"sameAs\":[\"https:\/\/alexia-jacquard.fr\",\"https:\/\/www.facebook.com\/tictacf2c\/\",\"https:\/\/www.instagram.com\/alexia_redac\/\",\"https:\/\/www.linkedin.com\/in\/alexia-jacquard-449a4b289\/\",\"https:\/\/fr.pinterest.com\/alexiajacquard\/\",\"https:\/\/x.com\/alexiajcrd\",\"https:\/\/www.youtube.com\/@Thepaindemie\",\"https:\/\/muckrack.com\/alexia-jacquard\"],\"url\":\"https:\/\/www.les-energies-renouvelables.eu\/article\/actualites\/author\/alexia-jacquard\/\"}]}<\/script>\n<!-- \/ Yoast SEO plugin. -->","yoast_head_json":{"title":"Soutien aux \u00e9nergies renouvelables : le gouvernement lance la mission L\u00e9vy-Tuot - ECOinfos","description":"Le gouvernement lance la mission L\u00e9vy-Tuot pour optimiser le soutien public aux \u00e9nergies renouvelables, au stockage et aux flexibilit\u00e9s. D\u00e9cryptage des objectifs et du calendrier.","robots":{"index":"index","follow":"follow","max-snippet":"max-snippet:-1","max-image-preview":"max-image-preview:large","max-video-preview":"max-video-preview:-1"},"canonical":"https:\/\/www.les-energies-renouvelables.eu\/article\/actualites\/energies\/soutien-aux-energies-renouvelables-le-gouvernement-lance-la-mission-levy-tuot-205\/","og_locale":"fr_FR","og_type":"article","og_title":"Soutien aux \u00e9nergies renouvelables : le gouvernement lance la mission L\u00e9vy-Tuot - ECOinfos","og_description":"Le gouvernement lance la mission L\u00e9vy-Tuot pour optimiser le soutien public aux \u00e9nergies renouvelables, au stockage et aux flexibilit\u00e9s. D\u00e9cryptage des objectifs et du calendrier.","og_url":"https:\/\/www.les-energies-renouvelables.eu\/article\/actualites\/energies\/soutien-aux-energies-renouvelables-le-gouvernement-lance-la-mission-levy-tuot-205\/","og_site_name":"ECOinfos Energies renouvelables","article_publisher":"https:\/\/www.facebook.com\/ecoannuaire.energierenouvelable\/","article_author":"https:\/\/www.facebook.com\/tictacf2c\/","article_published_time":"2026-01-03T07:00:00+00:00","article_modified_time":"2026-01-05T15:08:14+00:00","og_image":[{"width":1200,"height":675,"url":"https:\/\/www.les-energies-renouvelables.eu\/article\/actualites\/wp-content\/uploads\/2026\/01\/actualites-soutien-aux-energies-renouvelables-le-gouvernement-lance-la-mission-levy-tuot-mission-levy-tuot-soutien-energies-renouvelables.jpg","type":"image\/jpeg"}],"author":"Alexia JACQUARD","twitter_card":"summary_large_image","twitter_creator":"@alexiajcrd","twitter_site":"@ECOinfosENR","twitter_misc":{"\u00c9crit par":"Alexia JACQUARD","Dur\u00e9e de lecture estim\u00e9e":"4 minutes"},"schema":{"@context":"https:\/\/schema.org","@graph":[{"@type":"Article","@id":"https:\/\/www.les-energies-renouvelables.eu\/article\/actualites\/energies\/soutien-aux-energies-renouvelables-le-gouvernement-lance-la-mission-levy-tuot-205\/#article","isPartOf":{"@id":"https:\/\/www.les-energies-renouvelables.eu\/article\/actualites\/energies\/soutien-aux-energies-renouvelables-le-gouvernement-lance-la-mission-levy-tuot-205\/"},"author":{"name":"Alexia JACQUARD","@id":"https:\/\/www.les-energies-renouvelables.eu\/article\/actualites\/#\/schema\/person\/2c7d09eb5ca339c12ca8d86145440169"},"headline":"Soutien aux \u00e9nergies renouvelables : le gouvernement lance la mission L\u00e9vy-Tuot","datePublished":"2026-01-03T07:00:00+00:00","dateModified":"2026-01-05T15:08:14+00:00","mainEntityOfPage":{"@id":"https:\/\/www.les-energies-renouvelables.eu\/article\/actualites\/energies\/soutien-aux-energies-renouvelables-le-gouvernement-lance-la-mission-levy-tuot-205\/"},"wordCount":725,"publisher":{"@id":"https:\/\/www.les-energies-renouvelables.eu\/article\/actualites\/#organization"},"image":{"@id":"https:\/\/www.les-energies-renouvelables.eu\/article\/actualites\/energies\/soutien-aux-energies-renouvelables-le-gouvernement-lance-la-mission-levy-tuot-205\/#primaryimage"},"thumbnailUrl":"https:\/\/www.les-energies-renouvelables.eu\/article\/actualites\/wp-content\/uploads\/2026\/01\/actualites-soutien-aux-energies-renouvelables-le-gouvernement-lance-la-mission-levy-tuot-mission-levy-tuot-soutien-energies-renouvelables.jpg","articleSection":["\u00c9nergies"],"inLanguage":"fr-FR"},{"@type":"WebPage","@id":"https:\/\/www.les-energies-renouvelables.eu\/article\/actualites\/energies\/soutien-aux-energies-renouvelables-le-gouvernement-lance-la-mission-levy-tuot-205\/","url":"https:\/\/www.les-energies-renouvelables.eu\/article\/actualites\/energies\/soutien-aux-energies-renouvelables-le-gouvernement-lance-la-mission-levy-tuot-205\/","name":"Soutien aux \u00e9nergies renouvelables : le gouvernement lance la mission L\u00e9vy-Tuot - ECOinfos","isPartOf":{"@id":"https:\/\/www.les-energies-renouvelables.eu\/article\/actualites\/#website"},"primaryImageOfPage":{"@id":"https:\/\/www.les-energies-renouvelables.eu\/article\/actualites\/energies\/soutien-aux-energies-renouvelables-le-gouvernement-lance-la-mission-levy-tuot-205\/#primaryimage"},"image":{"@id":"https:\/\/www.les-energies-renouvelables.eu\/article\/actualites\/energies\/soutien-aux-energies-renouvelables-le-gouvernement-lance-la-mission-levy-tuot-205\/#primaryimage"},"thumbnailUrl":"https:\/\/www.les-energies-renouvelables.eu\/article\/actualites\/wp-content\/uploads\/2026\/01\/actualites-soutien-aux-energies-renouvelables-le-gouvernement-lance-la-mission-levy-tuot-mission-levy-tuot-soutien-energies-renouvelables.jpg","datePublished":"2026-01-03T07:00:00+00:00","dateModified":"2026-01-05T15:08:14+00:00","description":"Le gouvernement lance la mission L\u00e9vy-Tuot pour optimiser le soutien public aux \u00e9nergies renouvelables, au stockage et aux flexibilit\u00e9s. D\u00e9cryptage des objectifs et du calendrier.","breadcrumb":{"@id":"https:\/\/www.les-energies-renouvelables.eu\/article\/actualites\/energies\/soutien-aux-energies-renouvelables-le-gouvernement-lance-la-mission-levy-tuot-205\/#breadcrumb"},"inLanguage":"fr-FR","potentialAction":[{"@type":"ReadAction","target":["https:\/\/www.les-energies-renouvelables.eu\/article\/actualites\/energies\/soutien-aux-energies-renouvelables-le-gouvernement-lance-la-mission-levy-tuot-205\/"]}]},{"@type":"ImageObject","inLanguage":"fr-FR","@id":"https:\/\/www.les-energies-renouvelables.eu\/article\/actualites\/energies\/soutien-aux-energies-renouvelables-le-gouvernement-lance-la-mission-levy-tuot-205\/#primaryimage","url":"https:\/\/www.les-energies-renouvelables.eu\/article\/actualites\/wp-content\/uploads\/2026\/01\/actualites-soutien-aux-energies-renouvelables-le-gouvernement-lance-la-mission-levy-tuot-mission-levy-tuot-soutien-energies-renouvelables.jpg","contentUrl":"https:\/\/www.les-energies-renouvelables.eu\/article\/actualites\/wp-content\/uploads\/2026\/01\/actualites-soutien-aux-energies-renouvelables-le-gouvernement-lance-la-mission-levy-tuot-mission-levy-tuot-soutien-energies-renouvelables.jpg","width":1200,"height":675,"caption":"Ideogram"},{"@type":"BreadcrumbList","@id":"https:\/\/www.les-energies-renouvelables.eu\/article\/actualites\/energies\/soutien-aux-energies-renouvelables-le-gouvernement-lance-la-mission-levy-tuot-205\/#breadcrumb","itemListElement":[{"@type":"ListItem","position":1,"name":"Accueil","item":"https:\/\/www.les-energies-renouvelables.eu\/article\/actualites\/"},{"@type":"ListItem","position":2,"name":"Soutien aux \u00e9nergies renouvelables : le gouvernement lance la mission L\u00e9vy-Tuot"}]},{"@type":"WebSite","@id":"https:\/\/www.les-energies-renouvelables.eu\/article\/actualites\/#website","url":"https:\/\/www.les-energies-renouvelables.eu\/article\/actualites\/","name":"ECOinfos Energies renouvelables","description":"Le d\u00e9cryptage quotidien du secteur des \u00e9nergies renouvelables","publisher":{"@id":"https:\/\/www.les-energies-renouvelables.eu\/article\/actualites\/#organization"},"potentialAction":[{"@type":"SearchAction","target":{"@type":"EntryPoint","urlTemplate":"https:\/\/www.les-energies-renouvelables.eu\/article\/actualites\/?s={search_term_string}"},"query-input":{"@type":"PropertyValueSpecification","valueRequired":true,"valueName":"search_term_string"}}],"inLanguage":"fr-FR"},{"@type":"Organization","@id":"https:\/\/www.les-energies-renouvelables.eu\/article\/actualites\/#organization","name":"ECOinfos Energies renouvelables","url":"https:\/\/www.les-energies-renouvelables.eu\/article\/actualites\/","logo":{"@type":"ImageObject","inLanguage":"fr-FR","@id":"https:\/\/www.les-energies-renouvelables.eu\/article\/actualites\/#\/schema\/logo\/image\/","url":"https:\/\/www.les-energies-renouvelables.eu\/article\/actualites\/wp-content\/uploads\/2025\/11\/ecoinfos.eldorado-consulting.com-logo-logo.svg","contentUrl":"https:\/\/www.les-energies-renouvelables.eu\/article\/actualites\/wp-content\/uploads\/2025\/11\/ecoinfos.eldorado-consulting.com-logo-logo.svg","caption":"ECOinfos Energies renouvelables"},"image":{"@id":"https:\/\/www.les-energies-renouvelables.eu\/article\/actualites\/#\/schema\/logo\/image\/"},"sameAs":["https:\/\/www.facebook.com\/ecoannuaire.energierenouvelable\/","https:\/\/x.com\/ECOinfosENR","https:\/\/www.linkedin.com\/company\/ecoinfos-energies-renouvelables\/","https:\/\/www.youtube.com\/@ecoinfosenergies","https:\/\/share.google\/dyKHJPxAV42WhhjbM"]},{"@type":"Person","@id":"https:\/\/www.les-energies-renouvelables.eu\/article\/actualites\/#\/schema\/person\/2c7d09eb5ca339c12ca8d86145440169","name":"Alexia JACQUARD","pronouns":"elle\/elle","image":{"@type":"ImageObject","inLanguage":"fr-FR","@id":"https:\/\/www.les-energies-renouvelables.eu\/article\/actualites\/#\/schema\/person\/image\/","url":"https:\/\/www.les-energies-renouvelables.eu\/article\/actualites\/wp-content\/uploads\/2026\/01\/actualites-alexia-jacquard-alexia-jacquard-160x160.jpg","contentUrl":"https:\/\/www.les-energies-renouvelables.eu\/article\/actualites\/wp-content\/uploads\/2026\/01\/actualites-alexia-jacquard-alexia-jacquard-160x160.jpg","caption":"Alexia JACQUARD"},"description":"Curieuse de nature et attentif aux enjeux du d\u00e9veloppement durable, Alexia Jacquard suit l'actualit\u00e9 des \u00e9nergies renouvelables pour partager les derni\u00e8res nouveaut\u00e9s du secteur. Elle s'attache \u00e0 retranscrire simplement les informations cl\u00e9s et les initiatives positives qui marquent la transition \u00e9nerg\u00e9tique. Son objectif : proposer des articles d'actualit\u00e9 clairs et accessibles pour tous ceux qui s'int\u00e9ressent \u00e0 l'avenir de notre \u00e9nergie.","sameAs":["https:\/\/alexia-jacquard.fr","https:\/\/www.facebook.com\/tictacf2c\/","https:\/\/www.instagram.com\/alexia_redac\/","https:\/\/www.linkedin.com\/in\/alexia-jacquard-449a4b289\/","https:\/\/fr.pinterest.com\/alexiajacquard\/","https:\/\/x.com\/alexiajcrd","https:\/\/www.youtube.com\/@Thepaindemie","https:\/\/muckrack.com\/alexia-jacquard"],"url":"https:\/\/www.les-energies-renouvelables.eu\/article\/actualites\/author\/alexia-jacquard\/"}]}},"_links":{"self":[{"href":"https:\/\/www.les-energies-renouvelables.eu\/article\/actualites\/wp-json\/wp\/v2\/posts\/205","targetHints":{"allow":["GET"]}}],"collection":[{"href":"https:\/\/www.les-energies-renouvelables.eu\/article\/actualites\/wp-json\/wp\/v2\/posts"}],"about":[{"href":"https:\/\/www.les-energies-renouvelables.eu\/article\/actualites\/wp-json\/wp\/v2\/types\/post"}],"author":[{"embeddable":true,"href":"https:\/\/www.les-energies-renouvelables.eu\/article\/actualites\/wp-json\/wp\/v2\/users\/2"}],"replies":[{"embeddable":true,"href":"https:\/\/www.les-energies-renouvelables.eu\/article\/actualites\/wp-json\/wp\/v2\/comments?post=205"}],"version-history":[{"count":1,"href":"https:\/\/www.les-energies-renouvelables.eu\/article\/actualites\/wp-json\/wp\/v2\/posts\/205\/revisions"}],"predecessor-version":[{"id":206,"href":"https:\/\/www.les-energies-renouvelables.eu\/article\/actualites\/wp-json\/wp\/v2\/posts\/205\/revisions\/206"}],"wp:featuredmedia":[{"embeddable":true,"href":"https:\/\/www.les-energies-renouvelables.eu\/article\/actualites\/wp-json\/wp\/v2\/media\/212"}],"wp:attachment":[{"href":"https:\/\/www.les-energies-renouvelables.eu\/article\/actualites\/wp-json\/wp\/v2\/media?parent=205"}],"wp:term":[{"taxonomy":"category","embeddable":true,"href":"https:\/\/www.les-energies-renouvelables.eu\/article\/actualites\/wp-json\/wp\/v2\/categories?post=205"},{"taxonomy":"post_tag","embeddable":true,"href":"https:\/\/www.les-energies-renouvelables.eu\/article\/actualites\/wp-json\/wp\/v2\/tags?post=205"}],"curies":[{"name":"wp","href":"https:\/\/api.w.org\/{rel}","templated":true}]}}