{"id":201,"date":"2026-01-05T08:00:00","date_gmt":"2026-01-05T07:00:00","guid":{"rendered":"https:\/\/www.les-energies-renouvelables.eu\/article\/actualites\/?p=201"},"modified":"2026-01-03T21:50:46","modified_gmt":"2026-01-03T20:50:46","slug":"hydrogene-renouvelable-qair-annonce-une-premiere-production-sur-le-site-hydocc","status":"publish","type":"post","link":"https:\/\/www.les-energies-renouvelables.eu\/article\/actualites\/energies\/hydrogene-renouvelable-qair-annonce-une-premiere-production-sur-le-site-hydocc-201\/","title":{"rendered":"Hydrog\u00e8ne renouvelable : Qair annonce une premi\u00e8re production sur le site Hyd\u2019Occ"},"content":{"rendered":"\n<p>R\u00e9sum\u00e9 :&nbsp;<\/p>\n\n\n\n<ul class=\"wp-block-list\">\n<li><strong>\u00c9tape technique<\/strong> : Qair indique avoir valid\u00e9 le fonctionnement d&rsquo;une premi\u00e8re tranche de <strong>20 MW<\/strong>.<\/li>\n\n\n\n<li><strong>Capacit\u00e9 cible<\/strong> : <strong>2 700 tonnes<\/strong> d&rsquo;hydrog\u00e8ne renouvelable par an pour la Phase 1 (source : Qair).<\/li>\n\n\n\n<li><strong>\u00c9nergie source<\/strong> : \u00c9lectrolyse aliment\u00e9e, selon l&rsquo;\u00e9nerg\u00e9ticien, par ses propres parcs \u00e9oliens et solaires.<\/li>\n\n\n\n<li><strong>D\u00e9ploiement<\/strong> : Projet inscrit par Qair dans le cadre du transport europ\u00e9en <strong>Corridor H2<\/strong>.<\/li>\n\n\n\n<li><strong>Indicateur environnemental<\/strong> : <strong>27 000 tonnes de CO\u2082<\/strong> \u00e9vit\u00e9es par an (estimation communiqu\u00e9e par Qair).<\/li>\n\n\n\n<li><strong>Usage vis\u00e9<\/strong> : Le communiqu\u00e9 met en avant la <strong>mobilit\u00e9 lourde<\/strong> et la d\u00e9carbonation des transports.<\/li>\n<\/ul>\n\n\n\n<h3 class=\"wp-block-heading\">Une mont\u00e9e en puissance industrielle \u00e0 Port-La Nouvelle<\/h3>\n\n\n\n<p>L&rsquo;annonce effectu\u00e9e le 16 d\u00e9cembre 2025 \u00e0 Port-La Nouvelle marque une \u00e9tape de transition pour le projet <strong>Hyd\u2019Occ<\/strong>. Apr\u00e8s une phase de tests, l\u2019unit\u00e9 de production entre en p\u00e9riode de d\u00e9ploiement industriel. Selon le calendrier diffus\u00e9 par <strong>Qair<\/strong>, la mise en service commerciale compl\u00e8te est pr\u00e9vue pour le d\u00e9but de l&rsquo;ann\u00e9e 2026.<\/p>\n\n\n\n<p>L&rsquo;\u00e9v\u00e9nement a \u00e9t\u00e9 mat\u00e9rialis\u00e9 par la transmission symbolique de la <strong>premi\u00e8re mol\u00e9cule d&rsquo;hydrog\u00e8ne<\/strong> \u00e0 l&rsquo;\u00e9quipage d&rsquo;<strong>Energy Observer<\/strong>, navire laboratoire d\u00e9di\u00e9 \u00e0 l&rsquo;innovation \u00e9nerg\u00e9tique. Selon le communiqu\u00e9 de l&rsquo;entreprise, cette \u00e9tape t\u00e9moigne du fonctionnement op\u00e9rationnel des \u00e9quipements d\u2019\u00e9lectrolyse et des installations industrielles du site.<\/p>\n\n\n\n<h3 class=\"wp-block-heading\">Hyd\u2019Occ : Capacit\u00e9s et \u00e9tapes de d\u00e9veloppement<\/h3>\n\n\n\n<p>Le projet se structure autour d&rsquo;une mont\u00e9e en charge progressive, d\u00e9taill\u00e9e ainsi par l&rsquo;exploitant :<\/p>\n\n\n\n<ol class=\"wp-block-list\">\n<li><strong>Phase 1<\/strong> : Une puissance install\u00e9e de <strong>20 MW<\/strong>. Qair affiche une capacit\u00e9 de production de <strong>2 700 tonnes d&rsquo;hydrog\u00e8ne renouvelable<\/strong> par an, destin\u00e9e en priorit\u00e9 aux stations locales, dont celle de B\u00e9ziers.<\/li>\n\n\n\n<li><strong>Phase 2<\/strong> : Une extension est projet\u00e9e pour porter la puissance totale \u00e0 <strong>40 MW<\/strong>, visant une production annuelle de 5 400 tonnes. Le calendrier de cette seconde phase n&rsquo;est pas pr\u00e9cis\u00e9 dans la source.<\/li>\n<\/ol>\n\n\n\n<p>Le principe de l&rsquo;\u00e9lectrolyse de l&rsquo;eau<\/p>\n\n\n\n<p>Pour produire cet hydrog\u00e8ne, le site utilise un courant \u00e9lectrique pour d\u00e9composer les mol\u00e9cules d&rsquo;eau. Qair affirme s&rsquo;appuyer sur ses propres capacit\u00e9s de production \u00e9olienne et solaire pour alimenter ce proc\u00e9d\u00e9. L&rsquo;origine de l&rsquo;\u00e9lectricit\u00e9 constitue un facteur d\u00e9terminant du bilan carbone de l&rsquo;hydrog\u00e8ne obtenu.<\/p>\n\n\n\n<p>Concernant l&rsquo;impact environnemental, Qair avance que la premi\u00e8re phase permettra d&rsquo;\u00e9viter l&rsquo;\u00e9mission de <strong>27 000 tonnes de CO\u2082 par an<\/strong>. La m\u00e9thodologie pr\u00e9cise de calcul de cet \u00e9vitement n&rsquo;est pas d\u00e9taill\u00e9e dans le communiqu\u00e9 officiel.<\/p>\n\n\n\n<h2 class=\"wp-block-heading\">Logistique et int\u00e9gration au projet \u00ab\u00a0Corridor H2\u00a0\u00bb<\/h2>\n\n\n\n<p>La production du site Hyd\u2019Occ est destin\u00e9e \u00e0 alimenter les r\u00e9seaux de mobilit\u00e9 r\u00e9gionale. Selon Qair, la station de B\u00e9ziers \u2014 retenue dans le cadre des appels \u00e0 projets \u00ab\u00a0<strong>\u00c9cosyst\u00e8mes territoriaux hydrog\u00e8ne<\/strong>\u00a0\u00bb de l&rsquo;ADEME \u2014 devrait recevoir ses premi\u00e8res livraisons d&rsquo;ici fin 2025.<\/p>\n\n\n\n<p>Cette infrastructure s&rsquo;inscrit dans le projet <strong>Corridor H2 Occitanie<\/strong>. Selon les informations communiqu\u00e9es par l&rsquo;\u00e9nerg\u00e9ticien, ce programme est soutenu par la <strong>R\u00e9gion Occitanie<\/strong>, la Banque Europ\u00e9enne d&rsquo;Investissement (BEI) et l&rsquo;Union europ\u00e9enne (via le M\u00e9canisme pour l&rsquo;Interconnexion en Europe). L&rsquo;objectif affich\u00e9 est de structurer un axe de transport d\u00e9carbon\u00e9 entre la P\u00e9ninsule ib\u00e9rique et le Nord de l&rsquo;Europe, ciblant la <strong>mobilit\u00e9 lourde<\/strong> (camions, bus, maritime). Dans ces secteurs, la densit\u00e9 \u00e9nerg\u00e9tique de l&rsquo;hydrog\u00e8ne est pr\u00e9sent\u00e9e comme un avantage par rapport aux batteries pour les usages intensifs.<\/p>\n\n\n\n<h2 class=\"wp-block-heading\">Analyse : Les d\u00e9fis de la fili\u00e8re en France<\/h2>\n\n\n\n<p>Le d\u00e9marrage d&rsquo;Hyd\u2019Occ illustre les enjeux de l&rsquo;<strong>hydrog\u00e8ne vert<\/strong>, secteur soutenu par les politiques publiques mais soumis \u00e0 des contraintes \u00e9conomiques r\u00e9elles.<\/p>\n\n\n\n<ul class=\"wp-block-list\">\n<li><strong>Le d\u00e9fi de la comp\u00e9titivit\u00e9<\/strong> : Selon les rapports de l&rsquo;AIE (<em>Global Hydrogen Review 2023<\/em>), le co\u00fbt de l&rsquo;hydrog\u00e8ne renouvelable demeure significativement plus \u00e9lev\u00e9 que celui produit par <strong>vaporeformage<\/strong> de gaz fossile. L&rsquo;augmentation des capacit\u00e9s de production vise pr\u00e9cis\u00e9ment \u00e0 g\u00e9n\u00e9rer des \u00e9conomies d&rsquo;\u00e9chelle.<\/li>\n\n\n\n<li><strong>Structuration des usages<\/strong> : La viabilit\u00e9 \u00e9conomique du site d\u00e9pend de la disponibilit\u00e9 effective d&rsquo;une flotte de v\u00e9hicules lourds adapt\u00e9s \u00e0 cette technologie.<\/li>\n\n\n\n<li><strong>\u00c9quilibre du mix \u00e9nerg\u00e9tique<\/strong> : En France, o\u00f9 le <strong>nucl\u00e9aire<\/strong> repr\u00e9sente une part importante de la production \u00e9lectrique bas-carbone, l&rsquo;hydrog\u00e8ne issu des \u00e9nergies renouvelables se positionne comme un levier compl\u00e9mentaire pour d\u00e9carboner les secteurs industriels et logistiques difficilement \u00e9lectrifiables.<\/li>\n<\/ul>\n\n\n\n<h2 class=\"wp-block-heading\">Une \u00e9tape vers un r\u00e9seau r\u00e9gional<\/h2>\n\n\n\n<p>Pour les parties prenantes, cette production concr\u00e9tise une strat\u00e9gie territoriale. <strong>Christian Assaf<\/strong>, pr\u00e9sident de l&rsquo;<strong>AREC Occitanie<\/strong>, indique dans le communiqu\u00e9 que la r\u00e9gion dispose d\u00e9sormais d&rsquo;un \u00ab\u00a0r\u00e9seau op\u00e9rationnel\u00a0\u00bb incluant la production et la distribution.<\/p>\n\n\n\n<p>De son c\u00f4t\u00e9, <strong>Jean-S\u00e9bastien Lasbouygues<\/strong>, Directeur Hydrog\u00e8ne de Qair France, pr\u00e9sente ce r\u00e9sultat comme l&rsquo;aboutissement de plusieurs ann\u00e9es de coop\u00e9ration. Le projet Hyd\u2019Occ est ainsi pr\u00e9sent\u00e9 comme une contribution \u00e0 la strat\u00e9gie europ\u00e9enne de transition \u00e9nerg\u00e9tique, dont l&rsquo;efficacit\u00e9 op\u00e9rationnelle sera \u00e9valu\u00e9e lors de sa mise en service commerciale compl\u00e8te.<\/p>\n\n\n\n<p><strong>Note sur les sources<\/strong> : <em>Cet article repose principalement sur le communiqu\u00e9 de presse diffus\u00e9 par Qair le 16 d\u00e9cembre 2025. Les donn\u00e9es de performance environnementale et le calendrier de mise en service sont des pr\u00e9visions fournies par l&rsquo;industriel. Les co\u00fbts de revient et la m\u00e9thodologie de calcul du CO\u2082 ne sont pas pr\u00e9cis\u00e9s dans la source.<\/em><\/p>\n","protected":false},"excerpt":{"rendered":"","protected":false},"author":2,"featured_media":211,"comment_status":"closed","ping_status":"closed","sticky":false,"template":"","format":"standard","meta":{"footnotes":""},"categories":[1],"tags":[],"class_list":["post-201","post","type-post","status-publish","format-standard","has-post-thumbnail","hentry","category-energies","masonry-post","generate-columns","tablet-grid-50","mobile-grid-100","grid-parent","grid-33"],"yoast_head":"<!-- This site is optimized with the Yoast SEO plugin v26.6 - https:\/\/yoast.com\/wordpress\/plugins\/seo\/ -->\n<title>Hydrog\u00e8ne renouvelable : Qair annonce une premi\u00e8re production sur le site Hyd\u2019Occ - ECOinfos<\/title>\n<meta name=\"description\" content=\"Qair annonce la production d\u2019une premi\u00e8re mol\u00e9cule d\u2019hydrog\u00e8ne renouvelable sur le site Hyd\u2019Occ (Aude). Analyse d&#039;un jalon industriel pour la mobilit\u00e9 lourde et le projet Corridor H2.\" \/>\n<meta name=\"robots\" content=\"index, follow, max-snippet:-1, max-image-preview:large, max-video-preview:-1\" \/>\n<link rel=\"canonical\" href=\"https:\/\/www.les-energies-renouvelables.eu\/article\/actualites\/energies\/hydrogene-renouvelable-qair-annonce-une-premiere-production-sur-le-site-hydocc-201\/\" \/>\n<meta property=\"og:locale\" content=\"fr_FR\" \/>\n<meta property=\"og:type\" content=\"article\" \/>\n<meta property=\"og:title\" content=\"Hydrog\u00e8ne renouvelable : Qair annonce une premi\u00e8re production sur le site Hyd\u2019Occ - ECOinfos\" \/>\n<meta property=\"og:description\" content=\"Qair annonce la production d\u2019une premi\u00e8re mol\u00e9cule d\u2019hydrog\u00e8ne renouvelable sur le site Hyd\u2019Occ (Aude). Analyse d&#039;un jalon industriel pour la mobilit\u00e9 lourde et le projet Corridor H2.\" \/>\n<meta property=\"og:url\" content=\"https:\/\/www.les-energies-renouvelables.eu\/article\/actualites\/energies\/hydrogene-renouvelable-qair-annonce-une-premiere-production-sur-le-site-hydocc-201\/\" \/>\n<meta property=\"og:site_name\" content=\"ECOinfos Energies renouvelables\" \/>\n<meta property=\"article:publisher\" content=\"https:\/\/www.facebook.com\/ecoannuaire.energierenouvelable\/\" \/>\n<meta property=\"article:author\" content=\"https:\/\/www.facebook.com\/tictacf2c\/\" \/>\n<meta property=\"article:published_time\" content=\"2026-01-05T07:00:00+00:00\" \/>\n<meta property=\"og:image\" content=\"https:\/\/www.les-energies-renouvelables.eu\/article\/actualites\/wp-content\/uploads\/2026\/01\/actualites-hydrogene-renouvelable-qair-annonce-une-premiere-production-sur-le-site-hydocc-production-hydrogene-renouvelable-occitanie-.jpg\" \/>\n\t<meta property=\"og:image:width\" content=\"1200\" \/>\n\t<meta property=\"og:image:height\" content=\"675\" \/>\n\t<meta property=\"og:image:type\" content=\"image\/jpeg\" \/>\n<meta name=\"author\" content=\"Alexia JACQUARD\" \/>\n<meta name=\"twitter:card\" content=\"summary_large_image\" \/>\n<meta name=\"twitter:creator\" content=\"@alexiajcrd\" \/>\n<meta name=\"twitter:site\" content=\"@ECOinfosENR\" \/>\n<meta name=\"twitter:label1\" content=\"\u00c9crit par\" \/>\n\t<meta name=\"twitter:data1\" content=\"Alexia JACQUARD\" \/>\n\t<meta name=\"twitter:label2\" content=\"Dur\u00e9e de lecture estim\u00e9e\" \/>\n\t<meta name=\"twitter:data2\" content=\"5 minutes\" \/>\n<script type=\"application\/ld+json\" class=\"yoast-schema-graph\">{\"@context\":\"https:\/\/schema.org\",\"@graph\":[{\"@type\":\"Article\",\"@id\":\"https:\/\/www.les-energies-renouvelables.eu\/article\/actualites\/energies\/hydrogene-renouvelable-qair-annonce-une-premiere-production-sur-le-site-hydocc-201\/#article\",\"isPartOf\":{\"@id\":\"https:\/\/www.les-energies-renouvelables.eu\/article\/actualites\/energies\/hydrogene-renouvelable-qair-annonce-une-premiere-production-sur-le-site-hydocc-201\/\"},\"author\":{\"name\":\"Alexia JACQUARD\",\"@id\":\"https:\/\/www.les-energies-renouvelables.eu\/article\/actualites\/#\/schema\/person\/2c7d09eb5ca339c12ca8d86145440169\"},\"headline\":\"Hydrog\u00e8ne renouvelable : Qair annonce une premi\u00e8re production sur le site Hyd\u2019Occ\",\"datePublished\":\"2026-01-05T07:00:00+00:00\",\"mainEntityOfPage\":{\"@id\":\"https:\/\/www.les-energies-renouvelables.eu\/article\/actualites\/energies\/hydrogene-renouvelable-qair-annonce-une-premiere-production-sur-le-site-hydocc-201\/\"},\"wordCount\":933,\"publisher\":{\"@id\":\"https:\/\/www.les-energies-renouvelables.eu\/article\/actualites\/#organization\"},\"image\":{\"@id\":\"https:\/\/www.les-energies-renouvelables.eu\/article\/actualites\/energies\/hydrogene-renouvelable-qair-annonce-une-premiere-production-sur-le-site-hydocc-201\/#primaryimage\"},\"thumbnailUrl\":\"https:\/\/www.les-energies-renouvelables.eu\/article\/actualites\/wp-content\/uploads\/2026\/01\/actualites-hydrogene-renouvelable-qair-annonce-une-premiere-production-sur-le-site-hydocc-production-hydrogene-renouvelable-occitanie-.jpg\",\"articleSection\":[\"\u00c9nergies\"],\"inLanguage\":\"fr-FR\"},{\"@type\":\"WebPage\",\"@id\":\"https:\/\/www.les-energies-renouvelables.eu\/article\/actualites\/energies\/hydrogene-renouvelable-qair-annonce-une-premiere-production-sur-le-site-hydocc-201\/\",\"url\":\"https:\/\/www.les-energies-renouvelables.eu\/article\/actualites\/energies\/hydrogene-renouvelable-qair-annonce-une-premiere-production-sur-le-site-hydocc-201\/\",\"name\":\"Hydrog\u00e8ne renouvelable : Qair annonce une premi\u00e8re production sur le site Hyd\u2019Occ - ECOinfos\",\"isPartOf\":{\"@id\":\"https:\/\/www.les-energies-renouvelables.eu\/article\/actualites\/#website\"},\"primaryImageOfPage\":{\"@id\":\"https:\/\/www.les-energies-renouvelables.eu\/article\/actualites\/energies\/hydrogene-renouvelable-qair-annonce-une-premiere-production-sur-le-site-hydocc-201\/#primaryimage\"},\"image\":{\"@id\":\"https:\/\/www.les-energies-renouvelables.eu\/article\/actualites\/energies\/hydrogene-renouvelable-qair-annonce-une-premiere-production-sur-le-site-hydocc-201\/#primaryimage\"},\"thumbnailUrl\":\"https:\/\/www.les-energies-renouvelables.eu\/article\/actualites\/wp-content\/uploads\/2026\/01\/actualites-hydrogene-renouvelable-qair-annonce-une-premiere-production-sur-le-site-hydocc-production-hydrogene-renouvelable-occitanie-.jpg\",\"datePublished\":\"2026-01-05T07:00:00+00:00\",\"description\":\"Qair annonce la production d\u2019une premi\u00e8re mol\u00e9cule d\u2019hydrog\u00e8ne renouvelable sur le site Hyd\u2019Occ (Aude). Analyse d'un jalon industriel pour la mobilit\u00e9 lourde et le projet Corridor H2.\",\"breadcrumb\":{\"@id\":\"https:\/\/www.les-energies-renouvelables.eu\/article\/actualites\/energies\/hydrogene-renouvelable-qair-annonce-une-premiere-production-sur-le-site-hydocc-201\/#breadcrumb\"},\"inLanguage\":\"fr-FR\",\"potentialAction\":[{\"@type\":\"ReadAction\",\"target\":[\"https:\/\/www.les-energies-renouvelables.eu\/article\/actualites\/energies\/hydrogene-renouvelable-qair-annonce-une-premiere-production-sur-le-site-hydocc-201\/\"]}]},{\"@type\":\"ImageObject\",\"inLanguage\":\"fr-FR\",\"@id\":\"https:\/\/www.les-energies-renouvelables.eu\/article\/actualites\/energies\/hydrogene-renouvelable-qair-annonce-une-premiere-production-sur-le-site-hydocc-201\/#primaryimage\",\"url\":\"https:\/\/www.les-energies-renouvelables.eu\/article\/actualites\/wp-content\/uploads\/2026\/01\/actualites-hydrogene-renouvelable-qair-annonce-une-premiere-production-sur-le-site-hydocc-production-hydrogene-renouvelable-occitanie-.jpg\",\"contentUrl\":\"https:\/\/www.les-energies-renouvelables.eu\/article\/actualites\/wp-content\/uploads\/2026\/01\/actualites-hydrogene-renouvelable-qair-annonce-une-premiere-production-sur-le-site-hydocc-production-hydrogene-renouvelable-occitanie-.jpg\",\"width\":1200,\"height\":675,\"caption\":\"Ideogram\"},{\"@type\":\"BreadcrumbList\",\"@id\":\"https:\/\/www.les-energies-renouvelables.eu\/article\/actualites\/energies\/hydrogene-renouvelable-qair-annonce-une-premiere-production-sur-le-site-hydocc-201\/#breadcrumb\",\"itemListElement\":[{\"@type\":\"ListItem\",\"position\":1,\"name\":\"Accueil\",\"item\":\"https:\/\/www.les-energies-renouvelables.eu\/article\/actualites\/\"},{\"@type\":\"ListItem\",\"position\":2,\"name\":\"Hydrog\u00e8ne renouvelable : Qair annonce une premi\u00e8re production sur le site Hyd\u2019Occ\"}]},{\"@type\":\"WebSite\",\"@id\":\"https:\/\/www.les-energies-renouvelables.eu\/article\/actualites\/#website\",\"url\":\"https:\/\/www.les-energies-renouvelables.eu\/article\/actualites\/\",\"name\":\"ECOinfos Energies renouvelables\",\"description\":\"Le d\u00e9cryptage quotidien du secteur des \u00e9nergies renouvelables\",\"publisher\":{\"@id\":\"https:\/\/www.les-energies-renouvelables.eu\/article\/actualites\/#organization\"},\"potentialAction\":[{\"@type\":\"SearchAction\",\"target\":{\"@type\":\"EntryPoint\",\"urlTemplate\":\"https:\/\/www.les-energies-renouvelables.eu\/article\/actualites\/?s={search_term_string}\"},\"query-input\":{\"@type\":\"PropertyValueSpecification\",\"valueRequired\":true,\"valueName\":\"search_term_string\"}}],\"inLanguage\":\"fr-FR\"},{\"@type\":\"Organization\",\"@id\":\"https:\/\/www.les-energies-renouvelables.eu\/article\/actualites\/#organization\",\"name\":\"ECOinfos Energies renouvelables\",\"url\":\"https:\/\/www.les-energies-renouvelables.eu\/article\/actualites\/\",\"logo\":{\"@type\":\"ImageObject\",\"inLanguage\":\"fr-FR\",\"@id\":\"https:\/\/www.les-energies-renouvelables.eu\/article\/actualites\/#\/schema\/logo\/image\/\",\"url\":\"https:\/\/www.les-energies-renouvelables.eu\/article\/actualites\/wp-content\/uploads\/2025\/11\/ecoinfos.eldorado-consulting.com-logo-logo.svg\",\"contentUrl\":\"https:\/\/www.les-energies-renouvelables.eu\/article\/actualites\/wp-content\/uploads\/2025\/11\/ecoinfos.eldorado-consulting.com-logo-logo.svg\",\"caption\":\"ECOinfos Energies renouvelables\"},\"image\":{\"@id\":\"https:\/\/www.les-energies-renouvelables.eu\/article\/actualites\/#\/schema\/logo\/image\/\"},\"sameAs\":[\"https:\/\/www.facebook.com\/ecoannuaire.energierenouvelable\/\",\"https:\/\/x.com\/ECOinfosENR\",\"https:\/\/www.linkedin.com\/company\/ecoinfos-energies-renouvelables\/\",\"https:\/\/www.youtube.com\/@ecoinfosenergies\",\"https:\/\/share.google\/dyKHJPxAV42WhhjbM\"]},{\"@type\":\"Person\",\"@id\":\"https:\/\/www.les-energies-renouvelables.eu\/article\/actualites\/#\/schema\/person\/2c7d09eb5ca339c12ca8d86145440169\",\"name\":\"Alexia JACQUARD\",\"pronouns\":\"elle\/elle\",\"image\":{\"@type\":\"ImageObject\",\"inLanguage\":\"fr-FR\",\"@id\":\"https:\/\/www.les-energies-renouvelables.eu\/article\/actualites\/#\/schema\/person\/image\/\",\"url\":\"https:\/\/www.les-energies-renouvelables.eu\/article\/actualites\/wp-content\/uploads\/2026\/01\/actualites-alexia-jacquard-alexia-jacquard-160x160.jpg\",\"contentUrl\":\"https:\/\/www.les-energies-renouvelables.eu\/article\/actualites\/wp-content\/uploads\/2026\/01\/actualites-alexia-jacquard-alexia-jacquard-160x160.jpg\",\"caption\":\"Alexia JACQUARD\"},\"description\":\"Curieuse de nature et attentif aux enjeux du d\u00e9veloppement durable, Alexia Jacquard suit l'actualit\u00e9 des \u00e9nergies renouvelables pour partager les derni\u00e8res nouveaut\u00e9s du secteur. Elle s'attache \u00e0 retranscrire simplement les informations cl\u00e9s et les initiatives positives qui marquent la transition \u00e9nerg\u00e9tique. Son objectif : proposer des articles d'actualit\u00e9 clairs et accessibles pour tous ceux qui s'int\u00e9ressent \u00e0 l'avenir de notre \u00e9nergie.\",\"sameAs\":[\"https:\/\/alexia-jacquard.fr\",\"https:\/\/www.facebook.com\/tictacf2c\/\",\"https:\/\/www.instagram.com\/alexia_redac\/\",\"https:\/\/www.linkedin.com\/in\/alexia-jacquard-449a4b289\/\",\"https:\/\/fr.pinterest.com\/alexiajacquard\/\",\"https:\/\/x.com\/alexiajcrd\",\"https:\/\/www.youtube.com\/@Thepaindemie\",\"https:\/\/muckrack.com\/alexia-jacquard\"],\"url\":\"https:\/\/www.les-energies-renouvelables.eu\/article\/actualites\/author\/alexia-jacquard\/\"}]}<\/script>\n<!-- \/ Yoast SEO plugin. -->","yoast_head_json":{"title":"Hydrog\u00e8ne renouvelable : Qair annonce une premi\u00e8re production sur le site Hyd\u2019Occ - ECOinfos","description":"Qair annonce la production d\u2019une premi\u00e8re mol\u00e9cule d\u2019hydrog\u00e8ne renouvelable sur le site Hyd\u2019Occ (Aude). Analyse d'un jalon industriel pour la mobilit\u00e9 lourde et le projet Corridor H2.","robots":{"index":"index","follow":"follow","max-snippet":"max-snippet:-1","max-image-preview":"max-image-preview:large","max-video-preview":"max-video-preview:-1"},"canonical":"https:\/\/www.les-energies-renouvelables.eu\/article\/actualites\/energies\/hydrogene-renouvelable-qair-annonce-une-premiere-production-sur-le-site-hydocc-201\/","og_locale":"fr_FR","og_type":"article","og_title":"Hydrog\u00e8ne renouvelable : Qair annonce une premi\u00e8re production sur le site Hyd\u2019Occ - ECOinfos","og_description":"Qair annonce la production d\u2019une premi\u00e8re mol\u00e9cule d\u2019hydrog\u00e8ne renouvelable sur le site Hyd\u2019Occ (Aude). Analyse d'un jalon industriel pour la mobilit\u00e9 lourde et le projet Corridor H2.","og_url":"https:\/\/www.les-energies-renouvelables.eu\/article\/actualites\/energies\/hydrogene-renouvelable-qair-annonce-une-premiere-production-sur-le-site-hydocc-201\/","og_site_name":"ECOinfos Energies renouvelables","article_publisher":"https:\/\/www.facebook.com\/ecoannuaire.energierenouvelable\/","article_author":"https:\/\/www.facebook.com\/tictacf2c\/","article_published_time":"2026-01-05T07:00:00+00:00","og_image":[{"width":1200,"height":675,"url":"https:\/\/www.les-energies-renouvelables.eu\/article\/actualites\/wp-content\/uploads\/2026\/01\/actualites-hydrogene-renouvelable-qair-annonce-une-premiere-production-sur-le-site-hydocc-production-hydrogene-renouvelable-occitanie-.jpg","type":"image\/jpeg"}],"author":"Alexia JACQUARD","twitter_card":"summary_large_image","twitter_creator":"@alexiajcrd","twitter_site":"@ECOinfosENR","twitter_misc":{"\u00c9crit par":"Alexia JACQUARD","Dur\u00e9e de lecture estim\u00e9e":"5 minutes"},"schema":{"@context":"https:\/\/schema.org","@graph":[{"@type":"Article","@id":"https:\/\/www.les-energies-renouvelables.eu\/article\/actualites\/energies\/hydrogene-renouvelable-qair-annonce-une-premiere-production-sur-le-site-hydocc-201\/#article","isPartOf":{"@id":"https:\/\/www.les-energies-renouvelables.eu\/article\/actualites\/energies\/hydrogene-renouvelable-qair-annonce-une-premiere-production-sur-le-site-hydocc-201\/"},"author":{"name":"Alexia JACQUARD","@id":"https:\/\/www.les-energies-renouvelables.eu\/article\/actualites\/#\/schema\/person\/2c7d09eb5ca339c12ca8d86145440169"},"headline":"Hydrog\u00e8ne renouvelable : Qair annonce une premi\u00e8re production sur le site Hyd\u2019Occ","datePublished":"2026-01-05T07:00:00+00:00","mainEntityOfPage":{"@id":"https:\/\/www.les-energies-renouvelables.eu\/article\/actualites\/energies\/hydrogene-renouvelable-qair-annonce-une-premiere-production-sur-le-site-hydocc-201\/"},"wordCount":933,"publisher":{"@id":"https:\/\/www.les-energies-renouvelables.eu\/article\/actualites\/#organization"},"image":{"@id":"https:\/\/www.les-energies-renouvelables.eu\/article\/actualites\/energies\/hydrogene-renouvelable-qair-annonce-une-premiere-production-sur-le-site-hydocc-201\/#primaryimage"},"thumbnailUrl":"https:\/\/www.les-energies-renouvelables.eu\/article\/actualites\/wp-content\/uploads\/2026\/01\/actualites-hydrogene-renouvelable-qair-annonce-une-premiere-production-sur-le-site-hydocc-production-hydrogene-renouvelable-occitanie-.jpg","articleSection":["\u00c9nergies"],"inLanguage":"fr-FR"},{"@type":"WebPage","@id":"https:\/\/www.les-energies-renouvelables.eu\/article\/actualites\/energies\/hydrogene-renouvelable-qair-annonce-une-premiere-production-sur-le-site-hydocc-201\/","url":"https:\/\/www.les-energies-renouvelables.eu\/article\/actualites\/energies\/hydrogene-renouvelable-qair-annonce-une-premiere-production-sur-le-site-hydocc-201\/","name":"Hydrog\u00e8ne renouvelable : Qair annonce une premi\u00e8re production sur le site Hyd\u2019Occ - ECOinfos","isPartOf":{"@id":"https:\/\/www.les-energies-renouvelables.eu\/article\/actualites\/#website"},"primaryImageOfPage":{"@id":"https:\/\/www.les-energies-renouvelables.eu\/article\/actualites\/energies\/hydrogene-renouvelable-qair-annonce-une-premiere-production-sur-le-site-hydocc-201\/#primaryimage"},"image":{"@id":"https:\/\/www.les-energies-renouvelables.eu\/article\/actualites\/energies\/hydrogene-renouvelable-qair-annonce-une-premiere-production-sur-le-site-hydocc-201\/#primaryimage"},"thumbnailUrl":"https:\/\/www.les-energies-renouvelables.eu\/article\/actualites\/wp-content\/uploads\/2026\/01\/actualites-hydrogene-renouvelable-qair-annonce-une-premiere-production-sur-le-site-hydocc-production-hydrogene-renouvelable-occitanie-.jpg","datePublished":"2026-01-05T07:00:00+00:00","description":"Qair annonce la production d\u2019une premi\u00e8re mol\u00e9cule d\u2019hydrog\u00e8ne renouvelable sur le site Hyd\u2019Occ (Aude). Analyse d'un jalon industriel pour la mobilit\u00e9 lourde et le projet Corridor H2.","breadcrumb":{"@id":"https:\/\/www.les-energies-renouvelables.eu\/article\/actualites\/energies\/hydrogene-renouvelable-qair-annonce-une-premiere-production-sur-le-site-hydocc-201\/#breadcrumb"},"inLanguage":"fr-FR","potentialAction":[{"@type":"ReadAction","target":["https:\/\/www.les-energies-renouvelables.eu\/article\/actualites\/energies\/hydrogene-renouvelable-qair-annonce-une-premiere-production-sur-le-site-hydocc-201\/"]}]},{"@type":"ImageObject","inLanguage":"fr-FR","@id":"https:\/\/www.les-energies-renouvelables.eu\/article\/actualites\/energies\/hydrogene-renouvelable-qair-annonce-une-premiere-production-sur-le-site-hydocc-201\/#primaryimage","url":"https:\/\/www.les-energies-renouvelables.eu\/article\/actualites\/wp-content\/uploads\/2026\/01\/actualites-hydrogene-renouvelable-qair-annonce-une-premiere-production-sur-le-site-hydocc-production-hydrogene-renouvelable-occitanie-.jpg","contentUrl":"https:\/\/www.les-energies-renouvelables.eu\/article\/actualites\/wp-content\/uploads\/2026\/01\/actualites-hydrogene-renouvelable-qair-annonce-une-premiere-production-sur-le-site-hydocc-production-hydrogene-renouvelable-occitanie-.jpg","width":1200,"height":675,"caption":"Ideogram"},{"@type":"BreadcrumbList","@id":"https:\/\/www.les-energies-renouvelables.eu\/article\/actualites\/energies\/hydrogene-renouvelable-qair-annonce-une-premiere-production-sur-le-site-hydocc-201\/#breadcrumb","itemListElement":[{"@type":"ListItem","position":1,"name":"Accueil","item":"https:\/\/www.les-energies-renouvelables.eu\/article\/actualites\/"},{"@type":"ListItem","position":2,"name":"Hydrog\u00e8ne renouvelable : Qair annonce une premi\u00e8re production sur le site Hyd\u2019Occ"}]},{"@type":"WebSite","@id":"https:\/\/www.les-energies-renouvelables.eu\/article\/actualites\/#website","url":"https:\/\/www.les-energies-renouvelables.eu\/article\/actualites\/","name":"ECOinfos Energies renouvelables","description":"Le d\u00e9cryptage quotidien du secteur des \u00e9nergies renouvelables","publisher":{"@id":"https:\/\/www.les-energies-renouvelables.eu\/article\/actualites\/#organization"},"potentialAction":[{"@type":"SearchAction","target":{"@type":"EntryPoint","urlTemplate":"https:\/\/www.les-energies-renouvelables.eu\/article\/actualites\/?s={search_term_string}"},"query-input":{"@type":"PropertyValueSpecification","valueRequired":true,"valueName":"search_term_string"}}],"inLanguage":"fr-FR"},{"@type":"Organization","@id":"https:\/\/www.les-energies-renouvelables.eu\/article\/actualites\/#organization","name":"ECOinfos Energies renouvelables","url":"https:\/\/www.les-energies-renouvelables.eu\/article\/actualites\/","logo":{"@type":"ImageObject","inLanguage":"fr-FR","@id":"https:\/\/www.les-energies-renouvelables.eu\/article\/actualites\/#\/schema\/logo\/image\/","url":"https:\/\/www.les-energies-renouvelables.eu\/article\/actualites\/wp-content\/uploads\/2025\/11\/ecoinfos.eldorado-consulting.com-logo-logo.svg","contentUrl":"https:\/\/www.les-energies-renouvelables.eu\/article\/actualites\/wp-content\/uploads\/2025\/11\/ecoinfos.eldorado-consulting.com-logo-logo.svg","caption":"ECOinfos Energies renouvelables"},"image":{"@id":"https:\/\/www.les-energies-renouvelables.eu\/article\/actualites\/#\/schema\/logo\/image\/"},"sameAs":["https:\/\/www.facebook.com\/ecoannuaire.energierenouvelable\/","https:\/\/x.com\/ECOinfosENR","https:\/\/www.linkedin.com\/company\/ecoinfos-energies-renouvelables\/","https:\/\/www.youtube.com\/@ecoinfosenergies","https:\/\/share.google\/dyKHJPxAV42WhhjbM"]},{"@type":"Person","@id":"https:\/\/www.les-energies-renouvelables.eu\/article\/actualites\/#\/schema\/person\/2c7d09eb5ca339c12ca8d86145440169","name":"Alexia JACQUARD","pronouns":"elle\/elle","image":{"@type":"ImageObject","inLanguage":"fr-FR","@id":"https:\/\/www.les-energies-renouvelables.eu\/article\/actualites\/#\/schema\/person\/image\/","url":"https:\/\/www.les-energies-renouvelables.eu\/article\/actualites\/wp-content\/uploads\/2026\/01\/actualites-alexia-jacquard-alexia-jacquard-160x160.jpg","contentUrl":"https:\/\/www.les-energies-renouvelables.eu\/article\/actualites\/wp-content\/uploads\/2026\/01\/actualites-alexia-jacquard-alexia-jacquard-160x160.jpg","caption":"Alexia JACQUARD"},"description":"Curieuse de nature et attentif aux enjeux du d\u00e9veloppement durable, Alexia Jacquard suit l'actualit\u00e9 des \u00e9nergies renouvelables pour partager les derni\u00e8res nouveaut\u00e9s du secteur. Elle s'attache \u00e0 retranscrire simplement les informations cl\u00e9s et les initiatives positives qui marquent la transition \u00e9nerg\u00e9tique. Son objectif : proposer des articles d'actualit\u00e9 clairs et accessibles pour tous ceux qui s'int\u00e9ressent \u00e0 l'avenir de notre \u00e9nergie.","sameAs":["https:\/\/alexia-jacquard.fr","https:\/\/www.facebook.com\/tictacf2c\/","https:\/\/www.instagram.com\/alexia_redac\/","https:\/\/www.linkedin.com\/in\/alexia-jacquard-449a4b289\/","https:\/\/fr.pinterest.com\/alexiajacquard\/","https:\/\/x.com\/alexiajcrd","https:\/\/www.youtube.com\/@Thepaindemie","https:\/\/muckrack.com\/alexia-jacquard"],"url":"https:\/\/www.les-energies-renouvelables.eu\/article\/actualites\/author\/alexia-jacquard\/"}]}},"_links":{"self":[{"href":"https:\/\/www.les-energies-renouvelables.eu\/article\/actualites\/wp-json\/wp\/v2\/posts\/201","targetHints":{"allow":["GET"]}}],"collection":[{"href":"https:\/\/www.les-energies-renouvelables.eu\/article\/actualites\/wp-json\/wp\/v2\/posts"}],"about":[{"href":"https:\/\/www.les-energies-renouvelables.eu\/article\/actualites\/wp-json\/wp\/v2\/types\/post"}],"author":[{"embeddable":true,"href":"https:\/\/www.les-energies-renouvelables.eu\/article\/actualites\/wp-json\/wp\/v2\/users\/2"}],"replies":[{"embeddable":true,"href":"https:\/\/www.les-energies-renouvelables.eu\/article\/actualites\/wp-json\/wp\/v2\/comments?post=201"}],"version-history":[{"count":1,"href":"https:\/\/www.les-energies-renouvelables.eu\/article\/actualites\/wp-json\/wp\/v2\/posts\/201\/revisions"}],"predecessor-version":[{"id":202,"href":"https:\/\/www.les-energies-renouvelables.eu\/article\/actualites\/wp-json\/wp\/v2\/posts\/201\/revisions\/202"}],"wp:featuredmedia":[{"embeddable":true,"href":"https:\/\/www.les-energies-renouvelables.eu\/article\/actualites\/wp-json\/wp\/v2\/media\/211"}],"wp:attachment":[{"href":"https:\/\/www.les-energies-renouvelables.eu\/article\/actualites\/wp-json\/wp\/v2\/media?parent=201"}],"wp:term":[{"taxonomy":"category","embeddable":true,"href":"https:\/\/www.les-energies-renouvelables.eu\/article\/actualites\/wp-json\/wp\/v2\/categories?post=201"},{"taxonomy":"post_tag","embeddable":true,"href":"https:\/\/www.les-energies-renouvelables.eu\/article\/actualites\/wp-json\/wp\/v2\/tags?post=201"}],"curies":[{"name":"wp","href":"https:\/\/api.w.org\/{rel}","templated":true}]}}