{"id":195,"date":"2025-12-31T08:00:00","date_gmt":"2025-12-31T07:00:00","guid":{"rendered":"https:\/\/www.les-energies-renouvelables.eu\/article\/actualites\/?p=195"},"modified":"2026-01-01T22:02:25","modified_gmt":"2026-01-01T21:02:25","slug":"le-marche-mondial-de-lelectrique-en-2025-lacceleration-des-pays-emergents-face-au-palier-europeen","status":"publish","type":"post","link":"https:\/\/www.les-energies-renouvelables.eu\/article\/actualites\/environnement\/le-marche-mondial-de-lelectrique-en-2025-lacceleration-des-pays-emergents-face-au-palier-europeen-195\/","title":{"rendered":"Le march\u00e9 mondial de l&rsquo;\u00e9lectrique en 2025 : l&rsquo;acc\u00e9l\u00e9ration des pays \u00e9mergents face au palier europ\u00e9en"},"content":{"rendered":"\n<p>R\u00e9sum\u00e9 :&nbsp;<\/p>\n\n\n\n<ul class=\"wp-block-list\">\n<li><strong>Volume mondial<\/strong> : 17 millions de v\u00e9hicules vendus en 2024, soit une hausse de plus de 25 % <strong>(Source : IEA)<\/strong>.<\/li>\n\n\n\n<li><strong>Transition europ\u00e9enne<\/strong> : Une part de march\u00e9 stable autour de 20 % en 2024, avec des signes de rebond \u00e0 25 % au premier trimestre 2025 <strong>(Source : IEA)<\/strong>.<\/li>\n\n\n\n<li><strong>Domination chinoise<\/strong> : Les ventes de v\u00e9hicules \u00e9lectriques y ont d\u00e9pass\u00e9 celles des mod\u00e8les thermiques sur plusieurs mois d\u00e8s l&rsquo;\u00e9t\u00e9 2024 <strong>(Source : IEA)<\/strong>.<\/li>\n\n\n\n<li><strong>Nouveaux leaders<\/strong> : Le Vietnam et la Tha\u00eflande affichent des parts de march\u00e9 d\u00e9sormais comparables ou sup\u00e9rieures \u00e0 la moyenne europ\u00e9enne <strong>(Source : Ember \/ IEA)<\/strong>.<\/li>\n\n\n\n<li><strong>Bilan \u00e9nerg\u00e9tique<\/strong> : L&rsquo;\u00e9lectrification a permis d&rsquo;\u00e9conomiser environ un million de barils de p\u00e9trole par jour en 2024 <strong>(Source : IEA)<\/strong>.<\/li>\n<\/ul>\n\n\n\n<p>L&rsquo;ann\u00e9e 2024 marque un tournant dans la transition vers la mobilit\u00e9 d\u00e9carbon\u00e9e. Selon le rapport <em>Global EV Outlook 2025<\/em>de l\u2019Agence internationale de l&rsquo;\u00e9nergie (IEA), les moteurs de la croissance se diversifient. Si l&rsquo;Europe semble marquer un temps d&rsquo;arr\u00eat, cette situation contraste avec l&rsquo;acc\u00e9l\u00e9ration des \u00e9conomies \u00e9mergentes, o\u00f9 le v\u00e9hicule \u00e9lectrique devient un levier de d\u00e9veloppement majeur.<\/p>\n\n\n\n<h2 class=\"wp-block-heading\">Le \u00ab\u00a0faux plat\u00a0\u00bb europ\u00e9en : une phase de r\u00e9glage politique et budg\u00e9taire<\/h2>\n\n\n\n<p>Dans l\u2019Union europ\u00e9enne, le march\u00e9 a connu une ann\u00e9e de transition. Environ une voiture sur cinq vendue en 2024 \u00e9tait \u00e9lectrique, maintenant ainsi la part de march\u00e9 de l&rsquo;ann\u00e9e pr\u00e9c\u00e9dente. Ce ralentissement s&rsquo;explique par la r\u00e9duction ou la suppression des <strong>aides directes<\/strong>, comme en Allemagne et en France. Cependant, l&rsquo;IEA observe d\u00e9j\u00e0 un rebond au premier trimestre 2025, avec une moyenne d&rsquo;une voiture sur quatre vendue en Europe.<\/p>\n\n\n\n<p>Dans ce contexte, la Commission europ\u00e9enne a pr\u00e9sent\u00e9 en d\u00e9cembre 2024 une proposition de <strong>\u00ab paquet automobile \u00bb<\/strong>. Selon <em>Connaissance des \u00c9nergies<\/em>, ce texte sugg\u00e8re d&rsquo;ajuster l&rsquo;objectif 2035 vers une r\u00e9duction de 90 % des \u00e9missions \u00e0 l&rsquo;\u00e9chappement, les 10 % restants pouvant \u00eatre compens\u00e9s par des <strong>carburants de synth\u00e8se<\/strong> ou des <strong>biocarburants<\/strong>. Cette proposition, qui doit encore \u00eatre approuv\u00e9e par le Parlement et le Conseil, fait d\u00e9bat : si elle offre une souplesse technologique, elle est critiqu\u00e9e par certains experts pour le risque de complexifier les normes actuelles.<\/p>\n\n\n\n<h2 class=\"wp-block-heading\">La Chine : une comp\u00e9titivit\u00e9-prix qui red\u00e9finit le standard<\/h2>\n\n\n\n<p>La Chine confirme son statut de premier march\u00e9 mondial avec plus de 11 millions de ventes en 2024. Pour la premi\u00e8re fois cette ann\u00e9e-l\u00e0, les ventes mensuelles de v\u00e9hicules \u00e9lectriques ont d\u00e9pass\u00e9 celles des mod\u00e8les conventionnels d\u00e8s juillet. Cette trajectoire est soutenue par une forte baisse des co\u00fbts de production. L\u2019IEA souligne qu&rsquo;en Chine, la <strong>comp\u00e9titivit\u00e9-prix<\/strong> de nombreux mod\u00e8les \u00e9lectriques les rapproche d\u00e9sormais de la parit\u00e9 avec le thermique.<\/p>\n\n\n\n<p>L&rsquo;innovation y est \u00e9galement un moteur cl\u00e9 : l&rsquo;essor des v\u00e9hicules \u00e0 <strong>prolongateurs d&rsquo;autonomie (EREV)<\/strong> permet de r\u00e9pondre aux besoins de mobilit\u00e9 l\u00e0 o\u00f9 les r\u00e9seaux de recharge sont encore en cours de renforcement.<\/p>\n\n\n\n<h2 class=\"wp-block-heading\">L\u2019essor des pays \u00e9mergents : de nouveaux p\u00f4les de croissance<\/h2>\n\n\n\n<p>La croissance se d\u00e9place d\u00e9sormais vers les \u00e9conomies en d\u00e9veloppement. Selon le think-tank Ember, cit\u00e9 par <em>Connaissance des \u00c9nergies<\/em>, le Vietnam pourrait quasiment atteindre 40 % de part de march\u00e9 d\u00e8s 2025. En Tha\u00eflande, malgr\u00e9 une baisse des ventes globales de 10 %, la part de l&rsquo;\u00e9lectrique est mont\u00e9e \u00e0 13 % en 2024, le march\u00e9 thermique ayant recul\u00e9 plus fortement.<\/p>\n\n\n\n<p>Le <strong>Mexique<\/strong> et le <strong>Br\u00e9sil<\/strong> s&rsquo;imposent \u00e9galement comme des destinations majeures pour les constructeurs, avec des volumes de ventes qui ont doubl\u00e9 dans de nombreux pays d&rsquo;Am\u00e9rique latine en 2024. Ces r\u00e9gions b\u00e9n\u00e9ficient de politiques d&rsquo;incitation fiscale et d&rsquo;un int\u00e9r\u00eat croissant pour la r\u00e9duction de la pollution urbaine.<\/p>\n\n\n\n<h2 class=\"wp-block-heading\">Les b\u00e9n\u00e9fices mesur\u00e9s de l&rsquo;\u00e9lectrification<\/h2>\n\n\n\n<p>Cette mutation influe directement sur la demande d&rsquo;\u00e9nergies fossiles. L\u2019IEA estime que le stock mondial de v\u00e9hicules \u00e9lectriques a permis d&rsquo;\u00e9conomiser plus d&rsquo;un million de barils de p\u00e9trole par jour en 2024. L&rsquo;exemple de la <strong>Norv\u00e8ge<\/strong> reste une r\u00e9f\u00e9rence : avec pr\u00e8s de 88 % de ventes de mod\u00e8les 100 % \u00e9lectriques (BEV) en 2024, le pays d\u00e9montre la viabilit\u00e9 d&rsquo;une transition quasi totale du parc automobile.<\/p>\n\n\n\n<p>N\u00e9anmoins, le d\u00e9ploiement des <strong>infrastructures de recharge<\/strong> demeure un d\u00e9fi mondial. Pour l&rsquo;IEA comme pour Ember, la synchronisation entre les ventes de v\u00e9hicules et l&rsquo;installation de bornes reste la condition essentielle pour p\u00e9renniser ce mouvement.<\/p>\n\n\n\n<p>L&rsquo;ann\u00e9e 2025 marque une nouvelle phase pour l&rsquo;industrie europ\u00e9enne avec le renforcement des objectifs CO2, qui devrait inciter les marques \u00e0 favoriser des mod\u00e8les plus abordables.Si les d\u00e9bats sur les \u00ab flexibilit\u00e9s \u00bb r\u00e9glementaires occupent le devant de la sc\u00e8ne en Europe, la tendance mondiale, elle, est port\u00e9e par des facteurs structurels : comp\u00e9titivit\u00e9 accrue des prix en Asie et enjeux de <strong>souverainet\u00e9 \u00e9nerg\u00e9tique<\/strong>. La trajectoire vers une mobilit\u00e9 d\u00e9carbon\u00e9e s&rsquo;affirme ainsi comme un axe central de la transition \u00e9nerg\u00e9tique globale pour les ann\u00e9es \u00e0 venir.<\/p>\n","protected":false},"excerpt":{"rendered":"","protected":false},"author":2,"featured_media":204,"comment_status":"closed","ping_status":"closed","sticky":false,"template":"","format":"standard","meta":{"footnotes":""},"categories":[4],"tags":[],"class_list":["post-195","post","type-post","status-publish","format-standard","has-post-thumbnail","hentry","category-environnement","masonry-post","generate-columns","tablet-grid-50","mobile-grid-100","grid-parent","grid-33"],"yoast_head":"<!-- This site is optimized with the Yoast SEO plugin v26.6 - https:\/\/yoast.com\/wordpress\/plugins\/seo\/ -->\n<title>Le march\u00e9 mondial de l&#039;\u00e9lectrique en 2025 : l&#039;acc\u00e9l\u00e9ration des pays \u00e9mergents face au palier europ\u00e9en - ECOinfos<\/title>\n<meta name=\"description\" content=\"D\u00e9couvrez pourquoi le march\u00e9 de la voiture \u00e9lectrique progresse dans les pays \u00e9mergents (Vietnam, Tha\u00eflande, Br\u00e9sil) alors que l&#039;Europe marque une pause r\u00e9glementaire. Analyse compl\u00e8te bas\u00e9e sur le rapport IEA 2025.\" \/>\n<meta name=\"robots\" content=\"index, follow, max-snippet:-1, max-image-preview:large, max-video-preview:-1\" \/>\n<link rel=\"canonical\" href=\"https:\/\/www.les-energies-renouvelables.eu\/article\/actualites\/environnement\/le-marche-mondial-de-lelectrique-en-2025-lacceleration-des-pays-emergents-face-au-palier-europeen-195\/\" \/>\n<meta property=\"og:locale\" content=\"fr_FR\" \/>\n<meta property=\"og:type\" content=\"article\" \/>\n<meta property=\"og:title\" content=\"Le march\u00e9 mondial de l&#039;\u00e9lectrique en 2025 : l&#039;acc\u00e9l\u00e9ration des pays \u00e9mergents face au palier europ\u00e9en - ECOinfos\" \/>\n<meta property=\"og:description\" content=\"D\u00e9couvrez pourquoi le march\u00e9 de la voiture \u00e9lectrique progresse dans les pays \u00e9mergents (Vietnam, Tha\u00eflande, Br\u00e9sil) alors que l&#039;Europe marque une pause r\u00e9glementaire. Analyse compl\u00e8te bas\u00e9e sur le rapport IEA 2025.\" \/>\n<meta property=\"og:url\" content=\"https:\/\/www.les-energies-renouvelables.eu\/article\/actualites\/environnement\/le-marche-mondial-de-lelectrique-en-2025-lacceleration-des-pays-emergents-face-au-palier-europeen-195\/\" \/>\n<meta property=\"og:site_name\" content=\"ECOinfos Energies renouvelables\" \/>\n<meta property=\"article:publisher\" content=\"https:\/\/www.facebook.com\/ecoannuaire.energierenouvelable\/\" \/>\n<meta property=\"article:author\" content=\"https:\/\/www.facebook.com\/tictacf2c\/\" \/>\n<meta property=\"article:published_time\" content=\"2025-12-31T07:00:00+00:00\" \/>\n<meta property=\"article:modified_time\" content=\"2026-01-01T21:02:25+00:00\" \/>\n<meta property=\"og:image\" content=\"https:\/\/www.les-energies-renouvelables.eu\/article\/actualites\/wp-content\/uploads\/2026\/01\/actualites-hydrogene-renouvelable-qair-annonce-une-premiere-production-sur-le-site-hydocc-marche-mondial-voiture-electrique-2025.jpg\" \/>\n\t<meta property=\"og:image:width\" content=\"1200\" \/>\n\t<meta property=\"og:image:height\" content=\"675\" \/>\n\t<meta property=\"og:image:type\" content=\"image\/jpeg\" \/>\n<meta name=\"author\" content=\"Alexia JACQUARD\" \/>\n<meta name=\"twitter:card\" content=\"summary_large_image\" \/>\n<meta name=\"twitter:creator\" content=\"@alexiajcrd\" \/>\n<meta name=\"twitter:site\" content=\"@ECOinfosENR\" \/>\n<meta name=\"twitter:label1\" content=\"\u00c9crit par\" \/>\n\t<meta name=\"twitter:data1\" content=\"Alexia JACQUARD\" \/>\n\t<meta name=\"twitter:label2\" content=\"Dur\u00e9e de lecture estim\u00e9e\" \/>\n\t<meta name=\"twitter:data2\" content=\"4 minutes\" \/>\n<script type=\"application\/ld+json\" class=\"yoast-schema-graph\">{\"@context\":\"https:\/\/schema.org\",\"@graph\":[{\"@type\":\"Article\",\"@id\":\"https:\/\/www.les-energies-renouvelables.eu\/article\/actualites\/environnement\/le-marche-mondial-de-lelectrique-en-2025-lacceleration-des-pays-emergents-face-au-palier-europeen-195\/#article\",\"isPartOf\":{\"@id\":\"https:\/\/www.les-energies-renouvelables.eu\/article\/actualites\/environnement\/le-marche-mondial-de-lelectrique-en-2025-lacceleration-des-pays-emergents-face-au-palier-europeen-195\/\"},\"author\":{\"name\":\"Alexia JACQUARD\",\"@id\":\"https:\/\/www.les-energies-renouvelables.eu\/article\/actualites\/#\/schema\/person\/2c7d09eb5ca339c12ca8d86145440169\"},\"headline\":\"Le march\u00e9 mondial de l&rsquo;\u00e9lectrique en 2025 : l&rsquo;acc\u00e9l\u00e9ration des pays \u00e9mergents face au palier europ\u00e9en\",\"datePublished\":\"2025-12-31T07:00:00+00:00\",\"dateModified\":\"2026-01-01T21:02:25+00:00\",\"mainEntityOfPage\":{\"@id\":\"https:\/\/www.les-energies-renouvelables.eu\/article\/actualites\/environnement\/le-marche-mondial-de-lelectrique-en-2025-lacceleration-des-pays-emergents-face-au-palier-europeen-195\/\"},\"wordCount\":867,\"publisher\":{\"@id\":\"https:\/\/www.les-energies-renouvelables.eu\/article\/actualites\/#organization\"},\"image\":{\"@id\":\"https:\/\/www.les-energies-renouvelables.eu\/article\/actualites\/environnement\/le-marche-mondial-de-lelectrique-en-2025-lacceleration-des-pays-emergents-face-au-palier-europeen-195\/#primaryimage\"},\"thumbnailUrl\":\"https:\/\/www.les-energies-renouvelables.eu\/article\/actualites\/wp-content\/uploads\/2026\/01\/actualites-hydrogene-renouvelable-qair-annonce-une-premiere-production-sur-le-site-hydocc-marche-mondial-voiture-electrique-2025.jpg\",\"articleSection\":[\"Environnement\"],\"inLanguage\":\"fr-FR\"},{\"@type\":\"WebPage\",\"@id\":\"https:\/\/www.les-energies-renouvelables.eu\/article\/actualites\/environnement\/le-marche-mondial-de-lelectrique-en-2025-lacceleration-des-pays-emergents-face-au-palier-europeen-195\/\",\"url\":\"https:\/\/www.les-energies-renouvelables.eu\/article\/actualites\/environnement\/le-marche-mondial-de-lelectrique-en-2025-lacceleration-des-pays-emergents-face-au-palier-europeen-195\/\",\"name\":\"Le march\u00e9 mondial de l'\u00e9lectrique en 2025 : l'acc\u00e9l\u00e9ration des pays \u00e9mergents face au palier europ\u00e9en - ECOinfos\",\"isPartOf\":{\"@id\":\"https:\/\/www.les-energies-renouvelables.eu\/article\/actualites\/#website\"},\"primaryImageOfPage\":{\"@id\":\"https:\/\/www.les-energies-renouvelables.eu\/article\/actualites\/environnement\/le-marche-mondial-de-lelectrique-en-2025-lacceleration-des-pays-emergents-face-au-palier-europeen-195\/#primaryimage\"},\"image\":{\"@id\":\"https:\/\/www.les-energies-renouvelables.eu\/article\/actualites\/environnement\/le-marche-mondial-de-lelectrique-en-2025-lacceleration-des-pays-emergents-face-au-palier-europeen-195\/#primaryimage\"},\"thumbnailUrl\":\"https:\/\/www.les-energies-renouvelables.eu\/article\/actualites\/wp-content\/uploads\/2026\/01\/actualites-hydrogene-renouvelable-qair-annonce-une-premiere-production-sur-le-site-hydocc-marche-mondial-voiture-electrique-2025.jpg\",\"datePublished\":\"2025-12-31T07:00:00+00:00\",\"dateModified\":\"2026-01-01T21:02:25+00:00\",\"description\":\"D\u00e9couvrez pourquoi le march\u00e9 de la voiture \u00e9lectrique progresse dans les pays \u00e9mergents (Vietnam, Tha\u00eflande, Br\u00e9sil) alors que l'Europe marque une pause r\u00e9glementaire. Analyse compl\u00e8te bas\u00e9e sur le rapport IEA 2025.\",\"breadcrumb\":{\"@id\":\"https:\/\/www.les-energies-renouvelables.eu\/article\/actualites\/environnement\/le-marche-mondial-de-lelectrique-en-2025-lacceleration-des-pays-emergents-face-au-palier-europeen-195\/#breadcrumb\"},\"inLanguage\":\"fr-FR\",\"potentialAction\":[{\"@type\":\"ReadAction\",\"target\":[\"https:\/\/www.les-energies-renouvelables.eu\/article\/actualites\/environnement\/le-marche-mondial-de-lelectrique-en-2025-lacceleration-des-pays-emergents-face-au-palier-europeen-195\/\"]}]},{\"@type\":\"ImageObject\",\"inLanguage\":\"fr-FR\",\"@id\":\"https:\/\/www.les-energies-renouvelables.eu\/article\/actualites\/environnement\/le-marche-mondial-de-lelectrique-en-2025-lacceleration-des-pays-emergents-face-au-palier-europeen-195\/#primaryimage\",\"url\":\"https:\/\/www.les-energies-renouvelables.eu\/article\/actualites\/wp-content\/uploads\/2026\/01\/actualites-hydrogene-renouvelable-qair-annonce-une-premiere-production-sur-le-site-hydocc-marche-mondial-voiture-electrique-2025.jpg\",\"contentUrl\":\"https:\/\/www.les-energies-renouvelables.eu\/article\/actualites\/wp-content\/uploads\/2026\/01\/actualites-hydrogene-renouvelable-qair-annonce-une-premiere-production-sur-le-site-hydocc-marche-mondial-voiture-electrique-2025.jpg\",\"width\":1200,\"height\":675,\"caption\":\"Ieeogram\"},{\"@type\":\"BreadcrumbList\",\"@id\":\"https:\/\/www.les-energies-renouvelables.eu\/article\/actualites\/environnement\/le-marche-mondial-de-lelectrique-en-2025-lacceleration-des-pays-emergents-face-au-palier-europeen-195\/#breadcrumb\",\"itemListElement\":[{\"@type\":\"ListItem\",\"position\":1,\"name\":\"Accueil\",\"item\":\"https:\/\/www.les-energies-renouvelables.eu\/article\/actualites\/\"},{\"@type\":\"ListItem\",\"position\":2,\"name\":\"Le march\u00e9 mondial de l&rsquo;\u00e9lectrique en 2025 : l&rsquo;acc\u00e9l\u00e9ration des pays \u00e9mergents face au palier europ\u00e9en\"}]},{\"@type\":\"WebSite\",\"@id\":\"https:\/\/www.les-energies-renouvelables.eu\/article\/actualites\/#website\",\"url\":\"https:\/\/www.les-energies-renouvelables.eu\/article\/actualites\/\",\"name\":\"ECOinfos Energies renouvelables\",\"description\":\"Le d\u00e9cryptage quotidien du secteur des \u00e9nergies renouvelables\",\"publisher\":{\"@id\":\"https:\/\/www.les-energies-renouvelables.eu\/article\/actualites\/#organization\"},\"potentialAction\":[{\"@type\":\"SearchAction\",\"target\":{\"@type\":\"EntryPoint\",\"urlTemplate\":\"https:\/\/www.les-energies-renouvelables.eu\/article\/actualites\/?s={search_term_string}\"},\"query-input\":{\"@type\":\"PropertyValueSpecification\",\"valueRequired\":true,\"valueName\":\"search_term_string\"}}],\"inLanguage\":\"fr-FR\"},{\"@type\":\"Organization\",\"@id\":\"https:\/\/www.les-energies-renouvelables.eu\/article\/actualites\/#organization\",\"name\":\"ECOinfos Energies renouvelables\",\"url\":\"https:\/\/www.les-energies-renouvelables.eu\/article\/actualites\/\",\"logo\":{\"@type\":\"ImageObject\",\"inLanguage\":\"fr-FR\",\"@id\":\"https:\/\/www.les-energies-renouvelables.eu\/article\/actualites\/#\/schema\/logo\/image\/\",\"url\":\"https:\/\/www.les-energies-renouvelables.eu\/article\/actualites\/wp-content\/uploads\/2025\/11\/ecoinfos.eldorado-consulting.com-logo-logo.svg\",\"contentUrl\":\"https:\/\/www.les-energies-renouvelables.eu\/article\/actualites\/wp-content\/uploads\/2025\/11\/ecoinfos.eldorado-consulting.com-logo-logo.svg\",\"caption\":\"ECOinfos Energies renouvelables\"},\"image\":{\"@id\":\"https:\/\/www.les-energies-renouvelables.eu\/article\/actualites\/#\/schema\/logo\/image\/\"},\"sameAs\":[\"https:\/\/www.facebook.com\/ecoannuaire.energierenouvelable\/\",\"https:\/\/x.com\/ECOinfosENR\",\"https:\/\/www.linkedin.com\/company\/ecoinfos-energies-renouvelables\/\",\"https:\/\/www.youtube.com\/@ecoinfosenergies\",\"https:\/\/share.google\/dyKHJPxAV42WhhjbM\"]},{\"@type\":\"Person\",\"@id\":\"https:\/\/www.les-energies-renouvelables.eu\/article\/actualites\/#\/schema\/person\/2c7d09eb5ca339c12ca8d86145440169\",\"name\":\"Alexia JACQUARD\",\"pronouns\":\"elle\/elle\",\"image\":{\"@type\":\"ImageObject\",\"inLanguage\":\"fr-FR\",\"@id\":\"https:\/\/www.les-energies-renouvelables.eu\/article\/actualites\/#\/schema\/person\/image\/\",\"url\":\"https:\/\/www.les-energies-renouvelables.eu\/article\/actualites\/wp-content\/uploads\/2026\/01\/actualites-alexia-jacquard-alexia-jacquard-160x160.jpg\",\"contentUrl\":\"https:\/\/www.les-energies-renouvelables.eu\/article\/actualites\/wp-content\/uploads\/2026\/01\/actualites-alexia-jacquard-alexia-jacquard-160x160.jpg\",\"caption\":\"Alexia JACQUARD\"},\"description\":\"Curieuse de nature et attentif aux enjeux du d\u00e9veloppement durable, Alexia Jacquard suit l'actualit\u00e9 des \u00e9nergies renouvelables pour partager les derni\u00e8res nouveaut\u00e9s du secteur. Elle s'attache \u00e0 retranscrire simplement les informations cl\u00e9s et les initiatives positives qui marquent la transition \u00e9nerg\u00e9tique. Son objectif : proposer des articles d'actualit\u00e9 clairs et accessibles pour tous ceux qui s'int\u00e9ressent \u00e0 l'avenir de notre \u00e9nergie.\",\"sameAs\":[\"https:\/\/alexia-jacquard.fr\",\"https:\/\/www.facebook.com\/tictacf2c\/\",\"https:\/\/www.instagram.com\/alexia_redac\/\",\"https:\/\/www.linkedin.com\/in\/alexia-jacquard-449a4b289\/\",\"https:\/\/fr.pinterest.com\/alexiajacquard\/\",\"https:\/\/x.com\/alexiajcrd\",\"https:\/\/www.youtube.com\/@Thepaindemie\",\"https:\/\/muckrack.com\/alexia-jacquard\"],\"url\":\"https:\/\/www.les-energies-renouvelables.eu\/article\/actualites\/author\/alexia-jacquard\/\"}]}<\/script>\n<!-- \/ Yoast SEO plugin. -->","yoast_head_json":{"title":"Le march\u00e9 mondial de l'\u00e9lectrique en 2025 : l'acc\u00e9l\u00e9ration des pays \u00e9mergents face au palier europ\u00e9en - ECOinfos","description":"D\u00e9couvrez pourquoi le march\u00e9 de la voiture \u00e9lectrique progresse dans les pays \u00e9mergents (Vietnam, Tha\u00eflande, Br\u00e9sil) alors que l'Europe marque une pause r\u00e9glementaire. Analyse compl\u00e8te bas\u00e9e sur le rapport IEA 2025.","robots":{"index":"index","follow":"follow","max-snippet":"max-snippet:-1","max-image-preview":"max-image-preview:large","max-video-preview":"max-video-preview:-1"},"canonical":"https:\/\/www.les-energies-renouvelables.eu\/article\/actualites\/environnement\/le-marche-mondial-de-lelectrique-en-2025-lacceleration-des-pays-emergents-face-au-palier-europeen-195\/","og_locale":"fr_FR","og_type":"article","og_title":"Le march\u00e9 mondial de l'\u00e9lectrique en 2025 : l'acc\u00e9l\u00e9ration des pays \u00e9mergents face au palier europ\u00e9en - ECOinfos","og_description":"D\u00e9couvrez pourquoi le march\u00e9 de la voiture \u00e9lectrique progresse dans les pays \u00e9mergents (Vietnam, Tha\u00eflande, Br\u00e9sil) alors que l'Europe marque une pause r\u00e9glementaire. Analyse compl\u00e8te bas\u00e9e sur le rapport IEA 2025.","og_url":"https:\/\/www.les-energies-renouvelables.eu\/article\/actualites\/environnement\/le-marche-mondial-de-lelectrique-en-2025-lacceleration-des-pays-emergents-face-au-palier-europeen-195\/","og_site_name":"ECOinfos Energies renouvelables","article_publisher":"https:\/\/www.facebook.com\/ecoannuaire.energierenouvelable\/","article_author":"https:\/\/www.facebook.com\/tictacf2c\/","article_published_time":"2025-12-31T07:00:00+00:00","article_modified_time":"2026-01-01T21:02:25+00:00","og_image":[{"width":1200,"height":675,"url":"https:\/\/www.les-energies-renouvelables.eu\/article\/actualites\/wp-content\/uploads\/2026\/01\/actualites-hydrogene-renouvelable-qair-annonce-une-premiere-production-sur-le-site-hydocc-marche-mondial-voiture-electrique-2025.jpg","type":"image\/jpeg"}],"author":"Alexia JACQUARD","twitter_card":"summary_large_image","twitter_creator":"@alexiajcrd","twitter_site":"@ECOinfosENR","twitter_misc":{"\u00c9crit par":"Alexia JACQUARD","Dur\u00e9e de lecture estim\u00e9e":"4 minutes"},"schema":{"@context":"https:\/\/schema.org","@graph":[{"@type":"Article","@id":"https:\/\/www.les-energies-renouvelables.eu\/article\/actualites\/environnement\/le-marche-mondial-de-lelectrique-en-2025-lacceleration-des-pays-emergents-face-au-palier-europeen-195\/#article","isPartOf":{"@id":"https:\/\/www.les-energies-renouvelables.eu\/article\/actualites\/environnement\/le-marche-mondial-de-lelectrique-en-2025-lacceleration-des-pays-emergents-face-au-palier-europeen-195\/"},"author":{"name":"Alexia JACQUARD","@id":"https:\/\/www.les-energies-renouvelables.eu\/article\/actualites\/#\/schema\/person\/2c7d09eb5ca339c12ca8d86145440169"},"headline":"Le march\u00e9 mondial de l&rsquo;\u00e9lectrique en 2025 : l&rsquo;acc\u00e9l\u00e9ration des pays \u00e9mergents face au palier europ\u00e9en","datePublished":"2025-12-31T07:00:00+00:00","dateModified":"2026-01-01T21:02:25+00:00","mainEntityOfPage":{"@id":"https:\/\/www.les-energies-renouvelables.eu\/article\/actualites\/environnement\/le-marche-mondial-de-lelectrique-en-2025-lacceleration-des-pays-emergents-face-au-palier-europeen-195\/"},"wordCount":867,"publisher":{"@id":"https:\/\/www.les-energies-renouvelables.eu\/article\/actualites\/#organization"},"image":{"@id":"https:\/\/www.les-energies-renouvelables.eu\/article\/actualites\/environnement\/le-marche-mondial-de-lelectrique-en-2025-lacceleration-des-pays-emergents-face-au-palier-europeen-195\/#primaryimage"},"thumbnailUrl":"https:\/\/www.les-energies-renouvelables.eu\/article\/actualites\/wp-content\/uploads\/2026\/01\/actualites-hydrogene-renouvelable-qair-annonce-une-premiere-production-sur-le-site-hydocc-marche-mondial-voiture-electrique-2025.jpg","articleSection":["Environnement"],"inLanguage":"fr-FR"},{"@type":"WebPage","@id":"https:\/\/www.les-energies-renouvelables.eu\/article\/actualites\/environnement\/le-marche-mondial-de-lelectrique-en-2025-lacceleration-des-pays-emergents-face-au-palier-europeen-195\/","url":"https:\/\/www.les-energies-renouvelables.eu\/article\/actualites\/environnement\/le-marche-mondial-de-lelectrique-en-2025-lacceleration-des-pays-emergents-face-au-palier-europeen-195\/","name":"Le march\u00e9 mondial de l'\u00e9lectrique en 2025 : l'acc\u00e9l\u00e9ration des pays \u00e9mergents face au palier europ\u00e9en - ECOinfos","isPartOf":{"@id":"https:\/\/www.les-energies-renouvelables.eu\/article\/actualites\/#website"},"primaryImageOfPage":{"@id":"https:\/\/www.les-energies-renouvelables.eu\/article\/actualites\/environnement\/le-marche-mondial-de-lelectrique-en-2025-lacceleration-des-pays-emergents-face-au-palier-europeen-195\/#primaryimage"},"image":{"@id":"https:\/\/www.les-energies-renouvelables.eu\/article\/actualites\/environnement\/le-marche-mondial-de-lelectrique-en-2025-lacceleration-des-pays-emergents-face-au-palier-europeen-195\/#primaryimage"},"thumbnailUrl":"https:\/\/www.les-energies-renouvelables.eu\/article\/actualites\/wp-content\/uploads\/2026\/01\/actualites-hydrogene-renouvelable-qair-annonce-une-premiere-production-sur-le-site-hydocc-marche-mondial-voiture-electrique-2025.jpg","datePublished":"2025-12-31T07:00:00+00:00","dateModified":"2026-01-01T21:02:25+00:00","description":"D\u00e9couvrez pourquoi le march\u00e9 de la voiture \u00e9lectrique progresse dans les pays \u00e9mergents (Vietnam, Tha\u00eflande, Br\u00e9sil) alors que l'Europe marque une pause r\u00e9glementaire. Analyse compl\u00e8te bas\u00e9e sur le rapport IEA 2025.","breadcrumb":{"@id":"https:\/\/www.les-energies-renouvelables.eu\/article\/actualites\/environnement\/le-marche-mondial-de-lelectrique-en-2025-lacceleration-des-pays-emergents-face-au-palier-europeen-195\/#breadcrumb"},"inLanguage":"fr-FR","potentialAction":[{"@type":"ReadAction","target":["https:\/\/www.les-energies-renouvelables.eu\/article\/actualites\/environnement\/le-marche-mondial-de-lelectrique-en-2025-lacceleration-des-pays-emergents-face-au-palier-europeen-195\/"]}]},{"@type":"ImageObject","inLanguage":"fr-FR","@id":"https:\/\/www.les-energies-renouvelables.eu\/article\/actualites\/environnement\/le-marche-mondial-de-lelectrique-en-2025-lacceleration-des-pays-emergents-face-au-palier-europeen-195\/#primaryimage","url":"https:\/\/www.les-energies-renouvelables.eu\/article\/actualites\/wp-content\/uploads\/2026\/01\/actualites-hydrogene-renouvelable-qair-annonce-une-premiere-production-sur-le-site-hydocc-marche-mondial-voiture-electrique-2025.jpg","contentUrl":"https:\/\/www.les-energies-renouvelables.eu\/article\/actualites\/wp-content\/uploads\/2026\/01\/actualites-hydrogene-renouvelable-qair-annonce-une-premiere-production-sur-le-site-hydocc-marche-mondial-voiture-electrique-2025.jpg","width":1200,"height":675,"caption":"Ieeogram"},{"@type":"BreadcrumbList","@id":"https:\/\/www.les-energies-renouvelables.eu\/article\/actualites\/environnement\/le-marche-mondial-de-lelectrique-en-2025-lacceleration-des-pays-emergents-face-au-palier-europeen-195\/#breadcrumb","itemListElement":[{"@type":"ListItem","position":1,"name":"Accueil","item":"https:\/\/www.les-energies-renouvelables.eu\/article\/actualites\/"},{"@type":"ListItem","position":2,"name":"Le march\u00e9 mondial de l&rsquo;\u00e9lectrique en 2025 : l&rsquo;acc\u00e9l\u00e9ration des pays \u00e9mergents face au palier europ\u00e9en"}]},{"@type":"WebSite","@id":"https:\/\/www.les-energies-renouvelables.eu\/article\/actualites\/#website","url":"https:\/\/www.les-energies-renouvelables.eu\/article\/actualites\/","name":"ECOinfos Energies renouvelables","description":"Le d\u00e9cryptage quotidien du secteur des \u00e9nergies renouvelables","publisher":{"@id":"https:\/\/www.les-energies-renouvelables.eu\/article\/actualites\/#organization"},"potentialAction":[{"@type":"SearchAction","target":{"@type":"EntryPoint","urlTemplate":"https:\/\/www.les-energies-renouvelables.eu\/article\/actualites\/?s={search_term_string}"},"query-input":{"@type":"PropertyValueSpecification","valueRequired":true,"valueName":"search_term_string"}}],"inLanguage":"fr-FR"},{"@type":"Organization","@id":"https:\/\/www.les-energies-renouvelables.eu\/article\/actualites\/#organization","name":"ECOinfos Energies renouvelables","url":"https:\/\/www.les-energies-renouvelables.eu\/article\/actualites\/","logo":{"@type":"ImageObject","inLanguage":"fr-FR","@id":"https:\/\/www.les-energies-renouvelables.eu\/article\/actualites\/#\/schema\/logo\/image\/","url":"https:\/\/www.les-energies-renouvelables.eu\/article\/actualites\/wp-content\/uploads\/2025\/11\/ecoinfos.eldorado-consulting.com-logo-logo.svg","contentUrl":"https:\/\/www.les-energies-renouvelables.eu\/article\/actualites\/wp-content\/uploads\/2025\/11\/ecoinfos.eldorado-consulting.com-logo-logo.svg","caption":"ECOinfos Energies renouvelables"},"image":{"@id":"https:\/\/www.les-energies-renouvelables.eu\/article\/actualites\/#\/schema\/logo\/image\/"},"sameAs":["https:\/\/www.facebook.com\/ecoannuaire.energierenouvelable\/","https:\/\/x.com\/ECOinfosENR","https:\/\/www.linkedin.com\/company\/ecoinfos-energies-renouvelables\/","https:\/\/www.youtube.com\/@ecoinfosenergies","https:\/\/share.google\/dyKHJPxAV42WhhjbM"]},{"@type":"Person","@id":"https:\/\/www.les-energies-renouvelables.eu\/article\/actualites\/#\/schema\/person\/2c7d09eb5ca339c12ca8d86145440169","name":"Alexia JACQUARD","pronouns":"elle\/elle","image":{"@type":"ImageObject","inLanguage":"fr-FR","@id":"https:\/\/www.les-energies-renouvelables.eu\/article\/actualites\/#\/schema\/person\/image\/","url":"https:\/\/www.les-energies-renouvelables.eu\/article\/actualites\/wp-content\/uploads\/2026\/01\/actualites-alexia-jacquard-alexia-jacquard-160x160.jpg","contentUrl":"https:\/\/www.les-energies-renouvelables.eu\/article\/actualites\/wp-content\/uploads\/2026\/01\/actualites-alexia-jacquard-alexia-jacquard-160x160.jpg","caption":"Alexia JACQUARD"},"description":"Curieuse de nature et attentif aux enjeux du d\u00e9veloppement durable, Alexia Jacquard suit l'actualit\u00e9 des \u00e9nergies renouvelables pour partager les derni\u00e8res nouveaut\u00e9s du secteur. Elle s'attache \u00e0 retranscrire simplement les informations cl\u00e9s et les initiatives positives qui marquent la transition \u00e9nerg\u00e9tique. Son objectif : proposer des articles d'actualit\u00e9 clairs et accessibles pour tous ceux qui s'int\u00e9ressent \u00e0 l'avenir de notre \u00e9nergie.","sameAs":["https:\/\/alexia-jacquard.fr","https:\/\/www.facebook.com\/tictacf2c\/","https:\/\/www.instagram.com\/alexia_redac\/","https:\/\/www.linkedin.com\/in\/alexia-jacquard-449a4b289\/","https:\/\/fr.pinterest.com\/alexiajacquard\/","https:\/\/x.com\/alexiajcrd","https:\/\/www.youtube.com\/@Thepaindemie","https:\/\/muckrack.com\/alexia-jacquard"],"url":"https:\/\/www.les-energies-renouvelables.eu\/article\/actualites\/author\/alexia-jacquard\/"}]}},"_links":{"self":[{"href":"https:\/\/www.les-energies-renouvelables.eu\/article\/actualites\/wp-json\/wp\/v2\/posts\/195","targetHints":{"allow":["GET"]}}],"collection":[{"href":"https:\/\/www.les-energies-renouvelables.eu\/article\/actualites\/wp-json\/wp\/v2\/posts"}],"about":[{"href":"https:\/\/www.les-energies-renouvelables.eu\/article\/actualites\/wp-json\/wp\/v2\/types\/post"}],"author":[{"embeddable":true,"href":"https:\/\/www.les-energies-renouvelables.eu\/article\/actualites\/wp-json\/wp\/v2\/users\/2"}],"replies":[{"embeddable":true,"href":"https:\/\/www.les-energies-renouvelables.eu\/article\/actualites\/wp-json\/wp\/v2\/comments?post=195"}],"version-history":[{"count":2,"href":"https:\/\/www.les-energies-renouvelables.eu\/article\/actualites\/wp-json\/wp\/v2\/posts\/195\/revisions"}],"predecessor-version":[{"id":203,"href":"https:\/\/www.les-energies-renouvelables.eu\/article\/actualites\/wp-json\/wp\/v2\/posts\/195\/revisions\/203"}],"wp:featuredmedia":[{"embeddable":true,"href":"https:\/\/www.les-energies-renouvelables.eu\/article\/actualites\/wp-json\/wp\/v2\/media\/204"}],"wp:attachment":[{"href":"https:\/\/www.les-energies-renouvelables.eu\/article\/actualites\/wp-json\/wp\/v2\/media?parent=195"}],"wp:term":[{"taxonomy":"category","embeddable":true,"href":"https:\/\/www.les-energies-renouvelables.eu\/article\/actualites\/wp-json\/wp\/v2\/categories?post=195"},{"taxonomy":"post_tag","embeddable":true,"href":"https:\/\/www.les-energies-renouvelables.eu\/article\/actualites\/wp-json\/wp\/v2\/tags?post=195"}],"curies":[{"name":"wp","href":"https:\/\/api.w.org\/{rel}","templated":true}]}}