{"id":1906,"date":"2026-09-04T11:43:22","date_gmt":"2026-09-04T09:43:22","guid":{"rendered":"https:\/\/www.les-energies-renouvelables.eu\/article\/actualites\/?p=1906"},"modified":"2026-09-04T11:43:22","modified_gmt":"2026-09-04T09:43:22","slug":"empreinte-carbone-du-solaire-francais-chute-officiellement-de-moitie","status":"publish","type":"post","link":"https:\/\/www.les-energies-renouvelables.eu\/article\/actualites\/energies\/empreinte-carbone-du-solaire-francais-chute-officiellement-de-moitie-1906\/","title":{"rendered":"L&#8217;empreinte carbone du solaire fran\u00e7ais chute officiellement de moiti\u00e9 en 2026"},"content":{"rendered":"\n<p class=\"wp-block-paragraph\">Une \u00e9tude officielle men\u00e9e par l&rsquo;Ademe, le CEA, Mines Paris PSL et Certisolis revoit nettement \u00e0 la baisse l&#8217;empreinte carbone de l&rsquo;\u00e9lectricit\u00e9 solaire produite en France, jusqu&rsquo;\u00e0 moiti\u00e9 moins de CO2 qu&rsquo;annonc\u00e9 jusqu&rsquo;ici. Un chiffre qui passe d\u00e9sormais sous celui du r\u00e9seau \u00e9lectrique fran\u00e7ais, pourtant d\u00e9j\u00e0 tr\u00e8s d\u00e9carbon\u00e9. Explications et cons\u00e9quences concr\u00e8tes pour les propri\u00e9taires de panneaux photovolta\u00efques.<\/p>\n\n\n\n<p class=\"wp-block-paragraph\">Si vous avez install\u00e9 des panneaux solaires, ou si vous h\u00e9sitez encore \u00e0 franchir le pas, cette annonce vous concerne directement. Jusqu&rsquo;ici, un argument revenait souvent dans les discussions autour du solaire : fabriquer un panneau photovolta\u00efque co\u00fbterait cher en carbone, au point de nuancer les b\u00e9n\u00e9fices environnementaux de la technologie. Les nouveaux chiffres publi\u00e9s d\u00e9but septembre par quatre organismes de r\u00e9f\u00e9rence changent la donne. Ils confirment que l&rsquo;\u00e9lectricit\u00e9 solaire produite en France \u00e9met aujourd&rsquo;hui <strong>entre 20 et 30 grammes de CO2 \u00e9quivalent par kilowattheure produit<\/strong>, contre <strong>43 grammes<\/strong> retenus jusqu&rsquo;ici dans la base officielle de l&rsquo;Ademe. Un \u00e9cart qui n&rsquo;a rien d&rsquo;anecdotique puisqu&rsquo;il correspond \u00e0 une baisse de <strong>30 \u00e0 50%<\/strong>.<\/p>\n\n\n\n<h2 class=\"wp-block-heading\">Une actualisation port\u00e9e par quatre organismes de r\u00e9f\u00e9rence<\/h2>\n\n\n\n<p class=\"wp-block-paragraph\">L&rsquo;annonce provient d&rsquo;une collaboration in\u00e9dite entre l&rsquo;Agence de la transition \u00e9cologique (Ademe), le centre d&rsquo;Observation Impacts Energie (OIE) de Mines Paris PSL, l&rsquo;Institut National de l&rsquo;\u00c9nergie Solaire (INES) rattach\u00e9 au CEA, et Certisolis, le laboratoire fran\u00e7ais de certification des produits photovolta\u00efques. Leurs travaux alimentent le rapport international de r\u00e9f\u00e9rence sur l&rsquo;analyse du cycle de vie du photovolta\u00efque, publi\u00e9 par le programme PVPS de l&rsquo;Agence internationale de l&rsquo;\u00e9nergie. Concr\u00e8tement, ces quatre acteurs ont actualis\u00e9 les inventaires de cycle de vie utilis\u00e9s pour \u00e9valuer l&rsquo;impact environnemental de la fabrication des modules solaires, en int\u00e9grant des donn\u00e9es industrielles bien plus r\u00e9centes que celles utilis\u00e9es jusqu&rsquo;alors pour \u00e9tablir la r\u00e9f\u00e9rence fran\u00e7aise.<\/p>\n\n\n\n<h2 class=\"wp-block-heading\">Les chiffres avant et apr\u00e8s l&rsquo;actualisation<\/h2>\n\n\n\n<p class=\"wp-block-paragraph\">Le tableau ci-dessous r\u00e9sume l&rsquo;ampleur du changement.<\/p>\n\n\n\n<figure class=\"wp-block-table\"><table class=\"has-fixed-layout\"><thead><tr><th>Indicateur<\/th><th>Valeur retenue jusqu&rsquo;ici<\/th><th>Nouvelle estimation 2026<\/th><\/tr><\/thead><tbody><tr><td>Empreinte carbone du kWh solaire produit en France<\/td><td>43 gCO2eq\/kWh<\/td><td>20 \u00e0 30 gCO2eq\/kWh<\/td><\/tr><tr><td>\u00c9volution<\/td><td>R\u00e9f\u00e9rence<\/td><td>Baisse de 30% \u00e0 50%<\/td><\/tr><\/tbody><\/table><\/figure>\n\n\n\n<p class=\"wp-block-paragraph\">Pour donner un ordre de grandeur, voici comment cette nouvelle fourchette se situe par rapport aux autres sources d&rsquo;\u00e9lectricit\u00e9.<\/p>\n\n\n\n<figure class=\"wp-block-table\"><table class=\"has-fixed-layout\"><thead><tr><th>Source d&rsquo;\u00e9lectricit\u00e9<\/th><th>Empreinte carbone (gCO2eq\/kWh)<\/th><\/tr><\/thead><tbody><tr><td>Charbon<\/td><td>1 060<\/td><\/tr><tr><td>Gaz naturel<\/td><td>420<\/td><\/tr><tr><td>Mix \u00e9lectrique moyen en France<\/td><td>46,2<\/td><\/tr><tr><td>Solaire photovolta\u00efque, nouvelle estimation<\/td><td>20 \u00e0 30<\/td><\/tr><\/tbody><\/table><\/figure>\n\n\n\n<p class=\"wp-block-paragraph\">Le r\u00e9sultat le plus frappant tient dans cette derni\u00e8re ligne : avec la nouvelle fourchette, <strong>l&rsquo;\u00e9lectricit\u00e9 solaire produite en France affiche une empreinte carbone inf\u00e9rieure \u00e0 celle du r\u00e9seau \u00e9lectrique national<\/strong>, pourtant l&rsquo;un des plus d\u00e9carbon\u00e9s d&rsquo;Europe gr\u00e2ce au nucl\u00e9aire. La valeur exacte d\u00e9pend ensuite de l&rsquo;ensoleillement du site et du type d&rsquo;installation, au sol ou en toiture.<\/p>\n\n\n\n<h2 class=\"wp-block-heading\">Combien de CO2 votre installation solaire \u00e9vite-t-elle r\u00e9ellement<\/h2>\n\n\n\n<p class=\"wp-block-paragraph\">Pour mesurer ce que cette r\u00e9vision repr\u00e9sente concr\u00e8tement, prenons le cas d&rsquo;une installation r\u00e9sidentielle type de <strong>3 kilowatts-cr\u00eate (kWc)<\/strong>, la puissance la plus r\u00e9pandue chez les particuliers. Avec une production moyenne d&rsquo;environ 1 200 kWh par kWc et par an, une telle installation produit environ <strong>3 600 kWh chaque ann\u00e9e<\/strong>, soit <strong>90 000 kWh sur une dur\u00e9e de vie de 25 ans<\/strong>.<\/p>\n\n\n\n<p class=\"wp-block-paragraph\">Avec l&rsquo;ancienne valeur de 43 gCO2eq\/kWh, l&#8217;empreinte carbone li\u00e9e \u00e0 la fabrication de cette installation repr\u00e9sentait environ <strong>3,9 tonnes de CO2 \u00e9quivalent<\/strong> sur toute sa dur\u00e9e de vie. Avec la nouvelle fourchette, ce chiffre tombe entre <strong>1,8 et 2,7 tonnes<\/strong>, soit un \u00e9cart compris entre <strong>1,2 et 2 tonnes de CO2 en moins<\/strong>, selon la position exacte dans la nouvelle fourchette. Cette estimation, construite par ECOinfos \u00e0 partir d&rsquo;hypoth\u00e8ses de production moyenne, donne un ordre de grandeur utile : elle n&rsquo;a pas \u00e9t\u00e9 publi\u00e9e telle quelle par les organismes \u00e0 l&rsquo;origine de l&rsquo;\u00e9tude, mais elle permet de traduire une donn\u00e9e scientifique abstraite en un rep\u00e8re concret pour un foyer \u00e9quip\u00e9.<\/p>\n\n\n\n<h2 class=\"wp-block-heading\">Pourquoi cette baisse intervient maintenant<\/h2>\n\n\n\n<p class=\"wp-block-paragraph\">Cette r\u00e9vision ne sort pas de nulle part. Les proc\u00e9d\u00e9s de fabrication des modules photovolta\u00efques ont connu des \u00e9volutions importantes ces derni\u00e8res ann\u00e9es : les rendements de conversion des cellules progressent, la quantit\u00e9 de mati\u00e8re premi\u00e8re n\u00e9cessaire par panneau diminue, les cha\u00eenes de production s&rsquo;optimisent et les sources d&rsquo;approvisionnement \u00e9voluent. Les anciennes donn\u00e9es utilis\u00e9es dans la base officielle de l&rsquo;Ademe reposaient sur des hypoth\u00e8ses industrielles devenues obsol\u00e8tes, ce qui explique l&rsquo;\u00e9cart important observ\u00e9 aujourd&rsquo;hui. Cette actualisation refl\u00e8te donc surtout un rattrapage statistique face \u00e0 la r\u00e9alit\u00e9 industrielle actuelle, plus qu&rsquo;une rupture technologique soudaine.<\/p>\n\n\n\n<h2 class=\"wp-block-heading\">Une donn\u00e9e encore provisoire, la prudence reste de mise<\/h2>\n\n\n\n<p class=\"wp-block-paragraph\">Les organismes \u00e0 l&rsquo;origine de cette publication le pr\u00e9cisent eux-m\u00eames : il s&rsquo;agit de premiers r\u00e9sultats. Une \u00e9tude approfondie d&rsquo;analyse de cycle de vie est encore en cours pour affiner ces chiffres et consolider une valeur de r\u00e9f\u00e9rence repr\u00e9sentative du contexte fran\u00e7ais. Ses conclusions d\u00e9finitives ne sont attendues qu&rsquo;\u00e0 la fin de l&rsquo;ann\u00e9e 2027, avant une int\u00e9gration officielle dans les bases de donn\u00e9es environnementales nationales et internationales. Dans l&rsquo;intervalle, la valeur de 43 gCO2eq\/kWh reste donc, \u00e0 ce jour, celle inscrite dans la Base Empreinte de l&rsquo;Ademe utilis\u00e9e pour les bilans carbone r\u00e9glementaires. La nouvelle fourchette de 20 \u00e0 30 gCO2eq\/kWh constitue une tendance confirm\u00e9e par des organismes de r\u00e9f\u00e9rence, pas encore une donn\u00e9e officiellement act\u00e9e dans les outils de calcul.<\/p>\n\n\n\n<h2 class=\"wp-block-heading\">Ce que cela change concr\u00e8tement pour les propri\u00e9taires de panneaux solaires<\/h2>\n\n\n\n<p class=\"wp-block-paragraph\">Pour les foyers d\u00e9j\u00e0 \u00e9quip\u00e9s, cette actualisation ne modifie rien \u00e0 leur facture ni \u00e0 leurs aides, mais elle affaiblit un argument souvent mis en avant par les sceptiques du solaire, celui d&rsquo;un co\u00fbt carbone de fabrication qui viendrait ternir le bilan environnemental de la technologie. Avec une empreinte d\u00e9sormais inf\u00e9rieure \u00e0 celle du r\u00e9seau \u00e9lectrique fran\u00e7ais, cet argument perd une grande partie de sa port\u00e9e. Pour les foyers qui h\u00e9sitent encore \u00e0 investir, c&rsquo;est un \u00e9l\u00e9ment de r\u00e9assurance suppl\u00e9mentaire, \u00e0 mettre en perspective avec les autres crit\u00e8res de d\u00e9cision que sont le prix de l&rsquo;installation, le taux d&rsquo;autoconsommation ou les aides disponibles. Cette r\u00e9vision s&rsquo;inscrit enfin dans une tendance plus large d\u00e9j\u00e0 document\u00e9e par Certisolis, qui observe depuis plusieurs ann\u00e9es une baisse continue de l&#8217;empreinte carbone des modules commercialis\u00e9s en France, port\u00e9e par les gains de rendement des cellules et par un mix \u00e9lectrique moins carbon\u00e9 dans les pays producteurs.<\/p>\n\n\n\n<p class=\"wp-block-paragraph\"><\/p>\n","protected":false},"excerpt":{"rendered":"","protected":false},"author":3,"featured_media":1907,"comment_status":"open","ping_status":"open","sticky":false,"template":"","format":"standard","meta":{"_acf_changed":false,"footnotes":""},"categories":[1],"tags":[108,68],"class_list":["post-1906","post","type-post","status-publish","format-standard","has-post-thumbnail","hentry","category-energies","tag-empreinte-carbone","tag-solaire","masonry-post","generate-columns","tablet-grid-50","mobile-grid-100","grid-parent","grid-33"],"acf":{"social-publish":false,"just-linkedin":false,"just-facebook":true},"yoast_head":"<!-- This site is optimized with the Yoast SEO plugin v28.4 - https:\/\/yoast.com\/product\/yoast-seo-wordpress\/ -->\n<title>Empreinte carbone du solaire : la baisse confirm\u00e9e en 2026<\/title>\n<meta name=\"description\" content=\"Une \u00e9tude Ademe, CEA et Certisolis divise par deux l&#039;empreinte carbone du solaire fran\u00e7ais, d\u00e9sormais sous celle du r\u00e9seau \u00e9lectrique.\" \/>\n<meta name=\"robots\" content=\"index, follow, max-snippet:-1, max-image-preview:large, max-video-preview:-1\" \/>\n<link rel=\"canonical\" href=\"https:\/\/www.les-energies-renouvelables.eu\/article\/actualites\/energies\/empreinte-carbone-du-solaire-francais-chute-officiellement-de-moitie-1906\/\" \/>\n<meta property=\"og:locale\" content=\"fr_FR\" \/>\n<meta property=\"og:type\" content=\"article\" \/>\n<meta property=\"og:title\" content=\"Empreinte carbone du solaire : la baisse confirm\u00e9e en 2026\" \/>\n<meta property=\"og:description\" content=\"Une \u00e9tude Ademe, CEA et Certisolis divise par deux l&#039;empreinte carbone du solaire fran\u00e7ais, d\u00e9sormais sous celle du r\u00e9seau \u00e9lectrique.\" \/>\n<meta property=\"og:url\" content=\"https:\/\/www.les-energies-renouvelables.eu\/article\/actualites\/energies\/empreinte-carbone-du-solaire-francais-chute-officiellement-de-moitie-1906\/\" \/>\n<meta property=\"og:site_name\" content=\"ECOinfos Energies renouvelables\" \/>\n<meta property=\"article:publisher\" content=\"https:\/\/www.facebook.com\/ecoannuaire.energierenouvelable\/\" \/>\n<meta property=\"article:published_time\" content=\"2026-09-04T09:43:22+00:00\" \/>\n<meta property=\"og:image\" content=\"https:\/\/www.les-energies-renouvelables.eu\/article\/actualites\/wp-content\/uploads\/2026\/09\/actualites-brouillon-auto-empreinte-carbone-solaire-scaled.webp\" \/>\n\t<meta property=\"og:image:width\" content=\"1200\" \/>\n\t<meta property=\"og:image:height\" content=\"675\" \/>\n\t<meta property=\"og:image:type\" content=\"image\/webp\" \/>\n<meta name=\"author\" content=\"Mathis Castelnau\" \/>\n<meta name=\"twitter:card\" content=\"summary_large_image\" \/>\n<meta name=\"twitter:creator\" content=\"@ECOinfosENR\" \/>\n<meta name=\"twitter:site\" content=\"@ECOinfosENR\" \/>\n<meta name=\"twitter:label1\" content=\"\u00c9crit par\" \/>\n\t<meta name=\"twitter:data1\" content=\"Mathis Castelnau\" \/>\n\t<meta name=\"twitter:label2\" content=\"Dur\u00e9e de lecture estim\u00e9e\" \/>\n\t<meta name=\"twitter:data2\" content=\"6 minutes\" \/>\n<script type=\"application\/ld+json\" class=\"yoast-schema-graph\">{\"@context\":\"https:\\\/\\\/schema.org\",\"@graph\":[{\"@type\":\"NewsArticle\",\"@id\":\"https:\\\/\\\/www.les-energies-renouvelables.eu\\\/article\\\/actualites\\\/energies\\\/empreinte-carbone-du-solaire-francais-chute-officiellement-de-moitie-1906\\\/#article\",\"isPartOf\":{\"@id\":\"https:\\\/\\\/www.les-energies-renouvelables.eu\\\/article\\\/actualites\\\/energies\\\/empreinte-carbone-du-solaire-francais-chute-officiellement-de-moitie-1906\\\/\"},\"author\":{\"name\":\"Mathis Castelnau\",\"@id\":\"https:\\\/\\\/www.les-energies-renouvelables.eu\\\/article\\\/actualites\\\/#\\\/schema\\\/person\\\/d0855c0c2d94ad36795f37b9a33c9f93\"},\"headline\":\"L&#8217;empreinte carbone du solaire fran\u00e7ais chute officiellement de moiti\u00e9 en 2026\",\"datePublished\":\"2026-09-04T09:43:22+00:00\",\"mainEntityOfPage\":{\"@id\":\"https:\\\/\\\/www.les-energies-renouvelables.eu\\\/article\\\/actualites\\\/energies\\\/empreinte-carbone-du-solaire-francais-chute-officiellement-de-moitie-1906\\\/\"},\"wordCount\":1146,\"commentCount\":0,\"publisher\":{\"@id\":\"https:\\\/\\\/www.les-energies-renouvelables.eu\\\/article\\\/actualites\\\/#organization\"},\"image\":{\"@id\":\"https:\\\/\\\/www.les-energies-renouvelables.eu\\\/article\\\/actualites\\\/energies\\\/empreinte-carbone-du-solaire-francais-chute-officiellement-de-moitie-1906\\\/#primaryimage\"},\"thumbnailUrl\":\"https:\\\/\\\/www.les-energies-renouvelables.eu\\\/article\\\/actualites\\\/wp-content\\\/uploads\\\/2026\\\/09\\\/actualites-brouillon-auto-empreinte-carbone-solaire-scaled.webp\",\"keywords\":[\"Empreinte carbone\",\"solaire\"],\"articleSection\":[\"\u00c9nergies\"],\"inLanguage\":\"fr-FR\",\"potentialAction\":[{\"@type\":\"CommentAction\",\"name\":\"Comment\",\"target\":[\"https:\\\/\\\/www.les-energies-renouvelables.eu\\\/article\\\/actualites\\\/energies\\\/empreinte-carbone-du-solaire-francais-chute-officiellement-de-moitie-1906\\\/#respond\"]}]},{\"@type\":\"WebPage\",\"@id\":\"https:\\\/\\\/www.les-energies-renouvelables.eu\\\/article\\\/actualites\\\/energies\\\/empreinte-carbone-du-solaire-francais-chute-officiellement-de-moitie-1906\\\/\",\"url\":\"https:\\\/\\\/www.les-energies-renouvelables.eu\\\/article\\\/actualites\\\/energies\\\/empreinte-carbone-du-solaire-francais-chute-officiellement-de-moitie-1906\\\/\",\"name\":\"Empreinte carbone du solaire : la baisse confirm\u00e9e en 2026\",\"isPartOf\":{\"@id\":\"https:\\\/\\\/www.les-energies-renouvelables.eu\\\/article\\\/actualites\\\/#website\"},\"primaryImageOfPage\":{\"@id\":\"https:\\\/\\\/www.les-energies-renouvelables.eu\\\/article\\\/actualites\\\/energies\\\/empreinte-carbone-du-solaire-francais-chute-officiellement-de-moitie-1906\\\/#primaryimage\"},\"image\":{\"@id\":\"https:\\\/\\\/www.les-energies-renouvelables.eu\\\/article\\\/actualites\\\/energies\\\/empreinte-carbone-du-solaire-francais-chute-officiellement-de-moitie-1906\\\/#primaryimage\"},\"thumbnailUrl\":\"https:\\\/\\\/www.les-energies-renouvelables.eu\\\/article\\\/actualites\\\/wp-content\\\/uploads\\\/2026\\\/09\\\/actualites-brouillon-auto-empreinte-carbone-solaire-scaled.webp\",\"datePublished\":\"2026-09-04T09:43:22+00:00\",\"description\":\"Une \u00e9tude Ademe, CEA et Certisolis divise par deux l'empreinte carbone du solaire fran\u00e7ais, d\u00e9sormais sous celle du r\u00e9seau \u00e9lectrique.\",\"breadcrumb\":{\"@id\":\"https:\\\/\\\/www.les-energies-renouvelables.eu\\\/article\\\/actualites\\\/energies\\\/empreinte-carbone-du-solaire-francais-chute-officiellement-de-moitie-1906\\\/#breadcrumb\"},\"inLanguage\":\"fr-FR\",\"potentialAction\":[{\"@type\":\"ReadAction\",\"target\":[\"https:\\\/\\\/www.les-energies-renouvelables.eu\\\/article\\\/actualites\\\/energies\\\/empreinte-carbone-du-solaire-francais-chute-officiellement-de-moitie-1906\\\/\"]}]},{\"@type\":\"ImageObject\",\"inLanguage\":\"fr-FR\",\"@id\":\"https:\\\/\\\/www.les-energies-renouvelables.eu\\\/article\\\/actualites\\\/energies\\\/empreinte-carbone-du-solaire-francais-chute-officiellement-de-moitie-1906\\\/#primaryimage\",\"url\":\"https:\\\/\\\/www.les-energies-renouvelables.eu\\\/article\\\/actualites\\\/wp-content\\\/uploads\\\/2026\\\/09\\\/actualites-brouillon-auto-empreinte-carbone-solaire-scaled.webp\",\"contentUrl\":\"https:\\\/\\\/www.les-energies-renouvelables.eu\\\/article\\\/actualites\\\/wp-content\\\/uploads\\\/2026\\\/09\\\/actualites-brouillon-auto-empreinte-carbone-solaire-scaled.webp\",\"width\":1200,\"height\":675,\"caption\":\"empreinte carbone solaire en france\"},{\"@type\":\"BreadcrumbList\",\"@id\":\"https:\\\/\\\/www.les-energies-renouvelables.eu\\\/article\\\/actualites\\\/energies\\\/empreinte-carbone-du-solaire-francais-chute-officiellement-de-moitie-1906\\\/#breadcrumb\",\"itemListElement\":[{\"@type\":\"ListItem\",\"position\":1,\"name\":\"Accueil\",\"item\":\"https:\\\/\\\/www.les-energies-renouvelables.eu\\\/article\\\/actualites\\\/\"},{\"@type\":\"ListItem\",\"position\":2,\"name\":\"L&#8217;empreinte carbone du solaire fran\u00e7ais chute officiellement de moiti\u00e9 en 2026\"}]},{\"@type\":\"WebSite\",\"@id\":\"https:\\\/\\\/www.les-energies-renouvelables.eu\\\/article\\\/actualites\\\/#website\",\"url\":\"https:\\\/\\\/www.les-energies-renouvelables.eu\\\/article\\\/actualites\\\/\",\"name\":\"ECOinfos Energies renouvelables\",\"description\":\"Le d\u00e9cryptage quotidien du secteur des \u00e9nergies renouvelables\",\"publisher\":{\"@id\":\"https:\\\/\\\/www.les-energies-renouvelables.eu\\\/article\\\/actualites\\\/#organization\"},\"potentialAction\":[{\"@type\":\"SearchAction\",\"target\":{\"@type\":\"EntryPoint\",\"urlTemplate\":\"https:\\\/\\\/www.les-energies-renouvelables.eu\\\/article\\\/actualites\\\/?s={search_term_string}\"},\"query-input\":{\"@type\":\"PropertyValueSpecification\",\"valueRequired\":true,\"valueName\":\"search_term_string\"}}],\"inLanguage\":\"fr-FR\"},{\"@type\":\"Organization\",\"@id\":\"https:\\\/\\\/www.les-energies-renouvelables.eu\\\/article\\\/actualites\\\/#organization\",\"name\":\"ECOinfos Energies renouvelables\",\"url\":\"https:\\\/\\\/www.les-energies-renouvelables.eu\\\/article\\\/actualites\\\/\",\"logo\":{\"@type\":\"ImageObject\",\"inLanguage\":\"fr-FR\",\"@id\":\"https:\\\/\\\/www.les-energies-renouvelables.eu\\\/article\\\/actualites\\\/#\\\/schema\\\/logo\\\/image\\\/\",\"url\":\"https:\\\/\\\/www.les-energies-renouvelables.eu\\\/article\\\/actualites\\\/wp-content\\\/uploads\\\/2025\\\/11\\\/ecoinfos.eldorado-consulting.com-logo-logo.svg\",\"contentUrl\":\"https:\\\/\\\/www.les-energies-renouvelables.eu\\\/article\\\/actualites\\\/wp-content\\\/uploads\\\/2025\\\/11\\\/ecoinfos.eldorado-consulting.com-logo-logo.svg\",\"caption\":\"ECOinfos Energies renouvelables\"},\"image\":{\"@id\":\"https:\\\/\\\/www.les-energies-renouvelables.eu\\\/article\\\/actualites\\\/#\\\/schema\\\/logo\\\/image\\\/\"},\"sameAs\":[\"https:\\\/\\\/www.facebook.com\\\/ecoannuaire.energierenouvelable\\\/\",\"https:\\\/\\\/x.com\\\/ECOinfosENR\",\"https:\\\/\\\/www.linkedin.com\\\/company\\\/ecoinfos-energies-renouvelables\\\/\",\"https:\\\/\\\/www.youtube.com\\\/@ecoinfosenergies\",\"https:\\\/\\\/share.google\\\/dyKHJPxAV42WhhjbM\"]},{\"@type\":\"Person\",\"@id\":\"https:\\\/\\\/www.les-energies-renouvelables.eu\\\/article\\\/actualites\\\/#\\\/schema\\\/person\\\/d0855c0c2d94ad36795f37b9a33c9f93\",\"name\":\"Mathis Castelnau\",\"image\":{\"@type\":\"ImageObject\",\"inLanguage\":\"fr-FR\",\"@id\":\"https:\\\/\\\/www.les-energies-renouvelables.eu\\\/article\\\/actualites\\\/wp-content\\\/uploads\\\/2026\\\/05\\\/actualites-mathis-castelnau-mathis-castelnau-160x160.jpeg\",\"url\":\"https:\\\/\\\/www.les-energies-renouvelables.eu\\\/article\\\/actualites\\\/wp-content\\\/uploads\\\/2026\\\/05\\\/actualites-mathis-castelnau-mathis-castelnau-160x160.jpeg\",\"contentUrl\":\"https:\\\/\\\/www.les-energies-renouvelables.eu\\\/article\\\/actualites\\\/wp-content\\\/uploads\\\/2026\\\/05\\\/actualites-mathis-castelnau-mathis-castelnau-160x160.jpeg\",\"caption\":\"Mathis Castelnau\"},\"description\":\"Passionn\u00e9 par les \u00e9nergies renouvelables et le march\u00e9 de l\u2019\u00e9nergie, je d\u00e9crypte depuis plusieurs ann\u00e9es les \u00e9volutions techniques, r\u00e9glementaires et \u00e9conomiques du secteur. \u00c0 travers nos articles, nous analysons les enjeux du photovolta\u00efque, de la transition \u00e9nerg\u00e9tique, de l\u2019autoconsommation et des nouveaux mod\u00e8les \u00e9nerg\u00e9tiques qui redessinent le march\u00e9.\",\"sameAs\":[\"https:\\\/\\\/www.linkedin.com\\\/in\\\/mathis-castelnau\\\/\"],\"url\":\"https:\\\/\\\/www.les-energies-renouvelables.eu\\\/article\\\/actualites\\\/author\\\/mathis\\\/\"}]}<\/script>\n<!-- \/ Yoast SEO plugin. -->","yoast_head_json":{"title":"Empreinte carbone du solaire : la baisse confirm\u00e9e en 2026","description":"Une \u00e9tude Ademe, CEA et Certisolis divise par deux l'empreinte carbone du solaire fran\u00e7ais, d\u00e9sormais sous celle du r\u00e9seau \u00e9lectrique.","robots":{"index":"index","follow":"follow","max-snippet":"max-snippet:-1","max-image-preview":"max-image-preview:large","max-video-preview":"max-video-preview:-1"},"canonical":"https:\/\/www.les-energies-renouvelables.eu\/article\/actualites\/energies\/empreinte-carbone-du-solaire-francais-chute-officiellement-de-moitie-1906\/","og_locale":"fr_FR","og_type":"article","og_title":"Empreinte carbone du solaire : la baisse confirm\u00e9e en 2026","og_description":"Une \u00e9tude Ademe, CEA et Certisolis divise par deux l'empreinte carbone du solaire fran\u00e7ais, d\u00e9sormais sous celle du r\u00e9seau \u00e9lectrique.","og_url":"https:\/\/www.les-energies-renouvelables.eu\/article\/actualites\/energies\/empreinte-carbone-du-solaire-francais-chute-officiellement-de-moitie-1906\/","og_site_name":"ECOinfos Energies renouvelables","article_publisher":"https:\/\/www.facebook.com\/ecoannuaire.energierenouvelable\/","article_published_time":"2026-09-04T09:43:22+00:00","og_image":[{"width":1200,"height":675,"url":"https:\/\/www.les-energies-renouvelables.eu\/article\/actualites\/wp-content\/uploads\/2026\/09\/actualites-brouillon-auto-empreinte-carbone-solaire-scaled.webp","type":"image\/webp"}],"author":"Mathis Castelnau","twitter_card":"summary_large_image","twitter_creator":"@ECOinfosENR","twitter_site":"@ECOinfosENR","twitter_misc":{"\u00c9crit par":"Mathis Castelnau","Dur\u00e9e de lecture estim\u00e9e":"6 minutes"},"schema":{"@context":"https:\/\/schema.org","@graph":[{"@type":"NewsArticle","@id":"https:\/\/www.les-energies-renouvelables.eu\/article\/actualites\/energies\/empreinte-carbone-du-solaire-francais-chute-officiellement-de-moitie-1906\/#article","isPartOf":{"@id":"https:\/\/www.les-energies-renouvelables.eu\/article\/actualites\/energies\/empreinte-carbone-du-solaire-francais-chute-officiellement-de-moitie-1906\/"},"author":{"name":"Mathis Castelnau","@id":"https:\/\/www.les-energies-renouvelables.eu\/article\/actualites\/#\/schema\/person\/d0855c0c2d94ad36795f37b9a33c9f93"},"headline":"L&#8217;empreinte carbone du solaire fran\u00e7ais chute officiellement de moiti\u00e9 en 2026","datePublished":"2026-09-04T09:43:22+00:00","mainEntityOfPage":{"@id":"https:\/\/www.les-energies-renouvelables.eu\/article\/actualites\/energies\/empreinte-carbone-du-solaire-francais-chute-officiellement-de-moitie-1906\/"},"wordCount":1146,"commentCount":0,"publisher":{"@id":"https:\/\/www.les-energies-renouvelables.eu\/article\/actualites\/#organization"},"image":{"@id":"https:\/\/www.les-energies-renouvelables.eu\/article\/actualites\/energies\/empreinte-carbone-du-solaire-francais-chute-officiellement-de-moitie-1906\/#primaryimage"},"thumbnailUrl":"https:\/\/www.les-energies-renouvelables.eu\/article\/actualites\/wp-content\/uploads\/2026\/09\/actualites-brouillon-auto-empreinte-carbone-solaire-scaled.webp","keywords":["Empreinte carbone","solaire"],"articleSection":["\u00c9nergies"],"inLanguage":"fr-FR","potentialAction":[{"@type":"CommentAction","name":"Comment","target":["https:\/\/www.les-energies-renouvelables.eu\/article\/actualites\/energies\/empreinte-carbone-du-solaire-francais-chute-officiellement-de-moitie-1906\/#respond"]}]},{"@type":"WebPage","@id":"https:\/\/www.les-energies-renouvelables.eu\/article\/actualites\/energies\/empreinte-carbone-du-solaire-francais-chute-officiellement-de-moitie-1906\/","url":"https:\/\/www.les-energies-renouvelables.eu\/article\/actualites\/energies\/empreinte-carbone-du-solaire-francais-chute-officiellement-de-moitie-1906\/","name":"Empreinte carbone du solaire : la baisse confirm\u00e9e en 2026","isPartOf":{"@id":"https:\/\/www.les-energies-renouvelables.eu\/article\/actualites\/#website"},"primaryImageOfPage":{"@id":"https:\/\/www.les-energies-renouvelables.eu\/article\/actualites\/energies\/empreinte-carbone-du-solaire-francais-chute-officiellement-de-moitie-1906\/#primaryimage"},"image":{"@id":"https:\/\/www.les-energies-renouvelables.eu\/article\/actualites\/energies\/empreinte-carbone-du-solaire-francais-chute-officiellement-de-moitie-1906\/#primaryimage"},"thumbnailUrl":"https:\/\/www.les-energies-renouvelables.eu\/article\/actualites\/wp-content\/uploads\/2026\/09\/actualites-brouillon-auto-empreinte-carbone-solaire-scaled.webp","datePublished":"2026-09-04T09:43:22+00:00","description":"Une \u00e9tude Ademe, CEA et Certisolis divise par deux l'empreinte carbone du solaire fran\u00e7ais, d\u00e9sormais sous celle du r\u00e9seau \u00e9lectrique.","breadcrumb":{"@id":"https:\/\/www.les-energies-renouvelables.eu\/article\/actualites\/energies\/empreinte-carbone-du-solaire-francais-chute-officiellement-de-moitie-1906\/#breadcrumb"},"inLanguage":"fr-FR","potentialAction":[{"@type":"ReadAction","target":["https:\/\/www.les-energies-renouvelables.eu\/article\/actualites\/energies\/empreinte-carbone-du-solaire-francais-chute-officiellement-de-moitie-1906\/"]}]},{"@type":"ImageObject","inLanguage":"fr-FR","@id":"https:\/\/www.les-energies-renouvelables.eu\/article\/actualites\/energies\/empreinte-carbone-du-solaire-francais-chute-officiellement-de-moitie-1906\/#primaryimage","url":"https:\/\/www.les-energies-renouvelables.eu\/article\/actualites\/wp-content\/uploads\/2026\/09\/actualites-brouillon-auto-empreinte-carbone-solaire-scaled.webp","contentUrl":"https:\/\/www.les-energies-renouvelables.eu\/article\/actualites\/wp-content\/uploads\/2026\/09\/actualites-brouillon-auto-empreinte-carbone-solaire-scaled.webp","width":1200,"height":675,"caption":"empreinte carbone solaire en france"},{"@type":"BreadcrumbList","@id":"https:\/\/www.les-energies-renouvelables.eu\/article\/actualites\/energies\/empreinte-carbone-du-solaire-francais-chute-officiellement-de-moitie-1906\/#breadcrumb","itemListElement":[{"@type":"ListItem","position":1,"name":"Accueil","item":"https:\/\/www.les-energies-renouvelables.eu\/article\/actualites\/"},{"@type":"ListItem","position":2,"name":"L&#8217;empreinte carbone du solaire fran\u00e7ais chute officiellement de moiti\u00e9 en 2026"}]},{"@type":"WebSite","@id":"https:\/\/www.les-energies-renouvelables.eu\/article\/actualites\/#website","url":"https:\/\/www.les-energies-renouvelables.eu\/article\/actualites\/","name":"ECOinfos Energies renouvelables","description":"Le d\u00e9cryptage quotidien du secteur des \u00e9nergies renouvelables","publisher":{"@id":"https:\/\/www.les-energies-renouvelables.eu\/article\/actualites\/#organization"},"potentialAction":[{"@type":"SearchAction","target":{"@type":"EntryPoint","urlTemplate":"https:\/\/www.les-energies-renouvelables.eu\/article\/actualites\/?s={search_term_string}"},"query-input":{"@type":"PropertyValueSpecification","valueRequired":true,"valueName":"search_term_string"}}],"inLanguage":"fr-FR"},{"@type":"Organization","@id":"https:\/\/www.les-energies-renouvelables.eu\/article\/actualites\/#organization","name":"ECOinfos Energies renouvelables","url":"https:\/\/www.les-energies-renouvelables.eu\/article\/actualites\/","logo":{"@type":"ImageObject","inLanguage":"fr-FR","@id":"https:\/\/www.les-energies-renouvelables.eu\/article\/actualites\/#\/schema\/logo\/image\/","url":"https:\/\/www.les-energies-renouvelables.eu\/article\/actualites\/wp-content\/uploads\/2025\/11\/ecoinfos.eldorado-consulting.com-logo-logo.svg","contentUrl":"https:\/\/www.les-energies-renouvelables.eu\/article\/actualites\/wp-content\/uploads\/2025\/11\/ecoinfos.eldorado-consulting.com-logo-logo.svg","caption":"ECOinfos Energies renouvelables"},"image":{"@id":"https:\/\/www.les-energies-renouvelables.eu\/article\/actualites\/#\/schema\/logo\/image\/"},"sameAs":["https:\/\/www.facebook.com\/ecoannuaire.energierenouvelable\/","https:\/\/x.com\/ECOinfosENR","https:\/\/www.linkedin.com\/company\/ecoinfos-energies-renouvelables\/","https:\/\/www.youtube.com\/@ecoinfosenergies","https:\/\/share.google\/dyKHJPxAV42WhhjbM"]},{"@type":"Person","@id":"https:\/\/www.les-energies-renouvelables.eu\/article\/actualites\/#\/schema\/person\/d0855c0c2d94ad36795f37b9a33c9f93","name":"Mathis Castelnau","image":{"@type":"ImageObject","inLanguage":"fr-FR","@id":"https:\/\/www.les-energies-renouvelables.eu\/article\/actualites\/wp-content\/uploads\/2026\/05\/actualites-mathis-castelnau-mathis-castelnau-160x160.jpeg","url":"https:\/\/www.les-energies-renouvelables.eu\/article\/actualites\/wp-content\/uploads\/2026\/05\/actualites-mathis-castelnau-mathis-castelnau-160x160.jpeg","contentUrl":"https:\/\/www.les-energies-renouvelables.eu\/article\/actualites\/wp-content\/uploads\/2026\/05\/actualites-mathis-castelnau-mathis-castelnau-160x160.jpeg","caption":"Mathis Castelnau"},"description":"Passionn\u00e9 par les \u00e9nergies renouvelables et le march\u00e9 de l\u2019\u00e9nergie, je d\u00e9crypte depuis plusieurs ann\u00e9es les \u00e9volutions techniques, r\u00e9glementaires et \u00e9conomiques du secteur. \u00c0 travers nos articles, nous analysons les enjeux du photovolta\u00efque, de la transition \u00e9nerg\u00e9tique, de l\u2019autoconsommation et des nouveaux mod\u00e8les \u00e9nerg\u00e9tiques qui redessinent le march\u00e9.","sameAs":["https:\/\/www.linkedin.com\/in\/mathis-castelnau\/"],"url":"https:\/\/www.les-energies-renouvelables.eu\/article\/actualites\/author\/mathis\/"}]}},"_links":{"self":[{"href":"https:\/\/www.les-energies-renouvelables.eu\/article\/actualites\/wp-json\/wp\/v2\/posts\/1906","targetHints":{"allow":["GET"]}}],"collection":[{"href":"https:\/\/www.les-energies-renouvelables.eu\/article\/actualites\/wp-json\/wp\/v2\/posts"}],"about":[{"href":"https:\/\/www.les-energies-renouvelables.eu\/article\/actualites\/wp-json\/wp\/v2\/types\/post"}],"author":[{"embeddable":true,"href":"https:\/\/www.les-energies-renouvelables.eu\/article\/actualites\/wp-json\/wp\/v2\/users\/3"}],"replies":[{"embeddable":true,"href":"https:\/\/www.les-energies-renouvelables.eu\/article\/actualites\/wp-json\/wp\/v2\/comments?post=1906"}],"version-history":[{"count":1,"href":"https:\/\/www.les-energies-renouvelables.eu\/article\/actualites\/wp-json\/wp\/v2\/posts\/1906\/revisions"}],"predecessor-version":[{"id":1908,"href":"https:\/\/www.les-energies-renouvelables.eu\/article\/actualites\/wp-json\/wp\/v2\/posts\/1906\/revisions\/1908"}],"wp:featuredmedia":[{"embeddable":true,"href":"https:\/\/www.les-energies-renouvelables.eu\/article\/actualites\/wp-json\/wp\/v2\/media\/1907"}],"wp:attachment":[{"href":"https:\/\/www.les-energies-renouvelables.eu\/article\/actualites\/wp-json\/wp\/v2\/media?parent=1906"}],"wp:term":[{"taxonomy":"category","embeddable":true,"href":"https:\/\/www.les-energies-renouvelables.eu\/article\/actualites\/wp-json\/wp\/v2\/categories?post=1906"},{"taxonomy":"post_tag","embeddable":true,"href":"https:\/\/www.les-energies-renouvelables.eu\/article\/actualites\/wp-json\/wp\/v2\/tags?post=1906"}],"curies":[{"name":"wp","href":"https:\/\/api.w.org\/{rel}","templated":true}]}}