{"id":1898,"date":"2026-09-04T10:44:58","date_gmt":"2026-09-04T08:44:58","guid":{"rendered":"https:\/\/www.les-energies-renouvelables.eu\/article\/actualites\/?p=1898"},"modified":"2026-09-04T05:03:43","modified_gmt":"2026-09-04T03:03:43","slug":"la-prochaine-etape-du-micro-stockage-comment-la-coordination-sans-fil-rend-linstallation-et-lextension-du-stockage-residentiel-plus-flexibles","status":"publish","type":"post","link":"https:\/\/www.les-energies-renouvelables.eu\/article\/actualites\/energies\/la-prochaine-etape-du-micro-stockage-comment-la-coordination-sans-fil-rend-linstallation-et-lextension-du-stockage-residentiel-plus-flexibles-1898\/","title":{"rendered":"La prochaine \u00e9tape du micro-stockage: comment la coordination sans fil rend l\u2019installation et l\u2019extension du stockage r\u00e9sidentiel plus flexibles"},"content":{"rendered":"\n<p class=\"wp-block-paragraph\">\u00c0 mesure que les usages \u00e9nerg\u00e9tiques des m\u00e9nages \u00e9voluent, leurs besoins en mati\u00e8re de stockage se transforment \u00e9galement. Le photovolta\u00efque, les v\u00e9hicules \u00e9lectriques, les pompes \u00e0 chaleur et la multiplication des \u00e9quipements \u00e9lectriques domestiques rendent les besoins \u00e9nerg\u00e9tiques des foyers plus diversifi\u00e9s et plus difficiles \u00e0 satisfaire durablement avec une capacit\u00e9 de stockage fixe. Une configuration adapt\u00e9e aujourd\u2019hui peut ainsi n\u00e9cessiter une \u00e9volution demain, \u00e0 mesure que la consommation du foyer augmente ou que ses habitudes \u00e9nerg\u00e9tiques changent.<\/p>\n\n\n\n<p class=\"wp-block-paragraph\">Le stockage r\u00e9sidentiel \u00e9volue donc progressivement d\u2019un mod\u00e8le traditionnel \u00e0 <strong>capacit\u00e9 fixe<\/strong> vers des solutions plus modulaires et extensibles en fonction des besoins. Plut\u00f4t que de d\u00e9finir d\u00e8s l\u2019installation initiale la capacit\u00e9 finale du syst\u00e8me, les utilisateurs peuvent commencer par une configuration adapt\u00e9e \u00e0 leurs besoins actuels, puis ajouter de nouvelles unit\u00e9s de stockage au fil de l\u2019\u00e9volution de leur consommation. Cette approche apporte davantage de flexibilit\u00e9 au stockage r\u00e9sidentiel et fait de l\u2019<strong>\u00e9volutivit\u00e9 (Scalability)<\/strong> l\u2019un des axes de d\u00e9veloppement majeurs du <strong>Micro Storage<\/strong>.<\/p>\n\n\n\n<h2 class=\"wp-block-heading\"><strong>\u00c0 mesure que le nombre d\u2019unit\u00e9s de stockage augmente, l\u2019installation fait face \u00e0 de nouveaux d\u00e9fis<\/strong><\/h2>\n\n\n\n<p class=\"wp-block-paragraph\">La modularit\u00e9 facilite l\u2019extension de la capacit\u00e9, mais \u00e0 mesure que le nombre d\u2019unit\u00e9s de stockage augmente, leur installation et leur interconnexion peuvent \u00e9galement devenir plus complexes. Dans les syst\u00e8mes multi-unit\u00e9s traditionnels, les diff\u00e9rents \u00e9quipements doivent g\u00e9n\u00e9ralement \u00eatre reli\u00e9s par des c\u00e2bles de communication tels que le <strong>RS485<\/strong>. Or, dans les logements existants, il n\u2019est pas toujours possible d\u2019installer toutes les unit\u00e9s au m\u00eame endroit.<\/p>\n\n\n\n<p class=\"wp-block-paragraph\">Cette probl\u00e9matique est particuli\u00e8rement pr\u00e9sente dans les <strong>syst\u00e8mes triphas\u00e9s<\/strong>, les installations comportant <strong>plusieurs circuits<\/strong>, les logements anciens ou encore les projets de <strong>r\u00e9novation d\u2019installations photovolta\u00efques existantes (Retrofit)<\/strong>. L\u2019ajout de nouveaux c\u00e2bles de communication peut alors n\u00e9cessiter de traverser des murs, de modifier le cheminement des c\u00e2bles, voire de repenser une partie de l\u2019installation existante.<\/p>\n\n\n\n<figure class=\"wp-block-image size-large\"><img decoding=\"async\" src=\"https:\/\/cdn.shopify.com\/s\/files\/1\/0794\/7003\/5181\/files\/2_a3f25da3-b0fe-43da-9d16-62d3efb4a676.jpg?v=1788493194\" alt=\"\"\/><\/figure>\n\n\n\n<p class=\"wp-block-paragraph\">Cela soul\u00e8ve une nouvelle question: <strong>si la capacit\u00e9 de stockage peut d\u00e9sormais \u00e9voluer de mani\u00e8re flexible, le mode d\u2019installation peut-il lui aussi gagner en flexibilit\u00e9 ?<\/strong> Pour la prochaine \u00e9tape du <strong>Micro Storage<\/strong>, une v\u00e9ritable \u00e9volutivit\u00e9 ne devrait pas se limiter \u00e0 la possibilit\u00e9 \u00ab d\u2019ajouter davantage de batteries \u00bb : elle doit \u00e9galement permettre de r\u00e9duire autant que possible la complexit\u00e9 d\u2019installation li\u00e9e \u00e0 l\u2019ajout de nouveaux \u00e9quipements.<\/p>\n\n\n\n<h2 class=\"wp-block-heading\"><strong>Wireless Coordination: faire fonctionner plusieurs unit\u00e9s de stockage de mani\u00e8re coordonn\u00e9e et sans fil<\/strong><\/h2>\n\n\n\n<p class=\"wp-block-paragraph\">La technologie de <strong>coordination sans fil (Wireless Coordination)<\/strong> de TSUN a pr\u00e9cis\u00e9ment \u00e9t\u00e9 con\u00e7ue pour r\u00e9pondre \u00e0 ce besoin. Gr\u00e2ce \u00e0 cette fonctionnalit\u00e9 int\u00e9gr\u00e9e au <strong>syst\u00e8me de gestion de l\u2019\u00e9nergie (EMS)<\/strong>, plusieurs unit\u00e9s de stockage peuvent former un groupe coordonn\u00e9 via un r\u00e9seau Wi-Fi standard de <strong>2,4 GHz<\/strong>, sans n\u00e9cessiter de c\u00e2blage de communication physique suppl\u00e9mentaire entre les diff\u00e9rents \u00e9quipements. L\u2019ensemble du syst\u00e8me est ensuite coordonn\u00e9 de mani\u00e8re centralis\u00e9e par l\u2019EMS.<\/p>\n\n\n\n<p class=\"wp-block-paragraph\">L\u2019int\u00e9r\u00eat de la coordination sans fil ne consiste pas simplement \u00e0 remplacer un c\u00e2ble de communication par une connexion sans fil. Il s\u2019agit surtout d\u2019offrir une plus grande libert\u00e9 d\u2019installation aux syst\u00e8mes de stockage compos\u00e9s de plusieurs unit\u00e9s. Les \u00e9quipements n\u2019ont ainsi plus besoin d\u2019\u00eatre regroup\u00e9s au m\u00eame endroit uniquement pour assurer leur communication: ils peuvent \u00eatre install\u00e9s de mani\u00e8re plus flexible, en fonction de l\u2019espace disponible dans le logement, de son architecture \u00e9lectrique et de ses besoins \u00e9nerg\u00e9tiques r\u00e9els.<\/p>\n\n\n\n<figure class=\"wp-block-image size-large\"><img decoding=\"async\" src=\"https:\/\/cdn.shopify.com\/s\/files\/1\/0794\/7003\/5181\/files\/3_fba5af9e-cf0e-4e1d-8177-47b48963f8fa.jpg?v=1788493193\" alt=\"\"\/><\/figure>\n\n\n\n<h2 class=\"wp-block-heading\"><strong>Physiquement distribu\u00e9es, logiquement unifi\u00e9es, tout en conservant un fonctionnement ind\u00e9pendant de chaque unit\u00e9<\/strong><\/h2>\n\n\n\n<p class=\"wp-block-paragraph\">La principale caract\u00e9ristique de cette architecture peut se r\u00e9sumer ainsi : <strong>\u00ab physiquement distribu\u00e9e, logiquement unifi\u00e9e \u00bb<\/strong>. Plusieurs batteries peuvent \u00eatre install\u00e9es \u00e0 diff\u00e9rents endroits du logement et raccord\u00e9es \u00e0 diff\u00e9rents circuits \u00e9lectriques, tout en \u00e9tant g\u00e9r\u00e9es au sein de l\u2019EMS comme un seul syst\u00e8me de stockage coordonn\u00e9. Cette flexibilit\u00e9 pr\u00e9sente un int\u00e9r\u00eat particuli\u00e8rement concret dans les habitations \u00e9quip\u00e9es d\u2019un <strong>syst\u00e8me triphas\u00e9<\/strong>, ou lorsque plusieurs unit\u00e9s ne peuvent pas \u00eatre raccord\u00e9es au m\u00eame circuit ou \u00e0 la m\u00eame phase.<\/p>\n\n\n\n<p class=\"wp-block-paragraph\">Dans le m\u00eame temps, <strong>une gestion coordonn\u00e9e ne signifie pas que toutes les unit\u00e9s de stockage doivent ex\u00e9cuter les m\u00eames instructions<\/strong>. Au sein d\u2019un m\u00eame EMS, chaque unit\u00e9 peut continuer \u00e0 fonctionner de mani\u00e8re ind\u00e9pendante en fonction du circuit et de la phase auxquels elle est raccord\u00e9e, de la consommation du foyer et de la production photovolta\u00efque. Selon les besoins \u00e9nerg\u00e9tiques r\u00e9els, une batterie peut par exemple \u00eatre en charge, tandis qu\u2019une autre se d\u00e9charge et qu\u2019une troisi\u00e8me reste en veille.<\/p>\n\n\n\n<p class=\"wp-block-paragraph\">Cette approche, qui associe <strong>coordination globale et fonctionnement ind\u00e9pendant de chaque unit\u00e9<\/strong>, permet au syst\u00e8me de s\u2019adapter avec davantage de flexibilit\u00e9 aux diff\u00e9rentes configurations \u00e9lectriques des logements.<\/p>\n\n\n\n<h2 class=\"wp-block-heading\"><strong>Faciliter le Retrofit et rendre les futures extensions plus flexibles<\/strong><\/h2>\n\n\n\n<p class=\"wp-block-paragraph\">Pour les projets de <strong>Retrofit sur des installations photovolta\u00efques existantes<\/strong>, cette flexibilit\u00e9 est particuli\u00e8rement importante. Dans de nombreux logements, les \u00e9quipements photovolta\u00efques, les circuits \u00e9lectriques et les espaces disponibles pour l\u2019installation sont d\u00e9j\u00e0 d\u00e9finis. Si l\u2019ajout d\u2019un syst\u00e8me de stockage n\u00e9cessite \u00e9galement la mise en place de nombreux nouveaux c\u00e2bles de communication, la complexit\u00e9 des travaux peut rapidement augmenter. La coordination sans fil r\u00e9duit la d\u00e9pendance aux c\u00e2bles de communication physiques entre les \u00e9quipements, permettant ainsi aux installateurs de concevoir le syst\u00e8me en s\u2019appuyant davantage sur la configuration existante du logement et de limiter les travaux de modification inutiles.<\/p>\n\n\n\n<p class=\"wp-block-paragraph\">Ce m\u00eame avantage se retrouve lors des <strong>extensions ult\u00e9rieures du syst\u00e8me<\/strong>. Si les besoins de stockage du foyer augmentent \u00e0 l\u2019avenir, les nouvelles unit\u00e9s n\u2019ont pas besoin d\u2019\u00eatre install\u00e9es \u00e0 proximit\u00e9 imm\u00e9diate des batteries existantes pour des raisons de communication. Sous r\u00e9serve du respect des exigences \u00e9lectriques et des sp\u00e9cifications du syst\u00e8me, elles peuvent rejoindre le groupe sans fil existant et continuer \u00e0 \u00eatre coordonn\u00e9es de mani\u00e8re centralis\u00e9e par l\u2019EMS.<\/p>\n\n\n\n<p class=\"wp-block-paragraph\">Le <strong>Micro Storage<\/strong> ne se limite ainsi plus \u00e0 une simple \u00ab capacit\u00e9 extensible \u00bb : <strong>l\u2019installation et la gestion du syst\u00e8me deviennent elles aussi plus flexibles et \u00e9volutives.<\/strong><\/p>\n\n\n\n<h2 class=\"wp-block-heading\"><strong>Du MAU5000 \u00e0 un EMS unifi\u00e9 : construire un Micro Storage plus flexible<\/strong><\/h2>\n\n\n\n<p class=\"wp-block-paragraph\">Cette capacit\u00e9 de coordination sans fil est d\u00e9j\u00e0 int\u00e9gr\u00e9e au <strong>TSUN MAU5000<\/strong>, mais elle n\u2019a pas \u00e9t\u00e9 con\u00e7ue comme une fonctionnalit\u00e9 isol\u00e9e propre \u00e0 un seul produit. Elle s\u2019inscrit dans l\u2019architecture EMS unifi\u00e9e de TSUN. \u00c0 l\u2019avenir, cette m\u00eame logique de coordination sera \u00e9tendue \u00e0 davantage de solutions <strong>AC Coupled, DC Coupled, Stackable<\/strong>, ainsi qu\u2019\u00e0 des produits <strong>Micro Storage de puissance sup\u00e9rieure<\/strong>, afin d\u2019offrir une exp\u00e9rience de gestion de l\u2019\u00e9nergie plus coh\u00e9rente, quels que soient la capacit\u00e9, le mode d\u2019installation ou le sc\u00e9nario d\u2019utilisation.<\/p>\n\n\n\n<p class=\"wp-block-paragraph\">Alors que le stockage r\u00e9sidentiel entre dans une nouvelle phase de modularit\u00e9, la prochaine \u00e9tape du <strong>Micro Storage<\/strong> ne consiste plus seulement \u00e0 augmenter la capacit\u00e9, mais \u00e0 rendre l\u2019ensemble du syst\u00e8me <strong>plus simple \u00e0 installer, plus flexible \u00e0 faire \u00e9voluer et plus facile \u00e0 g\u00e9rer de mani\u00e8re unifi\u00e9e<\/strong>. Du <strong>MAU5000<\/strong> aux futures gammes de solutions Micro Storage, TSUN s\u2019appuie sur l\u2019association <strong>Hardware + EMS + Scalability<\/strong> pour permettre aux syst\u00e8mes de stockage d\u2019\u00e9voluer avec les besoins \u00e9nerg\u00e9tiques des foyers, tout en offrant davantage de flexibilit\u00e9 aux installateurs comme aux utilisateurs.<\/p>\n\n\n\n<figure class=\"wp-block-image size-large\"><img decoding=\"async\" src=\"https:\/\/cdn.shopify.com\/s\/files\/1\/0794\/7003\/5181\/files\/4_885b8355-cb64-4f12-924f-733e108af75b.jpg?v=1788493193\" alt=\"\"\/><\/figure>\n","protected":false},"excerpt":{"rendered":"","protected":false},"author":3,"featured_media":1903,"comment_status":"open","ping_status":"open","sticky":false,"template":"","format":"standard","meta":{"_acf_changed":false,"footnotes":""},"categories":[1],"tags":[107],"class_list":["post-1898","post","type-post","status-publish","format-standard","has-post-thumbnail","hentry","category-energies","tag-stockage-photovoltaique","masonry-post","generate-columns","tablet-grid-50","mobile-grid-100","grid-parent","grid-33"],"acf":{"social-publish":false,"just-linkedin":false,"just-facebook":false},"yoast_head":"<!-- This site is optimized with the Yoast SEO plugin v28.4 - https:\/\/yoast.com\/product\/yoast-seo-wordpress\/ -->\n<title>Micro-stockage r\u00e9sidentiel : plus de flexibilit\u00e9 sans fil - ECOinfos<\/title>\n<meta name=\"description\" content=\"D\u00e9couvrez comment la coordination sans fil simplifie l\u2019installation, l\u2019extension et l\u2019\u00e9volution des syst\u00e8mes de micro-stockage r\u00e9sidentiel.\" \/>\n<meta name=\"robots\" content=\"index, follow, max-snippet:-1, max-image-preview:large, max-video-preview:-1\" \/>\n<link rel=\"canonical\" href=\"https:\/\/www.les-energies-renouvelables.eu\/article\/actualites\/energies\/la-prochaine-etape-du-micro-stockage-comment-la-coordination-sans-fil-rend-linstallation-et-lextension-du-stockage-residentiel-plus-flexibles-1898\/\" \/>\n<meta property=\"og:locale\" content=\"fr_FR\" \/>\n<meta property=\"og:type\" content=\"article\" \/>\n<meta property=\"og:title\" content=\"Micro-stockage r\u00e9sidentiel : plus de flexibilit\u00e9 sans fil - ECOinfos\" \/>\n<meta property=\"og:description\" content=\"D\u00e9couvrez comment la coordination sans fil simplifie l\u2019installation, l\u2019extension et l\u2019\u00e9volution des syst\u00e8mes de micro-stockage r\u00e9sidentiel.\" \/>\n<meta property=\"og:url\" content=\"https:\/\/www.les-energies-renouvelables.eu\/article\/actualites\/energies\/la-prochaine-etape-du-micro-stockage-comment-la-coordination-sans-fil-rend-linstallation-et-lextension-du-stockage-residentiel-plus-flexibles-1898\/\" \/>\n<meta property=\"og:site_name\" content=\"ECOinfos Energies renouvelables\" \/>\n<meta property=\"article:publisher\" content=\"https:\/\/www.facebook.com\/ecoannuaire.energierenouvelable\/\" \/>\n<meta property=\"article:published_time\" content=\"2026-09-04T08:44:58+00:00\" \/>\n<meta property=\"og:image\" content=\"https:\/\/www.les-energies-renouvelables.eu\/article\/actualites\/wp-content\/uploads\/2026\/09\/actualites-tsun-extension-batterie-1-tsun-extension-batterie-1-scaled.webp\" \/>\n\t<meta property=\"og:image:width\" content=\"1200\" \/>\n\t<meta property=\"og:image:height\" content=\"598\" \/>\n\t<meta property=\"og:image:type\" content=\"image\/webp\" \/>\n<meta name=\"author\" content=\"Mathis Castelnau\" \/>\n<meta name=\"twitter:card\" content=\"summary_large_image\" \/>\n<meta name=\"twitter:creator\" content=\"@ECOinfosENR\" \/>\n<meta name=\"twitter:site\" content=\"@ECOinfosENR\" \/>\n<meta name=\"twitter:label1\" content=\"\u00c9crit par\" \/>\n\t<meta name=\"twitter:data1\" content=\"Mathis Castelnau\" \/>\n\t<meta name=\"twitter:label2\" content=\"Dur\u00e9e de lecture estim\u00e9e\" \/>\n\t<meta name=\"twitter:data2\" content=\"7 minutes\" \/>\n<script type=\"application\/ld+json\" class=\"yoast-schema-graph\">{\"@context\":\"https:\\\/\\\/schema.org\",\"@graph\":[{\"@type\":\"NewsArticle\",\"@id\":\"https:\\\/\\\/www.les-energies-renouvelables.eu\\\/article\\\/actualites\\\/energies\\\/la-prochaine-etape-du-micro-stockage-comment-la-coordination-sans-fil-rend-linstallation-et-lextension-du-stockage-residentiel-plus-flexibles-1898\\\/#article\",\"isPartOf\":{\"@id\":\"https:\\\/\\\/www.les-energies-renouvelables.eu\\\/article\\\/actualites\\\/energies\\\/la-prochaine-etape-du-micro-stockage-comment-la-coordination-sans-fil-rend-linstallation-et-lextension-du-stockage-residentiel-plus-flexibles-1898\\\/\"},\"author\":{\"name\":\"Mathis Castelnau\",\"@id\":\"https:\\\/\\\/www.les-energies-renouvelables.eu\\\/article\\\/actualites\\\/#\\\/schema\\\/person\\\/d0855c0c2d94ad36795f37b9a33c9f93\"},\"headline\":\"La prochaine \u00e9tape du micro-stockage: comment la coordination sans fil rend l\u2019installation et l\u2019extension du stockage r\u00e9sidentiel plus flexibles\",\"datePublished\":\"2026-09-04T08:44:58+00:00\",\"mainEntityOfPage\":{\"@id\":\"https:\\\/\\\/www.les-energies-renouvelables.eu\\\/article\\\/actualites\\\/energies\\\/la-prochaine-etape-du-micro-stockage-comment-la-coordination-sans-fil-rend-linstallation-et-lextension-du-stockage-residentiel-plus-flexibles-1898\\\/\"},\"wordCount\":1324,\"commentCount\":0,\"publisher\":{\"@id\":\"https:\\\/\\\/www.les-energies-renouvelables.eu\\\/article\\\/actualites\\\/#organization\"},\"image\":{\"@id\":\"https:\\\/\\\/www.les-energies-renouvelables.eu\\\/article\\\/actualites\\\/energies\\\/la-prochaine-etape-du-micro-stockage-comment-la-coordination-sans-fil-rend-linstallation-et-lextension-du-stockage-residentiel-plus-flexibles-1898\\\/#primaryimage\"},\"thumbnailUrl\":\"https:\\\/\\\/www.les-energies-renouvelables.eu\\\/article\\\/actualites\\\/wp-content\\\/uploads\\\/2026\\\/09\\\/actualites-tsun-extension-batterie-1-tsun-extension-batterie-1-scaled.webp\",\"keywords\":[\"Stockage photovoltaique\"],\"articleSection\":[\"\u00c9nergies\"],\"inLanguage\":\"fr-FR\",\"potentialAction\":[{\"@type\":\"CommentAction\",\"name\":\"Comment\",\"target\":[\"https:\\\/\\\/www.les-energies-renouvelables.eu\\\/article\\\/actualites\\\/energies\\\/la-prochaine-etape-du-micro-stockage-comment-la-coordination-sans-fil-rend-linstallation-et-lextension-du-stockage-residentiel-plus-flexibles-1898\\\/#respond\"]}]},{\"@type\":\"WebPage\",\"@id\":\"https:\\\/\\\/www.les-energies-renouvelables.eu\\\/article\\\/actualites\\\/energies\\\/la-prochaine-etape-du-micro-stockage-comment-la-coordination-sans-fil-rend-linstallation-et-lextension-du-stockage-residentiel-plus-flexibles-1898\\\/\",\"url\":\"https:\\\/\\\/www.les-energies-renouvelables.eu\\\/article\\\/actualites\\\/energies\\\/la-prochaine-etape-du-micro-stockage-comment-la-coordination-sans-fil-rend-linstallation-et-lextension-du-stockage-residentiel-plus-flexibles-1898\\\/\",\"name\":\"Micro-stockage r\u00e9sidentiel : plus de flexibilit\u00e9 sans fil - ECOinfos\",\"isPartOf\":{\"@id\":\"https:\\\/\\\/www.les-energies-renouvelables.eu\\\/article\\\/actualites\\\/#website\"},\"primaryImageOfPage\":{\"@id\":\"https:\\\/\\\/www.les-energies-renouvelables.eu\\\/article\\\/actualites\\\/energies\\\/la-prochaine-etape-du-micro-stockage-comment-la-coordination-sans-fil-rend-linstallation-et-lextension-du-stockage-residentiel-plus-flexibles-1898\\\/#primaryimage\"},\"image\":{\"@id\":\"https:\\\/\\\/www.les-energies-renouvelables.eu\\\/article\\\/actualites\\\/energies\\\/la-prochaine-etape-du-micro-stockage-comment-la-coordination-sans-fil-rend-linstallation-et-lextension-du-stockage-residentiel-plus-flexibles-1898\\\/#primaryimage\"},\"thumbnailUrl\":\"https:\\\/\\\/www.les-energies-renouvelables.eu\\\/article\\\/actualites\\\/wp-content\\\/uploads\\\/2026\\\/09\\\/actualites-tsun-extension-batterie-1-tsun-extension-batterie-1-scaled.webp\",\"datePublished\":\"2026-09-04T08:44:58+00:00\",\"description\":\"D\u00e9couvrez comment la coordination sans fil simplifie l\u2019installation, l\u2019extension et l\u2019\u00e9volution des syst\u00e8mes de micro-stockage r\u00e9sidentiel.\",\"breadcrumb\":{\"@id\":\"https:\\\/\\\/www.les-energies-renouvelables.eu\\\/article\\\/actualites\\\/energies\\\/la-prochaine-etape-du-micro-stockage-comment-la-coordination-sans-fil-rend-linstallation-et-lextension-du-stockage-residentiel-plus-flexibles-1898\\\/#breadcrumb\"},\"inLanguage\":\"fr-FR\",\"potentialAction\":[{\"@type\":\"ReadAction\",\"target\":[\"https:\\\/\\\/www.les-energies-renouvelables.eu\\\/article\\\/actualites\\\/energies\\\/la-prochaine-etape-du-micro-stockage-comment-la-coordination-sans-fil-rend-linstallation-et-lextension-du-stockage-residentiel-plus-flexibles-1898\\\/\"]}]},{\"@type\":\"ImageObject\",\"inLanguage\":\"fr-FR\",\"@id\":\"https:\\\/\\\/www.les-energies-renouvelables.eu\\\/article\\\/actualites\\\/energies\\\/la-prochaine-etape-du-micro-stockage-comment-la-coordination-sans-fil-rend-linstallation-et-lextension-du-stockage-residentiel-plus-flexibles-1898\\\/#primaryimage\",\"url\":\"https:\\\/\\\/www.les-energies-renouvelables.eu\\\/article\\\/actualites\\\/wp-content\\\/uploads\\\/2026\\\/09\\\/actualites-tsun-extension-batterie-1-tsun-extension-batterie-1-scaled.webp\",\"contentUrl\":\"https:\\\/\\\/www.les-energies-renouvelables.eu\\\/article\\\/actualites\\\/wp-content\\\/uploads\\\/2026\\\/09\\\/actualites-tsun-extension-batterie-1-tsun-extension-batterie-1-scaled.webp\",\"width\":1200,\"height\":598,\"caption\":\"extension batterie stockage photovoltaique\"},{\"@type\":\"BreadcrumbList\",\"@id\":\"https:\\\/\\\/www.les-energies-renouvelables.eu\\\/article\\\/actualites\\\/energies\\\/la-prochaine-etape-du-micro-stockage-comment-la-coordination-sans-fil-rend-linstallation-et-lextension-du-stockage-residentiel-plus-flexibles-1898\\\/#breadcrumb\",\"itemListElement\":[{\"@type\":\"ListItem\",\"position\":1,\"name\":\"Accueil\",\"item\":\"https:\\\/\\\/www.les-energies-renouvelables.eu\\\/article\\\/actualites\\\/\"},{\"@type\":\"ListItem\",\"position\":2,\"name\":\"La prochaine \u00e9tape du micro-stockage: comment la coordination sans fil rend l\u2019installation et l\u2019extension du stockage r\u00e9sidentiel plus flexibles\"}]},{\"@type\":\"WebSite\",\"@id\":\"https:\\\/\\\/www.les-energies-renouvelables.eu\\\/article\\\/actualites\\\/#website\",\"url\":\"https:\\\/\\\/www.les-energies-renouvelables.eu\\\/article\\\/actualites\\\/\",\"name\":\"ECOinfos Energies renouvelables\",\"description\":\"Le d\u00e9cryptage quotidien du secteur des \u00e9nergies renouvelables\",\"publisher\":{\"@id\":\"https:\\\/\\\/www.les-energies-renouvelables.eu\\\/article\\\/actualites\\\/#organization\"},\"potentialAction\":[{\"@type\":\"SearchAction\",\"target\":{\"@type\":\"EntryPoint\",\"urlTemplate\":\"https:\\\/\\\/www.les-energies-renouvelables.eu\\\/article\\\/actualites\\\/?s={search_term_string}\"},\"query-input\":{\"@type\":\"PropertyValueSpecification\",\"valueRequired\":true,\"valueName\":\"search_term_string\"}}],\"inLanguage\":\"fr-FR\"},{\"@type\":\"Organization\",\"@id\":\"https:\\\/\\\/www.les-energies-renouvelables.eu\\\/article\\\/actualites\\\/#organization\",\"name\":\"ECOinfos Energies renouvelables\",\"url\":\"https:\\\/\\\/www.les-energies-renouvelables.eu\\\/article\\\/actualites\\\/\",\"logo\":{\"@type\":\"ImageObject\",\"inLanguage\":\"fr-FR\",\"@id\":\"https:\\\/\\\/www.les-energies-renouvelables.eu\\\/article\\\/actualites\\\/#\\\/schema\\\/logo\\\/image\\\/\",\"url\":\"https:\\\/\\\/www.les-energies-renouvelables.eu\\\/article\\\/actualites\\\/wp-content\\\/uploads\\\/2025\\\/11\\\/ecoinfos.eldorado-consulting.com-logo-logo.svg\",\"contentUrl\":\"https:\\\/\\\/www.les-energies-renouvelables.eu\\\/article\\\/actualites\\\/wp-content\\\/uploads\\\/2025\\\/11\\\/ecoinfos.eldorado-consulting.com-logo-logo.svg\",\"caption\":\"ECOinfos Energies renouvelables\"},\"image\":{\"@id\":\"https:\\\/\\\/www.les-energies-renouvelables.eu\\\/article\\\/actualites\\\/#\\\/schema\\\/logo\\\/image\\\/\"},\"sameAs\":[\"https:\\\/\\\/www.facebook.com\\\/ecoannuaire.energierenouvelable\\\/\",\"https:\\\/\\\/x.com\\\/ECOinfosENR\",\"https:\\\/\\\/www.linkedin.com\\\/company\\\/ecoinfos-energies-renouvelables\\\/\",\"https:\\\/\\\/www.youtube.com\\\/@ecoinfosenergies\",\"https:\\\/\\\/share.google\\\/dyKHJPxAV42WhhjbM\"]},{\"@type\":\"Person\",\"@id\":\"https:\\\/\\\/www.les-energies-renouvelables.eu\\\/article\\\/actualites\\\/#\\\/schema\\\/person\\\/d0855c0c2d94ad36795f37b9a33c9f93\",\"name\":\"Mathis Castelnau\",\"image\":{\"@type\":\"ImageObject\",\"inLanguage\":\"fr-FR\",\"@id\":\"https:\\\/\\\/www.les-energies-renouvelables.eu\\\/article\\\/actualites\\\/wp-content\\\/uploads\\\/2026\\\/05\\\/actualites-mathis-castelnau-mathis-castelnau-160x160.jpeg\",\"url\":\"https:\\\/\\\/www.les-energies-renouvelables.eu\\\/article\\\/actualites\\\/wp-content\\\/uploads\\\/2026\\\/05\\\/actualites-mathis-castelnau-mathis-castelnau-160x160.jpeg\",\"contentUrl\":\"https:\\\/\\\/www.les-energies-renouvelables.eu\\\/article\\\/actualites\\\/wp-content\\\/uploads\\\/2026\\\/05\\\/actualites-mathis-castelnau-mathis-castelnau-160x160.jpeg\",\"caption\":\"Mathis Castelnau\"},\"description\":\"Passionn\u00e9 par les \u00e9nergies renouvelables et le march\u00e9 de l\u2019\u00e9nergie, je d\u00e9crypte depuis plusieurs ann\u00e9es les \u00e9volutions techniques, r\u00e9glementaires et \u00e9conomiques du secteur. \u00c0 travers nos articles, nous analysons les enjeux du photovolta\u00efque, de la transition \u00e9nerg\u00e9tique, de l\u2019autoconsommation et des nouveaux mod\u00e8les \u00e9nerg\u00e9tiques qui redessinent le march\u00e9.\",\"sameAs\":[\"https:\\\/\\\/www.linkedin.com\\\/in\\\/mathis-castelnau\\\/\"],\"url\":\"https:\\\/\\\/www.les-energies-renouvelables.eu\\\/article\\\/actualites\\\/author\\\/mathis\\\/\"}]}<\/script>\n<!-- \/ Yoast SEO plugin. -->","yoast_head_json":{"title":"Micro-stockage r\u00e9sidentiel : plus de flexibilit\u00e9 sans fil - ECOinfos","description":"D\u00e9couvrez comment la coordination sans fil simplifie l\u2019installation, l\u2019extension et l\u2019\u00e9volution des syst\u00e8mes de micro-stockage r\u00e9sidentiel.","robots":{"index":"index","follow":"follow","max-snippet":"max-snippet:-1","max-image-preview":"max-image-preview:large","max-video-preview":"max-video-preview:-1"},"canonical":"https:\/\/www.les-energies-renouvelables.eu\/article\/actualites\/energies\/la-prochaine-etape-du-micro-stockage-comment-la-coordination-sans-fil-rend-linstallation-et-lextension-du-stockage-residentiel-plus-flexibles-1898\/","og_locale":"fr_FR","og_type":"article","og_title":"Micro-stockage r\u00e9sidentiel : plus de flexibilit\u00e9 sans fil - ECOinfos","og_description":"D\u00e9couvrez comment la coordination sans fil simplifie l\u2019installation, l\u2019extension et l\u2019\u00e9volution des syst\u00e8mes de micro-stockage r\u00e9sidentiel.","og_url":"https:\/\/www.les-energies-renouvelables.eu\/article\/actualites\/energies\/la-prochaine-etape-du-micro-stockage-comment-la-coordination-sans-fil-rend-linstallation-et-lextension-du-stockage-residentiel-plus-flexibles-1898\/","og_site_name":"ECOinfos Energies renouvelables","article_publisher":"https:\/\/www.facebook.com\/ecoannuaire.energierenouvelable\/","article_published_time":"2026-09-04T08:44:58+00:00","og_image":[{"width":1200,"height":598,"url":"https:\/\/www.les-energies-renouvelables.eu\/article\/actualites\/wp-content\/uploads\/2026\/09\/actualites-tsun-extension-batterie-1-tsun-extension-batterie-1-scaled.webp","type":"image\/webp"}],"author":"Mathis Castelnau","twitter_card":"summary_large_image","twitter_creator":"@ECOinfosENR","twitter_site":"@ECOinfosENR","twitter_misc":{"\u00c9crit par":"Mathis Castelnau","Dur\u00e9e de lecture estim\u00e9e":"7 minutes"},"schema":{"@context":"https:\/\/schema.org","@graph":[{"@type":"NewsArticle","@id":"https:\/\/www.les-energies-renouvelables.eu\/article\/actualites\/energies\/la-prochaine-etape-du-micro-stockage-comment-la-coordination-sans-fil-rend-linstallation-et-lextension-du-stockage-residentiel-plus-flexibles-1898\/#article","isPartOf":{"@id":"https:\/\/www.les-energies-renouvelables.eu\/article\/actualites\/energies\/la-prochaine-etape-du-micro-stockage-comment-la-coordination-sans-fil-rend-linstallation-et-lextension-du-stockage-residentiel-plus-flexibles-1898\/"},"author":{"name":"Mathis Castelnau","@id":"https:\/\/www.les-energies-renouvelables.eu\/article\/actualites\/#\/schema\/person\/d0855c0c2d94ad36795f37b9a33c9f93"},"headline":"La prochaine \u00e9tape du micro-stockage: comment la coordination sans fil rend l\u2019installation et l\u2019extension du stockage r\u00e9sidentiel plus flexibles","datePublished":"2026-09-04T08:44:58+00:00","mainEntityOfPage":{"@id":"https:\/\/www.les-energies-renouvelables.eu\/article\/actualites\/energies\/la-prochaine-etape-du-micro-stockage-comment-la-coordination-sans-fil-rend-linstallation-et-lextension-du-stockage-residentiel-plus-flexibles-1898\/"},"wordCount":1324,"commentCount":0,"publisher":{"@id":"https:\/\/www.les-energies-renouvelables.eu\/article\/actualites\/#organization"},"image":{"@id":"https:\/\/www.les-energies-renouvelables.eu\/article\/actualites\/energies\/la-prochaine-etape-du-micro-stockage-comment-la-coordination-sans-fil-rend-linstallation-et-lextension-du-stockage-residentiel-plus-flexibles-1898\/#primaryimage"},"thumbnailUrl":"https:\/\/www.les-energies-renouvelables.eu\/article\/actualites\/wp-content\/uploads\/2026\/09\/actualites-tsun-extension-batterie-1-tsun-extension-batterie-1-scaled.webp","keywords":["Stockage photovoltaique"],"articleSection":["\u00c9nergies"],"inLanguage":"fr-FR","potentialAction":[{"@type":"CommentAction","name":"Comment","target":["https:\/\/www.les-energies-renouvelables.eu\/article\/actualites\/energies\/la-prochaine-etape-du-micro-stockage-comment-la-coordination-sans-fil-rend-linstallation-et-lextension-du-stockage-residentiel-plus-flexibles-1898\/#respond"]}]},{"@type":"WebPage","@id":"https:\/\/www.les-energies-renouvelables.eu\/article\/actualites\/energies\/la-prochaine-etape-du-micro-stockage-comment-la-coordination-sans-fil-rend-linstallation-et-lextension-du-stockage-residentiel-plus-flexibles-1898\/","url":"https:\/\/www.les-energies-renouvelables.eu\/article\/actualites\/energies\/la-prochaine-etape-du-micro-stockage-comment-la-coordination-sans-fil-rend-linstallation-et-lextension-du-stockage-residentiel-plus-flexibles-1898\/","name":"Micro-stockage r\u00e9sidentiel : plus de flexibilit\u00e9 sans fil - ECOinfos","isPartOf":{"@id":"https:\/\/www.les-energies-renouvelables.eu\/article\/actualites\/#website"},"primaryImageOfPage":{"@id":"https:\/\/www.les-energies-renouvelables.eu\/article\/actualites\/energies\/la-prochaine-etape-du-micro-stockage-comment-la-coordination-sans-fil-rend-linstallation-et-lextension-du-stockage-residentiel-plus-flexibles-1898\/#primaryimage"},"image":{"@id":"https:\/\/www.les-energies-renouvelables.eu\/article\/actualites\/energies\/la-prochaine-etape-du-micro-stockage-comment-la-coordination-sans-fil-rend-linstallation-et-lextension-du-stockage-residentiel-plus-flexibles-1898\/#primaryimage"},"thumbnailUrl":"https:\/\/www.les-energies-renouvelables.eu\/article\/actualites\/wp-content\/uploads\/2026\/09\/actualites-tsun-extension-batterie-1-tsun-extension-batterie-1-scaled.webp","datePublished":"2026-09-04T08:44:58+00:00","description":"D\u00e9couvrez comment la coordination sans fil simplifie l\u2019installation, l\u2019extension et l\u2019\u00e9volution des syst\u00e8mes de micro-stockage r\u00e9sidentiel.","breadcrumb":{"@id":"https:\/\/www.les-energies-renouvelables.eu\/article\/actualites\/energies\/la-prochaine-etape-du-micro-stockage-comment-la-coordination-sans-fil-rend-linstallation-et-lextension-du-stockage-residentiel-plus-flexibles-1898\/#breadcrumb"},"inLanguage":"fr-FR","potentialAction":[{"@type":"ReadAction","target":["https:\/\/www.les-energies-renouvelables.eu\/article\/actualites\/energies\/la-prochaine-etape-du-micro-stockage-comment-la-coordination-sans-fil-rend-linstallation-et-lextension-du-stockage-residentiel-plus-flexibles-1898\/"]}]},{"@type":"ImageObject","inLanguage":"fr-FR","@id":"https:\/\/www.les-energies-renouvelables.eu\/article\/actualites\/energies\/la-prochaine-etape-du-micro-stockage-comment-la-coordination-sans-fil-rend-linstallation-et-lextension-du-stockage-residentiel-plus-flexibles-1898\/#primaryimage","url":"https:\/\/www.les-energies-renouvelables.eu\/article\/actualites\/wp-content\/uploads\/2026\/09\/actualites-tsun-extension-batterie-1-tsun-extension-batterie-1-scaled.webp","contentUrl":"https:\/\/www.les-energies-renouvelables.eu\/article\/actualites\/wp-content\/uploads\/2026\/09\/actualites-tsun-extension-batterie-1-tsun-extension-batterie-1-scaled.webp","width":1200,"height":598,"caption":"extension batterie stockage photovoltaique"},{"@type":"BreadcrumbList","@id":"https:\/\/www.les-energies-renouvelables.eu\/article\/actualites\/energies\/la-prochaine-etape-du-micro-stockage-comment-la-coordination-sans-fil-rend-linstallation-et-lextension-du-stockage-residentiel-plus-flexibles-1898\/#breadcrumb","itemListElement":[{"@type":"ListItem","position":1,"name":"Accueil","item":"https:\/\/www.les-energies-renouvelables.eu\/article\/actualites\/"},{"@type":"ListItem","position":2,"name":"La prochaine \u00e9tape du micro-stockage: comment la coordination sans fil rend l\u2019installation et l\u2019extension du stockage r\u00e9sidentiel plus flexibles"}]},{"@type":"WebSite","@id":"https:\/\/www.les-energies-renouvelables.eu\/article\/actualites\/#website","url":"https:\/\/www.les-energies-renouvelables.eu\/article\/actualites\/","name":"ECOinfos Energies renouvelables","description":"Le d\u00e9cryptage quotidien du secteur des \u00e9nergies renouvelables","publisher":{"@id":"https:\/\/www.les-energies-renouvelables.eu\/article\/actualites\/#organization"},"potentialAction":[{"@type":"SearchAction","target":{"@type":"EntryPoint","urlTemplate":"https:\/\/www.les-energies-renouvelables.eu\/article\/actualites\/?s={search_term_string}"},"query-input":{"@type":"PropertyValueSpecification","valueRequired":true,"valueName":"search_term_string"}}],"inLanguage":"fr-FR"},{"@type":"Organization","@id":"https:\/\/www.les-energies-renouvelables.eu\/article\/actualites\/#organization","name":"ECOinfos Energies renouvelables","url":"https:\/\/www.les-energies-renouvelables.eu\/article\/actualites\/","logo":{"@type":"ImageObject","inLanguage":"fr-FR","@id":"https:\/\/www.les-energies-renouvelables.eu\/article\/actualites\/#\/schema\/logo\/image\/","url":"https:\/\/www.les-energies-renouvelables.eu\/article\/actualites\/wp-content\/uploads\/2025\/11\/ecoinfos.eldorado-consulting.com-logo-logo.svg","contentUrl":"https:\/\/www.les-energies-renouvelables.eu\/article\/actualites\/wp-content\/uploads\/2025\/11\/ecoinfos.eldorado-consulting.com-logo-logo.svg","caption":"ECOinfos Energies renouvelables"},"image":{"@id":"https:\/\/www.les-energies-renouvelables.eu\/article\/actualites\/#\/schema\/logo\/image\/"},"sameAs":["https:\/\/www.facebook.com\/ecoannuaire.energierenouvelable\/","https:\/\/x.com\/ECOinfosENR","https:\/\/www.linkedin.com\/company\/ecoinfos-energies-renouvelables\/","https:\/\/www.youtube.com\/@ecoinfosenergies","https:\/\/share.google\/dyKHJPxAV42WhhjbM"]},{"@type":"Person","@id":"https:\/\/www.les-energies-renouvelables.eu\/article\/actualites\/#\/schema\/person\/d0855c0c2d94ad36795f37b9a33c9f93","name":"Mathis Castelnau","image":{"@type":"ImageObject","inLanguage":"fr-FR","@id":"https:\/\/www.les-energies-renouvelables.eu\/article\/actualites\/wp-content\/uploads\/2026\/05\/actualites-mathis-castelnau-mathis-castelnau-160x160.jpeg","url":"https:\/\/www.les-energies-renouvelables.eu\/article\/actualites\/wp-content\/uploads\/2026\/05\/actualites-mathis-castelnau-mathis-castelnau-160x160.jpeg","contentUrl":"https:\/\/www.les-energies-renouvelables.eu\/article\/actualites\/wp-content\/uploads\/2026\/05\/actualites-mathis-castelnau-mathis-castelnau-160x160.jpeg","caption":"Mathis Castelnau"},"description":"Passionn\u00e9 par les \u00e9nergies renouvelables et le march\u00e9 de l\u2019\u00e9nergie, je d\u00e9crypte depuis plusieurs ann\u00e9es les \u00e9volutions techniques, r\u00e9glementaires et \u00e9conomiques du secteur. \u00c0 travers nos articles, nous analysons les enjeux du photovolta\u00efque, de la transition \u00e9nerg\u00e9tique, de l\u2019autoconsommation et des nouveaux mod\u00e8les \u00e9nerg\u00e9tiques qui redessinent le march\u00e9.","sameAs":["https:\/\/www.linkedin.com\/in\/mathis-castelnau\/"],"url":"https:\/\/www.les-energies-renouvelables.eu\/article\/actualites\/author\/mathis\/"}]}},"_links":{"self":[{"href":"https:\/\/www.les-energies-renouvelables.eu\/article\/actualites\/wp-json\/wp\/v2\/posts\/1898","targetHints":{"allow":["GET"]}}],"collection":[{"href":"https:\/\/www.les-energies-renouvelables.eu\/article\/actualites\/wp-json\/wp\/v2\/posts"}],"about":[{"href":"https:\/\/www.les-energies-renouvelables.eu\/article\/actualites\/wp-json\/wp\/v2\/types\/post"}],"author":[{"embeddable":true,"href":"https:\/\/www.les-energies-renouvelables.eu\/article\/actualites\/wp-json\/wp\/v2\/users\/3"}],"replies":[{"embeddable":true,"href":"https:\/\/www.les-energies-renouvelables.eu\/article\/actualites\/wp-json\/wp\/v2\/comments?post=1898"}],"version-history":[{"count":3,"href":"https:\/\/www.les-energies-renouvelables.eu\/article\/actualites\/wp-json\/wp\/v2\/posts\/1898\/revisions"}],"predecessor-version":[{"id":1905,"href":"https:\/\/www.les-energies-renouvelables.eu\/article\/actualites\/wp-json\/wp\/v2\/posts\/1898\/revisions\/1905"}],"wp:featuredmedia":[{"embeddable":true,"href":"https:\/\/www.les-energies-renouvelables.eu\/article\/actualites\/wp-json\/wp\/v2\/media\/1903"}],"wp:attachment":[{"href":"https:\/\/www.les-energies-renouvelables.eu\/article\/actualites\/wp-json\/wp\/v2\/media?parent=1898"}],"wp:term":[{"taxonomy":"category","embeddable":true,"href":"https:\/\/www.les-energies-renouvelables.eu\/article\/actualites\/wp-json\/wp\/v2\/categories?post=1898"},{"taxonomy":"post_tag","embeddable":true,"href":"https:\/\/www.les-energies-renouvelables.eu\/article\/actualites\/wp-json\/wp\/v2\/tags?post=1898"}],"curies":[{"name":"wp","href":"https:\/\/api.w.org\/{rel}","templated":true}]}}