{"id":1889,"date":"2026-09-05T10:15:00","date_gmt":"2026-09-05T08:15:00","guid":{"rendered":"https:\/\/www.les-energies-renouvelables.eu\/article\/actualites\/?p=1889"},"modified":"2026-09-04T00:48:03","modified_gmt":"2026-09-03T22:48:03","slug":"maprimerenov-reservee-aux-pompes-a-chaleur-des-septembre-2026-quest-ce-que-cela-change","status":"publish","type":"post","link":"https:\/\/www.les-energies-renouvelables.eu\/article\/actualites\/energies\/maprimerenov-reservee-aux-pompes-a-chaleur-des-septembre-2026-quest-ce-que-cela-change-1889\/","title":{"rendered":"MaPrimeR\u00e9nov&rsquo; r\u00e9serv\u00e9e aux pompes \u00e0 chaleur d\u00e8s septembre 2026 : qu&rsquo;est-ce que cela change ?"},"content":{"rendered":"\n<h2 class=\"wp-block-heading\"><strong>Ce qui dispara\u00eet du parcours par geste \u00e0 partir d&rsquo;aujourd&rsquo;hui<\/strong><\/h2>\n\n\n\n<p class=\"wp-block-paragraph\">Trois textes r\u00e9glementaires publi\u00e9s au Journal officiel le 27 ao\u00fbt 2026, dont le <strong>d\u00e9cret n\u00b0 2026-822 du 25 ao\u00fbt 2026<\/strong>, actent la suppression d&rsquo;une grande partie des aides monogestes. Concr\u00e8tement, les travaux suivants ne donnent plus droit \u00e0 MaPrimeR\u00e9nov&rsquo; lorsqu&rsquo;ils sont r\u00e9alis\u00e9s seuls, en dehors d&rsquo;un projet de r\u00e9novation globale : l&rsquo;<strong>isolation des combles et des toitures<\/strong>, le <strong>remplacement des fen\u00eatres<\/strong>, l&rsquo;installation d&rsquo;une <strong>VMC<\/strong>, la pose d&rsquo;un <strong>chauffe-eau thermodynamique<\/strong>, les <strong>chauffe-eau et chauffages solaires<\/strong> hors Outre-mer, les <strong>pompes \u00e0 chaleur d\u00e9di\u00e9es uniquement \u00e0 la production d&rsquo;eau chaude sanitaire<\/strong>, et les <strong>\u00e9quipements de chauffage au bois<\/strong> tels que les po\u00eales et inserts.<\/p>\n\n\n\n<p class=\"wp-block-paragraph\">Cette r\u00e9forme s&rsquo;ajoute \u00e0 celle du 1er janvier 2026, qui avait d\u00e9j\u00e0 exclu du monogeste l&rsquo;<strong>isolation des murs<\/strong> et les <strong>chaudi\u00e8res biomasse<\/strong>. En quelques mois, le p\u00e9rim\u00e8tre des gestes accessibles seuls s&rsquo;est donc consid\u00e9rablement r\u00e9duit. L&rsquo;\u00c9tat concentre d\u00e9sormais ses <strong>3,6 milliards d&rsquo;euros<\/strong> de budget MaPrimeR\u00e9nov&rsquo; sur un objectif tr\u00e8s pr\u00e9cis : l&rsquo;\u00e9lectrification des logements et la sortie des \u00e9nergies fossiles.<\/p>\n\n\n\n<p class=\"wp-block-paragraph\"><em>Prenons un exemple concret : vous \u00eates propri\u00e9taire d&rsquo;une maison construite en 1985 et vous souhaitiez simplement isoler vos combles pour r\u00e9duire votre facture de chauffage. Depuis ce matin, cette d\u00e9marche ne vous ouvre plus les portes de MaPrimeR\u00e9nov&rsquo; seule. Vous devrez soit vous tourner vers les certificats d&rsquo;\u00e9conomies d&rsquo;\u00e9nergie, soit envisager un projet de r\u00e9novation d&rsquo;ampleur.<\/em><\/p>\n\n\n\n<h2 class=\"wp-block-heading\"><strong>Ce qui reste : les trois gestes encore finan\u00e7ables seuls<\/strong><\/h2>\n\n\n\n<p class=\"wp-block-paragraph\">Dans ce nouveau cadre, seulement <strong>trois types de travaux<\/strong> demeurent \u00e9ligibles \u00e0 MaPrimeR\u00e9nov&rsquo; en tant que geste isol\u00e9. Il s&rsquo;agit de la <strong>pompe \u00e0 chaleur air-eau ou g\u00e9othermique d\u00e9di\u00e9e au chauffage<\/strong>, du <strong>raccordement \u00e0 un r\u00e9seau de chaleur<\/strong>, et de la <strong>d\u00e9pose d&rsquo;une cuve \u00e0 fioul<\/strong>. La pompe \u00e0 chaleur est clairement le grand gagnant de cette r\u00e9forme.<\/p>\n\n\n\n<p class=\"wp-block-paragraph\">Les montants de l&rsquo;aide restent inchang\u00e9s et sont loin d&rsquo;\u00eatre n\u00e9gligeables. Pour une <strong>PAC air-eau<\/strong>, MaPrimeR\u00e9nov&rsquo; peut atteindre <strong>5 000 \u20ac<\/strong> selon vos revenus. Pour une <strong>PAC g\u00e9othermique<\/strong> \u00e0 capteurs horizontaux ou verticaux, l&rsquo;aide peut grimper jusqu&rsquo;\u00e0 <strong>11 000 \u20ac<\/strong>. Ces aides sont cumulables avec la <strong>prime CEE \u00ab\u00a0Coup de pouce Chauffage\u00a0\u00bb<\/strong>, qui applique une bonification multipli\u00e9e par cinq lorsque la pompe \u00e0 chaleur remplace une chaudi\u00e8re au charbon, au fioul ou au gaz dans une r\u00e9sidence principale. La combinaison des deux dispositifs peut repr\u00e9senter une \u00e9conomie tr\u00e8s significative sur votre facture finale.<\/p>\n\n\n\n<p class=\"wp-block-paragraph\">Un point de vigilance suppl\u00e9mentaire s&rsquo;est ajout\u00e9 depuis le <strong>1er juillet 2026<\/strong> : pour b\u00e9n\u00e9ficier de la bonification CEE au taux maximum, le mod\u00e8le de PAC choisi doit figurer sur la <strong>liste officielle des mod\u00e8les agr\u00e9\u00e9s<\/strong>, consultable sur le site bonus-pac.ademe.fr. Il est donc indispensable de v\u00e9rifier l&rsquo;\u00e9ligibilit\u00e9 du mod\u00e8le propos\u00e9 par votre installateur avant de signer le moindre devis.<\/p>\n\n\n\n<h2 class=\"wp-block-heading\"><strong>La r\u00e9novation d&rsquo;ampleur : la nouvelle voie obligatoire pour tout le reste<\/strong><\/h2>\n\n\n\n<p class=\"wp-block-paragraph\">Si votre projet int\u00e8gre des travaux d&rsquo;isolation ou de menuiserie, la seule option pour obtenir MaPrimeR\u00e9nov&rsquo; est d\u00e9sormais le <strong>parcours r\u00e9novation d&rsquo;ampleur<\/strong>, aussi appel\u00e9 parcours accompagn\u00e9. Ce dispositif est plus exigeant, mais les aides associ\u00e9es sont \u00e9galement plus importantes.<\/p>\n\n\n\n<p class=\"wp-block-paragraph\">Pour y \u00eatre \u00e9ligible, votre logement doit \u00eatre class\u00e9 <strong>E, F ou G au diagnostic de performance \u00e9nerg\u00e9tique<\/strong>, avoir plus de <strong>15 ans<\/strong>, \u00eatre occup\u00e9 comme r\u00e9sidence principale au moins <strong>8 mois par an<\/strong>, et le chantier doit permettre un <strong>gain d&rsquo;au moins 2 classes DPE<\/strong>. Il doit \u00e9galement comporter au moins deux gestes d&rsquo;isolation parmi les murs, la toiture, les planchers bas ou les fen\u00eatres. Un <strong>Accompagnateur R\u00e9nov&rsquo; agr\u00e9\u00e9<\/strong> est obligatoire pour piloter le dossier.<\/p>\n\n\n\n<p class=\"wp-block-paragraph\">Les taux de prise en charge dans ce parcours sont les suivants : <strong>80 %<\/strong> pour les m\u00e9nages aux revenus tr\u00e8s modestes, <strong>60 %<\/strong> pour les m\u00e9nages modestes, <strong>45 %<\/strong> pour les revenus interm\u00e9diaires et <strong>10 %<\/strong> pour les revenus sup\u00e9rieurs. \u00c0 cela peut s&rsquo;ajouter l&rsquo;<strong>\u00e9co-pr\u00eat \u00e0 taux z\u00e9ro<\/strong>, accessible sans condition de ressources et pouvant atteindre <strong>50 000 \u20ac<\/strong> dans le cadre d&rsquo;une r\u00e9novation globale, prolong\u00e9 jusqu&rsquo;en 2027. Autre nouveaut\u00e9 importante : depuis ce 1er septembre, une r\u00e9novation d&rsquo;ampleur dans une maison individuelle ne peut plus b\u00e9n\u00e9ficier de MaPrimeR\u00e9nov&rsquo; si un <strong>chauffage au gaz est encore pr\u00e9sent apr\u00e8s les travaux<\/strong>. L&rsquo;objectif affich\u00e9 par le gouvernement est un million de pompes \u00e0 chaleur install\u00e9es chaque ann\u00e9e d&rsquo;ici 2030.<\/p>\n\n\n\n<h2 class=\"wp-block-heading\"><strong>Comment adapter votre projet \u00e0 ces nouvelles r\u00e8gles d\u00e8s maintenant<\/strong><\/h2>\n\n\n\n<p class=\"wp-block-paragraph\">Si votre projet de r\u00e9novation n&rsquo;est pas encore lanc\u00e9, cette r\u00e9forme vous donne une feuille de route claire. Vous souhaitez changer votre syst\u00e8me de chauffage ? <strong>C&rsquo;est le moment id\u00e9al<\/strong> : la pompe \u00e0 chaleur reste le geste le mieux soutenu financi\u00e8rement, avec des aides cumulables qui peuvent couvrir une part tr\u00e8s importante de l&rsquo;investissement. Commencez par demander plusieurs devis aupr\u00e8s d&rsquo;installateurs certifi\u00e9s <strong>RGE<\/strong>, condition indispensable pour toute aide publique, et v\u00e9rifiez que le mod\u00e8le propos\u00e9 figure bien sur la liste bonus-pac.ademe.fr.<\/p>\n\n\n\n<p class=\"wp-block-paragraph\">Vous aviez en t\u00eate un projet d&rsquo;isolation seule ? Renseignez-vous aupr\u00e8s d&rsquo;un op\u00e9rateur CEE, car ces travaux restent finan\u00e7ables via ce dispositif, m\u00eame si MaPrimeR\u00e9nov&rsquo; ne les couvre plus en geste isol\u00e9. Enfin, sachez que c&rsquo;est la <strong>date de d\u00e9p\u00f4t de votre demande<\/strong> sur la plateforme MaPrimeR\u00e9nov&rsquo; qui fait foi, et non la date de r\u00e9alisation des travaux. Un dossier d\u00e9pos\u00e9 avant le 1er septembre reste soumis aux anciennes r\u00e8gles.<\/p>\n","protected":false},"excerpt":{"rendered":"","protected":false},"author":8,"featured_media":1894,"comment_status":"open","ping_status":"open","sticky":false,"template":"","format":"standard","meta":{"_acf_changed":false,"footnotes":""},"categories":[1],"tags":[32],"class_list":["post-1889","post","type-post","status-publish","format-standard","has-post-thumbnail","hentry","category-energies","tag-maprimerenov","masonry-post","generate-columns","tablet-grid-50","mobile-grid-100","grid-parent","grid-33"],"acf":{"social-publish":false,"just-linkedin":false,"just-facebook":false},"yoast_head":"<!-- This site is optimized with the Yoast SEO plugin v28.4 - https:\/\/yoast.com\/product\/yoast-seo-wordpress\/ -->\n<title>MaPrimeR\u00e9nov&#039; r\u00e9serv\u00e9e aux pompes \u00e0 chaleur d\u00e8s septembre 2026 : qu&#039;est-ce que cela change ? - ECOinfos<\/title>\n<meta name=\"robots\" content=\"index, follow, max-snippet:-1, max-image-preview:large, max-video-preview:-1\" \/>\n<link rel=\"canonical\" href=\"https:\/\/www.les-energies-renouvelables.eu\/article\/actualites\/energies\/maprimerenov-reservee-aux-pompes-a-chaleur-des-septembre-2026-quest-ce-que-cela-change-1889\/\" \/>\n<meta property=\"og:locale\" content=\"fr_FR\" \/>\n<meta property=\"og:type\" content=\"article\" \/>\n<meta property=\"og:title\" content=\"MaPrimeR\u00e9nov&#039; r\u00e9serv\u00e9e aux pompes \u00e0 chaleur d\u00e8s septembre 2026 : qu&#039;est-ce que cela change ? - ECOinfos\" \/>\n<meta property=\"og:description\" content=\"Depuis ce 1er septembre 2026, les r\u00e8gles de MaPrimeR\u00e9nov&#039; ont chang\u00e9 de fa\u00e7on radicale, et si vous avez un projet de r\u00e9novation \u00e9nerg\u00e9tique en t\u00eate, vous devez imp\u00e9rativement en prendre connaissance. Isolation des combles, remplacement de fen\u00eatres, chauffe-eau thermodynamique, ventilation : tous ces travaux r\u00e9alis\u00e9s seuls sortent du dispositif. Dans ce nouveau paysage, la pompe \u00e0 chaleur air-eau ou g\u00e9othermique d\u00e9di\u00e9e au chauffage s&#039;impose comme le geste quasi unique encore subventionnable sans contrainte de chantier global. Voici ce qui change, ce qui reste, et comment adapter votre projet.\" \/>\n<meta property=\"og:url\" content=\"https:\/\/www.les-energies-renouvelables.eu\/article\/actualites\/energies\/maprimerenov-reservee-aux-pompes-a-chaleur-des-septembre-2026-quest-ce-que-cela-change-1889\/\" \/>\n<meta property=\"og:site_name\" content=\"ECOinfos Energies renouvelables\" \/>\n<meta property=\"article:publisher\" content=\"https:\/\/www.facebook.com\/ecoannuaire.energierenouvelable\/\" \/>\n<meta property=\"article:author\" content=\"https:\/\/www.facebook.com\/michel.castelnau.7\" \/>\n<meta property=\"article:published_time\" content=\"2026-09-05T08:15:00+00:00\" \/>\n<meta property=\"og:image\" content=\"https:\/\/www.les-energies-renouvelables.eu\/article\/actualites\/wp-content\/uploads\/2026\/09\/actualites-maprimerenov-reservee-aux-pompes-a-chaleur-des-septembre-2026-quest-ce-que-cela-change-maprimerenov-reservee-aux-pompes-a-chaleur.jpg\" \/>\n\t<meta property=\"og:image:width\" content=\"1199\" \/>\n\t<meta property=\"og:image:height\" content=\"675\" \/>\n\t<meta property=\"og:image:type\" content=\"image\/jpeg\" \/>\n<meta name=\"author\" content=\"Michel Castelnau\" \/>\n<meta name=\"twitter:card\" content=\"summary_large_image\" \/>\n<meta name=\"twitter:creator\" content=\"@ECOinfosENR\" \/>\n<meta name=\"twitter:site\" content=\"@ECOinfosENR\" \/>\n<meta name=\"twitter:label1\" content=\"\u00c9crit par\" \/>\n\t<meta name=\"twitter:data1\" content=\"Michel Castelnau\" \/>\n\t<meta name=\"twitter:label2\" content=\"Dur\u00e9e de lecture estim\u00e9e\" \/>\n\t<meta name=\"twitter:data2\" content=\"5 minutes\" \/>\n<script type=\"application\/ld+json\" class=\"yoast-schema-graph\">{\"@context\":\"https:\\\/\\\/schema.org\",\"@graph\":[{\"@type\":\"NewsArticle\",\"@id\":\"https:\\\/\\\/www.les-energies-renouvelables.eu\\\/article\\\/actualites\\\/energies\\\/maprimerenov-reservee-aux-pompes-a-chaleur-des-septembre-2026-quest-ce-que-cela-change-1889\\\/#article\",\"isPartOf\":{\"@id\":\"https:\\\/\\\/www.les-energies-renouvelables.eu\\\/article\\\/actualites\\\/energies\\\/maprimerenov-reservee-aux-pompes-a-chaleur-des-septembre-2026-quest-ce-que-cela-change-1889\\\/\"},\"author\":{\"name\":\"Michel Castelnau\",\"@id\":\"https:\\\/\\\/www.les-energies-renouvelables.eu\\\/article\\\/actualites\\\/#\\\/schema\\\/person\\\/21f43c1e26c324fe4707b304b4f3a456\"},\"headline\":\"MaPrimeR\u00e9nov&rsquo; r\u00e9serv\u00e9e aux pompes \u00e0 chaleur d\u00e8s septembre 2026 : qu&rsquo;est-ce que cela change ?\",\"datePublished\":\"2026-09-05T08:15:00+00:00\",\"mainEntityOfPage\":{\"@id\":\"https:\\\/\\\/www.les-energies-renouvelables.eu\\\/article\\\/actualites\\\/energies\\\/maprimerenov-reservee-aux-pompes-a-chaleur-des-septembre-2026-quest-ce-que-cela-change-1889\\\/\"},\"wordCount\":970,\"commentCount\":0,\"publisher\":{\"@id\":\"https:\\\/\\\/www.les-energies-renouvelables.eu\\\/article\\\/actualites\\\/#organization\"},\"image\":{\"@id\":\"https:\\\/\\\/www.les-energies-renouvelables.eu\\\/article\\\/actualites\\\/energies\\\/maprimerenov-reservee-aux-pompes-a-chaleur-des-septembre-2026-quest-ce-que-cela-change-1889\\\/#primaryimage\"},\"thumbnailUrl\":\"https:\\\/\\\/www.les-energies-renouvelables.eu\\\/article\\\/actualites\\\/wp-content\\\/uploads\\\/2026\\\/09\\\/actualites-maprimerenov-reservee-aux-pompes-a-chaleur-des-septembre-2026-quest-ce-que-cela-change-maprimerenov-reservee-aux-pompes-a-chaleur.jpg\",\"keywords\":[\"MaPrimeR\u00e9nov'\"],\"articleSection\":[\"\u00c9nergies\"],\"inLanguage\":\"fr-FR\",\"potentialAction\":[{\"@type\":\"CommentAction\",\"name\":\"Comment\",\"target\":[\"https:\\\/\\\/www.les-energies-renouvelables.eu\\\/article\\\/actualites\\\/energies\\\/maprimerenov-reservee-aux-pompes-a-chaleur-des-septembre-2026-quest-ce-que-cela-change-1889\\\/#respond\"]}]},{\"@type\":\"WebPage\",\"@id\":\"https:\\\/\\\/www.les-energies-renouvelables.eu\\\/article\\\/actualites\\\/energies\\\/maprimerenov-reservee-aux-pompes-a-chaleur-des-septembre-2026-quest-ce-que-cela-change-1889\\\/\",\"url\":\"https:\\\/\\\/www.les-energies-renouvelables.eu\\\/article\\\/actualites\\\/energies\\\/maprimerenov-reservee-aux-pompes-a-chaleur-des-septembre-2026-quest-ce-que-cela-change-1889\\\/\",\"name\":\"MaPrimeR\u00e9nov' r\u00e9serv\u00e9e aux pompes \u00e0 chaleur d\u00e8s septembre 2026 : qu'est-ce que cela change ? - ECOinfos\",\"isPartOf\":{\"@id\":\"https:\\\/\\\/www.les-energies-renouvelables.eu\\\/article\\\/actualites\\\/#website\"},\"primaryImageOfPage\":{\"@id\":\"https:\\\/\\\/www.les-energies-renouvelables.eu\\\/article\\\/actualites\\\/energies\\\/maprimerenov-reservee-aux-pompes-a-chaleur-des-septembre-2026-quest-ce-que-cela-change-1889\\\/#primaryimage\"},\"image\":{\"@id\":\"https:\\\/\\\/www.les-energies-renouvelables.eu\\\/article\\\/actualites\\\/energies\\\/maprimerenov-reservee-aux-pompes-a-chaleur-des-septembre-2026-quest-ce-que-cela-change-1889\\\/#primaryimage\"},\"thumbnailUrl\":\"https:\\\/\\\/www.les-energies-renouvelables.eu\\\/article\\\/actualites\\\/wp-content\\\/uploads\\\/2026\\\/09\\\/actualites-maprimerenov-reservee-aux-pompes-a-chaleur-des-septembre-2026-quest-ce-que-cela-change-maprimerenov-reservee-aux-pompes-a-chaleur.jpg\",\"datePublished\":\"2026-09-05T08:15:00+00:00\",\"breadcrumb\":{\"@id\":\"https:\\\/\\\/www.les-energies-renouvelables.eu\\\/article\\\/actualites\\\/energies\\\/maprimerenov-reservee-aux-pompes-a-chaleur-des-septembre-2026-quest-ce-que-cela-change-1889\\\/#breadcrumb\"},\"inLanguage\":\"fr-FR\",\"potentialAction\":[{\"@type\":\"ReadAction\",\"target\":[\"https:\\\/\\\/www.les-energies-renouvelables.eu\\\/article\\\/actualites\\\/energies\\\/maprimerenov-reservee-aux-pompes-a-chaleur-des-septembre-2026-quest-ce-que-cela-change-1889\\\/\"]}]},{\"@type\":\"ImageObject\",\"inLanguage\":\"fr-FR\",\"@id\":\"https:\\\/\\\/www.les-energies-renouvelables.eu\\\/article\\\/actualites\\\/energies\\\/maprimerenov-reservee-aux-pompes-a-chaleur-des-septembre-2026-quest-ce-que-cela-change-1889\\\/#primaryimage\",\"url\":\"https:\\\/\\\/www.les-energies-renouvelables.eu\\\/article\\\/actualites\\\/wp-content\\\/uploads\\\/2026\\\/09\\\/actualites-maprimerenov-reservee-aux-pompes-a-chaleur-des-septembre-2026-quest-ce-que-cela-change-maprimerenov-reservee-aux-pompes-a-chaleur.jpg\",\"contentUrl\":\"https:\\\/\\\/www.les-energies-renouvelables.eu\\\/article\\\/actualites\\\/wp-content\\\/uploads\\\/2026\\\/09\\\/actualites-maprimerenov-reservee-aux-pompes-a-chaleur-des-septembre-2026-quest-ce-que-cela-change-maprimerenov-reservee-aux-pompes-a-chaleur.jpg\",\"width\":1199,\"height\":675,\"caption\":\"NEOSiAM 18+ (Pexels)\"},{\"@type\":\"BreadcrumbList\",\"@id\":\"https:\\\/\\\/www.les-energies-renouvelables.eu\\\/article\\\/actualites\\\/energies\\\/maprimerenov-reservee-aux-pompes-a-chaleur-des-septembre-2026-quest-ce-que-cela-change-1889\\\/#breadcrumb\",\"itemListElement\":[{\"@type\":\"ListItem\",\"position\":1,\"name\":\"Accueil\",\"item\":\"https:\\\/\\\/www.les-energies-renouvelables.eu\\\/article\\\/actualites\\\/\"},{\"@type\":\"ListItem\",\"position\":2,\"name\":\"MaPrimeR\u00e9nov&rsquo; r\u00e9serv\u00e9e aux pompes \u00e0 chaleur d\u00e8s septembre 2026 : qu&rsquo;est-ce que cela change ?\"}]},{\"@type\":\"WebSite\",\"@id\":\"https:\\\/\\\/www.les-energies-renouvelables.eu\\\/article\\\/actualites\\\/#website\",\"url\":\"https:\\\/\\\/www.les-energies-renouvelables.eu\\\/article\\\/actualites\\\/\",\"name\":\"ECOinfos Energies renouvelables\",\"description\":\"Le d\u00e9cryptage quotidien du secteur des \u00e9nergies renouvelables\",\"publisher\":{\"@id\":\"https:\\\/\\\/www.les-energies-renouvelables.eu\\\/article\\\/actualites\\\/#organization\"},\"potentialAction\":[{\"@type\":\"SearchAction\",\"target\":{\"@type\":\"EntryPoint\",\"urlTemplate\":\"https:\\\/\\\/www.les-energies-renouvelables.eu\\\/article\\\/actualites\\\/?s={search_term_string}\"},\"query-input\":{\"@type\":\"PropertyValueSpecification\",\"valueRequired\":true,\"valueName\":\"search_term_string\"}}],\"inLanguage\":\"fr-FR\"},{\"@type\":\"Organization\",\"@id\":\"https:\\\/\\\/www.les-energies-renouvelables.eu\\\/article\\\/actualites\\\/#organization\",\"name\":\"ECOinfos Energies renouvelables\",\"url\":\"https:\\\/\\\/www.les-energies-renouvelables.eu\\\/article\\\/actualites\\\/\",\"logo\":{\"@type\":\"ImageObject\",\"inLanguage\":\"fr-FR\",\"@id\":\"https:\\\/\\\/www.les-energies-renouvelables.eu\\\/article\\\/actualites\\\/#\\\/schema\\\/logo\\\/image\\\/\",\"url\":\"https:\\\/\\\/www.les-energies-renouvelables.eu\\\/article\\\/actualites\\\/wp-content\\\/uploads\\\/2025\\\/11\\\/ecoinfos.eldorado-consulting.com-logo-logo.svg\",\"contentUrl\":\"https:\\\/\\\/www.les-energies-renouvelables.eu\\\/article\\\/actualites\\\/wp-content\\\/uploads\\\/2025\\\/11\\\/ecoinfos.eldorado-consulting.com-logo-logo.svg\",\"caption\":\"ECOinfos Energies renouvelables\"},\"image\":{\"@id\":\"https:\\\/\\\/www.les-energies-renouvelables.eu\\\/article\\\/actualites\\\/#\\\/schema\\\/logo\\\/image\\\/\"},\"sameAs\":[\"https:\\\/\\\/www.facebook.com\\\/ecoannuaire.energierenouvelable\\\/\",\"https:\\\/\\\/x.com\\\/ECOinfosENR\",\"https:\\\/\\\/www.linkedin.com\\\/company\\\/ecoinfos-energies-renouvelables\\\/\",\"https:\\\/\\\/www.youtube.com\\\/@ecoinfosenergies\",\"https:\\\/\\\/share.google\\\/dyKHJPxAV42WhhjbM\"]},{\"@type\":\"Person\",\"@id\":\"https:\\\/\\\/www.les-energies-renouvelables.eu\\\/article\\\/actualites\\\/#\\\/schema\\\/person\\\/21f43c1e26c324fe4707b304b4f3a456\",\"name\":\"Michel Castelnau\",\"pronouns\":\"Michel Castelnau\",\"image\":{\"@type\":\"ImageObject\",\"inLanguage\":\"fr-FR\",\"@id\":\"https:\\\/\\\/www.les-energies-renouvelables.eu\\\/article\\\/actualites\\\/wp-content\\\/uploads\\\/2026\\\/07\\\/actualites-michel-castelnau-michel-castelnau-160x160.webp\",\"url\":\"https:\\\/\\\/www.les-energies-renouvelables.eu\\\/article\\\/actualites\\\/wp-content\\\/uploads\\\/2026\\\/07\\\/actualites-michel-castelnau-michel-castelnau-160x160.webp\",\"contentUrl\":\"https:\\\/\\\/www.les-energies-renouvelables.eu\\\/article\\\/actualites\\\/wp-content\\\/uploads\\\/2026\\\/07\\\/actualites-michel-castelnau-michel-castelnau-160x160.webp\",\"caption\":\"Michel Castelnau\"},\"description\":\"Je suis Michel Castelnau, professionnel du secteur photovolta\u00efque et des \u00e9nergies renouvelables. En 2008, j\u2019ai fond\u00e9 ECOinfos Energies Renouvelables avec l\u2019ambition de rendre l\u2019information sur les solutions \u00e9nerg\u00e9tiques durables plus accessible, claire et utile. Fort de mon exp\u00e9rience dans le domaine du solaire photovolta\u00efque, je suis avec attention les \u00e9volutions technologiques, \u00e9conomiques et r\u00e9glementaires du march\u00e9. \u00c0 travers mes publications, je partage mon expertise, d\u00e9crypte les tendances du secteur et accompagne les particuliers comme les professionnels dans leur compr\u00e9hension des enjeux li\u00e9s \u00e0 la transition \u00e9nerg\u00e9tique.\",\"sameAs\":[\"https:\\\/\\\/www.facebook.com\\\/michel.castelnau.7\",\"https:\\\/\\\/www.linkedin.com\\\/in\\\/michel-castelnau-41970823\\\/\"],\"url\":\"https:\\\/\\\/www.les-energies-renouvelables.eu\\\/article\\\/actualites\\\/author\\\/michel-castelnau\\\/\"}]}<\/script>\n<!-- \/ Yoast SEO plugin. -->","yoast_head_json":{"title":"MaPrimeR\u00e9nov' r\u00e9serv\u00e9e aux pompes \u00e0 chaleur d\u00e8s septembre 2026 : qu'est-ce que cela change ? - ECOinfos","robots":{"index":"index","follow":"follow","max-snippet":"max-snippet:-1","max-image-preview":"max-image-preview:large","max-video-preview":"max-video-preview:-1"},"canonical":"https:\/\/www.les-energies-renouvelables.eu\/article\/actualites\/energies\/maprimerenov-reservee-aux-pompes-a-chaleur-des-septembre-2026-quest-ce-que-cela-change-1889\/","og_locale":"fr_FR","og_type":"article","og_title":"MaPrimeR\u00e9nov' r\u00e9serv\u00e9e aux pompes \u00e0 chaleur d\u00e8s septembre 2026 : qu'est-ce que cela change ? - ECOinfos","og_description":"Depuis ce 1er septembre 2026, les r\u00e8gles de MaPrimeR\u00e9nov' ont chang\u00e9 de fa\u00e7on radicale, et si vous avez un projet de r\u00e9novation \u00e9nerg\u00e9tique en t\u00eate, vous devez imp\u00e9rativement en prendre connaissance. Isolation des combles, remplacement de fen\u00eatres, chauffe-eau thermodynamique, ventilation : tous ces travaux r\u00e9alis\u00e9s seuls sortent du dispositif. Dans ce nouveau paysage, la pompe \u00e0 chaleur air-eau ou g\u00e9othermique d\u00e9di\u00e9e au chauffage s'impose comme le geste quasi unique encore subventionnable sans contrainte de chantier global. Voici ce qui change, ce qui reste, et comment adapter votre projet.","og_url":"https:\/\/www.les-energies-renouvelables.eu\/article\/actualites\/energies\/maprimerenov-reservee-aux-pompes-a-chaleur-des-septembre-2026-quest-ce-que-cela-change-1889\/","og_site_name":"ECOinfos Energies renouvelables","article_publisher":"https:\/\/www.facebook.com\/ecoannuaire.energierenouvelable\/","article_author":"https:\/\/www.facebook.com\/michel.castelnau.7","article_published_time":"2026-09-05T08:15:00+00:00","og_image":[{"width":1199,"height":675,"url":"https:\/\/www.les-energies-renouvelables.eu\/article\/actualites\/wp-content\/uploads\/2026\/09\/actualites-maprimerenov-reservee-aux-pompes-a-chaleur-des-septembre-2026-quest-ce-que-cela-change-maprimerenov-reservee-aux-pompes-a-chaleur.jpg","type":"image\/jpeg"}],"author":"Michel Castelnau","twitter_card":"summary_large_image","twitter_creator":"@ECOinfosENR","twitter_site":"@ECOinfosENR","twitter_misc":{"\u00c9crit par":"Michel Castelnau","Dur\u00e9e de lecture estim\u00e9e":"5 minutes"},"schema":{"@context":"https:\/\/schema.org","@graph":[{"@type":"NewsArticle","@id":"https:\/\/www.les-energies-renouvelables.eu\/article\/actualites\/energies\/maprimerenov-reservee-aux-pompes-a-chaleur-des-septembre-2026-quest-ce-que-cela-change-1889\/#article","isPartOf":{"@id":"https:\/\/www.les-energies-renouvelables.eu\/article\/actualites\/energies\/maprimerenov-reservee-aux-pompes-a-chaleur-des-septembre-2026-quest-ce-que-cela-change-1889\/"},"author":{"name":"Michel Castelnau","@id":"https:\/\/www.les-energies-renouvelables.eu\/article\/actualites\/#\/schema\/person\/21f43c1e26c324fe4707b304b4f3a456"},"headline":"MaPrimeR\u00e9nov&rsquo; r\u00e9serv\u00e9e aux pompes \u00e0 chaleur d\u00e8s septembre 2026 : qu&rsquo;est-ce que cela change ?","datePublished":"2026-09-05T08:15:00+00:00","mainEntityOfPage":{"@id":"https:\/\/www.les-energies-renouvelables.eu\/article\/actualites\/energies\/maprimerenov-reservee-aux-pompes-a-chaleur-des-septembre-2026-quest-ce-que-cela-change-1889\/"},"wordCount":970,"commentCount":0,"publisher":{"@id":"https:\/\/www.les-energies-renouvelables.eu\/article\/actualites\/#organization"},"image":{"@id":"https:\/\/www.les-energies-renouvelables.eu\/article\/actualites\/energies\/maprimerenov-reservee-aux-pompes-a-chaleur-des-septembre-2026-quest-ce-que-cela-change-1889\/#primaryimage"},"thumbnailUrl":"https:\/\/www.les-energies-renouvelables.eu\/article\/actualites\/wp-content\/uploads\/2026\/09\/actualites-maprimerenov-reservee-aux-pompes-a-chaleur-des-septembre-2026-quest-ce-que-cela-change-maprimerenov-reservee-aux-pompes-a-chaleur.jpg","keywords":["MaPrimeR\u00e9nov'"],"articleSection":["\u00c9nergies"],"inLanguage":"fr-FR","potentialAction":[{"@type":"CommentAction","name":"Comment","target":["https:\/\/www.les-energies-renouvelables.eu\/article\/actualites\/energies\/maprimerenov-reservee-aux-pompes-a-chaleur-des-septembre-2026-quest-ce-que-cela-change-1889\/#respond"]}]},{"@type":"WebPage","@id":"https:\/\/www.les-energies-renouvelables.eu\/article\/actualites\/energies\/maprimerenov-reservee-aux-pompes-a-chaleur-des-septembre-2026-quest-ce-que-cela-change-1889\/","url":"https:\/\/www.les-energies-renouvelables.eu\/article\/actualites\/energies\/maprimerenov-reservee-aux-pompes-a-chaleur-des-septembre-2026-quest-ce-que-cela-change-1889\/","name":"MaPrimeR\u00e9nov' r\u00e9serv\u00e9e aux pompes \u00e0 chaleur d\u00e8s septembre 2026 : qu'est-ce que cela change ? - ECOinfos","isPartOf":{"@id":"https:\/\/www.les-energies-renouvelables.eu\/article\/actualites\/#website"},"primaryImageOfPage":{"@id":"https:\/\/www.les-energies-renouvelables.eu\/article\/actualites\/energies\/maprimerenov-reservee-aux-pompes-a-chaleur-des-septembre-2026-quest-ce-que-cela-change-1889\/#primaryimage"},"image":{"@id":"https:\/\/www.les-energies-renouvelables.eu\/article\/actualites\/energies\/maprimerenov-reservee-aux-pompes-a-chaleur-des-septembre-2026-quest-ce-que-cela-change-1889\/#primaryimage"},"thumbnailUrl":"https:\/\/www.les-energies-renouvelables.eu\/article\/actualites\/wp-content\/uploads\/2026\/09\/actualites-maprimerenov-reservee-aux-pompes-a-chaleur-des-septembre-2026-quest-ce-que-cela-change-maprimerenov-reservee-aux-pompes-a-chaleur.jpg","datePublished":"2026-09-05T08:15:00+00:00","breadcrumb":{"@id":"https:\/\/www.les-energies-renouvelables.eu\/article\/actualites\/energies\/maprimerenov-reservee-aux-pompes-a-chaleur-des-septembre-2026-quest-ce-que-cela-change-1889\/#breadcrumb"},"inLanguage":"fr-FR","potentialAction":[{"@type":"ReadAction","target":["https:\/\/www.les-energies-renouvelables.eu\/article\/actualites\/energies\/maprimerenov-reservee-aux-pompes-a-chaleur-des-septembre-2026-quest-ce-que-cela-change-1889\/"]}]},{"@type":"ImageObject","inLanguage":"fr-FR","@id":"https:\/\/www.les-energies-renouvelables.eu\/article\/actualites\/energies\/maprimerenov-reservee-aux-pompes-a-chaleur-des-septembre-2026-quest-ce-que-cela-change-1889\/#primaryimage","url":"https:\/\/www.les-energies-renouvelables.eu\/article\/actualites\/wp-content\/uploads\/2026\/09\/actualites-maprimerenov-reservee-aux-pompes-a-chaleur-des-septembre-2026-quest-ce-que-cela-change-maprimerenov-reservee-aux-pompes-a-chaleur.jpg","contentUrl":"https:\/\/www.les-energies-renouvelables.eu\/article\/actualites\/wp-content\/uploads\/2026\/09\/actualites-maprimerenov-reservee-aux-pompes-a-chaleur-des-septembre-2026-quest-ce-que-cela-change-maprimerenov-reservee-aux-pompes-a-chaleur.jpg","width":1199,"height":675,"caption":"NEOSiAM 18+ (Pexels)"},{"@type":"BreadcrumbList","@id":"https:\/\/www.les-energies-renouvelables.eu\/article\/actualites\/energies\/maprimerenov-reservee-aux-pompes-a-chaleur-des-septembre-2026-quest-ce-que-cela-change-1889\/#breadcrumb","itemListElement":[{"@type":"ListItem","position":1,"name":"Accueil","item":"https:\/\/www.les-energies-renouvelables.eu\/article\/actualites\/"},{"@type":"ListItem","position":2,"name":"MaPrimeR\u00e9nov&rsquo; r\u00e9serv\u00e9e aux pompes \u00e0 chaleur d\u00e8s septembre 2026 : qu&rsquo;est-ce que cela change ?"}]},{"@type":"WebSite","@id":"https:\/\/www.les-energies-renouvelables.eu\/article\/actualites\/#website","url":"https:\/\/www.les-energies-renouvelables.eu\/article\/actualites\/","name":"ECOinfos Energies renouvelables","description":"Le d\u00e9cryptage quotidien du secteur des \u00e9nergies renouvelables","publisher":{"@id":"https:\/\/www.les-energies-renouvelables.eu\/article\/actualites\/#organization"},"potentialAction":[{"@type":"SearchAction","target":{"@type":"EntryPoint","urlTemplate":"https:\/\/www.les-energies-renouvelables.eu\/article\/actualites\/?s={search_term_string}"},"query-input":{"@type":"PropertyValueSpecification","valueRequired":true,"valueName":"search_term_string"}}],"inLanguage":"fr-FR"},{"@type":"Organization","@id":"https:\/\/www.les-energies-renouvelables.eu\/article\/actualites\/#organization","name":"ECOinfos Energies renouvelables","url":"https:\/\/www.les-energies-renouvelables.eu\/article\/actualites\/","logo":{"@type":"ImageObject","inLanguage":"fr-FR","@id":"https:\/\/www.les-energies-renouvelables.eu\/article\/actualites\/#\/schema\/logo\/image\/","url":"https:\/\/www.les-energies-renouvelables.eu\/article\/actualites\/wp-content\/uploads\/2025\/11\/ecoinfos.eldorado-consulting.com-logo-logo.svg","contentUrl":"https:\/\/www.les-energies-renouvelables.eu\/article\/actualites\/wp-content\/uploads\/2025\/11\/ecoinfos.eldorado-consulting.com-logo-logo.svg","caption":"ECOinfos Energies renouvelables"},"image":{"@id":"https:\/\/www.les-energies-renouvelables.eu\/article\/actualites\/#\/schema\/logo\/image\/"},"sameAs":["https:\/\/www.facebook.com\/ecoannuaire.energierenouvelable\/","https:\/\/x.com\/ECOinfosENR","https:\/\/www.linkedin.com\/company\/ecoinfos-energies-renouvelables\/","https:\/\/www.youtube.com\/@ecoinfosenergies","https:\/\/share.google\/dyKHJPxAV42WhhjbM"]},{"@type":"Person","@id":"https:\/\/www.les-energies-renouvelables.eu\/article\/actualites\/#\/schema\/person\/21f43c1e26c324fe4707b304b4f3a456","name":"Michel Castelnau","pronouns":"Michel Castelnau","image":{"@type":"ImageObject","inLanguage":"fr-FR","@id":"https:\/\/www.les-energies-renouvelables.eu\/article\/actualites\/wp-content\/uploads\/2026\/07\/actualites-michel-castelnau-michel-castelnau-160x160.webp","url":"https:\/\/www.les-energies-renouvelables.eu\/article\/actualites\/wp-content\/uploads\/2026\/07\/actualites-michel-castelnau-michel-castelnau-160x160.webp","contentUrl":"https:\/\/www.les-energies-renouvelables.eu\/article\/actualites\/wp-content\/uploads\/2026\/07\/actualites-michel-castelnau-michel-castelnau-160x160.webp","caption":"Michel Castelnau"},"description":"Je suis Michel Castelnau, professionnel du secteur photovolta\u00efque et des \u00e9nergies renouvelables. En 2008, j\u2019ai fond\u00e9 ECOinfos Energies Renouvelables avec l\u2019ambition de rendre l\u2019information sur les solutions \u00e9nerg\u00e9tiques durables plus accessible, claire et utile. Fort de mon exp\u00e9rience dans le domaine du solaire photovolta\u00efque, je suis avec attention les \u00e9volutions technologiques, \u00e9conomiques et r\u00e9glementaires du march\u00e9. \u00c0 travers mes publications, je partage mon expertise, d\u00e9crypte les tendances du secteur et accompagne les particuliers comme les professionnels dans leur compr\u00e9hension des enjeux li\u00e9s \u00e0 la transition \u00e9nerg\u00e9tique.","sameAs":["https:\/\/www.facebook.com\/michel.castelnau.7","https:\/\/www.linkedin.com\/in\/michel-castelnau-41970823\/"],"url":"https:\/\/www.les-energies-renouvelables.eu\/article\/actualites\/author\/michel-castelnau\/"}]}},"_links":{"self":[{"href":"https:\/\/www.les-energies-renouvelables.eu\/article\/actualites\/wp-json\/wp\/v2\/posts\/1889","targetHints":{"allow":["GET"]}}],"collection":[{"href":"https:\/\/www.les-energies-renouvelables.eu\/article\/actualites\/wp-json\/wp\/v2\/posts"}],"about":[{"href":"https:\/\/www.les-energies-renouvelables.eu\/article\/actualites\/wp-json\/wp\/v2\/types\/post"}],"author":[{"embeddable":true,"href":"https:\/\/www.les-energies-renouvelables.eu\/article\/actualites\/wp-json\/wp\/v2\/users\/8"}],"replies":[{"embeddable":true,"href":"https:\/\/www.les-energies-renouvelables.eu\/article\/actualites\/wp-json\/wp\/v2\/comments?post=1889"}],"version-history":[{"count":2,"href":"https:\/\/www.les-energies-renouvelables.eu\/article\/actualites\/wp-json\/wp\/v2\/posts\/1889\/revisions"}],"predecessor-version":[{"id":1897,"href":"https:\/\/www.les-energies-renouvelables.eu\/article\/actualites\/wp-json\/wp\/v2\/posts\/1889\/revisions\/1897"}],"wp:featuredmedia":[{"embeddable":true,"href":"https:\/\/www.les-energies-renouvelables.eu\/article\/actualites\/wp-json\/wp\/v2\/media\/1894"}],"wp:attachment":[{"href":"https:\/\/www.les-energies-renouvelables.eu\/article\/actualites\/wp-json\/wp\/v2\/media?parent=1889"}],"wp:term":[{"taxonomy":"category","embeddable":true,"href":"https:\/\/www.les-energies-renouvelables.eu\/article\/actualites\/wp-json\/wp\/v2\/categories?post=1889"},{"taxonomy":"post_tag","embeddable":true,"href":"https:\/\/www.les-energies-renouvelables.eu\/article\/actualites\/wp-json\/wp\/v2\/tags?post=1889"}],"curies":[{"name":"wp","href":"https:\/\/api.w.org\/{rel}","templated":true}]}}