{"id":1888,"date":"2026-09-04T08:30:00","date_gmt":"2026-09-04T06:30:00","guid":{"rendered":"https:\/\/www.les-energies-renouvelables.eu\/article\/actualites\/?p=1888"},"modified":"2026-09-04T00:48:01","modified_gmt":"2026-09-03T22:48:01","slug":"voitures-electriques-38-du-marche-en-aout-2026-un-record-qui-change-tout","status":"publish","type":"post","link":"https:\/\/www.les-energies-renouvelables.eu\/article\/actualites\/energies\/voitures-electriques-38-du-marche-en-aout-2026-un-record-qui-change-tout-1888\/","title":{"rendered":"Voitures \u00e9lectriques : 38 % du march\u00e9 en ao\u00fbt 2026, un record qui change tout"},"content":{"rendered":"\n<h2 class=\"wp-block-heading\">Un mois d&rsquo;ao\u00fbt historique pour la voiture \u00e9lectrique en France<\/h2>\n\n\n\n<p class=\"wp-block-paragraph\">Les chiffres publi\u00e9s par la Plateforme automobile (PFA) et AAA Data sont sans ambigu\u00eft\u00e9. En ao\u00fbt 2026, <strong>36 159 voitures \u00e9lectriques neuves<\/strong> ont \u00e9t\u00e9 immatricul\u00e9es en France, sur un total de <strong>94 351 v\u00e9hicules toutes motorisations confondues<\/strong>. Cela repr\u00e9sente une hausse de <strong>+113 % en un an<\/strong>, puisqu&rsquo;en ao\u00fbt 2025, seules 16 970 unit\u00e9s avaient \u00e9t\u00e9 enregistr\u00e9es. Le march\u00e9 global, lui, progresse de <strong>7,4 %<\/strong> sur la m\u00eame p\u00e9riode.<\/p>\n\n\n\n<p class=\"wp-block-paragraph\">Ce n&rsquo;est pas un simple pic estival. Sur les huit premiers mois de 2026, les voitures \u00e9lectriques repr\u00e9sentent d\u00e9j\u00e0 <strong>30 % des immatriculations cumul\u00e9es<\/strong>, avec plus d&rsquo;un million de v\u00e9hicules neufs vendus depuis janvier. Pendant ce temps, le diesel poursuit son effacement, tomb\u00e9 \u00e0 seulement <strong>2 % de parts de march\u00e9<\/strong>, contre plus de 70 % il y a encore dix ans.<\/p>\n\n\n\n<p class=\"wp-block-paragraph\"><em>Pour vous donner une id\u00e9e concr\u00e8te de ce que repr\u00e9sente ce basculement : si vous vous rendez aujourd&rsquo;hui dans une concession, statistiquement, plus d&rsquo;un v\u00e9hicule neuf sur trois dans la salle d&rsquo;exposition roule \u00e0 l&rsquo;\u00e9lectricit\u00e9.<\/em><\/p>\n\n\n\n<p class=\"wp-block-paragraph\">Au palmar\u00e8s du mois d&rsquo;ao\u00fbt, c&rsquo;est le <strong>Tesla Model Y<\/strong> qui domine avec 4 622 unit\u00e9s vendues, suivi par la <strong>Renault 5<\/strong> (2 316 unit\u00e9s), le <strong>Renault Sc\u00e9nic<\/strong> (1 745), la <strong>Renault Twingo IV<\/strong> (1 574) et la <strong>Citro\u00ebn \u00eb-C3<\/strong> (1 443). Des mod\u00e8les accessibles qui refl\u00e8tent une d\u00e9mocratisation r\u00e9elle, bien loin de l&rsquo;image du v\u00e9hicule \u00e9lectrique r\u00e9serv\u00e9 aux m\u00e9nages ais\u00e9s.<\/p>\n\n\n\n<h2 class=\"wp-block-heading\">Le leasing social et les aides publiques, vrais moteurs de ce record<\/h2>\n\n\n\n<p class=\"wp-block-paragraph\">Il serait na\u00eff de croire que cette progression spectaculaire repose uniquement sur l&rsquo;enthousiasme spontan\u00e9 des acheteurs. La Plateforme automobile elle-m\u00eame le reconna\u00eet : sans le maintien des aides publiques, les chiffres seraient bien diff\u00e9rents.<\/p>\n\n\n\n<p class=\"wp-block-paragraph\">Le principal acc\u00e9l\u00e9rateur du mois d&rsquo;ao\u00fbt est le <strong>leasing social<\/strong>, relanc\u00e9 le 16 juillet 2026 dans sa troisi\u00e8me \u00e9dition. Ce dispositif propose la location d&rsquo;un v\u00e9hicule \u00e9lectrique neuf pour <strong>200 \u20ac par mois maximum<\/strong>, sous conditions de revenus et d&rsquo;usage professionnel ou domicile-travail. Avec <strong>50 000 v\u00e9hicules mis \u00e0 disposition<\/strong>, l&rsquo;engouement a \u00e9t\u00e9 imm\u00e9diat d\u00e8s la r\u00e9ouverture.<\/p>\n\n\n\n<p class=\"wp-block-paragraph\">\u00c0 cela s&rsquo;ajoute la <strong>prime CEE \u00ab\u00a0Coup de pouce v\u00e9hicules particuliers \u00e9lectriques\u00a0\u00bb<\/strong>, qui a remplac\u00e9 l&rsquo;ancien bonus \u00e9cologique depuis juillet 2025. Son montant peut atteindre <strong>5 700 \u20ac<\/strong> selon les revenus du foyer, auxquels peut s&rsquo;ajouter une bonification sp\u00e9cifique pour les v\u00e9hicules assembl\u00e9s en Europe avec une batterie europ\u00e9enne. La hausse des prix des carburants, engag\u00e9e depuis f\u00e9vrier 2026, joue \u00e9galement un r\u00f4le non n\u00e9gligeable dans l&rsquo;arbitrage de nombreux m\u00e9nages.<\/p>\n\n\n\n<h2 class=\"wp-block-heading\">Ce que ce basculement change concr\u00e8tement pour vous<\/h2>\n\n\n\n<p class=\"wp-block-paragraph\">Si vous \u00eates propri\u00e9taire ou locataire et que vous r\u00e9fl\u00e9chissez \u00e0 votre prochain v\u00e9hicule, plusieurs \u00e9l\u00e9ments m\u00e9ritent votre attention d\u00e8s maintenant.<\/p>\n\n\n\n<p class=\"wp-block-paragraph\">La <strong>prime CEE<\/strong> reste la principale aide accessible, mais son montant varie selon l&rsquo;op\u00e9rateur et les revenus de votre foyer. Elle est conditionn\u00e9e \u00e0 plusieurs crit\u00e8res : le v\u00e9hicule doit \u00eatre <strong>100 % \u00e9lectrique ou hydrog\u00e8ne<\/strong>, co\u00fbter moins de <strong>47 000 \u20ac TTC<\/strong>, peser moins de <strong>2,4 tonnes<\/strong> et obtenir un <strong>score environnemental minimal fix\u00e9 par l&rsquo;ADEME<\/strong> d&rsquo;au moins 60 points. Cette liste est consultable sur le site officiel de l&rsquo;ADEME avant tout achat.<\/p>\n\n\n\n<p class=\"wp-block-paragraph\">Le <strong>leasing social<\/strong> quant \u00e0 lui ne restera pas ouvert ind\u00e9finiment : les 50 000 voitures disponibles dans cette troisi\u00e8me \u00e9dition partiront \u00e0 mesure des souscriptions. Si vos revenus vous y rendent \u00e9ligible, il est conseill\u00e9 de ne pas attendre. Enfin, n&rsquo;oubliez pas d&rsquo;anticiper l&rsquo;installation d&rsquo;une <strong>borne de recharge \u00e0 domicile<\/strong>, qui reste le mode de recharge le plus \u00e9conomique au quotidien et peut elle aussi b\u00e9n\u00e9ficier d&rsquo;aides d\u00e9di\u00e9es.<\/p>\n\n\n\n<h2 class=\"wp-block-heading\">Jusqu&rsquo;o\u00f9 peut aller la part de march\u00e9 \u00e9lectrique en France ?<\/h2>\n\n\n\n<p class=\"wp-block-paragraph\">Le record d&rsquo;ao\u00fbt 2026 est symbolique, mais il serait imprudent de le consid\u00e9rer comme une tendance irr\u00e9versible dans l&rsquo;imm\u00e9diat. La Plateforme automobile tire elle-m\u00eame la sonnette d&rsquo;alarme : si les aides publiques venaient \u00e0 \u00eatre r\u00e9duites ou supprim\u00e9es, le march\u00e9 pourrait conna\u00eetre un recul brutal, comme cela a d\u00e9j\u00e0 \u00e9t\u00e9 observ\u00e9 lors des \u00e9pisodes de r\u00e9duction du bonus \u00e9cologique en 2024.<\/p>\n\n\n\n<p class=\"wp-block-paragraph\">Sur le moyen terme, les objectifs r\u00e9glementaires europ\u00e9ens sont pourtant clairs : \u00e0 partir de <strong>2035<\/strong>, seuls les v\u00e9hicules neufs \u00e0 <strong>z\u00e9ro \u00e9mission<\/strong> pourront \u00eatre vendus dans l&rsquo;Union europ\u00e9enne. La France est engag\u00e9e dans cette trajectoire, et le chiffre de 30 % de parts de march\u00e9 sur les huit premiers mois de 2026 montre que la dynamique est bien enclench\u00e9e.<\/p>\n\n\n\n<p class=\"wp-block-paragraph\">Ce qui est certain, c&rsquo;est que <strong>le point de bascule est d\u00e9sormais visible<\/strong>. Les analystes du secteur le reconnaissent : l&rsquo;\u00e9lectrique n&rsquo;est plus un pari technologique, c&rsquo;est aujourd&rsquo;hui la motorisation pr\u00e9f\u00e9r\u00e9e des acheteurs de voitures neuves en France. Et pour vous, cela signifie une offre plus large, des prix plus comp\u00e9titifs, et des aides qui, pour l&rsquo;instant, restent au rendez-vous.<\/p>\n","protected":false},"excerpt":{"rendered":"","protected":false},"author":8,"featured_media":1895,"comment_status":"open","ping_status":"open","sticky":false,"template":"","format":"standard","meta":{"_acf_changed":false,"footnotes":""},"categories":[1],"tags":[99],"class_list":["post-1888","post","type-post","status-publish","format-standard","has-post-thumbnail","hentry","category-energies","tag-voitures-electriques","masonry-post","generate-columns","tablet-grid-50","mobile-grid-100","grid-parent","grid-33"],"acf":{"social-publish":false,"just-linkedin":false,"just-facebook":false},"yoast_head":"<!-- This site is optimized with the Yoast SEO plugin v28.4 - https:\/\/yoast.com\/product\/yoast-seo-wordpress\/ -->\n<title>Voitures \u00e9lectriques : 38 % du march\u00e9 en ao\u00fbt 2026, un record qui change tout - ECOinfos<\/title>\n<meta name=\"robots\" content=\"index, follow, max-snippet:-1, max-image-preview:large, max-video-preview:-1\" \/>\n<link rel=\"canonical\" href=\"https:\/\/www.les-energies-renouvelables.eu\/article\/actualites\/energies\/voitures-electriques-38-du-marche-en-aout-2026-un-record-qui-change-tout-1888\/\" \/>\n<meta property=\"og:locale\" content=\"fr_FR\" \/>\n<meta property=\"og:type\" content=\"article\" \/>\n<meta property=\"og:title\" content=\"Voitures \u00e9lectriques : 38 % du march\u00e9 en ao\u00fbt 2026, un record qui change tout - ECOinfos\" \/>\n<meta property=\"og:description\" content=\"En ao\u00fbt 2026, un chiffre a d\u00e9finitivement chang\u00e9 la lecture du march\u00e9 automobile fran\u00e7ais : 38 % des voitures neuves immatricul\u00e9es \u00e9taient \u00e9lectriques. C&#039;est la premi\u00e8re fois qu&#039;une motorisation d\u00e9passe l&#039;hybride et s&#039;impose comme la premi\u00e8re en volume sur un mois entier. Si vous envisagez de changer de voiture dans les prochains mois, ce basculement vous concerne directement, que vous soyez d\u00e9j\u00e0 convaincu par l&#039;\u00e9lectrique ou que vous h\u00e9sitiez encore.\" \/>\n<meta property=\"og:url\" content=\"https:\/\/www.les-energies-renouvelables.eu\/article\/actualites\/energies\/voitures-electriques-38-du-marche-en-aout-2026-un-record-qui-change-tout-1888\/\" \/>\n<meta property=\"og:site_name\" content=\"ECOinfos Energies renouvelables\" \/>\n<meta property=\"article:publisher\" content=\"https:\/\/www.facebook.com\/ecoannuaire.energierenouvelable\/\" \/>\n<meta property=\"article:author\" content=\"https:\/\/www.facebook.com\/michel.castelnau.7\" \/>\n<meta property=\"article:published_time\" content=\"2026-09-04T06:30:00+00:00\" \/>\n<meta property=\"og:image\" content=\"https:\/\/www.les-energies-renouvelables.eu\/article\/actualites\/wp-content\/uploads\/2026\/09\/actualites-maprimerenov-reservee-aux-pompes-a-chaleur-des-septembre-2026-quest-ce-que-cela-change-voitures-electriques-38-du-marche-en-aout-2026.jpg\" \/>\n\t<meta property=\"og:image:width\" content=\"1200\" \/>\n\t<meta property=\"og:image:height\" content=\"675\" \/>\n\t<meta property=\"og:image:type\" content=\"image\/jpeg\" \/>\n<meta name=\"author\" content=\"Michel Castelnau\" \/>\n<meta name=\"twitter:card\" content=\"summary_large_image\" \/>\n<meta name=\"twitter:creator\" content=\"@ECOinfosENR\" \/>\n<meta name=\"twitter:site\" content=\"@ECOinfosENR\" \/>\n<meta name=\"twitter:label1\" content=\"\u00c9crit par\" \/>\n\t<meta name=\"twitter:data1\" content=\"Michel Castelnau\" \/>\n\t<meta name=\"twitter:label2\" content=\"Dur\u00e9e de lecture estim\u00e9e\" \/>\n\t<meta name=\"twitter:data2\" content=\"5 minutes\" \/>\n<script type=\"application\/ld+json\" class=\"yoast-schema-graph\">{\"@context\":\"https:\\\/\\\/schema.org\",\"@graph\":[{\"@type\":\"NewsArticle\",\"@id\":\"https:\\\/\\\/www.les-energies-renouvelables.eu\\\/article\\\/actualites\\\/energies\\\/voitures-electriques-38-du-marche-en-aout-2026-un-record-qui-change-tout-1888\\\/#article\",\"isPartOf\":{\"@id\":\"https:\\\/\\\/www.les-energies-renouvelables.eu\\\/article\\\/actualites\\\/energies\\\/voitures-electriques-38-du-marche-en-aout-2026-un-record-qui-change-tout-1888\\\/\"},\"author\":{\"name\":\"Michel Castelnau\",\"@id\":\"https:\\\/\\\/www.les-energies-renouvelables.eu\\\/article\\\/actualites\\\/#\\\/schema\\\/person\\\/21f43c1e26c324fe4707b304b4f3a456\"},\"headline\":\"Voitures \u00e9lectriques : 38 % du march\u00e9 en ao\u00fbt 2026, un record qui change tout\",\"datePublished\":\"2026-09-04T06:30:00+00:00\",\"mainEntityOfPage\":{\"@id\":\"https:\\\/\\\/www.les-energies-renouvelables.eu\\\/article\\\/actualites\\\/energies\\\/voitures-electriques-38-du-marche-en-aout-2026-un-record-qui-change-tout-1888\\\/\"},\"wordCount\":849,\"commentCount\":0,\"publisher\":{\"@id\":\"https:\\\/\\\/www.les-energies-renouvelables.eu\\\/article\\\/actualites\\\/#organization\"},\"image\":{\"@id\":\"https:\\\/\\\/www.les-energies-renouvelables.eu\\\/article\\\/actualites\\\/energies\\\/voitures-electriques-38-du-marche-en-aout-2026-un-record-qui-change-tout-1888\\\/#primaryimage\"},\"thumbnailUrl\":\"https:\\\/\\\/www.les-energies-renouvelables.eu\\\/article\\\/actualites\\\/wp-content\\\/uploads\\\/2026\\\/09\\\/actualites-maprimerenov-reservee-aux-pompes-a-chaleur-des-septembre-2026-quest-ce-que-cela-change-voitures-electriques-38-du-marche-en-aout-2026.jpg\",\"keywords\":[\"voitures \u00e9lectriques\"],\"articleSection\":[\"\u00c9nergies\"],\"inLanguage\":\"fr-FR\",\"potentialAction\":[{\"@type\":\"CommentAction\",\"name\":\"Comment\",\"target\":[\"https:\\\/\\\/www.les-energies-renouvelables.eu\\\/article\\\/actualites\\\/energies\\\/voitures-electriques-38-du-marche-en-aout-2026-un-record-qui-change-tout-1888\\\/#respond\"]}]},{\"@type\":\"WebPage\",\"@id\":\"https:\\\/\\\/www.les-energies-renouvelables.eu\\\/article\\\/actualites\\\/energies\\\/voitures-electriques-38-du-marche-en-aout-2026-un-record-qui-change-tout-1888\\\/\",\"url\":\"https:\\\/\\\/www.les-energies-renouvelables.eu\\\/article\\\/actualites\\\/energies\\\/voitures-electriques-38-du-marche-en-aout-2026-un-record-qui-change-tout-1888\\\/\",\"name\":\"Voitures \u00e9lectriques : 38 % du march\u00e9 en ao\u00fbt 2026, un record qui change tout - ECOinfos\",\"isPartOf\":{\"@id\":\"https:\\\/\\\/www.les-energies-renouvelables.eu\\\/article\\\/actualites\\\/#website\"},\"primaryImageOfPage\":{\"@id\":\"https:\\\/\\\/www.les-energies-renouvelables.eu\\\/article\\\/actualites\\\/energies\\\/voitures-electriques-38-du-marche-en-aout-2026-un-record-qui-change-tout-1888\\\/#primaryimage\"},\"image\":{\"@id\":\"https:\\\/\\\/www.les-energies-renouvelables.eu\\\/article\\\/actualites\\\/energies\\\/voitures-electriques-38-du-marche-en-aout-2026-un-record-qui-change-tout-1888\\\/#primaryimage\"},\"thumbnailUrl\":\"https:\\\/\\\/www.les-energies-renouvelables.eu\\\/article\\\/actualites\\\/wp-content\\\/uploads\\\/2026\\\/09\\\/actualites-maprimerenov-reservee-aux-pompes-a-chaleur-des-septembre-2026-quest-ce-que-cela-change-voitures-electriques-38-du-marche-en-aout-2026.jpg\",\"datePublished\":\"2026-09-04T06:30:00+00:00\",\"breadcrumb\":{\"@id\":\"https:\\\/\\\/www.les-energies-renouvelables.eu\\\/article\\\/actualites\\\/energies\\\/voitures-electriques-38-du-marche-en-aout-2026-un-record-qui-change-tout-1888\\\/#breadcrumb\"},\"inLanguage\":\"fr-FR\",\"potentialAction\":[{\"@type\":\"ReadAction\",\"target\":[\"https:\\\/\\\/www.les-energies-renouvelables.eu\\\/article\\\/actualites\\\/energies\\\/voitures-electriques-38-du-marche-en-aout-2026-un-record-qui-change-tout-1888\\\/\"]}]},{\"@type\":\"ImageObject\",\"inLanguage\":\"fr-FR\",\"@id\":\"https:\\\/\\\/www.les-energies-renouvelables.eu\\\/article\\\/actualites\\\/energies\\\/voitures-electriques-38-du-marche-en-aout-2026-un-record-qui-change-tout-1888\\\/#primaryimage\",\"url\":\"https:\\\/\\\/www.les-energies-renouvelables.eu\\\/article\\\/actualites\\\/wp-content\\\/uploads\\\/2026\\\/09\\\/actualites-maprimerenov-reservee-aux-pompes-a-chaleur-des-septembre-2026-quest-ce-que-cela-change-voitures-electriques-38-du-marche-en-aout-2026.jpg\",\"contentUrl\":\"https:\\\/\\\/www.les-energies-renouvelables.eu\\\/article\\\/actualites\\\/wp-content\\\/uploads\\\/2026\\\/09\\\/actualites-maprimerenov-reservee-aux-pompes-a-chaleur-des-septembre-2026-quest-ce-que-cela-change-voitures-electriques-38-du-marche-en-aout-2026.jpg\",\"width\":1200,\"height\":675,\"caption\":\"04iraq (Pexels)\"},{\"@type\":\"BreadcrumbList\",\"@id\":\"https:\\\/\\\/www.les-energies-renouvelables.eu\\\/article\\\/actualites\\\/energies\\\/voitures-electriques-38-du-marche-en-aout-2026-un-record-qui-change-tout-1888\\\/#breadcrumb\",\"itemListElement\":[{\"@type\":\"ListItem\",\"position\":1,\"name\":\"Accueil\",\"item\":\"https:\\\/\\\/www.les-energies-renouvelables.eu\\\/article\\\/actualites\\\/\"},{\"@type\":\"ListItem\",\"position\":2,\"name\":\"Voitures \u00e9lectriques : 38 % du march\u00e9 en ao\u00fbt 2026, un record qui change tout\"}]},{\"@type\":\"WebSite\",\"@id\":\"https:\\\/\\\/www.les-energies-renouvelables.eu\\\/article\\\/actualites\\\/#website\",\"url\":\"https:\\\/\\\/www.les-energies-renouvelables.eu\\\/article\\\/actualites\\\/\",\"name\":\"ECOinfos Energies renouvelables\",\"description\":\"Le d\u00e9cryptage quotidien du secteur des \u00e9nergies renouvelables\",\"publisher\":{\"@id\":\"https:\\\/\\\/www.les-energies-renouvelables.eu\\\/article\\\/actualites\\\/#organization\"},\"potentialAction\":[{\"@type\":\"SearchAction\",\"target\":{\"@type\":\"EntryPoint\",\"urlTemplate\":\"https:\\\/\\\/www.les-energies-renouvelables.eu\\\/article\\\/actualites\\\/?s={search_term_string}\"},\"query-input\":{\"@type\":\"PropertyValueSpecification\",\"valueRequired\":true,\"valueName\":\"search_term_string\"}}],\"inLanguage\":\"fr-FR\"},{\"@type\":\"Organization\",\"@id\":\"https:\\\/\\\/www.les-energies-renouvelables.eu\\\/article\\\/actualites\\\/#organization\",\"name\":\"ECOinfos Energies renouvelables\",\"url\":\"https:\\\/\\\/www.les-energies-renouvelables.eu\\\/article\\\/actualites\\\/\",\"logo\":{\"@type\":\"ImageObject\",\"inLanguage\":\"fr-FR\",\"@id\":\"https:\\\/\\\/www.les-energies-renouvelables.eu\\\/article\\\/actualites\\\/#\\\/schema\\\/logo\\\/image\\\/\",\"url\":\"https:\\\/\\\/www.les-energies-renouvelables.eu\\\/article\\\/actualites\\\/wp-content\\\/uploads\\\/2025\\\/11\\\/ecoinfos.eldorado-consulting.com-logo-logo.svg\",\"contentUrl\":\"https:\\\/\\\/www.les-energies-renouvelables.eu\\\/article\\\/actualites\\\/wp-content\\\/uploads\\\/2025\\\/11\\\/ecoinfos.eldorado-consulting.com-logo-logo.svg\",\"caption\":\"ECOinfos Energies renouvelables\"},\"image\":{\"@id\":\"https:\\\/\\\/www.les-energies-renouvelables.eu\\\/article\\\/actualites\\\/#\\\/schema\\\/logo\\\/image\\\/\"},\"sameAs\":[\"https:\\\/\\\/www.facebook.com\\\/ecoannuaire.energierenouvelable\\\/\",\"https:\\\/\\\/x.com\\\/ECOinfosENR\",\"https:\\\/\\\/www.linkedin.com\\\/company\\\/ecoinfos-energies-renouvelables\\\/\",\"https:\\\/\\\/www.youtube.com\\\/@ecoinfosenergies\",\"https:\\\/\\\/share.google\\\/dyKHJPxAV42WhhjbM\"]},{\"@type\":\"Person\",\"@id\":\"https:\\\/\\\/www.les-energies-renouvelables.eu\\\/article\\\/actualites\\\/#\\\/schema\\\/person\\\/21f43c1e26c324fe4707b304b4f3a456\",\"name\":\"Michel Castelnau\",\"pronouns\":\"Michel Castelnau\",\"image\":{\"@type\":\"ImageObject\",\"inLanguage\":\"fr-FR\",\"@id\":\"https:\\\/\\\/www.les-energies-renouvelables.eu\\\/article\\\/actualites\\\/wp-content\\\/uploads\\\/2026\\\/07\\\/actualites-michel-castelnau-michel-castelnau-160x160.webp\",\"url\":\"https:\\\/\\\/www.les-energies-renouvelables.eu\\\/article\\\/actualites\\\/wp-content\\\/uploads\\\/2026\\\/07\\\/actualites-michel-castelnau-michel-castelnau-160x160.webp\",\"contentUrl\":\"https:\\\/\\\/www.les-energies-renouvelables.eu\\\/article\\\/actualites\\\/wp-content\\\/uploads\\\/2026\\\/07\\\/actualites-michel-castelnau-michel-castelnau-160x160.webp\",\"caption\":\"Michel Castelnau\"},\"description\":\"Je suis Michel Castelnau, professionnel du secteur photovolta\u00efque et des \u00e9nergies renouvelables. En 2008, j\u2019ai fond\u00e9 ECOinfos Energies Renouvelables avec l\u2019ambition de rendre l\u2019information sur les solutions \u00e9nerg\u00e9tiques durables plus accessible, claire et utile. Fort de mon exp\u00e9rience dans le domaine du solaire photovolta\u00efque, je suis avec attention les \u00e9volutions technologiques, \u00e9conomiques et r\u00e9glementaires du march\u00e9. \u00c0 travers mes publications, je partage mon expertise, d\u00e9crypte les tendances du secteur et accompagne les particuliers comme les professionnels dans leur compr\u00e9hension des enjeux li\u00e9s \u00e0 la transition \u00e9nerg\u00e9tique.\",\"sameAs\":[\"https:\\\/\\\/www.facebook.com\\\/michel.castelnau.7\",\"https:\\\/\\\/www.linkedin.com\\\/in\\\/michel-castelnau-41970823\\\/\"],\"url\":\"https:\\\/\\\/www.les-energies-renouvelables.eu\\\/article\\\/actualites\\\/author\\\/michel-castelnau\\\/\"}]}<\/script>\n<!-- \/ Yoast SEO plugin. -->","yoast_head_json":{"title":"Voitures \u00e9lectriques : 38 % du march\u00e9 en ao\u00fbt 2026, un record qui change tout - ECOinfos","robots":{"index":"index","follow":"follow","max-snippet":"max-snippet:-1","max-image-preview":"max-image-preview:large","max-video-preview":"max-video-preview:-1"},"canonical":"https:\/\/www.les-energies-renouvelables.eu\/article\/actualites\/energies\/voitures-electriques-38-du-marche-en-aout-2026-un-record-qui-change-tout-1888\/","og_locale":"fr_FR","og_type":"article","og_title":"Voitures \u00e9lectriques : 38 % du march\u00e9 en ao\u00fbt 2026, un record qui change tout - ECOinfos","og_description":"En ao\u00fbt 2026, un chiffre a d\u00e9finitivement chang\u00e9 la lecture du march\u00e9 automobile fran\u00e7ais : 38 % des voitures neuves immatricul\u00e9es \u00e9taient \u00e9lectriques. C'est la premi\u00e8re fois qu'une motorisation d\u00e9passe l'hybride et s'impose comme la premi\u00e8re en volume sur un mois entier. Si vous envisagez de changer de voiture dans les prochains mois, ce basculement vous concerne directement, que vous soyez d\u00e9j\u00e0 convaincu par l'\u00e9lectrique ou que vous h\u00e9sitiez encore.","og_url":"https:\/\/www.les-energies-renouvelables.eu\/article\/actualites\/energies\/voitures-electriques-38-du-marche-en-aout-2026-un-record-qui-change-tout-1888\/","og_site_name":"ECOinfos Energies renouvelables","article_publisher":"https:\/\/www.facebook.com\/ecoannuaire.energierenouvelable\/","article_author":"https:\/\/www.facebook.com\/michel.castelnau.7","article_published_time":"2026-09-04T06:30:00+00:00","og_image":[{"width":1200,"height":675,"url":"https:\/\/www.les-energies-renouvelables.eu\/article\/actualites\/wp-content\/uploads\/2026\/09\/actualites-maprimerenov-reservee-aux-pompes-a-chaleur-des-septembre-2026-quest-ce-que-cela-change-voitures-electriques-38-du-marche-en-aout-2026.jpg","type":"image\/jpeg"}],"author":"Michel Castelnau","twitter_card":"summary_large_image","twitter_creator":"@ECOinfosENR","twitter_site":"@ECOinfosENR","twitter_misc":{"\u00c9crit par":"Michel Castelnau","Dur\u00e9e de lecture estim\u00e9e":"5 minutes"},"schema":{"@context":"https:\/\/schema.org","@graph":[{"@type":"NewsArticle","@id":"https:\/\/www.les-energies-renouvelables.eu\/article\/actualites\/energies\/voitures-electriques-38-du-marche-en-aout-2026-un-record-qui-change-tout-1888\/#article","isPartOf":{"@id":"https:\/\/www.les-energies-renouvelables.eu\/article\/actualites\/energies\/voitures-electriques-38-du-marche-en-aout-2026-un-record-qui-change-tout-1888\/"},"author":{"name":"Michel Castelnau","@id":"https:\/\/www.les-energies-renouvelables.eu\/article\/actualites\/#\/schema\/person\/21f43c1e26c324fe4707b304b4f3a456"},"headline":"Voitures \u00e9lectriques : 38 % du march\u00e9 en ao\u00fbt 2026, un record qui change tout","datePublished":"2026-09-04T06:30:00+00:00","mainEntityOfPage":{"@id":"https:\/\/www.les-energies-renouvelables.eu\/article\/actualites\/energies\/voitures-electriques-38-du-marche-en-aout-2026-un-record-qui-change-tout-1888\/"},"wordCount":849,"commentCount":0,"publisher":{"@id":"https:\/\/www.les-energies-renouvelables.eu\/article\/actualites\/#organization"},"image":{"@id":"https:\/\/www.les-energies-renouvelables.eu\/article\/actualites\/energies\/voitures-electriques-38-du-marche-en-aout-2026-un-record-qui-change-tout-1888\/#primaryimage"},"thumbnailUrl":"https:\/\/www.les-energies-renouvelables.eu\/article\/actualites\/wp-content\/uploads\/2026\/09\/actualites-maprimerenov-reservee-aux-pompes-a-chaleur-des-septembre-2026-quest-ce-que-cela-change-voitures-electriques-38-du-marche-en-aout-2026.jpg","keywords":["voitures \u00e9lectriques"],"articleSection":["\u00c9nergies"],"inLanguage":"fr-FR","potentialAction":[{"@type":"CommentAction","name":"Comment","target":["https:\/\/www.les-energies-renouvelables.eu\/article\/actualites\/energies\/voitures-electriques-38-du-marche-en-aout-2026-un-record-qui-change-tout-1888\/#respond"]}]},{"@type":"WebPage","@id":"https:\/\/www.les-energies-renouvelables.eu\/article\/actualites\/energies\/voitures-electriques-38-du-marche-en-aout-2026-un-record-qui-change-tout-1888\/","url":"https:\/\/www.les-energies-renouvelables.eu\/article\/actualites\/energies\/voitures-electriques-38-du-marche-en-aout-2026-un-record-qui-change-tout-1888\/","name":"Voitures \u00e9lectriques : 38 % du march\u00e9 en ao\u00fbt 2026, un record qui change tout - ECOinfos","isPartOf":{"@id":"https:\/\/www.les-energies-renouvelables.eu\/article\/actualites\/#website"},"primaryImageOfPage":{"@id":"https:\/\/www.les-energies-renouvelables.eu\/article\/actualites\/energies\/voitures-electriques-38-du-marche-en-aout-2026-un-record-qui-change-tout-1888\/#primaryimage"},"image":{"@id":"https:\/\/www.les-energies-renouvelables.eu\/article\/actualites\/energies\/voitures-electriques-38-du-marche-en-aout-2026-un-record-qui-change-tout-1888\/#primaryimage"},"thumbnailUrl":"https:\/\/www.les-energies-renouvelables.eu\/article\/actualites\/wp-content\/uploads\/2026\/09\/actualites-maprimerenov-reservee-aux-pompes-a-chaleur-des-septembre-2026-quest-ce-que-cela-change-voitures-electriques-38-du-marche-en-aout-2026.jpg","datePublished":"2026-09-04T06:30:00+00:00","breadcrumb":{"@id":"https:\/\/www.les-energies-renouvelables.eu\/article\/actualites\/energies\/voitures-electriques-38-du-marche-en-aout-2026-un-record-qui-change-tout-1888\/#breadcrumb"},"inLanguage":"fr-FR","potentialAction":[{"@type":"ReadAction","target":["https:\/\/www.les-energies-renouvelables.eu\/article\/actualites\/energies\/voitures-electriques-38-du-marche-en-aout-2026-un-record-qui-change-tout-1888\/"]}]},{"@type":"ImageObject","inLanguage":"fr-FR","@id":"https:\/\/www.les-energies-renouvelables.eu\/article\/actualites\/energies\/voitures-electriques-38-du-marche-en-aout-2026-un-record-qui-change-tout-1888\/#primaryimage","url":"https:\/\/www.les-energies-renouvelables.eu\/article\/actualites\/wp-content\/uploads\/2026\/09\/actualites-maprimerenov-reservee-aux-pompes-a-chaleur-des-septembre-2026-quest-ce-que-cela-change-voitures-electriques-38-du-marche-en-aout-2026.jpg","contentUrl":"https:\/\/www.les-energies-renouvelables.eu\/article\/actualites\/wp-content\/uploads\/2026\/09\/actualites-maprimerenov-reservee-aux-pompes-a-chaleur-des-septembre-2026-quest-ce-que-cela-change-voitures-electriques-38-du-marche-en-aout-2026.jpg","width":1200,"height":675,"caption":"04iraq (Pexels)"},{"@type":"BreadcrumbList","@id":"https:\/\/www.les-energies-renouvelables.eu\/article\/actualites\/energies\/voitures-electriques-38-du-marche-en-aout-2026-un-record-qui-change-tout-1888\/#breadcrumb","itemListElement":[{"@type":"ListItem","position":1,"name":"Accueil","item":"https:\/\/www.les-energies-renouvelables.eu\/article\/actualites\/"},{"@type":"ListItem","position":2,"name":"Voitures \u00e9lectriques : 38 % du march\u00e9 en ao\u00fbt 2026, un record qui change tout"}]},{"@type":"WebSite","@id":"https:\/\/www.les-energies-renouvelables.eu\/article\/actualites\/#website","url":"https:\/\/www.les-energies-renouvelables.eu\/article\/actualites\/","name":"ECOinfos Energies renouvelables","description":"Le d\u00e9cryptage quotidien du secteur des \u00e9nergies renouvelables","publisher":{"@id":"https:\/\/www.les-energies-renouvelables.eu\/article\/actualites\/#organization"},"potentialAction":[{"@type":"SearchAction","target":{"@type":"EntryPoint","urlTemplate":"https:\/\/www.les-energies-renouvelables.eu\/article\/actualites\/?s={search_term_string}"},"query-input":{"@type":"PropertyValueSpecification","valueRequired":true,"valueName":"search_term_string"}}],"inLanguage":"fr-FR"},{"@type":"Organization","@id":"https:\/\/www.les-energies-renouvelables.eu\/article\/actualites\/#organization","name":"ECOinfos Energies renouvelables","url":"https:\/\/www.les-energies-renouvelables.eu\/article\/actualites\/","logo":{"@type":"ImageObject","inLanguage":"fr-FR","@id":"https:\/\/www.les-energies-renouvelables.eu\/article\/actualites\/#\/schema\/logo\/image\/","url":"https:\/\/www.les-energies-renouvelables.eu\/article\/actualites\/wp-content\/uploads\/2025\/11\/ecoinfos.eldorado-consulting.com-logo-logo.svg","contentUrl":"https:\/\/www.les-energies-renouvelables.eu\/article\/actualites\/wp-content\/uploads\/2025\/11\/ecoinfos.eldorado-consulting.com-logo-logo.svg","caption":"ECOinfos Energies renouvelables"},"image":{"@id":"https:\/\/www.les-energies-renouvelables.eu\/article\/actualites\/#\/schema\/logo\/image\/"},"sameAs":["https:\/\/www.facebook.com\/ecoannuaire.energierenouvelable\/","https:\/\/x.com\/ECOinfosENR","https:\/\/www.linkedin.com\/company\/ecoinfos-energies-renouvelables\/","https:\/\/www.youtube.com\/@ecoinfosenergies","https:\/\/share.google\/dyKHJPxAV42WhhjbM"]},{"@type":"Person","@id":"https:\/\/www.les-energies-renouvelables.eu\/article\/actualites\/#\/schema\/person\/21f43c1e26c324fe4707b304b4f3a456","name":"Michel Castelnau","pronouns":"Michel Castelnau","image":{"@type":"ImageObject","inLanguage":"fr-FR","@id":"https:\/\/www.les-energies-renouvelables.eu\/article\/actualites\/wp-content\/uploads\/2026\/07\/actualites-michel-castelnau-michel-castelnau-160x160.webp","url":"https:\/\/www.les-energies-renouvelables.eu\/article\/actualites\/wp-content\/uploads\/2026\/07\/actualites-michel-castelnau-michel-castelnau-160x160.webp","contentUrl":"https:\/\/www.les-energies-renouvelables.eu\/article\/actualites\/wp-content\/uploads\/2026\/07\/actualites-michel-castelnau-michel-castelnau-160x160.webp","caption":"Michel Castelnau"},"description":"Je suis Michel Castelnau, professionnel du secteur photovolta\u00efque et des \u00e9nergies renouvelables. En 2008, j\u2019ai fond\u00e9 ECOinfos Energies Renouvelables avec l\u2019ambition de rendre l\u2019information sur les solutions \u00e9nerg\u00e9tiques durables plus accessible, claire et utile. Fort de mon exp\u00e9rience dans le domaine du solaire photovolta\u00efque, je suis avec attention les \u00e9volutions technologiques, \u00e9conomiques et r\u00e9glementaires du march\u00e9. \u00c0 travers mes publications, je partage mon expertise, d\u00e9crypte les tendances du secteur et accompagne les particuliers comme les professionnels dans leur compr\u00e9hension des enjeux li\u00e9s \u00e0 la transition \u00e9nerg\u00e9tique.","sameAs":["https:\/\/www.facebook.com\/michel.castelnau.7","https:\/\/www.linkedin.com\/in\/michel-castelnau-41970823\/"],"url":"https:\/\/www.les-energies-renouvelables.eu\/article\/actualites\/author\/michel-castelnau\/"}]}},"_links":{"self":[{"href":"https:\/\/www.les-energies-renouvelables.eu\/article\/actualites\/wp-json\/wp\/v2\/posts\/1888","targetHints":{"allow":["GET"]}}],"collection":[{"href":"https:\/\/www.les-energies-renouvelables.eu\/article\/actualites\/wp-json\/wp\/v2\/posts"}],"about":[{"href":"https:\/\/www.les-energies-renouvelables.eu\/article\/actualites\/wp-json\/wp\/v2\/types\/post"}],"author":[{"embeddable":true,"href":"https:\/\/www.les-energies-renouvelables.eu\/article\/actualites\/wp-json\/wp\/v2\/users\/8"}],"replies":[{"embeddable":true,"href":"https:\/\/www.les-energies-renouvelables.eu\/article\/actualites\/wp-json\/wp\/v2\/comments?post=1888"}],"version-history":[{"count":2,"href":"https:\/\/www.les-energies-renouvelables.eu\/article\/actualites\/wp-json\/wp\/v2\/posts\/1888\/revisions"}],"predecessor-version":[{"id":1896,"href":"https:\/\/www.les-energies-renouvelables.eu\/article\/actualites\/wp-json\/wp\/v2\/posts\/1888\/revisions\/1896"}],"wp:attachment":[{"href":"https:\/\/www.les-energies-renouvelables.eu\/article\/actualites\/wp-json\/wp\/v2\/media?parent=1888"}],"wp:term":[{"taxonomy":"category","embeddable":true,"href":"https:\/\/www.les-energies-renouvelables.eu\/article\/actualites\/wp-json\/wp\/v2\/categories?post=1888"},{"taxonomy":"post_tag","embeddable":true,"href":"https:\/\/www.les-energies-renouvelables.eu\/article\/actualites\/wp-json\/wp\/v2\/tags?post=1888"}],"curies":[{"name":"wp","href":"https:\/\/api.w.org\/{rel}","templated":true}]}}