{"id":1880,"date":"2026-09-03T16:19:37","date_gmt":"2026-09-03T14:19:37","guid":{"rendered":"https:\/\/www.les-energies-renouvelables.eu\/article\/actualites\/?p=1880"},"modified":"2026-09-03T16:19:37","modified_gmt":"2026-09-03T14:19:37","slug":"record-eolien-europe-avant-un-possible-coup-de-frein-sur-les-autorisations","status":"publish","type":"post","link":"https:\/\/www.les-energies-renouvelables.eu\/article\/actualites\/energies\/record-eolien-europe-avant-un-possible-coup-de-frein-sur-les-autorisations-1880\/","title":{"rendered":"Record de l&rsquo;\u00e9olien en Europe en 2026, avant un possible coup de frein sur les autorisations"},"content":{"rendered":"\n<h2 class=\"wp-block-heading\">Un semestre d\u00e9j\u00e0 sup\u00e9rieur de 30 % \u00e0 2025<\/h2>\n\n\n\n<p class=\"wp-block-paragraph\">Selon le rapport semestriel publi\u00e9 d\u00e9but septembre par WindEurope, l&rsquo;association qui repr\u00e9sente l&rsquo;industrie \u00e9olienne \u00e0 l&rsquo;\u00e9chelle du continent, <strong>8,8 GW de nouvelles capacit\u00e9s<\/strong> ont \u00e9t\u00e9 raccord\u00e9s en Europe au premier semestre 2026, dont <strong>7,1 GW au sein de l&rsquo;Union europ\u00e9enne<\/strong>. C&rsquo;est <strong>30 % de plus<\/strong> qu&rsquo;\u00e0 la m\u00eame p\u00e9riode en 2025.<\/p>\n\n\n\n<p class=\"wp-block-paragraph\">Pour mesurer l&rsquo;ampleur du mouvement, la comparaison avec les ann\u00e9es pr\u00e9c\u00e9dentes est parlante. Sur l&rsquo;ensemble de l&rsquo;ann\u00e9e 2024, l&rsquo;Europe avait install\u00e9 environ 13 GW de nouvelles capacit\u00e9s. En 2025, ce total \u00e9tait mont\u00e9 \u00e0 19,1 GW. Les 8,8 GW du seul premier semestre 2026 repr\u00e9sentent donc d\u00e9j\u00e0 <strong>pr\u00e8s de 46 % de tout ce qui avait \u00e9t\u00e9 install\u00e9 sur l&rsquo;ann\u00e9e enti\u00e8re 2025<\/strong> (calcul ECOinfos \u00e0 partir des donn\u00e9es WindEurope). Port\u00e9e par une activit\u00e9 rest\u00e9e soutenue durant l&rsquo;\u00e9t\u00e9, l&rsquo;association a d&rsquo;ailleurs revu ses pr\u00e9visions \u00e0 la hausse et table d\u00e9sormais sur <strong>24 GW install\u00e9s sur l&rsquo;ensemble de l&rsquo;ann\u00e9e 2026<\/strong>, un chiffre qui aurait sembl\u00e9 hors d&rsquo;atteinte il y a encore un an.<\/p>\n\n\n\n<p class=\"wp-block-paragraph\">L&rsquo;Allemagne reste le principal moteur de cette dynamique, avec <strong>3,4 GW install\u00e9s<\/strong> au cours des six premiers mois de l&rsquo;ann\u00e9e, soit pr\u00e8s de 40 % du total europ\u00e9en. Le Danemark, la Pologne, le Portugal et la France affichent \u00e9galement des progressions significatives par rapport \u00e0 2025. Fait notable dans le contexte g\u00e9opolitique actuel, l&rsquo;Ukraine a r\u00e9ussi \u00e0 installer plus de 400 MW de nouvelles capacit\u00e9s \u00e9oliennes malgr\u00e9 la guerre.<\/p>\n\n\n\n<h2 class=\"wp-block-heading\">Ce que cela repr\u00e9sente concr\u00e8tement<\/h2>\n\n\n\n<p class=\"wp-block-paragraph\">Un chiffre de gigawatts reste abstrait pour un lecteur qui ne travaille pas dans le secteur. Ramen\u00e9 \u00e0 l&rsquo;\u00e9chelle du foyer, WindEurope pr\u00e9cise que les nouvelles capacit\u00e9s raccord\u00e9es au premier semestre suffisent \u00e0 couvrir la consommation d&rsquo;environ <strong>7 millions de foyers europ\u00e9ens<\/strong>, tout en \u00e9vitant l&rsquo;\u00e9quivalent de <strong>25 cargaisons de gaz naturel liqu\u00e9fi\u00e9 import\u00e9<\/strong> chaque ann\u00e9e. C&rsquo;est l&rsquo;un des rares indicateurs de ce rapport qui parle directement \u00e0 un m\u00e9nage, et il illustre concr\u00e8tement le lien entre d\u00e9veloppement de l&rsquo;\u00e9olien et r\u00e9duction de la d\u00e9pendance aux importations d&rsquo;\u00e9nergies fossiles, un sujet rest\u00e9 sensible depuis la crise \u00e9nerg\u00e9tique de 2022.<\/p>\n\n\n\n<h2 class=\"wp-block-heading\">La France dans la dynamique, avec un b\u00e9mol<\/h2>\n\n\n\n<p class=\"wp-block-paragraph\">Si le rapport de WindEurope ne d\u00e9taille pas de chiffre pr\u00e9cis pour la France au premier semestre 2026, il la classe parmi les pays ayant enregistr\u00e9 une progression significative, aux c\u00f4t\u00e9s du Danemark, de la Pologne et du Portugal. Cette embellie tranche avec l&rsquo;ann\u00e9e 2025, durant laquelle la France n&rsquo;avait install\u00e9 que 380 MW de capacit\u00e9s terrestres sur la m\u00eame p\u00e9riode, soit un recul de 34 % par rapport au premier semestre 2024, notamment p\u00e9nalis\u00e9e par des restrictions de hauteur limitant la puissance des \u00e9oliennes install\u00e9es sur certains territoires.<\/p>\n\n\n\n<p class=\"wp-block-paragraph\">Les donn\u00e9es officielles du service statistique du minist\u00e8re de la Transition \u00e9cologique confirment cette dynamique fran\u00e7aise \u00e0 l&rsquo;\u00e9chelle nationale : au 31 mars 2026, le parc \u00e9olien tricolore atteignait <strong>26,4 GW<\/strong>, dont 24,1 GW \u00e0 terre et 2,3 GW en mer. Sur le seul premier trimestre, l&rsquo;\u00e9olien a fourni <strong>13 % de la consommation \u00e9lectrique fran\u00e7aise<\/strong>, soit 2,8 points de plus qu&rsquo;un an plus t\u00f4t, une part qui continue donc de grimper dans le mix \u00e9lectrique national.<\/p>\n\n\n\n<h2 class=\"wp-block-heading\">Un rythme d&rsquo;appels d&rsquo;offres jamais atteint<\/h2>\n\n\n\n<p class=\"wp-block-paragraph\">La dynamique ne se limite pas aux raccordements. Au premier semestre, <strong>17 GW de capacit\u00e9s \u00e9oliennes ont \u00e9t\u00e9 attribu\u00e9s<\/strong> dans le cadre d&rsquo;appels d&rsquo;offres \u00e0 travers l&rsquo;Europe, et <strong>26 GW suppl\u00e9mentaires sont attendus au second semestre<\/strong>. Selon WindEurope, jamais l&rsquo;Europe n&rsquo;avait lanc\u00e9 autant d&rsquo;appels d&rsquo;offres pour d\u00e9velopper de nouvelles capacit\u00e9s \u00e9oliennes en une seule ann\u00e9e.<\/p>\n\n\n\n<p class=\"wp-block-paragraph\">Si cette dynamique se confirme, la capacit\u00e9 \u00e9olienne totale de l&rsquo;Europe pourrait atteindre <strong>436 GW \u00e0 l&rsquo;horizon 2030<\/strong>, dont 342 GW au sein de l&rsquo;Union europ\u00e9enne, soit 78 % du total. Ce niveau permettrait \u00e0 l&rsquo;Union europ\u00e9enne de couvrir environ <strong>27 % de sa demande d&rsquo;\u00e9lectricit\u00e9<\/strong> gr\u00e2ce \u00e0 la seule \u00e9nergie \u00e9olienne, contre une part encore nettement inf\u00e9rieure aujourd&rsquo;hui.<\/p>\n\n\n\n<h2 class=\"wp-block-heading\">Le principal obstacle : les autorisations<\/h2>\n\n\n\n<p class=\"wp-block-paragraph\">Cette trajectoire reste toutefois conditionn\u00e9e \u00e0 la capacit\u00e9 des pays europ\u00e9ens \u00e0 acc\u00e9l\u00e9rer leurs proc\u00e9dures d&rsquo;autorisation. Pour WindEurope, il s&rsquo;agit aujourd&rsquo;hui du principal frein \u00e0 la r\u00e9alisation de ces projections, en raison \u00e0 la fois du volume et du taux de r\u00e9ussite des demandes d\u00e9pos\u00e9es. \u00c0 l&rsquo;exception notable de l&rsquo;Allemagne, qui a d\u00e9livr\u00e9 des permis pour plus de 9 GW d&rsquo;\u00e9olien terrestre au premier semestre, les volumes d&rsquo;autorisations sont actuellement orient\u00e9s \u00e0 la baisse dans plusieurs grands march\u00e9s europ\u00e9ens, dont l&rsquo;Espagne, la France, le Royaume-Uni, l&rsquo;Italie et l&rsquo;Irlande.<\/p>\n\n\n\n<p class=\"wp-block-paragraph\">Tinne Van der Straeten, directrice g\u00e9n\u00e9rale de WindEurope, a soulign\u00e9 que ce recul des permis intervient pr\u00e9cis\u00e9ment au moment o\u00f9 l&rsquo;Europe a le plus besoin de capacit\u00e9s \u00e9oliennes suppl\u00e9mentaires pour renforcer sa r\u00e9silience \u00e9conomique et \u00e9nerg\u00e9tique. Une mani\u00e8re de rappeler qu&rsquo;un rapport encourageant sur le papier ne garantit rien pour les ann\u00e9es suivantes si les d\u00e9lais administratifs ne se r\u00e9duisent pas, un point qui concerne directement les riverains et porteurs de projets en attente d&rsquo;instruction en France.<\/p>\n","protected":false},"excerpt":{"rendered":"","protected":false},"author":3,"featured_media":1881,"comment_status":"open","ping_status":"open","sticky":false,"template":"","format":"standard","meta":{"_acf_changed":false,"footnotes":""},"categories":[1],"tags":[16],"class_list":["post-1880","post","type-post","status-publish","format-standard","has-post-thumbnail","hentry","category-energies","tag-eolien","masonry-post","generate-columns","tablet-grid-50","mobile-grid-100","grid-parent","grid-33"],"acf":{"social-publish":false,"just-linkedin":false,"just-facebook":false},"yoast_head":"<!-- This site is optimized with the Yoast SEO plugin v28.4 - https:\/\/yoast.com\/product\/yoast-seo-wordpress\/ -->\n<title>\u00c9olien en Europe : semestre record, mais un frein inqui\u00e8te<\/title>\n<meta name=\"description\" content=\"L&#039;Europe a install\u00e9 8,8 GW d&#039;\u00e9olien en 6 mois (+30 %), de quoi alimenter 7 millions de foyers. Ce qui pourrait freiner la suite.\" \/>\n<meta name=\"robots\" content=\"index, follow, max-snippet:-1, max-image-preview:large, max-video-preview:-1\" \/>\n<link rel=\"canonical\" href=\"https:\/\/www.les-energies-renouvelables.eu\/article\/actualites\/energies\/record-eolien-europe-avant-un-possible-coup-de-frein-sur-les-autorisations-1880\/\" \/>\n<meta property=\"og:locale\" content=\"fr_FR\" \/>\n<meta property=\"og:type\" content=\"article\" \/>\n<meta property=\"og:title\" content=\"\u00c9olien en Europe : semestre record, mais un frein inqui\u00e8te\" \/>\n<meta property=\"og:description\" content=\"L&#039;Europe a install\u00e9 8,8 GW d&#039;\u00e9olien en 6 mois (+30 %), de quoi alimenter 7 millions de foyers. Ce qui pourrait freiner la suite.\" \/>\n<meta property=\"og:url\" content=\"https:\/\/www.les-energies-renouvelables.eu\/article\/actualites\/energies\/record-eolien-europe-avant-un-possible-coup-de-frein-sur-les-autorisations-1880\/\" \/>\n<meta property=\"og:site_name\" content=\"ECOinfos Energies renouvelables\" \/>\n<meta property=\"article:publisher\" content=\"https:\/\/www.facebook.com\/ecoannuaire.energierenouvelable\/\" \/>\n<meta property=\"article:published_time\" content=\"2026-09-03T14:19:37+00:00\" \/>\n<meta property=\"og:image\" content=\"https:\/\/www.les-energies-renouvelables.eu\/article\/actualites\/wp-content\/uploads\/2026\/09\/actualites-brouillon-auto-record-eolien-scaled.webp\" \/>\n\t<meta property=\"og:image:width\" content=\"1200\" \/>\n\t<meta property=\"og:image:height\" content=\"675\" \/>\n\t<meta property=\"og:image:type\" content=\"image\/webp\" \/>\n<meta name=\"author\" content=\"Mathis Castelnau\" \/>\n<meta name=\"twitter:card\" content=\"summary_large_image\" \/>\n<meta name=\"twitter:creator\" content=\"@ECOinfosENR\" \/>\n<meta name=\"twitter:site\" content=\"@ECOinfosENR\" \/>\n<meta name=\"twitter:label1\" content=\"\u00c9crit par\" \/>\n\t<meta name=\"twitter:data1\" content=\"Mathis Castelnau\" \/>\n\t<meta name=\"twitter:label2\" content=\"Dur\u00e9e de lecture estim\u00e9e\" \/>\n\t<meta name=\"twitter:data2\" content=\"5 minutes\" \/>\n<script type=\"application\/ld+json\" class=\"yoast-schema-graph\">{\"@context\":\"https:\\\/\\\/schema.org\",\"@graph\":[{\"@type\":\"NewsArticle\",\"@id\":\"https:\\\/\\\/www.les-energies-renouvelables.eu\\\/article\\\/actualites\\\/energies\\\/record-eolien-europe-avant-un-possible-coup-de-frein-sur-les-autorisations-1880\\\/#article\",\"isPartOf\":{\"@id\":\"https:\\\/\\\/www.les-energies-renouvelables.eu\\\/article\\\/actualites\\\/energies\\\/record-eolien-europe-avant-un-possible-coup-de-frein-sur-les-autorisations-1880\\\/\"},\"author\":{\"name\":\"Mathis Castelnau\",\"@id\":\"https:\\\/\\\/www.les-energies-renouvelables.eu\\\/article\\\/actualites\\\/#\\\/schema\\\/person\\\/d0855c0c2d94ad36795f37b9a33c9f93\"},\"headline\":\"Record de l&rsquo;\u00e9olien en Europe en 2026, avant un possible coup de frein sur les autorisations\",\"datePublished\":\"2026-09-03T14:19:37+00:00\",\"mainEntityOfPage\":{\"@id\":\"https:\\\/\\\/www.les-energies-renouvelables.eu\\\/article\\\/actualites\\\/energies\\\/record-eolien-europe-avant-un-possible-coup-de-frein-sur-les-autorisations-1880\\\/\"},\"wordCount\":907,\"commentCount\":0,\"publisher\":{\"@id\":\"https:\\\/\\\/www.les-energies-renouvelables.eu\\\/article\\\/actualites\\\/#organization\"},\"image\":{\"@id\":\"https:\\\/\\\/www.les-energies-renouvelables.eu\\\/article\\\/actualites\\\/energies\\\/record-eolien-europe-avant-un-possible-coup-de-frein-sur-les-autorisations-1880\\\/#primaryimage\"},\"thumbnailUrl\":\"https:\\\/\\\/www.les-energies-renouvelables.eu\\\/article\\\/actualites\\\/wp-content\\\/uploads\\\/2026\\\/09\\\/actualites-brouillon-auto-record-eolien-scaled.webp\",\"keywords\":[\"Eolien\"],\"articleSection\":[\"\u00c9nergies\"],\"inLanguage\":\"fr-FR\",\"potentialAction\":[{\"@type\":\"CommentAction\",\"name\":\"Comment\",\"target\":[\"https:\\\/\\\/www.les-energies-renouvelables.eu\\\/article\\\/actualites\\\/energies\\\/record-eolien-europe-avant-un-possible-coup-de-frein-sur-les-autorisations-1880\\\/#respond\"]}]},{\"@type\":\"WebPage\",\"@id\":\"https:\\\/\\\/www.les-energies-renouvelables.eu\\\/article\\\/actualites\\\/energies\\\/record-eolien-europe-avant-un-possible-coup-de-frein-sur-les-autorisations-1880\\\/\",\"url\":\"https:\\\/\\\/www.les-energies-renouvelables.eu\\\/article\\\/actualites\\\/energies\\\/record-eolien-europe-avant-un-possible-coup-de-frein-sur-les-autorisations-1880\\\/\",\"name\":\"\u00c9olien en Europe : semestre record, mais un frein inqui\u00e8te\",\"isPartOf\":{\"@id\":\"https:\\\/\\\/www.les-energies-renouvelables.eu\\\/article\\\/actualites\\\/#website\"},\"primaryImageOfPage\":{\"@id\":\"https:\\\/\\\/www.les-energies-renouvelables.eu\\\/article\\\/actualites\\\/energies\\\/record-eolien-europe-avant-un-possible-coup-de-frein-sur-les-autorisations-1880\\\/#primaryimage\"},\"image\":{\"@id\":\"https:\\\/\\\/www.les-energies-renouvelables.eu\\\/article\\\/actualites\\\/energies\\\/record-eolien-europe-avant-un-possible-coup-de-frein-sur-les-autorisations-1880\\\/#primaryimage\"},\"thumbnailUrl\":\"https:\\\/\\\/www.les-energies-renouvelables.eu\\\/article\\\/actualites\\\/wp-content\\\/uploads\\\/2026\\\/09\\\/actualites-brouillon-auto-record-eolien-scaled.webp\",\"datePublished\":\"2026-09-03T14:19:37+00:00\",\"description\":\"L'Europe a install\u00e9 8,8 GW d'\u00e9olien en 6 mois (+30 %), de quoi alimenter 7 millions de foyers. Ce qui pourrait freiner la suite.\",\"breadcrumb\":{\"@id\":\"https:\\\/\\\/www.les-energies-renouvelables.eu\\\/article\\\/actualites\\\/energies\\\/record-eolien-europe-avant-un-possible-coup-de-frein-sur-les-autorisations-1880\\\/#breadcrumb\"},\"inLanguage\":\"fr-FR\",\"potentialAction\":[{\"@type\":\"ReadAction\",\"target\":[\"https:\\\/\\\/www.les-energies-renouvelables.eu\\\/article\\\/actualites\\\/energies\\\/record-eolien-europe-avant-un-possible-coup-de-frein-sur-les-autorisations-1880\\\/\"]}]},{\"@type\":\"ImageObject\",\"inLanguage\":\"fr-FR\",\"@id\":\"https:\\\/\\\/www.les-energies-renouvelables.eu\\\/article\\\/actualites\\\/energies\\\/record-eolien-europe-avant-un-possible-coup-de-frein-sur-les-autorisations-1880\\\/#primaryimage\",\"url\":\"https:\\\/\\\/www.les-energies-renouvelables.eu\\\/article\\\/actualites\\\/wp-content\\\/uploads\\\/2026\\\/09\\\/actualites-brouillon-auto-record-eolien-scaled.webp\",\"contentUrl\":\"https:\\\/\\\/www.les-energies-renouvelables.eu\\\/article\\\/actualites\\\/wp-content\\\/uploads\\\/2026\\\/09\\\/actualites-brouillon-auto-record-eolien-scaled.webp\",\"width\":1200,\"height\":675,\"caption\":\"Parc \u00e9olien en fonctionnement en Europe, o\u00f9 les raccordements s'acc\u00e9l\u00e8rent depuis le d\u00e9but de l'ann\u00e9e 2026.\"},{\"@type\":\"BreadcrumbList\",\"@id\":\"https:\\\/\\\/www.les-energies-renouvelables.eu\\\/article\\\/actualites\\\/energies\\\/record-eolien-europe-avant-un-possible-coup-de-frein-sur-les-autorisations-1880\\\/#breadcrumb\",\"itemListElement\":[{\"@type\":\"ListItem\",\"position\":1,\"name\":\"Accueil\",\"item\":\"https:\\\/\\\/www.les-energies-renouvelables.eu\\\/article\\\/actualites\\\/\"},{\"@type\":\"ListItem\",\"position\":2,\"name\":\"Record de l&rsquo;\u00e9olien en Europe en 2026, avant un possible coup de frein sur les autorisations\"}]},{\"@type\":\"WebSite\",\"@id\":\"https:\\\/\\\/www.les-energies-renouvelables.eu\\\/article\\\/actualites\\\/#website\",\"url\":\"https:\\\/\\\/www.les-energies-renouvelables.eu\\\/article\\\/actualites\\\/\",\"name\":\"ECOinfos Energies renouvelables\",\"description\":\"Le d\u00e9cryptage quotidien du secteur des \u00e9nergies renouvelables\",\"publisher\":{\"@id\":\"https:\\\/\\\/www.les-energies-renouvelables.eu\\\/article\\\/actualites\\\/#organization\"},\"potentialAction\":[{\"@type\":\"SearchAction\",\"target\":{\"@type\":\"EntryPoint\",\"urlTemplate\":\"https:\\\/\\\/www.les-energies-renouvelables.eu\\\/article\\\/actualites\\\/?s={search_term_string}\"},\"query-input\":{\"@type\":\"PropertyValueSpecification\",\"valueRequired\":true,\"valueName\":\"search_term_string\"}}],\"inLanguage\":\"fr-FR\"},{\"@type\":\"Organization\",\"@id\":\"https:\\\/\\\/www.les-energies-renouvelables.eu\\\/article\\\/actualites\\\/#organization\",\"name\":\"ECOinfos Energies renouvelables\",\"url\":\"https:\\\/\\\/www.les-energies-renouvelables.eu\\\/article\\\/actualites\\\/\",\"logo\":{\"@type\":\"ImageObject\",\"inLanguage\":\"fr-FR\",\"@id\":\"https:\\\/\\\/www.les-energies-renouvelables.eu\\\/article\\\/actualites\\\/#\\\/schema\\\/logo\\\/image\\\/\",\"url\":\"https:\\\/\\\/www.les-energies-renouvelables.eu\\\/article\\\/actualites\\\/wp-content\\\/uploads\\\/2025\\\/11\\\/ecoinfos.eldorado-consulting.com-logo-logo.svg\",\"contentUrl\":\"https:\\\/\\\/www.les-energies-renouvelables.eu\\\/article\\\/actualites\\\/wp-content\\\/uploads\\\/2025\\\/11\\\/ecoinfos.eldorado-consulting.com-logo-logo.svg\",\"caption\":\"ECOinfos Energies renouvelables\"},\"image\":{\"@id\":\"https:\\\/\\\/www.les-energies-renouvelables.eu\\\/article\\\/actualites\\\/#\\\/schema\\\/logo\\\/image\\\/\"},\"sameAs\":[\"https:\\\/\\\/www.facebook.com\\\/ecoannuaire.energierenouvelable\\\/\",\"https:\\\/\\\/x.com\\\/ECOinfosENR\",\"https:\\\/\\\/www.linkedin.com\\\/company\\\/ecoinfos-energies-renouvelables\\\/\",\"https:\\\/\\\/www.youtube.com\\\/@ecoinfosenergies\",\"https:\\\/\\\/share.google\\\/dyKHJPxAV42WhhjbM\"]},{\"@type\":\"Person\",\"@id\":\"https:\\\/\\\/www.les-energies-renouvelables.eu\\\/article\\\/actualites\\\/#\\\/schema\\\/person\\\/d0855c0c2d94ad36795f37b9a33c9f93\",\"name\":\"Mathis Castelnau\",\"image\":{\"@type\":\"ImageObject\",\"inLanguage\":\"fr-FR\",\"@id\":\"https:\\\/\\\/www.les-energies-renouvelables.eu\\\/article\\\/actualites\\\/wp-content\\\/uploads\\\/2026\\\/05\\\/actualites-mathis-castelnau-mathis-castelnau-160x160.jpeg\",\"url\":\"https:\\\/\\\/www.les-energies-renouvelables.eu\\\/article\\\/actualites\\\/wp-content\\\/uploads\\\/2026\\\/05\\\/actualites-mathis-castelnau-mathis-castelnau-160x160.jpeg\",\"contentUrl\":\"https:\\\/\\\/www.les-energies-renouvelables.eu\\\/article\\\/actualites\\\/wp-content\\\/uploads\\\/2026\\\/05\\\/actualites-mathis-castelnau-mathis-castelnau-160x160.jpeg\",\"caption\":\"Mathis Castelnau\"},\"description\":\"Passionn\u00e9 par les \u00e9nergies renouvelables et le march\u00e9 de l\u2019\u00e9nergie, je d\u00e9crypte depuis plusieurs ann\u00e9es les \u00e9volutions techniques, r\u00e9glementaires et \u00e9conomiques du secteur. \u00c0 travers nos articles, nous analysons les enjeux du photovolta\u00efque, de la transition \u00e9nerg\u00e9tique, de l\u2019autoconsommation et des nouveaux mod\u00e8les \u00e9nerg\u00e9tiques qui redessinent le march\u00e9.\",\"sameAs\":[\"https:\\\/\\\/www.linkedin.com\\\/in\\\/mathis-castelnau\\\/\"],\"url\":\"https:\\\/\\\/www.les-energies-renouvelables.eu\\\/article\\\/actualites\\\/author\\\/mathis\\\/\"}]}<\/script>\n<!-- \/ Yoast SEO plugin. -->","yoast_head_json":{"title":"\u00c9olien en Europe : semestre record, mais un frein inqui\u00e8te","description":"L'Europe a install\u00e9 8,8 GW d'\u00e9olien en 6 mois (+30 %), de quoi alimenter 7 millions de foyers. Ce qui pourrait freiner la suite.","robots":{"index":"index","follow":"follow","max-snippet":"max-snippet:-1","max-image-preview":"max-image-preview:large","max-video-preview":"max-video-preview:-1"},"canonical":"https:\/\/www.les-energies-renouvelables.eu\/article\/actualites\/energies\/record-eolien-europe-avant-un-possible-coup-de-frein-sur-les-autorisations-1880\/","og_locale":"fr_FR","og_type":"article","og_title":"\u00c9olien en Europe : semestre record, mais un frein inqui\u00e8te","og_description":"L'Europe a install\u00e9 8,8 GW d'\u00e9olien en 6 mois (+30 %), de quoi alimenter 7 millions de foyers. Ce qui pourrait freiner la suite.","og_url":"https:\/\/www.les-energies-renouvelables.eu\/article\/actualites\/energies\/record-eolien-europe-avant-un-possible-coup-de-frein-sur-les-autorisations-1880\/","og_site_name":"ECOinfos Energies renouvelables","article_publisher":"https:\/\/www.facebook.com\/ecoannuaire.energierenouvelable\/","article_published_time":"2026-09-03T14:19:37+00:00","og_image":[{"width":1200,"height":675,"url":"https:\/\/www.les-energies-renouvelables.eu\/article\/actualites\/wp-content\/uploads\/2026\/09\/actualites-brouillon-auto-record-eolien-scaled.webp","type":"image\/webp"}],"author":"Mathis Castelnau","twitter_card":"summary_large_image","twitter_creator":"@ECOinfosENR","twitter_site":"@ECOinfosENR","twitter_misc":{"\u00c9crit par":"Mathis Castelnau","Dur\u00e9e de lecture estim\u00e9e":"5 minutes"},"schema":{"@context":"https:\/\/schema.org","@graph":[{"@type":"NewsArticle","@id":"https:\/\/www.les-energies-renouvelables.eu\/article\/actualites\/energies\/record-eolien-europe-avant-un-possible-coup-de-frein-sur-les-autorisations-1880\/#article","isPartOf":{"@id":"https:\/\/www.les-energies-renouvelables.eu\/article\/actualites\/energies\/record-eolien-europe-avant-un-possible-coup-de-frein-sur-les-autorisations-1880\/"},"author":{"name":"Mathis Castelnau","@id":"https:\/\/www.les-energies-renouvelables.eu\/article\/actualites\/#\/schema\/person\/d0855c0c2d94ad36795f37b9a33c9f93"},"headline":"Record de l&rsquo;\u00e9olien en Europe en 2026, avant un possible coup de frein sur les autorisations","datePublished":"2026-09-03T14:19:37+00:00","mainEntityOfPage":{"@id":"https:\/\/www.les-energies-renouvelables.eu\/article\/actualites\/energies\/record-eolien-europe-avant-un-possible-coup-de-frein-sur-les-autorisations-1880\/"},"wordCount":907,"commentCount":0,"publisher":{"@id":"https:\/\/www.les-energies-renouvelables.eu\/article\/actualites\/#organization"},"image":{"@id":"https:\/\/www.les-energies-renouvelables.eu\/article\/actualites\/energies\/record-eolien-europe-avant-un-possible-coup-de-frein-sur-les-autorisations-1880\/#primaryimage"},"thumbnailUrl":"https:\/\/www.les-energies-renouvelables.eu\/article\/actualites\/wp-content\/uploads\/2026\/09\/actualites-brouillon-auto-record-eolien-scaled.webp","keywords":["Eolien"],"articleSection":["\u00c9nergies"],"inLanguage":"fr-FR","potentialAction":[{"@type":"CommentAction","name":"Comment","target":["https:\/\/www.les-energies-renouvelables.eu\/article\/actualites\/energies\/record-eolien-europe-avant-un-possible-coup-de-frein-sur-les-autorisations-1880\/#respond"]}]},{"@type":"WebPage","@id":"https:\/\/www.les-energies-renouvelables.eu\/article\/actualites\/energies\/record-eolien-europe-avant-un-possible-coup-de-frein-sur-les-autorisations-1880\/","url":"https:\/\/www.les-energies-renouvelables.eu\/article\/actualites\/energies\/record-eolien-europe-avant-un-possible-coup-de-frein-sur-les-autorisations-1880\/","name":"\u00c9olien en Europe : semestre record, mais un frein inqui\u00e8te","isPartOf":{"@id":"https:\/\/www.les-energies-renouvelables.eu\/article\/actualites\/#website"},"primaryImageOfPage":{"@id":"https:\/\/www.les-energies-renouvelables.eu\/article\/actualites\/energies\/record-eolien-europe-avant-un-possible-coup-de-frein-sur-les-autorisations-1880\/#primaryimage"},"image":{"@id":"https:\/\/www.les-energies-renouvelables.eu\/article\/actualites\/energies\/record-eolien-europe-avant-un-possible-coup-de-frein-sur-les-autorisations-1880\/#primaryimage"},"thumbnailUrl":"https:\/\/www.les-energies-renouvelables.eu\/article\/actualites\/wp-content\/uploads\/2026\/09\/actualites-brouillon-auto-record-eolien-scaled.webp","datePublished":"2026-09-03T14:19:37+00:00","description":"L'Europe a install\u00e9 8,8 GW d'\u00e9olien en 6 mois (+30 %), de quoi alimenter 7 millions de foyers. Ce qui pourrait freiner la suite.","breadcrumb":{"@id":"https:\/\/www.les-energies-renouvelables.eu\/article\/actualites\/energies\/record-eolien-europe-avant-un-possible-coup-de-frein-sur-les-autorisations-1880\/#breadcrumb"},"inLanguage":"fr-FR","potentialAction":[{"@type":"ReadAction","target":["https:\/\/www.les-energies-renouvelables.eu\/article\/actualites\/energies\/record-eolien-europe-avant-un-possible-coup-de-frein-sur-les-autorisations-1880\/"]}]},{"@type":"ImageObject","inLanguage":"fr-FR","@id":"https:\/\/www.les-energies-renouvelables.eu\/article\/actualites\/energies\/record-eolien-europe-avant-un-possible-coup-de-frein-sur-les-autorisations-1880\/#primaryimage","url":"https:\/\/www.les-energies-renouvelables.eu\/article\/actualites\/wp-content\/uploads\/2026\/09\/actualites-brouillon-auto-record-eolien-scaled.webp","contentUrl":"https:\/\/www.les-energies-renouvelables.eu\/article\/actualites\/wp-content\/uploads\/2026\/09\/actualites-brouillon-auto-record-eolien-scaled.webp","width":1200,"height":675,"caption":"Parc \u00e9olien en fonctionnement en Europe, o\u00f9 les raccordements s'acc\u00e9l\u00e8rent depuis le d\u00e9but de l'ann\u00e9e 2026."},{"@type":"BreadcrumbList","@id":"https:\/\/www.les-energies-renouvelables.eu\/article\/actualites\/energies\/record-eolien-europe-avant-un-possible-coup-de-frein-sur-les-autorisations-1880\/#breadcrumb","itemListElement":[{"@type":"ListItem","position":1,"name":"Accueil","item":"https:\/\/www.les-energies-renouvelables.eu\/article\/actualites\/"},{"@type":"ListItem","position":2,"name":"Record de l&rsquo;\u00e9olien en Europe en 2026, avant un possible coup de frein sur les autorisations"}]},{"@type":"WebSite","@id":"https:\/\/www.les-energies-renouvelables.eu\/article\/actualites\/#website","url":"https:\/\/www.les-energies-renouvelables.eu\/article\/actualites\/","name":"ECOinfos Energies renouvelables","description":"Le d\u00e9cryptage quotidien du secteur des \u00e9nergies renouvelables","publisher":{"@id":"https:\/\/www.les-energies-renouvelables.eu\/article\/actualites\/#organization"},"potentialAction":[{"@type":"SearchAction","target":{"@type":"EntryPoint","urlTemplate":"https:\/\/www.les-energies-renouvelables.eu\/article\/actualites\/?s={search_term_string}"},"query-input":{"@type":"PropertyValueSpecification","valueRequired":true,"valueName":"search_term_string"}}],"inLanguage":"fr-FR"},{"@type":"Organization","@id":"https:\/\/www.les-energies-renouvelables.eu\/article\/actualites\/#organization","name":"ECOinfos Energies renouvelables","url":"https:\/\/www.les-energies-renouvelables.eu\/article\/actualites\/","logo":{"@type":"ImageObject","inLanguage":"fr-FR","@id":"https:\/\/www.les-energies-renouvelables.eu\/article\/actualites\/#\/schema\/logo\/image\/","url":"https:\/\/www.les-energies-renouvelables.eu\/article\/actualites\/wp-content\/uploads\/2025\/11\/ecoinfos.eldorado-consulting.com-logo-logo.svg","contentUrl":"https:\/\/www.les-energies-renouvelables.eu\/article\/actualites\/wp-content\/uploads\/2025\/11\/ecoinfos.eldorado-consulting.com-logo-logo.svg","caption":"ECOinfos Energies renouvelables"},"image":{"@id":"https:\/\/www.les-energies-renouvelables.eu\/article\/actualites\/#\/schema\/logo\/image\/"},"sameAs":["https:\/\/www.facebook.com\/ecoannuaire.energierenouvelable\/","https:\/\/x.com\/ECOinfosENR","https:\/\/www.linkedin.com\/company\/ecoinfos-energies-renouvelables\/","https:\/\/www.youtube.com\/@ecoinfosenergies","https:\/\/share.google\/dyKHJPxAV42WhhjbM"]},{"@type":"Person","@id":"https:\/\/www.les-energies-renouvelables.eu\/article\/actualites\/#\/schema\/person\/d0855c0c2d94ad36795f37b9a33c9f93","name":"Mathis Castelnau","image":{"@type":"ImageObject","inLanguage":"fr-FR","@id":"https:\/\/www.les-energies-renouvelables.eu\/article\/actualites\/wp-content\/uploads\/2026\/05\/actualites-mathis-castelnau-mathis-castelnau-160x160.jpeg","url":"https:\/\/www.les-energies-renouvelables.eu\/article\/actualites\/wp-content\/uploads\/2026\/05\/actualites-mathis-castelnau-mathis-castelnau-160x160.jpeg","contentUrl":"https:\/\/www.les-energies-renouvelables.eu\/article\/actualites\/wp-content\/uploads\/2026\/05\/actualites-mathis-castelnau-mathis-castelnau-160x160.jpeg","caption":"Mathis Castelnau"},"description":"Passionn\u00e9 par les \u00e9nergies renouvelables et le march\u00e9 de l\u2019\u00e9nergie, je d\u00e9crypte depuis plusieurs ann\u00e9es les \u00e9volutions techniques, r\u00e9glementaires et \u00e9conomiques du secteur. \u00c0 travers nos articles, nous analysons les enjeux du photovolta\u00efque, de la transition \u00e9nerg\u00e9tique, de l\u2019autoconsommation et des nouveaux mod\u00e8les \u00e9nerg\u00e9tiques qui redessinent le march\u00e9.","sameAs":["https:\/\/www.linkedin.com\/in\/mathis-castelnau\/"],"url":"https:\/\/www.les-energies-renouvelables.eu\/article\/actualites\/author\/mathis\/"}]}},"_links":{"self":[{"href":"https:\/\/www.les-energies-renouvelables.eu\/article\/actualites\/wp-json\/wp\/v2\/posts\/1880","targetHints":{"allow":["GET"]}}],"collection":[{"href":"https:\/\/www.les-energies-renouvelables.eu\/article\/actualites\/wp-json\/wp\/v2\/posts"}],"about":[{"href":"https:\/\/www.les-energies-renouvelables.eu\/article\/actualites\/wp-json\/wp\/v2\/types\/post"}],"author":[{"embeddable":true,"href":"https:\/\/www.les-energies-renouvelables.eu\/article\/actualites\/wp-json\/wp\/v2\/users\/3"}],"replies":[{"embeddable":true,"href":"https:\/\/www.les-energies-renouvelables.eu\/article\/actualites\/wp-json\/wp\/v2\/comments?post=1880"}],"version-history":[{"count":3,"href":"https:\/\/www.les-energies-renouvelables.eu\/article\/actualites\/wp-json\/wp\/v2\/posts\/1880\/revisions"}],"predecessor-version":[{"id":1885,"href":"https:\/\/www.les-energies-renouvelables.eu\/article\/actualites\/wp-json\/wp\/v2\/posts\/1880\/revisions\/1885"}],"wp:featuredmedia":[{"embeddable":true,"href":"https:\/\/www.les-energies-renouvelables.eu\/article\/actualites\/wp-json\/wp\/v2\/media\/1881"}],"wp:attachment":[{"href":"https:\/\/www.les-energies-renouvelables.eu\/article\/actualites\/wp-json\/wp\/v2\/media?parent=1880"}],"wp:term":[{"taxonomy":"category","embeddable":true,"href":"https:\/\/www.les-energies-renouvelables.eu\/article\/actualites\/wp-json\/wp\/v2\/categories?post=1880"},{"taxonomy":"post_tag","embeddable":true,"href":"https:\/\/www.les-energies-renouvelables.eu\/article\/actualites\/wp-json\/wp\/v2\/tags?post=1880"}],"curies":[{"name":"wp","href":"https:\/\/api.w.org\/{rel}","templated":true}]}}