{"id":188,"date":"2025-12-29T08:00:00","date_gmt":"2025-12-29T07:00:00","guid":{"rendered":"https:\/\/www.les-energies-renouvelables.eu\/article\/actualites\/?p=188"},"modified":"2026-01-01T20:47:14","modified_gmt":"2026-01-01T19:47:14","slug":"un-permis-de-conduire-moins-cher-pour-les-voitures-electriques-la-proposition-de-lufe","status":"publish","type":"post","link":"https:\/\/www.les-energies-renouvelables.eu\/article\/actualites\/environnement\/un-permis-de-conduire-moins-cher-pour-les-voitures-electriques-la-proposition-de-lufe-188\/","title":{"rendered":"Un permis de conduire moins cher pour les voitures \u00e9lectriques ? La proposition de l\u2019UFE"},"content":{"rendered":"\n<p>R\u00e9sum\u00e9 :&nbsp;<\/p>\n\n\n\n<ul class=\"wp-block-list\">\n<li><strong>Formation :<\/strong> Un passage de 20 heures \u00e0 <strong>13 heures de conduite<\/strong> minimum pr\u00e9conis\u00e9 par l&rsquo;UFE.<\/li>\n\n\n\n<li><strong>\u00c9conomie :<\/strong> Une r\u00e9duction de la facture pour les candidats, alors que le <strong>co\u00fbt moyen actuel atteint 1 800 \u20ac<\/strong>.<\/li>\n\n\n\n<li><strong>Modules sp\u00e9cifiques :<\/strong> Apprentissage de la <strong>recharge<\/strong> et de l&rsquo;<strong>\u00e9co-conduite<\/strong>.<\/li>\n\n\n\n<li><strong>Logistique :<\/strong> Proposition de <strong>pr\u00eats \u00e0 taux z\u00e9ro<\/strong> pour l&rsquo;\u00e9quipement des auto-\u00e9coles en v\u00e9hicules \u00e9lectriques.<\/li>\n\n\n\n<li><strong>Controverse :<\/strong> Une redondance point\u00e9e avec le <strong>permis bo\u00eete automatique<\/strong> existant.<\/li>\n<\/ul>\n\n\n\n<p>Dans le cadre de son plan pour l&rsquo;<strong>\u00e9lectrification des usages<\/strong>, l&rsquo;<strong>UFE<\/strong> soumet la cr\u00e9ation d&rsquo;une fili\u00e8re de formation d\u00e9di\u00e9e aux <strong>v\u00e9hicules \u00e9lectriques<\/strong>. Pour l&rsquo;organisation, cette initiative s&rsquo;inscrit dans une volont\u00e9 d&rsquo;acc\u00e9l\u00e9rer la transition vers l\u2019<strong>\u00e9lectromobilit\u00e9<\/strong>. L&rsquo;UFE indique que l&rsquo;objectif est de proposer un acc\u00e8s au permis de conduire plus rapide et plus abordable pour les futurs conducteurs.<\/p>\n\n\n\n<h2 class=\"wp-block-heading\">Un apprentissage sur le mod\u00e8le de la bo\u00eete automatique<\/h2>\n\n\n\n<p>La proposition de l&rsquo;UFE s&rsquo;appuie sur les caract\u00e9ristiques techniques des motorisations \u00e9lectriques. D\u00e9pourvus de <strong>bo\u00eete de vitesses manuelle<\/strong>, ces mod\u00e8les simplifieraient l&rsquo;apprentissage de la conduite.<\/p>\n\n\n\n<p>Actuellement, le permis B classique impose un minimum de <strong>20 heures de formation<\/strong>, tandis que le permis sur bo\u00eete automatique est fix\u00e9 \u00e0 <strong>13 heures<\/strong>. L&rsquo;UFE souhaite transposer ce format de 13 heures \u00e0 la fili\u00e8re \u00e9lectrique. En se focalisant sur la <strong>motorisation \u00e9lectrique<\/strong>, l&rsquo;organisation estime que le temps de formation peut \u00eatre r\u00e9duit sans impacter la s\u00e9curit\u00e9.<\/p>\n\n\n\n<h2 class=\"wp-block-heading\">Implications \u00e9conomiques pour les candidats et les auto-\u00e9coles<\/h2>\n\n\n\n<p>L&rsquo;UFE affirme qu&rsquo;une r\u00e9duction du volume horaire permettrait de faire baisser le prix du permis. Alors que le co\u00fbt moyen d\u00e9passe souvent les <strong>1 800 euros<\/strong> d&rsquo;apr\u00e8s les chiffres des pouvoirs publics, l&rsquo;association avance que cette mesure all\u00e9gerait la facture finale.<\/p>\n\n\n\n<p><strong>B\u00e9n\u00e9dicte Genthon<\/strong>, d\u00e9l\u00e9gu\u00e9e g\u00e9n\u00e9rale de l&rsquo;UFE, a pr\u00e9cis\u00e9 \u00e0 TF1 que cette piste r\u00e9pond au besoin de rendre le permis plus accessible. L&rsquo;organisation soutient \u00e9galement que les v\u00e9hicules \u00e9lectriques g\u00e9n\u00e8rent moins de d\u00e9penses \u00e0 l&rsquo;usage, un avantage \u00e9conomique que les <strong>auto-\u00e9coles<\/strong> pourraient r\u00e9percuter sur leurs tarifs. Pour accompagner ce d\u00e9ploiement, l&rsquo;UFE sugg\u00e8re la mise en place de <strong>pr\u00eats \u00e0 taux z\u00e9ro<\/strong> pour aider les professionnels \u00e0 acqu\u00e9rir des v\u00e9hicules \u00e9lectriques de formation.<\/p>\n\n\n\n<h2 class=\"wp-block-heading\">Contenu de la formation : gestion de l&rsquo;\u00e9nergie et de la recharge<\/h2>\n\n\n\n<p>Le projet de l&rsquo;UFE pr\u00e9voit d&rsquo;int\u00e9grer des modules de formation adapt\u00e9s aux sp\u00e9cificit\u00e9s de l&rsquo;\u00e9lectrique :<\/p>\n\n\n\n<ul class=\"wp-block-list\">\n<li><strong>Gestion de l&rsquo;autonomie<\/strong> en fonction des trajets.<\/li>\n\n\n\n<li>Utilisation des infrastructures de <strong>recharge<\/strong>.<\/li>\n\n\n\n<li>Pratique de l&rsquo;<strong>\u00e9co-conduite<\/strong> et du <strong>freinage r\u00e9g\u00e9n\u00e9ratif<\/strong>.<\/li>\n<\/ul>\n\n\n\n<p>L&rsquo;objectif affich\u00e9 est de transmettre les r\u00e9flexes li\u00e9s \u00e0 l&rsquo;usage de l&rsquo;\u00e9nergie d\u00e9carbon\u00e9e d\u00e8s les premiers kilom\u00e8tres de conduite.<\/p>\n\n\n\n<h2 class=\"wp-block-heading\">Limites et r\u00e9actions du secteur de la formation<\/h2>\n\n\n\n<p>Le projet suscite des critiques au sein des auto-\u00e9coles. <strong>Marie Martinez<\/strong>, vice-pr\u00e9sidente de l&rsquo;organisation syndicale <strong>Unic<\/strong>, a exprim\u00e9 son d\u00e9saccord, rappelant que le <strong>permis bo\u00eete automatique<\/strong> actuel permet d\u00e9j\u00e0 de conduire des v\u00e9hicules \u00e9lectriques ou thermiques sans embrayage. Elle estime que le syst\u00e8me n&rsquo;a pas besoin d&rsquo;\u00eatre simplifi\u00e9 davantage.<\/p>\n\n\n\n<p>Certains professionnels alertent aussi sur le risque de cr\u00e9er une cat\u00e9gorie de conducteurs restreinte, alors que les <strong>v\u00e9hicules thermiques<\/strong> occupent encore une place pr\u00e9pond\u00e9rante dans le parc automobile.<\/p>\n\n\n\n<h2 class=\"wp-block-heading\">Un d\u00e9bat sans calendrier de mise en \u0153uvre<\/h2>\n\n\n\n<p>La proposition de l&rsquo;UFE demeure au stade de la piste de r\u00e9flexion. \u00c0 ce jour, aucun <strong>calendrier<\/strong> n&rsquo;est fix\u00e9 (non pr\u00e9cis\u00e9) et aucun <strong>arbitrage gouvernemental<\/strong> n&rsquo;a \u00e9t\u00e9 rendu. La faisabilit\u00e9 de ce permis d\u00e9di\u00e9 reste conditionn\u00e9e aux d\u00e9cisions futures concernant l&rsquo;\u00e9volution du cadre r\u00e9glementaire de la mobilit\u00e9 en France.<span id=\"docs-internal-guid-14e49a0e-7fff-972c-3713-2926db5c5b9a\" style=\"white-space: normal;\"><\/span><\/p>\n","protected":false},"excerpt":{"rendered":"","protected":false},"author":2,"featured_media":190,"comment_status":"closed","ping_status":"closed","sticky":false,"template":"","format":"standard","meta":{"footnotes":""},"categories":[4],"tags":[],"class_list":["post-188","post","type-post","status-publish","format-standard","has-post-thumbnail","hentry","category-environnement","masonry-post","generate-columns","tablet-grid-50","mobile-grid-100","grid-parent","grid-33"],"yoast_head":"<!-- This site is optimized with the Yoast SEO plugin v26.6 - https:\/\/yoast.com\/wordpress\/plugins\/seo\/ -->\n<title>Un permis de conduire moins cher pour les voitures \u00e9lectriques ? La proposition de l\u2019UFE - ECOinfos<\/title>\n<meta name=\"description\" content=\"L\u2019UFE propose la cr\u00e9ation d&#039;un permis de conduire d\u00e9di\u00e9 aux v\u00e9hicules \u00e9lectriques. Objectifs : formation r\u00e9duite \u00e0 13h et baisse des co\u00fbts. Analyse des enjeux et des r\u00e9actions du secteur.\" \/>\n<meta name=\"robots\" content=\"index, follow, max-snippet:-1, max-image-preview:large, max-video-preview:-1\" \/>\n<link rel=\"canonical\" href=\"https:\/\/www.les-energies-renouvelables.eu\/article\/actualites\/environnement\/un-permis-de-conduire-moins-cher-pour-les-voitures-electriques-la-proposition-de-lufe-188\/\" \/>\n<meta property=\"og:locale\" content=\"fr_FR\" \/>\n<meta property=\"og:type\" content=\"article\" \/>\n<meta property=\"og:title\" content=\"Un permis de conduire moins cher pour les voitures \u00e9lectriques ? La proposition de l\u2019UFE - ECOinfos\" \/>\n<meta property=\"og:description\" content=\"L\u2019UFE propose la cr\u00e9ation d&#039;un permis de conduire d\u00e9di\u00e9 aux v\u00e9hicules \u00e9lectriques. Objectifs : formation r\u00e9duite \u00e0 13h et baisse des co\u00fbts. Analyse des enjeux et des r\u00e9actions du secteur.\" \/>\n<meta property=\"og:url\" content=\"https:\/\/www.les-energies-renouvelables.eu\/article\/actualites\/environnement\/un-permis-de-conduire-moins-cher-pour-les-voitures-electriques-la-proposition-de-lufe-188\/\" \/>\n<meta property=\"og:site_name\" content=\"ECOinfos Energies renouvelables\" \/>\n<meta property=\"article:publisher\" content=\"https:\/\/www.facebook.com\/ecoannuaire.energierenouvelable\/\" \/>\n<meta property=\"article:author\" content=\"https:\/\/www.facebook.com\/tictacf2c\/\" \/>\n<meta property=\"article:published_time\" content=\"2025-12-29T07:00:00+00:00\" \/>\n<meta property=\"article:modified_time\" content=\"2026-01-01T19:47:14+00:00\" \/>\n<meta property=\"og:image\" content=\"https:\/\/www.les-energies-renouvelables.eu\/article\/actualites\/wp-content\/uploads\/2025\/12\/actualites-un-permis-de-conduire-moins-cher-pour-les-voitures-electriques-la-proposition-de-lufe-permis-de-conduire-voiture-electrique.jpg\" \/>\n\t<meta property=\"og:image:width\" content=\"1200\" \/>\n\t<meta property=\"og:image:height\" content=\"675\" \/>\n\t<meta property=\"og:image:type\" content=\"image\/jpeg\" \/>\n<meta name=\"author\" content=\"Alexia JACQUARD\" \/>\n<meta name=\"twitter:card\" content=\"summary_large_image\" \/>\n<meta name=\"twitter:creator\" content=\"@alexiajcrd\" \/>\n<meta name=\"twitter:site\" content=\"@ECOinfosENR\" \/>\n<meta name=\"twitter:label1\" content=\"\u00c9crit par\" \/>\n\t<meta name=\"twitter:data1\" content=\"Alexia JACQUARD\" \/>\n\t<meta name=\"twitter:label2\" content=\"Dur\u00e9e de lecture estim\u00e9e\" \/>\n\t<meta name=\"twitter:data2\" content=\"4 minutes\" \/>\n<script type=\"application\/ld+json\" class=\"yoast-schema-graph\">{\"@context\":\"https:\/\/schema.org\",\"@graph\":[{\"@type\":\"Article\",\"@id\":\"https:\/\/www.les-energies-renouvelables.eu\/article\/actualites\/environnement\/un-permis-de-conduire-moins-cher-pour-les-voitures-electriques-la-proposition-de-lufe-188\/#article\",\"isPartOf\":{\"@id\":\"https:\/\/www.les-energies-renouvelables.eu\/article\/actualites\/environnement\/un-permis-de-conduire-moins-cher-pour-les-voitures-electriques-la-proposition-de-lufe-188\/\"},\"author\":{\"name\":\"Alexia JACQUARD\",\"@id\":\"https:\/\/www.les-energies-renouvelables.eu\/article\/actualites\/#\/schema\/person\/2c7d09eb5ca339c12ca8d86145440169\"},\"headline\":\"Un permis de conduire moins cher pour les voitures \u00e9lectriques ? La proposition de l\u2019UFE\",\"datePublished\":\"2025-12-29T07:00:00+00:00\",\"dateModified\":\"2026-01-01T19:47:14+00:00\",\"mainEntityOfPage\":{\"@id\":\"https:\/\/www.les-energies-renouvelables.eu\/article\/actualites\/environnement\/un-permis-de-conduire-moins-cher-pour-les-voitures-electriques-la-proposition-de-lufe-188\/\"},\"wordCount\":671,\"publisher\":{\"@id\":\"https:\/\/www.les-energies-renouvelables.eu\/article\/actualites\/#organization\"},\"image\":{\"@id\":\"https:\/\/www.les-energies-renouvelables.eu\/article\/actualites\/environnement\/un-permis-de-conduire-moins-cher-pour-les-voitures-electriques-la-proposition-de-lufe-188\/#primaryimage\"},\"thumbnailUrl\":\"https:\/\/www.les-energies-renouvelables.eu\/article\/actualites\/wp-content\/uploads\/2025\/12\/actualites-un-permis-de-conduire-moins-cher-pour-les-voitures-electriques-la-proposition-de-lufe-permis-de-conduire-voiture-electrique.jpg\",\"articleSection\":[\"Environnement\"],\"inLanguage\":\"fr-FR\"},{\"@type\":\"WebPage\",\"@id\":\"https:\/\/www.les-energies-renouvelables.eu\/article\/actualites\/environnement\/un-permis-de-conduire-moins-cher-pour-les-voitures-electriques-la-proposition-de-lufe-188\/\",\"url\":\"https:\/\/www.les-energies-renouvelables.eu\/article\/actualites\/environnement\/un-permis-de-conduire-moins-cher-pour-les-voitures-electriques-la-proposition-de-lufe-188\/\",\"name\":\"Un permis de conduire moins cher pour les voitures \u00e9lectriques ? La proposition de l\u2019UFE - ECOinfos\",\"isPartOf\":{\"@id\":\"https:\/\/www.les-energies-renouvelables.eu\/article\/actualites\/#website\"},\"primaryImageOfPage\":{\"@id\":\"https:\/\/www.les-energies-renouvelables.eu\/article\/actualites\/environnement\/un-permis-de-conduire-moins-cher-pour-les-voitures-electriques-la-proposition-de-lufe-188\/#primaryimage\"},\"image\":{\"@id\":\"https:\/\/www.les-energies-renouvelables.eu\/article\/actualites\/environnement\/un-permis-de-conduire-moins-cher-pour-les-voitures-electriques-la-proposition-de-lufe-188\/#primaryimage\"},\"thumbnailUrl\":\"https:\/\/www.les-energies-renouvelables.eu\/article\/actualites\/wp-content\/uploads\/2025\/12\/actualites-un-permis-de-conduire-moins-cher-pour-les-voitures-electriques-la-proposition-de-lufe-permis-de-conduire-voiture-electrique.jpg\",\"datePublished\":\"2025-12-29T07:00:00+00:00\",\"dateModified\":\"2026-01-01T19:47:14+00:00\",\"description\":\"L\u2019UFE propose la cr\u00e9ation d'un permis de conduire d\u00e9di\u00e9 aux v\u00e9hicules \u00e9lectriques. Objectifs : formation r\u00e9duite \u00e0 13h et baisse des co\u00fbts. Analyse des enjeux et des r\u00e9actions du secteur.\",\"breadcrumb\":{\"@id\":\"https:\/\/www.les-energies-renouvelables.eu\/article\/actualites\/environnement\/un-permis-de-conduire-moins-cher-pour-les-voitures-electriques-la-proposition-de-lufe-188\/#breadcrumb\"},\"inLanguage\":\"fr-FR\",\"potentialAction\":[{\"@type\":\"ReadAction\",\"target\":[\"https:\/\/www.les-energies-renouvelables.eu\/article\/actualites\/environnement\/un-permis-de-conduire-moins-cher-pour-les-voitures-electriques-la-proposition-de-lufe-188\/\"]}]},{\"@type\":\"ImageObject\",\"inLanguage\":\"fr-FR\",\"@id\":\"https:\/\/www.les-energies-renouvelables.eu\/article\/actualites\/environnement\/un-permis-de-conduire-moins-cher-pour-les-voitures-electriques-la-proposition-de-lufe-188\/#primaryimage\",\"url\":\"https:\/\/www.les-energies-renouvelables.eu\/article\/actualites\/wp-content\/uploads\/2025\/12\/actualites-un-permis-de-conduire-moins-cher-pour-les-voitures-electriques-la-proposition-de-lufe-permis-de-conduire-voiture-electrique.jpg\",\"contentUrl\":\"https:\/\/www.les-energies-renouvelables.eu\/article\/actualites\/wp-content\/uploads\/2025\/12\/actualites-un-permis-de-conduire-moins-cher-pour-les-voitures-electriques-la-proposition-de-lufe-permis-de-conduire-voiture-electrique.jpg\",\"width\":1200,\"height\":675,\"caption\":\"Ideogram\"},{\"@type\":\"BreadcrumbList\",\"@id\":\"https:\/\/www.les-energies-renouvelables.eu\/article\/actualites\/environnement\/un-permis-de-conduire-moins-cher-pour-les-voitures-electriques-la-proposition-de-lufe-188\/#breadcrumb\",\"itemListElement\":[{\"@type\":\"ListItem\",\"position\":1,\"name\":\"Accueil\",\"item\":\"https:\/\/www.les-energies-renouvelables.eu\/article\/actualites\/\"},{\"@type\":\"ListItem\",\"position\":2,\"name\":\"Un permis de conduire moins cher pour les voitures \u00e9lectriques ? La proposition de l\u2019UFE\"}]},{\"@type\":\"WebSite\",\"@id\":\"https:\/\/www.les-energies-renouvelables.eu\/article\/actualites\/#website\",\"url\":\"https:\/\/www.les-energies-renouvelables.eu\/article\/actualites\/\",\"name\":\"ECOinfos Energies renouvelables\",\"description\":\"Le d\u00e9cryptage quotidien du secteur des \u00e9nergies renouvelables\",\"publisher\":{\"@id\":\"https:\/\/www.les-energies-renouvelables.eu\/article\/actualites\/#organization\"},\"potentialAction\":[{\"@type\":\"SearchAction\",\"target\":{\"@type\":\"EntryPoint\",\"urlTemplate\":\"https:\/\/www.les-energies-renouvelables.eu\/article\/actualites\/?s={search_term_string}\"},\"query-input\":{\"@type\":\"PropertyValueSpecification\",\"valueRequired\":true,\"valueName\":\"search_term_string\"}}],\"inLanguage\":\"fr-FR\"},{\"@type\":\"Organization\",\"@id\":\"https:\/\/www.les-energies-renouvelables.eu\/article\/actualites\/#organization\",\"name\":\"ECOinfos Energies renouvelables\",\"url\":\"https:\/\/www.les-energies-renouvelables.eu\/article\/actualites\/\",\"logo\":{\"@type\":\"ImageObject\",\"inLanguage\":\"fr-FR\",\"@id\":\"https:\/\/www.les-energies-renouvelables.eu\/article\/actualites\/#\/schema\/logo\/image\/\",\"url\":\"https:\/\/www.les-energies-renouvelables.eu\/article\/actualites\/wp-content\/uploads\/2025\/11\/ecoinfos.eldorado-consulting.com-logo-logo.svg\",\"contentUrl\":\"https:\/\/www.les-energies-renouvelables.eu\/article\/actualites\/wp-content\/uploads\/2025\/11\/ecoinfos.eldorado-consulting.com-logo-logo.svg\",\"caption\":\"ECOinfos Energies renouvelables\"},\"image\":{\"@id\":\"https:\/\/www.les-energies-renouvelables.eu\/article\/actualites\/#\/schema\/logo\/image\/\"},\"sameAs\":[\"https:\/\/www.facebook.com\/ecoannuaire.energierenouvelable\/\",\"https:\/\/x.com\/ECOinfosENR\",\"https:\/\/www.linkedin.com\/company\/ecoinfos-energies-renouvelables\/\",\"https:\/\/www.youtube.com\/@ecoinfosenergies\",\"https:\/\/share.google\/dyKHJPxAV42WhhjbM\"]},{\"@type\":\"Person\",\"@id\":\"https:\/\/www.les-energies-renouvelables.eu\/article\/actualites\/#\/schema\/person\/2c7d09eb5ca339c12ca8d86145440169\",\"name\":\"Alexia JACQUARD\",\"pronouns\":\"elle\/elle\",\"image\":{\"@type\":\"ImageObject\",\"inLanguage\":\"fr-FR\",\"@id\":\"https:\/\/www.les-energies-renouvelables.eu\/article\/actualites\/#\/schema\/person\/image\/\",\"url\":\"https:\/\/www.les-energies-renouvelables.eu\/article\/actualites\/wp-content\/uploads\/2026\/01\/actualites-alexia-jacquard-alexia-jacquard-160x160.jpg\",\"contentUrl\":\"https:\/\/www.les-energies-renouvelables.eu\/article\/actualites\/wp-content\/uploads\/2026\/01\/actualites-alexia-jacquard-alexia-jacquard-160x160.jpg\",\"caption\":\"Alexia JACQUARD\"},\"description\":\"Curieuse de nature et attentif aux enjeux du d\u00e9veloppement durable, Alexia Jacquard suit l'actualit\u00e9 des \u00e9nergies renouvelables pour partager les derni\u00e8res nouveaut\u00e9s du secteur. Elle s'attache \u00e0 retranscrire simplement les informations cl\u00e9s et les initiatives positives qui marquent la transition \u00e9nerg\u00e9tique. Son objectif : proposer des articles d'actualit\u00e9 clairs et accessibles pour tous ceux qui s'int\u00e9ressent \u00e0 l'avenir de notre \u00e9nergie.\",\"sameAs\":[\"https:\/\/alexia-jacquard.fr\",\"https:\/\/www.facebook.com\/tictacf2c\/\",\"https:\/\/www.instagram.com\/alexia_redac\/\",\"https:\/\/www.linkedin.com\/in\/alexia-jacquard-449a4b289\/\",\"https:\/\/fr.pinterest.com\/alexiajacquard\/\",\"https:\/\/x.com\/alexiajcrd\",\"https:\/\/www.youtube.com\/@Thepaindemie\",\"https:\/\/muckrack.com\/alexia-jacquard\"],\"url\":\"https:\/\/www.les-energies-renouvelables.eu\/article\/actualites\/author\/alexia-jacquard\/\"}]}<\/script>\n<!-- \/ Yoast SEO plugin. -->","yoast_head_json":{"title":"Un permis de conduire moins cher pour les voitures \u00e9lectriques ? La proposition de l\u2019UFE - ECOinfos","description":"L\u2019UFE propose la cr\u00e9ation d'un permis de conduire d\u00e9di\u00e9 aux v\u00e9hicules \u00e9lectriques. Objectifs : formation r\u00e9duite \u00e0 13h et baisse des co\u00fbts. Analyse des enjeux et des r\u00e9actions du secteur.","robots":{"index":"index","follow":"follow","max-snippet":"max-snippet:-1","max-image-preview":"max-image-preview:large","max-video-preview":"max-video-preview:-1"},"canonical":"https:\/\/www.les-energies-renouvelables.eu\/article\/actualites\/environnement\/un-permis-de-conduire-moins-cher-pour-les-voitures-electriques-la-proposition-de-lufe-188\/","og_locale":"fr_FR","og_type":"article","og_title":"Un permis de conduire moins cher pour les voitures \u00e9lectriques ? La proposition de l\u2019UFE - ECOinfos","og_description":"L\u2019UFE propose la cr\u00e9ation d'un permis de conduire d\u00e9di\u00e9 aux v\u00e9hicules \u00e9lectriques. Objectifs : formation r\u00e9duite \u00e0 13h et baisse des co\u00fbts. Analyse des enjeux et des r\u00e9actions du secteur.","og_url":"https:\/\/www.les-energies-renouvelables.eu\/article\/actualites\/environnement\/un-permis-de-conduire-moins-cher-pour-les-voitures-electriques-la-proposition-de-lufe-188\/","og_site_name":"ECOinfos Energies renouvelables","article_publisher":"https:\/\/www.facebook.com\/ecoannuaire.energierenouvelable\/","article_author":"https:\/\/www.facebook.com\/tictacf2c\/","article_published_time":"2025-12-29T07:00:00+00:00","article_modified_time":"2026-01-01T19:47:14+00:00","og_image":[{"width":1200,"height":675,"url":"https:\/\/www.les-energies-renouvelables.eu\/article\/actualites\/wp-content\/uploads\/2025\/12\/actualites-un-permis-de-conduire-moins-cher-pour-les-voitures-electriques-la-proposition-de-lufe-permis-de-conduire-voiture-electrique.jpg","type":"image\/jpeg"}],"author":"Alexia JACQUARD","twitter_card":"summary_large_image","twitter_creator":"@alexiajcrd","twitter_site":"@ECOinfosENR","twitter_misc":{"\u00c9crit par":"Alexia JACQUARD","Dur\u00e9e de lecture estim\u00e9e":"4 minutes"},"schema":{"@context":"https:\/\/schema.org","@graph":[{"@type":"Article","@id":"https:\/\/www.les-energies-renouvelables.eu\/article\/actualites\/environnement\/un-permis-de-conduire-moins-cher-pour-les-voitures-electriques-la-proposition-de-lufe-188\/#article","isPartOf":{"@id":"https:\/\/www.les-energies-renouvelables.eu\/article\/actualites\/environnement\/un-permis-de-conduire-moins-cher-pour-les-voitures-electriques-la-proposition-de-lufe-188\/"},"author":{"name":"Alexia JACQUARD","@id":"https:\/\/www.les-energies-renouvelables.eu\/article\/actualites\/#\/schema\/person\/2c7d09eb5ca339c12ca8d86145440169"},"headline":"Un permis de conduire moins cher pour les voitures \u00e9lectriques ? La proposition de l\u2019UFE","datePublished":"2025-12-29T07:00:00+00:00","dateModified":"2026-01-01T19:47:14+00:00","mainEntityOfPage":{"@id":"https:\/\/www.les-energies-renouvelables.eu\/article\/actualites\/environnement\/un-permis-de-conduire-moins-cher-pour-les-voitures-electriques-la-proposition-de-lufe-188\/"},"wordCount":671,"publisher":{"@id":"https:\/\/www.les-energies-renouvelables.eu\/article\/actualites\/#organization"},"image":{"@id":"https:\/\/www.les-energies-renouvelables.eu\/article\/actualites\/environnement\/un-permis-de-conduire-moins-cher-pour-les-voitures-electriques-la-proposition-de-lufe-188\/#primaryimage"},"thumbnailUrl":"https:\/\/www.les-energies-renouvelables.eu\/article\/actualites\/wp-content\/uploads\/2025\/12\/actualites-un-permis-de-conduire-moins-cher-pour-les-voitures-electriques-la-proposition-de-lufe-permis-de-conduire-voiture-electrique.jpg","articleSection":["Environnement"],"inLanguage":"fr-FR"},{"@type":"WebPage","@id":"https:\/\/www.les-energies-renouvelables.eu\/article\/actualites\/environnement\/un-permis-de-conduire-moins-cher-pour-les-voitures-electriques-la-proposition-de-lufe-188\/","url":"https:\/\/www.les-energies-renouvelables.eu\/article\/actualites\/environnement\/un-permis-de-conduire-moins-cher-pour-les-voitures-electriques-la-proposition-de-lufe-188\/","name":"Un permis de conduire moins cher pour les voitures \u00e9lectriques ? La proposition de l\u2019UFE - ECOinfos","isPartOf":{"@id":"https:\/\/www.les-energies-renouvelables.eu\/article\/actualites\/#website"},"primaryImageOfPage":{"@id":"https:\/\/www.les-energies-renouvelables.eu\/article\/actualites\/environnement\/un-permis-de-conduire-moins-cher-pour-les-voitures-electriques-la-proposition-de-lufe-188\/#primaryimage"},"image":{"@id":"https:\/\/www.les-energies-renouvelables.eu\/article\/actualites\/environnement\/un-permis-de-conduire-moins-cher-pour-les-voitures-electriques-la-proposition-de-lufe-188\/#primaryimage"},"thumbnailUrl":"https:\/\/www.les-energies-renouvelables.eu\/article\/actualites\/wp-content\/uploads\/2025\/12\/actualites-un-permis-de-conduire-moins-cher-pour-les-voitures-electriques-la-proposition-de-lufe-permis-de-conduire-voiture-electrique.jpg","datePublished":"2025-12-29T07:00:00+00:00","dateModified":"2026-01-01T19:47:14+00:00","description":"L\u2019UFE propose la cr\u00e9ation d'un permis de conduire d\u00e9di\u00e9 aux v\u00e9hicules \u00e9lectriques. Objectifs : formation r\u00e9duite \u00e0 13h et baisse des co\u00fbts. Analyse des enjeux et des r\u00e9actions du secteur.","breadcrumb":{"@id":"https:\/\/www.les-energies-renouvelables.eu\/article\/actualites\/environnement\/un-permis-de-conduire-moins-cher-pour-les-voitures-electriques-la-proposition-de-lufe-188\/#breadcrumb"},"inLanguage":"fr-FR","potentialAction":[{"@type":"ReadAction","target":["https:\/\/www.les-energies-renouvelables.eu\/article\/actualites\/environnement\/un-permis-de-conduire-moins-cher-pour-les-voitures-electriques-la-proposition-de-lufe-188\/"]}]},{"@type":"ImageObject","inLanguage":"fr-FR","@id":"https:\/\/www.les-energies-renouvelables.eu\/article\/actualites\/environnement\/un-permis-de-conduire-moins-cher-pour-les-voitures-electriques-la-proposition-de-lufe-188\/#primaryimage","url":"https:\/\/www.les-energies-renouvelables.eu\/article\/actualites\/wp-content\/uploads\/2025\/12\/actualites-un-permis-de-conduire-moins-cher-pour-les-voitures-electriques-la-proposition-de-lufe-permis-de-conduire-voiture-electrique.jpg","contentUrl":"https:\/\/www.les-energies-renouvelables.eu\/article\/actualites\/wp-content\/uploads\/2025\/12\/actualites-un-permis-de-conduire-moins-cher-pour-les-voitures-electriques-la-proposition-de-lufe-permis-de-conduire-voiture-electrique.jpg","width":1200,"height":675,"caption":"Ideogram"},{"@type":"BreadcrumbList","@id":"https:\/\/www.les-energies-renouvelables.eu\/article\/actualites\/environnement\/un-permis-de-conduire-moins-cher-pour-les-voitures-electriques-la-proposition-de-lufe-188\/#breadcrumb","itemListElement":[{"@type":"ListItem","position":1,"name":"Accueil","item":"https:\/\/www.les-energies-renouvelables.eu\/article\/actualites\/"},{"@type":"ListItem","position":2,"name":"Un permis de conduire moins cher pour les voitures \u00e9lectriques ? La proposition de l\u2019UFE"}]},{"@type":"WebSite","@id":"https:\/\/www.les-energies-renouvelables.eu\/article\/actualites\/#website","url":"https:\/\/www.les-energies-renouvelables.eu\/article\/actualites\/","name":"ECOinfos Energies renouvelables","description":"Le d\u00e9cryptage quotidien du secteur des \u00e9nergies renouvelables","publisher":{"@id":"https:\/\/www.les-energies-renouvelables.eu\/article\/actualites\/#organization"},"potentialAction":[{"@type":"SearchAction","target":{"@type":"EntryPoint","urlTemplate":"https:\/\/www.les-energies-renouvelables.eu\/article\/actualites\/?s={search_term_string}"},"query-input":{"@type":"PropertyValueSpecification","valueRequired":true,"valueName":"search_term_string"}}],"inLanguage":"fr-FR"},{"@type":"Organization","@id":"https:\/\/www.les-energies-renouvelables.eu\/article\/actualites\/#organization","name":"ECOinfos Energies renouvelables","url":"https:\/\/www.les-energies-renouvelables.eu\/article\/actualites\/","logo":{"@type":"ImageObject","inLanguage":"fr-FR","@id":"https:\/\/www.les-energies-renouvelables.eu\/article\/actualites\/#\/schema\/logo\/image\/","url":"https:\/\/www.les-energies-renouvelables.eu\/article\/actualites\/wp-content\/uploads\/2025\/11\/ecoinfos.eldorado-consulting.com-logo-logo.svg","contentUrl":"https:\/\/www.les-energies-renouvelables.eu\/article\/actualites\/wp-content\/uploads\/2025\/11\/ecoinfos.eldorado-consulting.com-logo-logo.svg","caption":"ECOinfos Energies renouvelables"},"image":{"@id":"https:\/\/www.les-energies-renouvelables.eu\/article\/actualites\/#\/schema\/logo\/image\/"},"sameAs":["https:\/\/www.facebook.com\/ecoannuaire.energierenouvelable\/","https:\/\/x.com\/ECOinfosENR","https:\/\/www.linkedin.com\/company\/ecoinfos-energies-renouvelables\/","https:\/\/www.youtube.com\/@ecoinfosenergies","https:\/\/share.google\/dyKHJPxAV42WhhjbM"]},{"@type":"Person","@id":"https:\/\/www.les-energies-renouvelables.eu\/article\/actualites\/#\/schema\/person\/2c7d09eb5ca339c12ca8d86145440169","name":"Alexia JACQUARD","pronouns":"elle\/elle","image":{"@type":"ImageObject","inLanguage":"fr-FR","@id":"https:\/\/www.les-energies-renouvelables.eu\/article\/actualites\/#\/schema\/person\/image\/","url":"https:\/\/www.les-energies-renouvelables.eu\/article\/actualites\/wp-content\/uploads\/2026\/01\/actualites-alexia-jacquard-alexia-jacquard-160x160.jpg","contentUrl":"https:\/\/www.les-energies-renouvelables.eu\/article\/actualites\/wp-content\/uploads\/2026\/01\/actualites-alexia-jacquard-alexia-jacquard-160x160.jpg","caption":"Alexia JACQUARD"},"description":"Curieuse de nature et attentif aux enjeux du d\u00e9veloppement durable, Alexia Jacquard suit l'actualit\u00e9 des \u00e9nergies renouvelables pour partager les derni\u00e8res nouveaut\u00e9s du secteur. Elle s'attache \u00e0 retranscrire simplement les informations cl\u00e9s et les initiatives positives qui marquent la transition \u00e9nerg\u00e9tique. Son objectif : proposer des articles d'actualit\u00e9 clairs et accessibles pour tous ceux qui s'int\u00e9ressent \u00e0 l'avenir de notre \u00e9nergie.","sameAs":["https:\/\/alexia-jacquard.fr","https:\/\/www.facebook.com\/tictacf2c\/","https:\/\/www.instagram.com\/alexia_redac\/","https:\/\/www.linkedin.com\/in\/alexia-jacquard-449a4b289\/","https:\/\/fr.pinterest.com\/alexiajacquard\/","https:\/\/x.com\/alexiajcrd","https:\/\/www.youtube.com\/@Thepaindemie","https:\/\/muckrack.com\/alexia-jacquard"],"url":"https:\/\/www.les-energies-renouvelables.eu\/article\/actualites\/author\/alexia-jacquard\/"}]}},"_links":{"self":[{"href":"https:\/\/www.les-energies-renouvelables.eu\/article\/actualites\/wp-json\/wp\/v2\/posts\/188","targetHints":{"allow":["GET"]}}],"collection":[{"href":"https:\/\/www.les-energies-renouvelables.eu\/article\/actualites\/wp-json\/wp\/v2\/posts"}],"about":[{"href":"https:\/\/www.les-energies-renouvelables.eu\/article\/actualites\/wp-json\/wp\/v2\/types\/post"}],"author":[{"embeddable":true,"href":"https:\/\/www.les-energies-renouvelables.eu\/article\/actualites\/wp-json\/wp\/v2\/users\/2"}],"replies":[{"embeddable":true,"href":"https:\/\/www.les-energies-renouvelables.eu\/article\/actualites\/wp-json\/wp\/v2\/comments?post=188"}],"version-history":[{"count":3,"href":"https:\/\/www.les-energies-renouvelables.eu\/article\/actualites\/wp-json\/wp\/v2\/posts\/188\/revisions"}],"predecessor-version":[{"id":199,"href":"https:\/\/www.les-energies-renouvelables.eu\/article\/actualites\/wp-json\/wp\/v2\/posts\/188\/revisions\/199"}],"wp:featuredmedia":[{"embeddable":true,"href":"https:\/\/www.les-energies-renouvelables.eu\/article\/actualites\/wp-json\/wp\/v2\/media\/190"}],"wp:attachment":[{"href":"https:\/\/www.les-energies-renouvelables.eu\/article\/actualites\/wp-json\/wp\/v2\/media?parent=188"}],"wp:term":[{"taxonomy":"category","embeddable":true,"href":"https:\/\/www.les-energies-renouvelables.eu\/article\/actualites\/wp-json\/wp\/v2\/categories?post=188"},{"taxonomy":"post_tag","embeddable":true,"href":"https:\/\/www.les-energies-renouvelables.eu\/article\/actualites\/wp-json\/wp\/v2\/tags?post=188"}],"curies":[{"name":"wp","href":"https:\/\/api.w.org\/{rel}","templated":true}]}}