{"id":1859,"date":"2026-09-04T13:28:04","date_gmt":"2026-09-04T11:28:04","guid":{"rendered":"https:\/\/www.les-energies-renouvelables.eu\/article\/actualites\/?p=1859"},"modified":"2026-09-02T12:49:27","modified_gmt":"2026-09-02T10:49:27","slug":"renovation-globale-garder-le-gaz-peut-vous-faire-perdre-aide-maprimerenov","status":"publish","type":"post","link":"https:\/\/www.les-energies-renouvelables.eu\/article\/actualites\/energies\/renovation-globale-garder-le-gaz-peut-vous-faire-perdre-aide-maprimerenov-1859\/","title":{"rendered":"R\u00e9novation globale : garder le gaz peut vous faire perdre jusqu&rsquo;\u00e0 32 000 \u20ac d&rsquo;aide MaPrimeR\u00e9nov&rsquo;"},"content":{"rendered":"\n<p class=\"wp-block-paragraph\">Si vous pr\u00e9parez une r\u00e9novation d&rsquo;ampleur et que votre devis pr\u00e9voit de conserver une chaudi\u00e8re \u00e0 gaz, m\u00eame performante, <strong>votre dossier MaPrimeR\u00e9nov&rsquo; peut d\u00e9sormais \u00eatre int\u00e9gralement refus\u00e9<\/strong>. Depuis le 1er septembre 2026, ce crit\u00e8re s&rsquo;ajoute aux conditions d\u00e9j\u00e0 strictes du parcours accompagn\u00e9, et il concerne aussi bien les propri\u00e9taires occupants que les bailleurs qui envisagent des travaux dans une maison individuelle.<\/p>\n\n\n\n<p class=\"wp-block-paragraph\">Cette \u00e9volution s&rsquo;inscrit dans le <strong>plan d&rsquo;\u00e9lectrification<\/strong> port\u00e9 par le gouvernement, qui vise \u00e0 ne plus financer des r\u00e9novations prolongeant la d\u00e9pendance des m\u00e9nages aux \u00e9nergies fossiles. Pour un foyer qui pr\u00e9voyait de garder une chaudi\u00e8re gaz encore fonctionnelle en compl\u00e9ment de travaux d&rsquo;isolation, la cons\u00e9quence est directe : <strong>l&rsquo;aide dispara\u00eet pour l&rsquo;ensemble du projet<\/strong>, pas seulement pour le poste chauffage.<\/p>\n\n\n\n<h2 class=\"wp-block-heading\">Ce qui change concr\u00e8tement depuis le 1er septembre 2026<\/h2>\n\n\n\n<p class=\"wp-block-paragraph\">Deux textes publi\u00e9s au Journal officiel le 25 ao\u00fbt 2026, un d\u00e9cret et deux arr\u00eat\u00e9s modifiant la r\u00e9glementation de la prime de transition \u00e9nerg\u00e9tique, red\u00e9finissent les travaux \u00e9ligibles \u00e0 MaPrimeR\u00e9nov&rsquo;. Deux parcours sont concern\u00e9s.<\/p>\n\n\n\n<p class=\"wp-block-paragraph\">Pour le <strong>parcours accompagn\u00e9<\/strong> (r\u00e9novation d&rsquo;ampleur), la r\u00e8gle est nette : <strong>l&rsquo;aide ne peut plus \u00eatre attribu\u00e9e si un chauffage au gaz est conserv\u00e9 apr\u00e8s les travaux<\/strong>, dans les maisons individuelles. Les pompes \u00e0 chaleur hybrides comportant un appoint gaz ou fioul sont \u00e9galement exclues du financement. Concr\u00e8tement, un projet de r\u00e9novation globale qui inclurait de l&rsquo;isolation, une ventilation double flux et le maintien d&rsquo;une chaudi\u00e8re \u00e0 gaz existante ne peut plus pr\u00e9tendre \u00e0 MaPrimeR\u00e9nov&rsquo;, m\u00eame si les autres postes de travaux respectent les crit\u00e8res techniques.<\/p>\n\n\n\n<p class=\"wp-block-paragraph\">Pour le <strong>parcours par geste<\/strong>, plusieurs \u00e9quipements sortent \u00e9galement du dispositif \u00e0 partir du 1er septembre 2026 :<\/p>\n\n\n\n<ul class=\"wp-block-list\">\n<li>les \u00e9quipements de chauffage ou d&rsquo;eau chaude sanitaire ind\u00e9pendants au bois ou \u00e0 d&rsquo;autres biomasses<\/li>\n\n\n\n<li>les pompes \u00e0 chaleur d\u00e9di\u00e9es uniquement \u00e0 la production d&rsquo;eau chaude sanitaire<\/li>\n\n\n\n<li>les syst\u00e8mes de ventilation<\/li>\n\n\n\n<li>les \u00e9quipements de chauffage pris isol\u00e9ment<\/li>\n\n\n\n<li>les \u00e9quipements d&rsquo;eau chaude sanitaire ou de chauffage au solaire thermique ou \u00e0 capteurs hybrides, sauf en Outre-mer pour l&rsquo;eau chaude sanitaire<\/li>\n\n\n\n<li>l&rsquo;isolation thermique des rampants de toiture, des plafonds de combles et des toitures terrasses<\/li>\n<\/ul>\n\n\n\n<p class=\"wp-block-paragraph\">Ces travaux d&rsquo;isolation de toiture restent finan\u00e7ables, mais uniquement dans le cadre d&rsquo;une r\u00e9novation d&rsquo;ampleur compl\u00e8te, plus exigeante en d\u00e9marches qu&rsquo;un geste isol\u00e9.<\/p>\n\n\n\n<h2 class=\"wp-block-heading\">Ce que \u00e7a change pour votre facture : une simulation chiffr\u00e9e<\/h2>\n\n\n\n<p class=\"wp-block-paragraph\">Prenons un cas type : un m\u00e9nage aux revenus tr\u00e8s modestes (profil MaPrimeR\u00e9nov&rsquo; Bleu) engage une r\u00e9novation d&rsquo;ampleur permettant un gain de trois classes DPE, avec un plafond de d\u00e9penses \u00e9ligibles de 40 000 \u20ac HT et un taux d&rsquo;aide de 80 %. Le montant th\u00e9orique de l&rsquo;aide atteint alors <strong>jusqu&rsquo;\u00e0 32 000 \u20ac<\/strong>.<\/p>\n\n\n\n<p class=\"wp-block-paragraph\">Si ce m\u00eame m\u00e9nage conserve sa chaudi\u00e8re \u00e0 gaz dans le projet, par exemple pour limiter le budget travaux, <strong>il ne per\u00e7oit plus aucune part de ces 32 000 \u20ac<\/strong>, puisque le dossier entier devient in\u00e9ligible depuis le 1er septembre 2026. Pour rester dans les clous, il doit basculer vers un chauffage compatible, le plus souvent une pompe \u00e0 chaleur air-eau ou g\u00e9othermique, dont l&rsquo;installation co\u00fbte en moyenne entre 8 000 et 16 000 \u20ac selon le type d&rsquo;\u00e9quipement et la taille du logement. Ce surco\u00fbt reste, dans la grande majorit\u00e9 des cas, largement inf\u00e9rieur au montant de l&rsquo;aide perdue en cas de maintien du gaz, ce qui rend le remplacement du chauffage rentable d\u00e8s la premi\u00e8re ann\u00e9e de financement du projet.<\/p>\n\n\n\n<p class=\"wp-block-paragraph\"><strong>Il s&rsquo;agit ici d&rsquo;une estimation ECOinfos construite \u00e0 partir des bar\u00e8mes officiels et des fourchettes de prix observ\u00e9es sur le march\u00e9<\/strong>, \u00e0 affiner selon votre logement, votre devis et votre profil de revenus exact.<\/p>\n\n\n\n<h2 class=\"wp-block-heading\">R\u00e9novation globale, r\u00e9novation d&rsquo;ampleur : les co\u00fbts qui restent d&rsquo;actualit\u00e9<\/h2>\n\n\n\n<p class=\"wp-block-paragraph\">En dehors du changement sur le gaz, les fourchettes de co\u00fbts d&rsquo;une r\u00e9novation globale restent globalement stables. Pour une maison de 100 m\u00b2, les principaux postes de travaux se situent dans ces ordres de grandeur.<\/p>\n\n\n\n<figure class=\"wp-block-table\"><table class=\"has-fixed-layout\"><thead><tr><th>Type de travaux<\/th><th>Co\u00fbt moyen<\/th><th>Exemple pour 100 m\u00b2<\/th><\/tr><\/thead><tbody><tr><td>Isolation des murs par l&rsquo;ext\u00e9rieur<\/td><td>80 \u00e0 120 \u20ac\/m\u00b2<\/td><td>8 000 \u00e0 12 000 \u20ac<\/td><\/tr><tr><td>Isolation des combles<\/td><td>20 \u00e0 50 \u20ac\/m\u00b2<\/td><td>2 000 \u00e0 5 000 \u20ac<\/td><\/tr><tr><td>Remplacement des fen\u00eatres (10 unit\u00e9s)<\/td><td>300 \u00e0 600 \u20ac\/fen\u00eatre<\/td><td>3 000 \u00e0 6 000 \u20ac<\/td><\/tr><tr><td>Pompe \u00e0 chaleur<\/td><td>\/<\/td><td>8 000 \u00e0 16 000 \u20ac<\/td><\/tr><tr><td>Ventilation double flux<\/td><td>\/<\/td><td>4 000 \u00e0 8 000 \u20ac<\/td><\/tr><\/tbody><\/table><\/figure>\n\n\n\n<p class=\"wp-block-paragraph\">Pour une r\u00e9novation globale compl\u00e8te, <strong>le budget total se situe g\u00e9n\u00e9ralement entre 30 000 et 70 000 \u20ac<\/strong> pour une maison de 100 m\u00b2, et peut d\u00e9passer 100 000 \u20ac pour les projets les plus ambitieux incluant des \u00e9quipements de production d&rsquo;\u00e9nergie renouvelable.<\/p>\n\n\n\n<h2 class=\"wp-block-heading\">Les aides qui restent mobilisables malgr\u00e9 le durcissement<\/h2>\n\n\n\n<p class=\"wp-block-paragraph\">MaPrimeR\u00e9nov&rsquo; r\u00e9novation d&rsquo;ampleur continue de financer un projet conforme, avec des plafonds de d\u00e9penses \u00e9ligibles de <strong>30 000 \u20ac HT<\/strong> pour un gain de deux classes DPE et <strong>40 000 \u20ac HT<\/strong> pour un gain de trois classes ou plus. Le taux d&rsquo;aide appliqu\u00e9 \u00e0 ce plafond d\u00e9pend du profil de revenus du foyer, avec des taux allant jusqu&rsquo;\u00e0 80 % pour les m\u00e9nages tr\u00e8s modestes et se r\u00e9duisant progressivement pour les m\u00e9nages aux revenus plus \u00e9lev\u00e9s.<\/p>\n\n\n\n<p class=\"wp-block-paragraph\">L&rsquo;<strong>\u00e9co-pr\u00eat \u00e0 taux z\u00e9ro<\/strong> reste cumulable avec MaPrimeR\u00e9nov&rsquo; pour financer le reste \u00e0 charge, dans la limite de 50 000 \u20ac et sur une dur\u00e9e pouvant aller jusqu&rsquo;\u00e0 20 ans, sans condition de ressources. Il s&rsquo;adresse aux logements utilis\u00e9s en r\u00e9sidence principale et construits depuis plus de deux ans.<\/p>\n\n\n\n<p class=\"wp-block-paragraph\">Les <strong>certificats d&rsquo;\u00e9conomies d&rsquo;\u00e9nergie (CEE)<\/strong> restent \u00e9galement mobilisables sur les projets par geste, mais ne se cumulent pas avec MaPrimeR\u00e9nov&rsquo; dans le cadre sp\u00e9cifique de la r\u00e9novation d&rsquo;ampleur.<\/p>\n\n\n\n<h2 class=\"wp-block-heading\">Comment s\u00e9curiser votre dossier avant de signer un devis<\/h2>\n\n\n\n<p class=\"wp-block-paragraph\">Avant tout engagement, quatre points m\u00e9ritent d&rsquo;\u00eatre v\u00e9rifi\u00e9s avec votre artisan ou votre bureau d&rsquo;\u00e9tudes : le classement DPE actuel du logement, le gain de classes vis\u00e9 par le projet, la compatibilit\u00e9 de chaque \u00e9quipement avec les nouvelles r\u00e8gles, et le recours obligatoire \u00e0 un Mon Accompagnateur R\u00e9nov&rsquo; pour toute demande de r\u00e9novation d&rsquo;ampleur.<\/p>\n\n\n\n<p class=\"wp-block-paragraph\">Si vous pr\u00e9f\u00e9rez d\u00e9l\u00e9guer les d\u00e9marches administratives et la constitution du dossier MaPrimeR\u00e9nov&rsquo; et CEE, un <a href=\"https:\/\/j-ecorenove.credit-agricole.fr\/presentation-hellowatt\">accompagnement r\u00e9novation \u00e9nerg\u00e9tique<\/a> existe pour centraliser la visite technique, le devis et le suivi de chantier avec des professionnels certifi\u00e9s RGE, les aides \u00e9tant alors directement d\u00e9duites du montant final \u00e0 payer.<\/p>\n\n\n\n<h2 class=\"wp-block-heading\">Avant et apr\u00e8s le 1er septembre 2026 : ce qui a bascul\u00e9<\/h2>\n\n\n\n<figure class=\"wp-block-table\"><table class=\"has-fixed-layout\"><thead><tr><th>Situation<\/th><th>Avant le 1er septembre 2026<\/th><th>Depuis le 1er septembre 2026<\/th><\/tr><\/thead><tbody><tr><td>Chaudi\u00e8re gaz conserv\u00e9e en r\u00e9novation d&rsquo;ampleur<\/td><td>Aide accord\u00e9e si les autres crit\u00e8res \u00e9taient respect\u00e9s<\/td><td>Dossier refus\u00e9 pour l&rsquo;ensemble du projet<\/td><\/tr><tr><td>Pompe \u00e0 chaleur hybride gaz ou fioul<\/td><td>\u00c9ligible au financement<\/td><td>Exclue du financement<\/td><\/tr><tr><td>Isolation des rampants de toiture et combles<\/td><td>\u00c9ligible en parcours par geste<\/td><td>Exclue du parcours par geste, reste possible en r\u00e9novation d&rsquo;ampleur<\/td><\/tr><tr><td>Chauffage bois ou biomasse ind\u00e9pendant, ventilation, \u00e9quipement de chauffage isol\u00e9<\/td><td>\u00c9ligibles en parcours par geste<\/td><td>Exclus du parcours par geste<\/td><\/tr><\/tbody><\/table><\/figure>\n\n\n\n<p class=\"wp-block-paragraph\"><\/p>\n","protected":false},"excerpt":{"rendered":"","protected":false},"author":3,"featured_media":1872,"comment_status":"open","ping_status":"open","sticky":false,"template":"","format":"standard","meta":{"_acf_changed":false,"footnotes":""},"categories":[1],"tags":[106],"class_list":["post-1859","post","type-post","status-publish","format-standard","has-post-thumbnail","hentry","category-energies","tag-renovation-energetique","masonry-post","generate-columns","tablet-grid-50","mobile-grid-100","grid-parent","grid-33"],"acf":{"social-publish":false,"just-linkedin":false,"just-facebook":false},"yoast_head":"<!-- This site is optimized with the Yoast SEO plugin v28.4 - https:\/\/yoast.com\/product\/yoast-seo-wordpress\/ -->\n<title>MaPrimeR\u00e9nov&#039; : le gaz exclu, ce qui change en 2026 - ECOinfos<\/title>\n<meta name=\"description\" content=\"Depuis le 1er septembre 2026, la r\u00e9novation d&#039;ampleur MaPrimeR\u00e9nov&#039; exclut le gaz. Co\u00fbts, aides et alternatives pour votre projet.\" \/>\n<meta name=\"robots\" content=\"index, follow, max-snippet:-1, max-image-preview:large, max-video-preview:-1\" \/>\n<link rel=\"canonical\" href=\"https:\/\/www.les-energies-renouvelables.eu\/article\/actualites\/energies\/renovation-globale-garder-le-gaz-peut-vous-faire-perdre-aide-maprimerenov-1859\/\" \/>\n<meta property=\"og:locale\" content=\"fr_FR\" \/>\n<meta property=\"og:type\" content=\"article\" \/>\n<meta property=\"og:title\" content=\"MaPrimeR\u00e9nov&#039; : le gaz exclu, ce qui change en 2026 - ECOinfos\" \/>\n<meta property=\"og:description\" content=\"Depuis le 1er septembre 2026, la r\u00e9novation d&#039;ampleur MaPrimeR\u00e9nov&#039; exclut le gaz. Co\u00fbts, aides et alternatives pour votre projet.\" \/>\n<meta property=\"og:url\" content=\"https:\/\/www.les-energies-renouvelables.eu\/article\/actualites\/energies\/renovation-globale-garder-le-gaz-peut-vous-faire-perdre-aide-maprimerenov-1859\/\" \/>\n<meta property=\"og:site_name\" content=\"ECOinfos Energies renouvelables\" \/>\n<meta property=\"article:publisher\" content=\"https:\/\/www.facebook.com\/ecoannuaire.energierenouvelable\/\" \/>\n<meta property=\"article:published_time\" content=\"2026-09-04T11:28:04+00:00\" \/>\n<meta property=\"og:image\" content=\"https:\/\/www.les-energies-renouvelables.eu\/article\/actualites\/wp-content\/uploads\/2026\/09\/actualites-renovation-globale-garder-le-gaz-peut-vous-faire-perdre-jusqua-32-000-e-daide-maprimerenov-maprimerenov-logo-scaled.webp\" \/>\n\t<meta property=\"og:image:width\" content=\"1200\" \/>\n\t<meta property=\"og:image:height\" content=\"675\" \/>\n\t<meta property=\"og:image:type\" content=\"image\/webp\" \/>\n<meta name=\"author\" content=\"Mathis Castelnau\" \/>\n<meta name=\"twitter:card\" content=\"summary_large_image\" \/>\n<meta name=\"twitter:creator\" content=\"@ECOinfosENR\" \/>\n<meta name=\"twitter:site\" content=\"@ECOinfosENR\" \/>\n<meta name=\"twitter:label1\" content=\"\u00c9crit par\" \/>\n\t<meta name=\"twitter:data1\" content=\"Mathis Castelnau\" \/>\n\t<meta name=\"twitter:label2\" content=\"Dur\u00e9e de lecture estim\u00e9e\" \/>\n\t<meta name=\"twitter:data2\" content=\"6 minutes\" \/>\n<script type=\"application\/ld+json\" class=\"yoast-schema-graph\">{\"@context\":\"https:\\\/\\\/schema.org\",\"@graph\":[{\"@type\":\"NewsArticle\",\"@id\":\"https:\\\/\\\/www.les-energies-renouvelables.eu\\\/article\\\/actualites\\\/energies\\\/renovation-globale-garder-le-gaz-peut-vous-faire-perdre-aide-maprimerenov-1859\\\/#article\",\"isPartOf\":{\"@id\":\"https:\\\/\\\/www.les-energies-renouvelables.eu\\\/article\\\/actualites\\\/energies\\\/renovation-globale-garder-le-gaz-peut-vous-faire-perdre-aide-maprimerenov-1859\\\/\"},\"author\":{\"name\":\"Mathis Castelnau\",\"@id\":\"https:\\\/\\\/www.les-energies-renouvelables.eu\\\/article\\\/actualites\\\/#\\\/schema\\\/person\\\/d0855c0c2d94ad36795f37b9a33c9f93\"},\"headline\":\"R\u00e9novation globale : garder le gaz peut vous faire perdre jusqu&rsquo;\u00e0 32 000 \u20ac d&rsquo;aide MaPrimeR\u00e9nov&rsquo;\",\"datePublished\":\"2026-09-04T11:28:04+00:00\",\"mainEntityOfPage\":{\"@id\":\"https:\\\/\\\/www.les-energies-renouvelables.eu\\\/article\\\/actualites\\\/energies\\\/renovation-globale-garder-le-gaz-peut-vous-faire-perdre-aide-maprimerenov-1859\\\/\"},\"wordCount\":1189,\"commentCount\":0,\"publisher\":{\"@id\":\"https:\\\/\\\/www.les-energies-renouvelables.eu\\\/article\\\/actualites\\\/#organization\"},\"image\":{\"@id\":\"https:\\\/\\\/www.les-energies-renouvelables.eu\\\/article\\\/actualites\\\/energies\\\/renovation-globale-garder-le-gaz-peut-vous-faire-perdre-aide-maprimerenov-1859\\\/#primaryimage\"},\"thumbnailUrl\":\"https:\\\/\\\/www.les-energies-renouvelables.eu\\\/article\\\/actualites\\\/wp-content\\\/uploads\\\/2026\\\/09\\\/actualites-renovation-globale-garder-le-gaz-peut-vous-faire-perdre-jusqua-32-000-e-daide-maprimerenov-maprimerenov-logo-scaled.webp\",\"keywords\":[\"R\u00e9novation \u00e9nerg\u00e9tique\"],\"articleSection\":[\"\u00c9nergies\"],\"inLanguage\":\"fr-FR\",\"potentialAction\":[{\"@type\":\"CommentAction\",\"name\":\"Comment\",\"target\":[\"https:\\\/\\\/www.les-energies-renouvelables.eu\\\/article\\\/actualites\\\/energies\\\/renovation-globale-garder-le-gaz-peut-vous-faire-perdre-aide-maprimerenov-1859\\\/#respond\"]}]},{\"@type\":\"WebPage\",\"@id\":\"https:\\\/\\\/www.les-energies-renouvelables.eu\\\/article\\\/actualites\\\/energies\\\/renovation-globale-garder-le-gaz-peut-vous-faire-perdre-aide-maprimerenov-1859\\\/\",\"url\":\"https:\\\/\\\/www.les-energies-renouvelables.eu\\\/article\\\/actualites\\\/energies\\\/renovation-globale-garder-le-gaz-peut-vous-faire-perdre-aide-maprimerenov-1859\\\/\",\"name\":\"MaPrimeR\u00e9nov' : le gaz exclu, ce qui change en 2026 - ECOinfos\",\"isPartOf\":{\"@id\":\"https:\\\/\\\/www.les-energies-renouvelables.eu\\\/article\\\/actualites\\\/#website\"},\"primaryImageOfPage\":{\"@id\":\"https:\\\/\\\/www.les-energies-renouvelables.eu\\\/article\\\/actualites\\\/energies\\\/renovation-globale-garder-le-gaz-peut-vous-faire-perdre-aide-maprimerenov-1859\\\/#primaryimage\"},\"image\":{\"@id\":\"https:\\\/\\\/www.les-energies-renouvelables.eu\\\/article\\\/actualites\\\/energies\\\/renovation-globale-garder-le-gaz-peut-vous-faire-perdre-aide-maprimerenov-1859\\\/#primaryimage\"},\"thumbnailUrl\":\"https:\\\/\\\/www.les-energies-renouvelables.eu\\\/article\\\/actualites\\\/wp-content\\\/uploads\\\/2026\\\/09\\\/actualites-renovation-globale-garder-le-gaz-peut-vous-faire-perdre-jusqua-32-000-e-daide-maprimerenov-maprimerenov-logo-scaled.webp\",\"datePublished\":\"2026-09-04T11:28:04+00:00\",\"description\":\"Depuis le 1er septembre 2026, la r\u00e9novation d'ampleur MaPrimeR\u00e9nov' exclut le gaz. Co\u00fbts, aides et alternatives pour votre projet.\",\"breadcrumb\":{\"@id\":\"https:\\\/\\\/www.les-energies-renouvelables.eu\\\/article\\\/actualites\\\/energies\\\/renovation-globale-garder-le-gaz-peut-vous-faire-perdre-aide-maprimerenov-1859\\\/#breadcrumb\"},\"inLanguage\":\"fr-FR\",\"potentialAction\":[{\"@type\":\"ReadAction\",\"target\":[\"https:\\\/\\\/www.les-energies-renouvelables.eu\\\/article\\\/actualites\\\/energies\\\/renovation-globale-garder-le-gaz-peut-vous-faire-perdre-aide-maprimerenov-1859\\\/\"]}]},{\"@type\":\"ImageObject\",\"inLanguage\":\"fr-FR\",\"@id\":\"https:\\\/\\\/www.les-energies-renouvelables.eu\\\/article\\\/actualites\\\/energies\\\/renovation-globale-garder-le-gaz-peut-vous-faire-perdre-aide-maprimerenov-1859\\\/#primaryimage\",\"url\":\"https:\\\/\\\/www.les-energies-renouvelables.eu\\\/article\\\/actualites\\\/wp-content\\\/uploads\\\/2026\\\/09\\\/actualites-renovation-globale-garder-le-gaz-peut-vous-faire-perdre-jusqua-32-000-e-daide-maprimerenov-maprimerenov-logo-scaled.webp\",\"contentUrl\":\"https:\\\/\\\/www.les-energies-renouvelables.eu\\\/article\\\/actualites\\\/wp-content\\\/uploads\\\/2026\\\/09\\\/actualites-renovation-globale-garder-le-gaz-peut-vous-faire-perdre-jusqua-32-000-e-daide-maprimerenov-maprimerenov-logo-scaled.webp\",\"width\":1200,\"height\":675,\"caption\":\"Un nouveau crit\u00e8re, impos\u00e9 par d\u00e9cret, s'ajoute aux plafonds d\u00e9j\u00e0 resserr\u00e9s du parcours accompagn\u00e9.\"},{\"@type\":\"BreadcrumbList\",\"@id\":\"https:\\\/\\\/www.les-energies-renouvelables.eu\\\/article\\\/actualites\\\/energies\\\/renovation-globale-garder-le-gaz-peut-vous-faire-perdre-aide-maprimerenov-1859\\\/#breadcrumb\",\"itemListElement\":[{\"@type\":\"ListItem\",\"position\":1,\"name\":\"Accueil\",\"item\":\"https:\\\/\\\/www.les-energies-renouvelables.eu\\\/article\\\/actualites\\\/\"},{\"@type\":\"ListItem\",\"position\":2,\"name\":\"R\u00e9novation globale : garder le gaz peut vous faire perdre jusqu&rsquo;\u00e0 32 000 \u20ac d&rsquo;aide MaPrimeR\u00e9nov&rsquo;\"}]},{\"@type\":\"WebSite\",\"@id\":\"https:\\\/\\\/www.les-energies-renouvelables.eu\\\/article\\\/actualites\\\/#website\",\"url\":\"https:\\\/\\\/www.les-energies-renouvelables.eu\\\/article\\\/actualites\\\/\",\"name\":\"ECOinfos Energies renouvelables\",\"description\":\"Le d\u00e9cryptage quotidien du secteur des \u00e9nergies renouvelables\",\"publisher\":{\"@id\":\"https:\\\/\\\/www.les-energies-renouvelables.eu\\\/article\\\/actualites\\\/#organization\"},\"potentialAction\":[{\"@type\":\"SearchAction\",\"target\":{\"@type\":\"EntryPoint\",\"urlTemplate\":\"https:\\\/\\\/www.les-energies-renouvelables.eu\\\/article\\\/actualites\\\/?s={search_term_string}\"},\"query-input\":{\"@type\":\"PropertyValueSpecification\",\"valueRequired\":true,\"valueName\":\"search_term_string\"}}],\"inLanguage\":\"fr-FR\"},{\"@type\":\"Organization\",\"@id\":\"https:\\\/\\\/www.les-energies-renouvelables.eu\\\/article\\\/actualites\\\/#organization\",\"name\":\"ECOinfos Energies renouvelables\",\"url\":\"https:\\\/\\\/www.les-energies-renouvelables.eu\\\/article\\\/actualites\\\/\",\"logo\":{\"@type\":\"ImageObject\",\"inLanguage\":\"fr-FR\",\"@id\":\"https:\\\/\\\/www.les-energies-renouvelables.eu\\\/article\\\/actualites\\\/#\\\/schema\\\/logo\\\/image\\\/\",\"url\":\"https:\\\/\\\/www.les-energies-renouvelables.eu\\\/article\\\/actualites\\\/wp-content\\\/uploads\\\/2025\\\/11\\\/ecoinfos.eldorado-consulting.com-logo-logo.svg\",\"contentUrl\":\"https:\\\/\\\/www.les-energies-renouvelables.eu\\\/article\\\/actualites\\\/wp-content\\\/uploads\\\/2025\\\/11\\\/ecoinfos.eldorado-consulting.com-logo-logo.svg\",\"caption\":\"ECOinfos Energies renouvelables\"},\"image\":{\"@id\":\"https:\\\/\\\/www.les-energies-renouvelables.eu\\\/article\\\/actualites\\\/#\\\/schema\\\/logo\\\/image\\\/\"},\"sameAs\":[\"https:\\\/\\\/www.facebook.com\\\/ecoannuaire.energierenouvelable\\\/\",\"https:\\\/\\\/x.com\\\/ECOinfosENR\",\"https:\\\/\\\/www.linkedin.com\\\/company\\\/ecoinfos-energies-renouvelables\\\/\",\"https:\\\/\\\/www.youtube.com\\\/@ecoinfosenergies\",\"https:\\\/\\\/share.google\\\/dyKHJPxAV42WhhjbM\"]},{\"@type\":\"Person\",\"@id\":\"https:\\\/\\\/www.les-energies-renouvelables.eu\\\/article\\\/actualites\\\/#\\\/schema\\\/person\\\/d0855c0c2d94ad36795f37b9a33c9f93\",\"name\":\"Mathis Castelnau\",\"image\":{\"@type\":\"ImageObject\",\"inLanguage\":\"fr-FR\",\"@id\":\"https:\\\/\\\/www.les-energies-renouvelables.eu\\\/article\\\/actualites\\\/wp-content\\\/uploads\\\/2026\\\/05\\\/actualites-mathis-castelnau-mathis-castelnau-160x160.jpeg\",\"url\":\"https:\\\/\\\/www.les-energies-renouvelables.eu\\\/article\\\/actualites\\\/wp-content\\\/uploads\\\/2026\\\/05\\\/actualites-mathis-castelnau-mathis-castelnau-160x160.jpeg\",\"contentUrl\":\"https:\\\/\\\/www.les-energies-renouvelables.eu\\\/article\\\/actualites\\\/wp-content\\\/uploads\\\/2026\\\/05\\\/actualites-mathis-castelnau-mathis-castelnau-160x160.jpeg\",\"caption\":\"Mathis Castelnau\"},\"description\":\"Passionn\u00e9 par les \u00e9nergies renouvelables et le march\u00e9 de l\u2019\u00e9nergie, je d\u00e9crypte depuis plusieurs ann\u00e9es les \u00e9volutions techniques, r\u00e9glementaires et \u00e9conomiques du secteur. \u00c0 travers nos articles, nous analysons les enjeux du photovolta\u00efque, de la transition \u00e9nerg\u00e9tique, de l\u2019autoconsommation et des nouveaux mod\u00e8les \u00e9nerg\u00e9tiques qui redessinent le march\u00e9.\",\"sameAs\":[\"https:\\\/\\\/www.linkedin.com\\\/in\\\/mathis-castelnau\\\/\"],\"url\":\"https:\\\/\\\/www.les-energies-renouvelables.eu\\\/article\\\/actualites\\\/author\\\/mathis\\\/\"}]}<\/script>\n<!-- \/ Yoast SEO plugin. -->","yoast_head_json":{"title":"MaPrimeR\u00e9nov' : le gaz exclu, ce qui change en 2026 - ECOinfos","description":"Depuis le 1er septembre 2026, la r\u00e9novation d'ampleur MaPrimeR\u00e9nov' exclut le gaz. Co\u00fbts, aides et alternatives pour votre projet.","robots":{"index":"index","follow":"follow","max-snippet":"max-snippet:-1","max-image-preview":"max-image-preview:large","max-video-preview":"max-video-preview:-1"},"canonical":"https:\/\/www.les-energies-renouvelables.eu\/article\/actualites\/energies\/renovation-globale-garder-le-gaz-peut-vous-faire-perdre-aide-maprimerenov-1859\/","og_locale":"fr_FR","og_type":"article","og_title":"MaPrimeR\u00e9nov' : le gaz exclu, ce qui change en 2026 - ECOinfos","og_description":"Depuis le 1er septembre 2026, la r\u00e9novation d'ampleur MaPrimeR\u00e9nov' exclut le gaz. Co\u00fbts, aides et alternatives pour votre projet.","og_url":"https:\/\/www.les-energies-renouvelables.eu\/article\/actualites\/energies\/renovation-globale-garder-le-gaz-peut-vous-faire-perdre-aide-maprimerenov-1859\/","og_site_name":"ECOinfos Energies renouvelables","article_publisher":"https:\/\/www.facebook.com\/ecoannuaire.energierenouvelable\/","article_published_time":"2026-09-04T11:28:04+00:00","og_image":[{"width":1200,"height":675,"url":"https:\/\/www.les-energies-renouvelables.eu\/article\/actualites\/wp-content\/uploads\/2026\/09\/actualites-renovation-globale-garder-le-gaz-peut-vous-faire-perdre-jusqua-32-000-e-daide-maprimerenov-maprimerenov-logo-scaled.webp","type":"image\/webp"}],"author":"Mathis Castelnau","twitter_card":"summary_large_image","twitter_creator":"@ECOinfosENR","twitter_site":"@ECOinfosENR","twitter_misc":{"\u00c9crit par":"Mathis Castelnau","Dur\u00e9e de lecture estim\u00e9e":"6 minutes"},"schema":{"@context":"https:\/\/schema.org","@graph":[{"@type":"NewsArticle","@id":"https:\/\/www.les-energies-renouvelables.eu\/article\/actualites\/energies\/renovation-globale-garder-le-gaz-peut-vous-faire-perdre-aide-maprimerenov-1859\/#article","isPartOf":{"@id":"https:\/\/www.les-energies-renouvelables.eu\/article\/actualites\/energies\/renovation-globale-garder-le-gaz-peut-vous-faire-perdre-aide-maprimerenov-1859\/"},"author":{"name":"Mathis Castelnau","@id":"https:\/\/www.les-energies-renouvelables.eu\/article\/actualites\/#\/schema\/person\/d0855c0c2d94ad36795f37b9a33c9f93"},"headline":"R\u00e9novation globale : garder le gaz peut vous faire perdre jusqu&rsquo;\u00e0 32 000 \u20ac d&rsquo;aide MaPrimeR\u00e9nov&rsquo;","datePublished":"2026-09-04T11:28:04+00:00","mainEntityOfPage":{"@id":"https:\/\/www.les-energies-renouvelables.eu\/article\/actualites\/energies\/renovation-globale-garder-le-gaz-peut-vous-faire-perdre-aide-maprimerenov-1859\/"},"wordCount":1189,"commentCount":0,"publisher":{"@id":"https:\/\/www.les-energies-renouvelables.eu\/article\/actualites\/#organization"},"image":{"@id":"https:\/\/www.les-energies-renouvelables.eu\/article\/actualites\/energies\/renovation-globale-garder-le-gaz-peut-vous-faire-perdre-aide-maprimerenov-1859\/#primaryimage"},"thumbnailUrl":"https:\/\/www.les-energies-renouvelables.eu\/article\/actualites\/wp-content\/uploads\/2026\/09\/actualites-renovation-globale-garder-le-gaz-peut-vous-faire-perdre-jusqua-32-000-e-daide-maprimerenov-maprimerenov-logo-scaled.webp","keywords":["R\u00e9novation \u00e9nerg\u00e9tique"],"articleSection":["\u00c9nergies"],"inLanguage":"fr-FR","potentialAction":[{"@type":"CommentAction","name":"Comment","target":["https:\/\/www.les-energies-renouvelables.eu\/article\/actualites\/energies\/renovation-globale-garder-le-gaz-peut-vous-faire-perdre-aide-maprimerenov-1859\/#respond"]}]},{"@type":"WebPage","@id":"https:\/\/www.les-energies-renouvelables.eu\/article\/actualites\/energies\/renovation-globale-garder-le-gaz-peut-vous-faire-perdre-aide-maprimerenov-1859\/","url":"https:\/\/www.les-energies-renouvelables.eu\/article\/actualites\/energies\/renovation-globale-garder-le-gaz-peut-vous-faire-perdre-aide-maprimerenov-1859\/","name":"MaPrimeR\u00e9nov' : le gaz exclu, ce qui change en 2026 - ECOinfos","isPartOf":{"@id":"https:\/\/www.les-energies-renouvelables.eu\/article\/actualites\/#website"},"primaryImageOfPage":{"@id":"https:\/\/www.les-energies-renouvelables.eu\/article\/actualites\/energies\/renovation-globale-garder-le-gaz-peut-vous-faire-perdre-aide-maprimerenov-1859\/#primaryimage"},"image":{"@id":"https:\/\/www.les-energies-renouvelables.eu\/article\/actualites\/energies\/renovation-globale-garder-le-gaz-peut-vous-faire-perdre-aide-maprimerenov-1859\/#primaryimage"},"thumbnailUrl":"https:\/\/www.les-energies-renouvelables.eu\/article\/actualites\/wp-content\/uploads\/2026\/09\/actualites-renovation-globale-garder-le-gaz-peut-vous-faire-perdre-jusqua-32-000-e-daide-maprimerenov-maprimerenov-logo-scaled.webp","datePublished":"2026-09-04T11:28:04+00:00","description":"Depuis le 1er septembre 2026, la r\u00e9novation d'ampleur MaPrimeR\u00e9nov' exclut le gaz. Co\u00fbts, aides et alternatives pour votre projet.","breadcrumb":{"@id":"https:\/\/www.les-energies-renouvelables.eu\/article\/actualites\/energies\/renovation-globale-garder-le-gaz-peut-vous-faire-perdre-aide-maprimerenov-1859\/#breadcrumb"},"inLanguage":"fr-FR","potentialAction":[{"@type":"ReadAction","target":["https:\/\/www.les-energies-renouvelables.eu\/article\/actualites\/energies\/renovation-globale-garder-le-gaz-peut-vous-faire-perdre-aide-maprimerenov-1859\/"]}]},{"@type":"ImageObject","inLanguage":"fr-FR","@id":"https:\/\/www.les-energies-renouvelables.eu\/article\/actualites\/energies\/renovation-globale-garder-le-gaz-peut-vous-faire-perdre-aide-maprimerenov-1859\/#primaryimage","url":"https:\/\/www.les-energies-renouvelables.eu\/article\/actualites\/wp-content\/uploads\/2026\/09\/actualites-renovation-globale-garder-le-gaz-peut-vous-faire-perdre-jusqua-32-000-e-daide-maprimerenov-maprimerenov-logo-scaled.webp","contentUrl":"https:\/\/www.les-energies-renouvelables.eu\/article\/actualites\/wp-content\/uploads\/2026\/09\/actualites-renovation-globale-garder-le-gaz-peut-vous-faire-perdre-jusqua-32-000-e-daide-maprimerenov-maprimerenov-logo-scaled.webp","width":1200,"height":675,"caption":"Un nouveau crit\u00e8re, impos\u00e9 par d\u00e9cret, s'ajoute aux plafonds d\u00e9j\u00e0 resserr\u00e9s du parcours accompagn\u00e9."},{"@type":"BreadcrumbList","@id":"https:\/\/www.les-energies-renouvelables.eu\/article\/actualites\/energies\/renovation-globale-garder-le-gaz-peut-vous-faire-perdre-aide-maprimerenov-1859\/#breadcrumb","itemListElement":[{"@type":"ListItem","position":1,"name":"Accueil","item":"https:\/\/www.les-energies-renouvelables.eu\/article\/actualites\/"},{"@type":"ListItem","position":2,"name":"R\u00e9novation globale : garder le gaz peut vous faire perdre jusqu&rsquo;\u00e0 32 000 \u20ac d&rsquo;aide MaPrimeR\u00e9nov&rsquo;"}]},{"@type":"WebSite","@id":"https:\/\/www.les-energies-renouvelables.eu\/article\/actualites\/#website","url":"https:\/\/www.les-energies-renouvelables.eu\/article\/actualites\/","name":"ECOinfos Energies renouvelables","description":"Le d\u00e9cryptage quotidien du secteur des \u00e9nergies renouvelables","publisher":{"@id":"https:\/\/www.les-energies-renouvelables.eu\/article\/actualites\/#organization"},"potentialAction":[{"@type":"SearchAction","target":{"@type":"EntryPoint","urlTemplate":"https:\/\/www.les-energies-renouvelables.eu\/article\/actualites\/?s={search_term_string}"},"query-input":{"@type":"PropertyValueSpecification","valueRequired":true,"valueName":"search_term_string"}}],"inLanguage":"fr-FR"},{"@type":"Organization","@id":"https:\/\/www.les-energies-renouvelables.eu\/article\/actualites\/#organization","name":"ECOinfos Energies renouvelables","url":"https:\/\/www.les-energies-renouvelables.eu\/article\/actualites\/","logo":{"@type":"ImageObject","inLanguage":"fr-FR","@id":"https:\/\/www.les-energies-renouvelables.eu\/article\/actualites\/#\/schema\/logo\/image\/","url":"https:\/\/www.les-energies-renouvelables.eu\/article\/actualites\/wp-content\/uploads\/2025\/11\/ecoinfos.eldorado-consulting.com-logo-logo.svg","contentUrl":"https:\/\/www.les-energies-renouvelables.eu\/article\/actualites\/wp-content\/uploads\/2025\/11\/ecoinfos.eldorado-consulting.com-logo-logo.svg","caption":"ECOinfos Energies renouvelables"},"image":{"@id":"https:\/\/www.les-energies-renouvelables.eu\/article\/actualites\/#\/schema\/logo\/image\/"},"sameAs":["https:\/\/www.facebook.com\/ecoannuaire.energierenouvelable\/","https:\/\/x.com\/ECOinfosENR","https:\/\/www.linkedin.com\/company\/ecoinfos-energies-renouvelables\/","https:\/\/www.youtube.com\/@ecoinfosenergies","https:\/\/share.google\/dyKHJPxAV42WhhjbM"]},{"@type":"Person","@id":"https:\/\/www.les-energies-renouvelables.eu\/article\/actualites\/#\/schema\/person\/d0855c0c2d94ad36795f37b9a33c9f93","name":"Mathis Castelnau","image":{"@type":"ImageObject","inLanguage":"fr-FR","@id":"https:\/\/www.les-energies-renouvelables.eu\/article\/actualites\/wp-content\/uploads\/2026\/05\/actualites-mathis-castelnau-mathis-castelnau-160x160.jpeg","url":"https:\/\/www.les-energies-renouvelables.eu\/article\/actualites\/wp-content\/uploads\/2026\/05\/actualites-mathis-castelnau-mathis-castelnau-160x160.jpeg","contentUrl":"https:\/\/www.les-energies-renouvelables.eu\/article\/actualites\/wp-content\/uploads\/2026\/05\/actualites-mathis-castelnau-mathis-castelnau-160x160.jpeg","caption":"Mathis Castelnau"},"description":"Passionn\u00e9 par les \u00e9nergies renouvelables et le march\u00e9 de l\u2019\u00e9nergie, je d\u00e9crypte depuis plusieurs ann\u00e9es les \u00e9volutions techniques, r\u00e9glementaires et \u00e9conomiques du secteur. \u00c0 travers nos articles, nous analysons les enjeux du photovolta\u00efque, de la transition \u00e9nerg\u00e9tique, de l\u2019autoconsommation et des nouveaux mod\u00e8les \u00e9nerg\u00e9tiques qui redessinent le march\u00e9.","sameAs":["https:\/\/www.linkedin.com\/in\/mathis-castelnau\/"],"url":"https:\/\/www.les-energies-renouvelables.eu\/article\/actualites\/author\/mathis\/"}]}},"_links":{"self":[{"href":"https:\/\/www.les-energies-renouvelables.eu\/article\/actualites\/wp-json\/wp\/v2\/posts\/1859","targetHints":{"allow":["GET"]}}],"collection":[{"href":"https:\/\/www.les-energies-renouvelables.eu\/article\/actualites\/wp-json\/wp\/v2\/posts"}],"about":[{"href":"https:\/\/www.les-energies-renouvelables.eu\/article\/actualites\/wp-json\/wp\/v2\/types\/post"}],"author":[{"embeddable":true,"href":"https:\/\/www.les-energies-renouvelables.eu\/article\/actualites\/wp-json\/wp\/v2\/users\/3"}],"replies":[{"embeddable":true,"href":"https:\/\/www.les-energies-renouvelables.eu\/article\/actualites\/wp-json\/wp\/v2\/comments?post=1859"}],"version-history":[{"count":1,"href":"https:\/\/www.les-energies-renouvelables.eu\/article\/actualites\/wp-json\/wp\/v2\/posts\/1859\/revisions"}],"predecessor-version":[{"id":1860,"href":"https:\/\/www.les-energies-renouvelables.eu\/article\/actualites\/wp-json\/wp\/v2\/posts\/1859\/revisions\/1860"}],"wp:featuredmedia":[{"embeddable":true,"href":"https:\/\/www.les-energies-renouvelables.eu\/article\/actualites\/wp-json\/wp\/v2\/media\/1872"}],"wp:attachment":[{"href":"https:\/\/www.les-energies-renouvelables.eu\/article\/actualites\/wp-json\/wp\/v2\/media?parent=1859"}],"wp:term":[{"taxonomy":"category","embeddable":true,"href":"https:\/\/www.les-energies-renouvelables.eu\/article\/actualites\/wp-json\/wp\/v2\/categories?post=1859"},{"taxonomy":"post_tag","embeddable":true,"href":"https:\/\/www.les-energies-renouvelables.eu\/article\/actualites\/wp-json\/wp\/v2\/tags?post=1859"}],"curies":[{"name":"wp","href":"https:\/\/api.w.org\/{rel}","templated":true}]}}