{"id":1854,"date":"2026-09-02T12:27:20","date_gmt":"2026-09-02T10:27:20","guid":{"rendered":"https:\/\/www.les-energies-renouvelables.eu\/article\/actualites\/?p=1854"},"modified":"2026-09-02T12:27:20","modified_gmt":"2026-09-02T10:27:20","slug":"electricite-partagee-entre-voisins-le-conseil-detat-vient-de-changer-les-regles","status":"publish","type":"post","link":"https:\/\/www.les-energies-renouvelables.eu\/article\/actualites\/reglementations\/electricite-partagee-entre-voisins-le-conseil-detat-vient-de-changer-les-regles-1854\/","title":{"rendered":"\u00c9lectricit\u00e9 partag\u00e9e entre voisins : le Conseil d&rsquo;\u00c9tat vient de changer les r\u00e8gles"},"content":{"rendered":"\n<p class=\"wp-block-paragraph\">Si vous partagez de l&rsquo;\u00e9lectricit\u00e9 solaire avec vos voisins, votre copropri\u00e9t\u00e9 ou votre commune, une d\u00e9cision de justice vient de s\u00e9curiser durablement vos \u00e9conomies. Depuis le <strong>30 mars 2026<\/strong>, le Conseil d&rsquo;\u00c9tat a confirm\u00e9 que <strong>la taxe sur l&rsquo;\u00e9lectricit\u00e9, appel\u00e9e accise, ne s&rsquo;applique plus \u00e0 la part que vous consommez<\/strong> via ce type de montage, y compris lorsque le courant transite par le r\u00e9seau public d&rsquo;Enedis pour vous parvenir.<\/p>\n\n\n\n<p class=\"wp-block-paragraph\">Cette clarification met fin \u00e0 plusieurs mois d&rsquo;incertitude qui pesaient sur les milliers de foyers, entreprises et collectivit\u00e9s d\u00e9j\u00e0 engag\u00e9s dans une op\u00e9ration d&rsquo;autoconsommation collective, et sur ceux qui envisagent de les rejoindre. Elle intervient alors que le dispositif change d&rsquo;\u00e9chelle en France, et que de nouvelles <a href=\"https:\/\/www.les-energies-renouvelables.eu\/conseils\/autoconsommation\/autoconsommation-collective-energie-panneau-solaire-photovoltaique\/la-reglementation-complete-sur-lautoconsommation-collective\/\">r\u00e8gles de fonctionnement<\/a>, elles aussi tr\u00e8s r\u00e9centes, viennent resserrer le calendrier des porteurs de projets.<\/p>\n\n\n\n<h2 class=\"wp-block-heading\">Une exon\u00e9ration de taxe d\u00e9sormais \u00e0 l&rsquo;abri d&rsquo;un recours administratif<\/h2>\n\n\n\n<p class=\"wp-block-paragraph\">L&rsquo;article 75 de la loi de finances pour 2025 avait introduit un principe simple : l&rsquo;\u00e9lectricit\u00e9 renouvelable partag\u00e9e dans une op\u00e9ration d&rsquo;autoconsommation collective de moins de 1 MW b\u00e9n\u00e9ficie d&rsquo;un <strong>tarif nul d&rsquo;accise<\/strong>, c&rsquo;est-\u00e0-dire une taxe ramen\u00e9e \u00e0 0 euro par m\u00e9gawattheure, contre un tarif normal fix\u00e9 \u00e0 <strong>30,85 euros par m\u00e9gawattheure pour les m\u00e9nages depuis le 1er f\u00e9vrier 2026<\/strong>. Trois conditions cumulatives ouvrent droit \u00e0 cette exon\u00e9ration, inscrite aux articles L. 312-79 et L. 312-87 du Code des impositions sur les biens et services :<\/p>\n\n\n\n<ul class=\"wp-block-list\">\n<li>l&rsquo;\u00e9lectricit\u00e9 provient d&rsquo;une source renouvelable<\/li>\n\n\n\n<li>la puissance de l&rsquo;installation de production est inf\u00e9rieure \u00e0 1 MW, soit 1 MWc pour du photovolta\u00efque<\/li>\n\n\n\n<li>l&rsquo;\u00e9lectricit\u00e9 est consomm\u00e9e par le producteur lui-m\u00eame ou par un participant \u00e0 l&rsquo;op\u00e9ration d&rsquo;autoconsommation collective<\/li>\n<\/ul>\n\n\n\n<p class=\"wp-block-paragraph\">Le probl\u00e8me est venu de l&rsquo;application de ce texte. En mai 2025, l&rsquo;administration fiscale a publi\u00e9 une doctrine, le rescrit BOI-RES-EAT-000208, qui ajoutait une condition absente de la loi : une <strong>connexion physique directe<\/strong> entre l&rsquo;installation de production et l&rsquo;installation de consommation. Concr\u00e8tement, cette lecture excluait du b\u00e9n\u00e9fice de l&rsquo;exon\u00e9ration toutes les op\u00e9rations dites \u00e9tendues, c&rsquo;est-\u00e0-dire celles o\u00f9 l&rsquo;\u00e9lectricit\u00e9 circule par le r\u00e9seau public d&rsquo;Enedis avant d&rsquo;arriver chez les participants, ce qui repr\u00e9sente la grande majorit\u00e9 des projets r\u00e9els.<\/p>\n\n\n\n<p class=\"wp-block-paragraph\">Plusieurs acteurs de la fili\u00e8re ont contest\u00e9 cette interpr\u00e9tation devant le Conseil d&rsquo;\u00c9tat. Dans sa d\u00e9cision du 30 mars 2026, la haute juridiction a jug\u00e9 que l&rsquo;administration avait ajout\u00e9 une r\u00e8gle nouvelle non pr\u00e9vue par le l\u00e9gislateur et a annul\u00e9 le rescrit. Concr\u00e8tement, les producteurs et participants n&rsquo;ont plus \u00e0 d\u00e9montrer un quelconque chemin physique de l&rsquo;\u00e9lectricit\u00e9 : seuls comptent d\u00e9sormais le respect du seuil de puissance et l&rsquo;appartenance effective \u00e0 une op\u00e9ration d&rsquo;autoconsommation collective reconnue au sens de l&rsquo;article L. 315-2 du Code de l&rsquo;\u00e9nergie.<\/p>\n\n\n\n<h2 class=\"wp-block-heading\">Ce que cela repr\u00e9sente concr\u00e8tement sur une facture<\/h2>\n\n\n\n<p class=\"wp-block-paragraph\">L&rsquo;exon\u00e9ration porte uniquement sur la part de votre consommation couverte par l&rsquo;\u00e9lectricit\u00e9 partag\u00e9e localement, pas sur votre facture enti\u00e8re. Son effet d\u00e9pend donc directement de la taille de cette part, qui varie selon les projets et les saisons. Voici un ordre de grandeur, construit \u00e0 partir du tarif normal d&rsquo;accise applicable aux m\u00e9nages depuis f\u00e9vrier 2026, pour un foyer consommant environ 4 500 kWh d&rsquo;\u00e9lectricit\u00e9 par an.<\/p>\n\n\n\n<figure class=\"wp-block-table\"><table class=\"has-fixed-layout\"><thead><tr><th>Part de la consommation couverte par l&rsquo;ACC<\/th><th>Volume concern\u00e9<\/th><th>Accise sans exon\u00e9ration<\/th><th>Accise avec le tarif nul<\/th><\/tr><\/thead><tbody><tr><td>15 %<\/td><td>675 kWh<\/td><td>environ 21 euros par an<\/td><td>0 euro<\/td><\/tr><tr><td>25 %<\/td><td>1 125 kWh<\/td><td>environ 35 euros par an<\/td><td>0 euro<\/td><\/tr><tr><td>35 %<\/td><td>1 575 kWh<\/td><td>environ 49 euros par an<\/td><td>0 euro<\/td><\/tr><\/tbody><\/table><\/figure>\n\n\n\n<p class=\"wp-block-paragraph\">Cette \u00e9conomie sur la seule accise s&rsquo;ajoute \u00e0 un autre avantage plus d\u00e9terminant sur la facture globale : dans la grande majorit\u00e9 des projets, le prix n\u00e9goci\u00e9 pour l&rsquo;\u00e9lectricit\u00e9 partag\u00e9e est lui-m\u00eame fix\u00e9 en dessous du tarif classique propos\u00e9 par un fournisseur, la remise exacte d\u00e9pendant des conditions propres \u00e0 chaque op\u00e9ration. <strong>L&rsquo;exon\u00e9ration de taxe ne cr\u00e9e donc pas \u00e0 elle seule la rentabilit\u00e9 d&rsquo;un projet d&rsquo;autoconsommation collective, mais elle en consolide l&rsquo;\u00e9quilibre \u00e9conomique<\/strong>, en particulier pour les op\u00e9rations \u00e9tendues qui utilisent le r\u00e9seau public et qui restaient jusqu&rsquo;ici dans une zone grise.<\/p>\n\n\n\n<h2 class=\"wp-block-heading\">Qui peut participer, et sur quel p\u00e9rim\u00e8tre<\/h2>\n\n\n\n<p class=\"wp-block-paragraph\">L&rsquo;autoconsommation collective est ouverte \u00e0 peu pr\u00e8s \u00e0 tout le monde : particuliers, entreprises, collectivit\u00e9s et bailleurs sociaux peuvent y participer, \u00e0 condition d&rsquo;\u00eatre r\u00e9unis au sein d&rsquo;une m\u00eame entit\u00e9 juridique appel\u00e9e personne morale organisatrice. Cette structure, qui peut prendre la forme d&rsquo;une association, d&rsquo;une copropri\u00e9t\u00e9, d&rsquo;une soci\u00e9t\u00e9 ou d&rsquo;une collectivit\u00e9, g\u00e8re les relations avec Enedis, r\u00e9partit l&rsquo;\u00e9nergie entre participants et signe la convention encadrant l&rsquo;op\u00e9ration.<\/p>\n\n\n\n<p class=\"wp-block-paragraph\">Le p\u00e9rim\u00e8tre g\u00e9ographique reste, lui, strictement encadr\u00e9. Par d\u00e9faut, la distance maximale entre les sites de production et de consommation est fix\u00e9e \u00e0 2 kilom\u00e8tres, un seuil port\u00e9 \u00e0 20 kilom\u00e8tres en zone rurale pour tenir compte de la dispersion de l&rsquo;habitat. Depuis un arr\u00eat\u00e9 du 21 f\u00e9vrier 2025, le plafond de puissance cumul\u00e9e autoris\u00e9e pour les op\u00e9rations classiques est \u00e9galement pass\u00e9 de 3 \u00e0 <strong>5 MW<\/strong>, et peut atteindre <strong>10 MW<\/strong> pour des projets port\u00e9s par une commune ou un groupement de communes, r\u00e9serv\u00e9s dans ce cas aux seuls organismes publics.<\/p>\n\n\n\n<figure class=\"wp-block-table\"><table class=\"has-fixed-layout\"><thead><tr><th>Type d&rsquo;op\u00e9ration<\/th><th>P\u00e9rim\u00e8tre<\/th><th>Puissance maximale<\/th><\/tr><\/thead><tbody><tr><td>Extension standard<\/td><td>2 km<\/td><td>moins de 5 MW<\/td><\/tr><tr><td>Extension en zone rurale<\/td><td>jusqu&rsquo;\u00e0 20 km<\/td><td>moins de 5 MW, sur d\u00e9rogation<\/td><\/tr><tr><td>Extension port\u00e9e par une commune ou un EPCI<\/td><td>\u00e9chelle de l&rsquo;intercommunalit\u00e9<\/td><td>jusqu&rsquo;\u00e0 10 MW, r\u00e9serv\u00e9e aux acteurs publics<\/td><\/tr><\/tbody><\/table><\/figure>\n\n\n\n<h2 class=\"wp-block-heading\">Un calendrier resserr\u00e9 pour les porteurs de projets<\/h2>\n\n\n\n<p class=\"wp-block-paragraph\">Le tarif fiscal n&rsquo;est pas la seule \u00e9volution r\u00e9cente. Un d\u00e9cret du 26 juin 2026, publi\u00e9 au Journal officiel du 30 juin, modifie les r\u00e8gles de r\u00e9partition de l&rsquo;\u00e9lectricit\u00e9 entre participants. Pour les contrats conclus apr\u00e8s le 1er juillet 2026, les coefficients qui d\u00e9terminent la part d&rsquo;\u00e9nergie attribu\u00e9e \u00e0 chacun doivent d\u00e9sormais \u00eatre transmis au gestionnaire de r\u00e9seau <strong>avant la fermeture du march\u00e9 journalier de l&rsquo;\u00e9lectricit\u00e9<\/strong>, ce qui emp\u00eache les ajustements de derni\u00e8re minute une fois les prix de march\u00e9 connus.<\/p>\n\n\n\n<p class=\"wp-block-paragraph\">Cette \u00e9ch\u00e9ance a elle-m\u00eame boug\u00e9 r\u00e9cemment : initialement pr\u00e9vue pour le 1er juillet 2027, elle a \u00e9t\u00e9 avanc\u00e9e d&rsquo;un an par un rectificatif publi\u00e9 au Journal officiel le 5 juillet 2026, soit quelques jours seulement apr\u00e8s le texte initial. Le d\u00e9cret introduit par ailleurs une part fixe de production que chaque installation peut affecter en dehors de l&rsquo;op\u00e9ration d&rsquo;autoconsommation collective. Cette part est nulle par d\u00e9faut et ne pourra \u00eatre modifi\u00e9e qu&rsquo;au terme d&rsquo;un d\u00e9lai minimal de deux ans, ce qui verrouille les arbitrages initiaux des porteurs de projets pour une dur\u00e9e assez longue.<\/p>\n\n\n\n<h2 class=\"wp-block-heading\">Une consultation d&rsquo;Enedis ouverte jusqu&rsquo;au 7 septembre 2026<\/h2>\n\n\n\n<p class=\"wp-block-paragraph\">Ces \u00e9volutions interviennent alors que le dispositif conna\u00eet une croissance rapide. Selon les donn\u00e9es publi\u00e9es par Enedis, la France comptait <strong>2 276 op\u00e9rations d&rsquo;autoconsommation collective en service \u00e0 la fin du mois de juin 2026<\/strong>, r\u00e9unissant plus de 25 000 participants pour plus de 380 MW de puissance install\u00e9e, \u00e0 98 % d&rsquo;origine photovolta\u00efque. Le nombre d&rsquo;op\u00e9rations a progress\u00e9 de 129 % en 2024, puis de 133 % en 2025, un rythme qui traduit une appropriation d\u00e9sormais large du dispositif au-del\u00e0 des premiers projets pionniers.<\/p>\n\n\n\n<p class=\"wp-block-paragraph\">Face \u00e0 cette acc\u00e9l\u00e9ration, Enedis a ouvert le 27 juillet 2026 un appel \u00e0 contributions qui court jusqu&rsquo;au <strong>7 septembre 2026<\/strong>, destin\u00e9 aux personnes morales organisatrices, aux producteurs, aux fournisseurs et \u00e0 tout acteur concern\u00e9. Cette consultation doit pr\u00e9ciser les modalit\u00e9s pratiques d&rsquo;application du d\u00e9cret de juin, les r\u00e8gles relatives au TURPE, le tarif d&rsquo;utilisation des r\u00e9seaux, et l&rsquo;int\u00e9gration des unit\u00e9s de stockage dans les op\u00e9rations existantes. Pour toute personne qui n\u00e9gocie actuellement les termes d&rsquo;un projet, ou qui envisage d&rsquo;y participer, cela signifie que certains param\u00e8tres op\u00e9rationnels restent encore susceptibles d&rsquo;\u00e9voluer dans les prochaines semaines.<\/p>\n\n\n\n<p class=\"wp-block-paragraph\"><\/p>\n","protected":false},"excerpt":{"rendered":"","protected":false},"author":3,"featured_media":1855,"comment_status":"open","ping_status":"open","sticky":false,"template":"","format":"standard","meta":{"_acf_changed":false,"footnotes":""},"categories":[7],"tags":[18],"class_list":["post-1854","post","type-post","status-publish","format-standard","has-post-thumbnail","hentry","category-reglementations","tag-autoconsommation-collective","masonry-post","generate-columns","tablet-grid-50","mobile-grid-100","grid-parent","grid-33"],"acf":{"social-publish":false,"just-linkedin":false,"just-facebook":false,"test":""},"yoast_head":"<!-- This site is optimized with the Yoast SEO plugin v28.4 - https:\/\/yoast.com\/product\/yoast-seo-wordpress\/ -->\n<title>\u00c9lectricit\u00e9 partag\u00e9e : la taxe en moins en 2026 - ECOinfos<\/title>\n<meta name=\"description\" content=\"Le Conseil d&#039;\u00c9tat confirme : la taxe sur l&#039;\u00e9lectricit\u00e9 partag\u00e9e entre voisins dispara\u00eet. Ce que cela change sur votre facture.\" \/>\n<meta name=\"robots\" content=\"index, follow, max-snippet:-1, max-image-preview:large, max-video-preview:-1\" \/>\n<link rel=\"canonical\" href=\"https:\/\/www.les-energies-renouvelables.eu\/article\/actualites\/reglementations\/electricite-partagee-entre-voisins-le-conseil-detat-vient-de-changer-les-regles-1854\/\" \/>\n<meta property=\"og:locale\" content=\"fr_FR\" \/>\n<meta property=\"og:type\" content=\"article\" \/>\n<meta property=\"og:title\" content=\"\u00c9lectricit\u00e9 partag\u00e9e : la taxe en moins en 2026 - ECOinfos\" \/>\n<meta property=\"og:description\" content=\"Le Conseil d&#039;\u00c9tat confirme : la taxe sur l&#039;\u00e9lectricit\u00e9 partag\u00e9e entre voisins dispara\u00eet. Ce que cela change sur votre facture.\" \/>\n<meta property=\"og:url\" content=\"https:\/\/www.les-energies-renouvelables.eu\/article\/actualites\/reglementations\/electricite-partagee-entre-voisins-le-conseil-detat-vient-de-changer-les-regles-1854\/\" \/>\n<meta property=\"og:site_name\" content=\"ECOinfos Energies renouvelables\" \/>\n<meta property=\"article:publisher\" content=\"https:\/\/www.facebook.com\/ecoannuaire.energierenouvelable\/\" \/>\n<meta property=\"article:published_time\" content=\"2026-09-02T10:27:20+00:00\" \/>\n<meta property=\"og:image\" content=\"https:\/\/www.les-energies-renouvelables.eu\/article\/actualites\/wp-content\/uploads\/2026\/09\/actualites-brouillon-auto-autoconsommation-collective-acc-scaled.webp\" \/>\n\t<meta property=\"og:image:width\" content=\"1200\" \/>\n\t<meta property=\"og:image:height\" content=\"675\" \/>\n\t<meta property=\"og:image:type\" content=\"image\/webp\" \/>\n<meta name=\"author\" content=\"Mathis Castelnau\" \/>\n<meta name=\"twitter:card\" content=\"summary_large_image\" \/>\n<meta name=\"twitter:creator\" content=\"@ECOinfosENR\" \/>\n<meta name=\"twitter:site\" content=\"@ECOinfosENR\" \/>\n<meta name=\"twitter:label1\" content=\"\u00c9crit par\" \/>\n\t<meta name=\"twitter:data1\" content=\"Mathis Castelnau\" \/>\n\t<meta name=\"twitter:label2\" content=\"Dur\u00e9e de lecture estim\u00e9e\" \/>\n\t<meta name=\"twitter:data2\" content=\"7 minutes\" \/>\n<script type=\"application\/ld+json\" class=\"yoast-schema-graph\">{\"@context\":\"https:\\\/\\\/schema.org\",\"@graph\":[{\"@type\":\"NewsArticle\",\"@id\":\"https:\\\/\\\/www.les-energies-renouvelables.eu\\\/article\\\/actualites\\\/reglementations\\\/electricite-partagee-entre-voisins-le-conseil-detat-vient-de-changer-les-regles-1854\\\/#article\",\"isPartOf\":{\"@id\":\"https:\\\/\\\/www.les-energies-renouvelables.eu\\\/article\\\/actualites\\\/reglementations\\\/electricite-partagee-entre-voisins-le-conseil-detat-vient-de-changer-les-regles-1854\\\/\"},\"author\":{\"name\":\"Mathis Castelnau\",\"@id\":\"https:\\\/\\\/www.les-energies-renouvelables.eu\\\/article\\\/actualites\\\/#\\\/schema\\\/person\\\/d0855c0c2d94ad36795f37b9a33c9f93\"},\"headline\":\"\u00c9lectricit\u00e9 partag\u00e9e entre voisins : le Conseil d&rsquo;\u00c9tat vient de changer les r\u00e8gles\",\"datePublished\":\"2026-09-02T10:27:20+00:00\",\"mainEntityOfPage\":{\"@id\":\"https:\\\/\\\/www.les-energies-renouvelables.eu\\\/article\\\/actualites\\\/reglementations\\\/electricite-partagee-entre-voisins-le-conseil-detat-vient-de-changer-les-regles-1854\\\/\"},\"wordCount\":1372,\"commentCount\":0,\"publisher\":{\"@id\":\"https:\\\/\\\/www.les-energies-renouvelables.eu\\\/article\\\/actualites\\\/#organization\"},\"image\":{\"@id\":\"https:\\\/\\\/www.les-energies-renouvelables.eu\\\/article\\\/actualites\\\/reglementations\\\/electricite-partagee-entre-voisins-le-conseil-detat-vient-de-changer-les-regles-1854\\\/#primaryimage\"},\"thumbnailUrl\":\"https:\\\/\\\/www.les-energies-renouvelables.eu\\\/article\\\/actualites\\\/wp-content\\\/uploads\\\/2026\\\/09\\\/actualites-brouillon-auto-autoconsommation-collective-acc-scaled.webp\",\"keywords\":[\"Autoconsommation collective\"],\"articleSection\":[\"R\u00e9glementations\"],\"inLanguage\":\"fr-FR\",\"potentialAction\":[{\"@type\":\"CommentAction\",\"name\":\"Comment\",\"target\":[\"https:\\\/\\\/www.les-energies-renouvelables.eu\\\/article\\\/actualites\\\/reglementations\\\/electricite-partagee-entre-voisins-le-conseil-detat-vient-de-changer-les-regles-1854\\\/#respond\"]}]},{\"@type\":\"WebPage\",\"@id\":\"https:\\\/\\\/www.les-energies-renouvelables.eu\\\/article\\\/actualites\\\/reglementations\\\/electricite-partagee-entre-voisins-le-conseil-detat-vient-de-changer-les-regles-1854\\\/\",\"url\":\"https:\\\/\\\/www.les-energies-renouvelables.eu\\\/article\\\/actualites\\\/reglementations\\\/electricite-partagee-entre-voisins-le-conseil-detat-vient-de-changer-les-regles-1854\\\/\",\"name\":\"\u00c9lectricit\u00e9 partag\u00e9e : la taxe en moins en 2026 - ECOinfos\",\"isPartOf\":{\"@id\":\"https:\\\/\\\/www.les-energies-renouvelables.eu\\\/article\\\/actualites\\\/#website\"},\"primaryImageOfPage\":{\"@id\":\"https:\\\/\\\/www.les-energies-renouvelables.eu\\\/article\\\/actualites\\\/reglementations\\\/electricite-partagee-entre-voisins-le-conseil-detat-vient-de-changer-les-regles-1854\\\/#primaryimage\"},\"image\":{\"@id\":\"https:\\\/\\\/www.les-energies-renouvelables.eu\\\/article\\\/actualites\\\/reglementations\\\/electricite-partagee-entre-voisins-le-conseil-detat-vient-de-changer-les-regles-1854\\\/#primaryimage\"},\"thumbnailUrl\":\"https:\\\/\\\/www.les-energies-renouvelables.eu\\\/article\\\/actualites\\\/wp-content\\\/uploads\\\/2026\\\/09\\\/actualites-brouillon-auto-autoconsommation-collective-acc-scaled.webp\",\"datePublished\":\"2026-09-02T10:27:20+00:00\",\"description\":\"Le Conseil d'\u00c9tat confirme : la taxe sur l'\u00e9lectricit\u00e9 partag\u00e9e entre voisins dispara\u00eet. Ce que cela change sur votre facture.\",\"breadcrumb\":{\"@id\":\"https:\\\/\\\/www.les-energies-renouvelables.eu\\\/article\\\/actualites\\\/reglementations\\\/electricite-partagee-entre-voisins-le-conseil-detat-vient-de-changer-les-regles-1854\\\/#breadcrumb\"},\"inLanguage\":\"fr-FR\",\"potentialAction\":[{\"@type\":\"ReadAction\",\"target\":[\"https:\\\/\\\/www.les-energies-renouvelables.eu\\\/article\\\/actualites\\\/reglementations\\\/electricite-partagee-entre-voisins-le-conseil-detat-vient-de-changer-les-regles-1854\\\/\"]}]},{\"@type\":\"ImageObject\",\"inLanguage\":\"fr-FR\",\"@id\":\"https:\\\/\\\/www.les-energies-renouvelables.eu\\\/article\\\/actualites\\\/reglementations\\\/electricite-partagee-entre-voisins-le-conseil-detat-vient-de-changer-les-regles-1854\\\/#primaryimage\",\"url\":\"https:\\\/\\\/www.les-energies-renouvelables.eu\\\/article\\\/actualites\\\/wp-content\\\/uploads\\\/2026\\\/09\\\/actualites-brouillon-auto-autoconsommation-collective-acc-scaled.webp\",\"contentUrl\":\"https:\\\/\\\/www.les-energies-renouvelables.eu\\\/article\\\/actualites\\\/wp-content\\\/uploads\\\/2026\\\/09\\\/actualites-brouillon-auto-autoconsommation-collective-acc-scaled.webp\",\"width\":1200,\"height\":675,\"caption\":\"Des panneaux solaires install\u00e9s sur une toiture, dans le cadre d'une op\u00e9ration d'autoconsommation collective partag\u00e9e entre plusieurs foyers voisins.\"},{\"@type\":\"BreadcrumbList\",\"@id\":\"https:\\\/\\\/www.les-energies-renouvelables.eu\\\/article\\\/actualites\\\/reglementations\\\/electricite-partagee-entre-voisins-le-conseil-detat-vient-de-changer-les-regles-1854\\\/#breadcrumb\",\"itemListElement\":[{\"@type\":\"ListItem\",\"position\":1,\"name\":\"Accueil\",\"item\":\"https:\\\/\\\/www.les-energies-renouvelables.eu\\\/article\\\/actualites\\\/\"},{\"@type\":\"ListItem\",\"position\":2,\"name\":\"\u00c9lectricit\u00e9 partag\u00e9e entre voisins : le Conseil d&rsquo;\u00c9tat vient de changer les r\u00e8gles\"}]},{\"@type\":\"WebSite\",\"@id\":\"https:\\\/\\\/www.les-energies-renouvelables.eu\\\/article\\\/actualites\\\/#website\",\"url\":\"https:\\\/\\\/www.les-energies-renouvelables.eu\\\/article\\\/actualites\\\/\",\"name\":\"ECOinfos Energies renouvelables\",\"description\":\"Le d\u00e9cryptage quotidien du secteur des \u00e9nergies renouvelables\",\"publisher\":{\"@id\":\"https:\\\/\\\/www.les-energies-renouvelables.eu\\\/article\\\/actualites\\\/#organization\"},\"potentialAction\":[{\"@type\":\"SearchAction\",\"target\":{\"@type\":\"EntryPoint\",\"urlTemplate\":\"https:\\\/\\\/www.les-energies-renouvelables.eu\\\/article\\\/actualites\\\/?s={search_term_string}\"},\"query-input\":{\"@type\":\"PropertyValueSpecification\",\"valueRequired\":true,\"valueName\":\"search_term_string\"}}],\"inLanguage\":\"fr-FR\"},{\"@type\":\"Organization\",\"@id\":\"https:\\\/\\\/www.les-energies-renouvelables.eu\\\/article\\\/actualites\\\/#organization\",\"name\":\"ECOinfos Energies renouvelables\",\"url\":\"https:\\\/\\\/www.les-energies-renouvelables.eu\\\/article\\\/actualites\\\/\",\"logo\":{\"@type\":\"ImageObject\",\"inLanguage\":\"fr-FR\",\"@id\":\"https:\\\/\\\/www.les-energies-renouvelables.eu\\\/article\\\/actualites\\\/#\\\/schema\\\/logo\\\/image\\\/\",\"url\":\"https:\\\/\\\/www.les-energies-renouvelables.eu\\\/article\\\/actualites\\\/wp-content\\\/uploads\\\/2025\\\/11\\\/ecoinfos.eldorado-consulting.com-logo-logo.svg\",\"contentUrl\":\"https:\\\/\\\/www.les-energies-renouvelables.eu\\\/article\\\/actualites\\\/wp-content\\\/uploads\\\/2025\\\/11\\\/ecoinfos.eldorado-consulting.com-logo-logo.svg\",\"caption\":\"ECOinfos Energies renouvelables\"},\"image\":{\"@id\":\"https:\\\/\\\/www.les-energies-renouvelables.eu\\\/article\\\/actualites\\\/#\\\/schema\\\/logo\\\/image\\\/\"},\"sameAs\":[\"https:\\\/\\\/www.facebook.com\\\/ecoannuaire.energierenouvelable\\\/\",\"https:\\\/\\\/x.com\\\/ECOinfosENR\",\"https:\\\/\\\/www.linkedin.com\\\/company\\\/ecoinfos-energies-renouvelables\\\/\",\"https:\\\/\\\/www.youtube.com\\\/@ecoinfosenergies\",\"https:\\\/\\\/share.google\\\/dyKHJPxAV42WhhjbM\"]},{\"@type\":\"Person\",\"@id\":\"https:\\\/\\\/www.les-energies-renouvelables.eu\\\/article\\\/actualites\\\/#\\\/schema\\\/person\\\/d0855c0c2d94ad36795f37b9a33c9f93\",\"name\":\"Mathis Castelnau\",\"image\":{\"@type\":\"ImageObject\",\"inLanguage\":\"fr-FR\",\"@id\":\"https:\\\/\\\/www.les-energies-renouvelables.eu\\\/article\\\/actualites\\\/wp-content\\\/uploads\\\/2026\\\/05\\\/actualites-mathis-castelnau-mathis-castelnau-160x160.jpeg\",\"url\":\"https:\\\/\\\/www.les-energies-renouvelables.eu\\\/article\\\/actualites\\\/wp-content\\\/uploads\\\/2026\\\/05\\\/actualites-mathis-castelnau-mathis-castelnau-160x160.jpeg\",\"contentUrl\":\"https:\\\/\\\/www.les-energies-renouvelables.eu\\\/article\\\/actualites\\\/wp-content\\\/uploads\\\/2026\\\/05\\\/actualites-mathis-castelnau-mathis-castelnau-160x160.jpeg\",\"caption\":\"Mathis Castelnau\"},\"description\":\"Passionn\u00e9 par les \u00e9nergies renouvelables et le march\u00e9 de l\u2019\u00e9nergie, je d\u00e9crypte depuis plusieurs ann\u00e9es les \u00e9volutions techniques, r\u00e9glementaires et \u00e9conomiques du secteur. \u00c0 travers nos articles, nous analysons les enjeux du photovolta\u00efque, de la transition \u00e9nerg\u00e9tique, de l\u2019autoconsommation et des nouveaux mod\u00e8les \u00e9nerg\u00e9tiques qui redessinent le march\u00e9.\",\"sameAs\":[\"https:\\\/\\\/www.linkedin.com\\\/in\\\/mathis-castelnau\\\/\"],\"url\":\"https:\\\/\\\/www.les-energies-renouvelables.eu\\\/article\\\/actualites\\\/author\\\/mathis\\\/\"}]}<\/script>\n<!-- \/ Yoast SEO plugin. -->","yoast_head_json":{"title":"\u00c9lectricit\u00e9 partag\u00e9e : la taxe en moins en 2026 - ECOinfos","description":"Le Conseil d'\u00c9tat confirme : la taxe sur l'\u00e9lectricit\u00e9 partag\u00e9e entre voisins dispara\u00eet. Ce que cela change sur votre facture.","robots":{"index":"index","follow":"follow","max-snippet":"max-snippet:-1","max-image-preview":"max-image-preview:large","max-video-preview":"max-video-preview:-1"},"canonical":"https:\/\/www.les-energies-renouvelables.eu\/article\/actualites\/reglementations\/electricite-partagee-entre-voisins-le-conseil-detat-vient-de-changer-les-regles-1854\/","og_locale":"fr_FR","og_type":"article","og_title":"\u00c9lectricit\u00e9 partag\u00e9e : la taxe en moins en 2026 - ECOinfos","og_description":"Le Conseil d'\u00c9tat confirme : la taxe sur l'\u00e9lectricit\u00e9 partag\u00e9e entre voisins dispara\u00eet. Ce que cela change sur votre facture.","og_url":"https:\/\/www.les-energies-renouvelables.eu\/article\/actualites\/reglementations\/electricite-partagee-entre-voisins-le-conseil-detat-vient-de-changer-les-regles-1854\/","og_site_name":"ECOinfos Energies renouvelables","article_publisher":"https:\/\/www.facebook.com\/ecoannuaire.energierenouvelable\/","article_published_time":"2026-09-02T10:27:20+00:00","og_image":[{"width":1200,"height":675,"url":"https:\/\/www.les-energies-renouvelables.eu\/article\/actualites\/wp-content\/uploads\/2026\/09\/actualites-brouillon-auto-autoconsommation-collective-acc-scaled.webp","type":"image\/webp"}],"author":"Mathis Castelnau","twitter_card":"summary_large_image","twitter_creator":"@ECOinfosENR","twitter_site":"@ECOinfosENR","twitter_misc":{"\u00c9crit par":"Mathis Castelnau","Dur\u00e9e de lecture estim\u00e9e":"7 minutes"},"schema":{"@context":"https:\/\/schema.org","@graph":[{"@type":"NewsArticle","@id":"https:\/\/www.les-energies-renouvelables.eu\/article\/actualites\/reglementations\/electricite-partagee-entre-voisins-le-conseil-detat-vient-de-changer-les-regles-1854\/#article","isPartOf":{"@id":"https:\/\/www.les-energies-renouvelables.eu\/article\/actualites\/reglementations\/electricite-partagee-entre-voisins-le-conseil-detat-vient-de-changer-les-regles-1854\/"},"author":{"name":"Mathis Castelnau","@id":"https:\/\/www.les-energies-renouvelables.eu\/article\/actualites\/#\/schema\/person\/d0855c0c2d94ad36795f37b9a33c9f93"},"headline":"\u00c9lectricit\u00e9 partag\u00e9e entre voisins : le Conseil d&rsquo;\u00c9tat vient de changer les r\u00e8gles","datePublished":"2026-09-02T10:27:20+00:00","mainEntityOfPage":{"@id":"https:\/\/www.les-energies-renouvelables.eu\/article\/actualites\/reglementations\/electricite-partagee-entre-voisins-le-conseil-detat-vient-de-changer-les-regles-1854\/"},"wordCount":1372,"commentCount":0,"publisher":{"@id":"https:\/\/www.les-energies-renouvelables.eu\/article\/actualites\/#organization"},"image":{"@id":"https:\/\/www.les-energies-renouvelables.eu\/article\/actualites\/reglementations\/electricite-partagee-entre-voisins-le-conseil-detat-vient-de-changer-les-regles-1854\/#primaryimage"},"thumbnailUrl":"https:\/\/www.les-energies-renouvelables.eu\/article\/actualites\/wp-content\/uploads\/2026\/09\/actualites-brouillon-auto-autoconsommation-collective-acc-scaled.webp","keywords":["Autoconsommation collective"],"articleSection":["R\u00e9glementations"],"inLanguage":"fr-FR","potentialAction":[{"@type":"CommentAction","name":"Comment","target":["https:\/\/www.les-energies-renouvelables.eu\/article\/actualites\/reglementations\/electricite-partagee-entre-voisins-le-conseil-detat-vient-de-changer-les-regles-1854\/#respond"]}]},{"@type":"WebPage","@id":"https:\/\/www.les-energies-renouvelables.eu\/article\/actualites\/reglementations\/electricite-partagee-entre-voisins-le-conseil-detat-vient-de-changer-les-regles-1854\/","url":"https:\/\/www.les-energies-renouvelables.eu\/article\/actualites\/reglementations\/electricite-partagee-entre-voisins-le-conseil-detat-vient-de-changer-les-regles-1854\/","name":"\u00c9lectricit\u00e9 partag\u00e9e : la taxe en moins en 2026 - ECOinfos","isPartOf":{"@id":"https:\/\/www.les-energies-renouvelables.eu\/article\/actualites\/#website"},"primaryImageOfPage":{"@id":"https:\/\/www.les-energies-renouvelables.eu\/article\/actualites\/reglementations\/electricite-partagee-entre-voisins-le-conseil-detat-vient-de-changer-les-regles-1854\/#primaryimage"},"image":{"@id":"https:\/\/www.les-energies-renouvelables.eu\/article\/actualites\/reglementations\/electricite-partagee-entre-voisins-le-conseil-detat-vient-de-changer-les-regles-1854\/#primaryimage"},"thumbnailUrl":"https:\/\/www.les-energies-renouvelables.eu\/article\/actualites\/wp-content\/uploads\/2026\/09\/actualites-brouillon-auto-autoconsommation-collective-acc-scaled.webp","datePublished":"2026-09-02T10:27:20+00:00","description":"Le Conseil d'\u00c9tat confirme : la taxe sur l'\u00e9lectricit\u00e9 partag\u00e9e entre voisins dispara\u00eet. Ce que cela change sur votre facture.","breadcrumb":{"@id":"https:\/\/www.les-energies-renouvelables.eu\/article\/actualites\/reglementations\/electricite-partagee-entre-voisins-le-conseil-detat-vient-de-changer-les-regles-1854\/#breadcrumb"},"inLanguage":"fr-FR","potentialAction":[{"@type":"ReadAction","target":["https:\/\/www.les-energies-renouvelables.eu\/article\/actualites\/reglementations\/electricite-partagee-entre-voisins-le-conseil-detat-vient-de-changer-les-regles-1854\/"]}]},{"@type":"ImageObject","inLanguage":"fr-FR","@id":"https:\/\/www.les-energies-renouvelables.eu\/article\/actualites\/reglementations\/electricite-partagee-entre-voisins-le-conseil-detat-vient-de-changer-les-regles-1854\/#primaryimage","url":"https:\/\/www.les-energies-renouvelables.eu\/article\/actualites\/wp-content\/uploads\/2026\/09\/actualites-brouillon-auto-autoconsommation-collective-acc-scaled.webp","contentUrl":"https:\/\/www.les-energies-renouvelables.eu\/article\/actualites\/wp-content\/uploads\/2026\/09\/actualites-brouillon-auto-autoconsommation-collective-acc-scaled.webp","width":1200,"height":675,"caption":"Des panneaux solaires install\u00e9s sur une toiture, dans le cadre d'une op\u00e9ration d'autoconsommation collective partag\u00e9e entre plusieurs foyers voisins."},{"@type":"BreadcrumbList","@id":"https:\/\/www.les-energies-renouvelables.eu\/article\/actualites\/reglementations\/electricite-partagee-entre-voisins-le-conseil-detat-vient-de-changer-les-regles-1854\/#breadcrumb","itemListElement":[{"@type":"ListItem","position":1,"name":"Accueil","item":"https:\/\/www.les-energies-renouvelables.eu\/article\/actualites\/"},{"@type":"ListItem","position":2,"name":"\u00c9lectricit\u00e9 partag\u00e9e entre voisins : le Conseil d&rsquo;\u00c9tat vient de changer les r\u00e8gles"}]},{"@type":"WebSite","@id":"https:\/\/www.les-energies-renouvelables.eu\/article\/actualites\/#website","url":"https:\/\/www.les-energies-renouvelables.eu\/article\/actualites\/","name":"ECOinfos Energies renouvelables","description":"Le d\u00e9cryptage quotidien du secteur des \u00e9nergies renouvelables","publisher":{"@id":"https:\/\/www.les-energies-renouvelables.eu\/article\/actualites\/#organization"},"potentialAction":[{"@type":"SearchAction","target":{"@type":"EntryPoint","urlTemplate":"https:\/\/www.les-energies-renouvelables.eu\/article\/actualites\/?s={search_term_string}"},"query-input":{"@type":"PropertyValueSpecification","valueRequired":true,"valueName":"search_term_string"}}],"inLanguage":"fr-FR"},{"@type":"Organization","@id":"https:\/\/www.les-energies-renouvelables.eu\/article\/actualites\/#organization","name":"ECOinfos Energies renouvelables","url":"https:\/\/www.les-energies-renouvelables.eu\/article\/actualites\/","logo":{"@type":"ImageObject","inLanguage":"fr-FR","@id":"https:\/\/www.les-energies-renouvelables.eu\/article\/actualites\/#\/schema\/logo\/image\/","url":"https:\/\/www.les-energies-renouvelables.eu\/article\/actualites\/wp-content\/uploads\/2025\/11\/ecoinfos.eldorado-consulting.com-logo-logo.svg","contentUrl":"https:\/\/www.les-energies-renouvelables.eu\/article\/actualites\/wp-content\/uploads\/2025\/11\/ecoinfos.eldorado-consulting.com-logo-logo.svg","caption":"ECOinfos Energies renouvelables"},"image":{"@id":"https:\/\/www.les-energies-renouvelables.eu\/article\/actualites\/#\/schema\/logo\/image\/"},"sameAs":["https:\/\/www.facebook.com\/ecoannuaire.energierenouvelable\/","https:\/\/x.com\/ECOinfosENR","https:\/\/www.linkedin.com\/company\/ecoinfos-energies-renouvelables\/","https:\/\/www.youtube.com\/@ecoinfosenergies","https:\/\/share.google\/dyKHJPxAV42WhhjbM"]},{"@type":"Person","@id":"https:\/\/www.les-energies-renouvelables.eu\/article\/actualites\/#\/schema\/person\/d0855c0c2d94ad36795f37b9a33c9f93","name":"Mathis Castelnau","image":{"@type":"ImageObject","inLanguage":"fr-FR","@id":"https:\/\/www.les-energies-renouvelables.eu\/article\/actualites\/wp-content\/uploads\/2026\/05\/actualites-mathis-castelnau-mathis-castelnau-160x160.jpeg","url":"https:\/\/www.les-energies-renouvelables.eu\/article\/actualites\/wp-content\/uploads\/2026\/05\/actualites-mathis-castelnau-mathis-castelnau-160x160.jpeg","contentUrl":"https:\/\/www.les-energies-renouvelables.eu\/article\/actualites\/wp-content\/uploads\/2026\/05\/actualites-mathis-castelnau-mathis-castelnau-160x160.jpeg","caption":"Mathis Castelnau"},"description":"Passionn\u00e9 par les \u00e9nergies renouvelables et le march\u00e9 de l\u2019\u00e9nergie, je d\u00e9crypte depuis plusieurs ann\u00e9es les \u00e9volutions techniques, r\u00e9glementaires et \u00e9conomiques du secteur. \u00c0 travers nos articles, nous analysons les enjeux du photovolta\u00efque, de la transition \u00e9nerg\u00e9tique, de l\u2019autoconsommation et des nouveaux mod\u00e8les \u00e9nerg\u00e9tiques qui redessinent le march\u00e9.","sameAs":["https:\/\/www.linkedin.com\/in\/mathis-castelnau\/"],"url":"https:\/\/www.les-energies-renouvelables.eu\/article\/actualites\/author\/mathis\/"}]}},"_links":{"self":[{"href":"https:\/\/www.les-energies-renouvelables.eu\/article\/actualites\/wp-json\/wp\/v2\/posts\/1854","targetHints":{"allow":["GET"]}}],"collection":[{"href":"https:\/\/www.les-energies-renouvelables.eu\/article\/actualites\/wp-json\/wp\/v2\/posts"}],"about":[{"href":"https:\/\/www.les-energies-renouvelables.eu\/article\/actualites\/wp-json\/wp\/v2\/types\/post"}],"author":[{"embeddable":true,"href":"https:\/\/www.les-energies-renouvelables.eu\/article\/actualites\/wp-json\/wp\/v2\/users\/3"}],"replies":[{"embeddable":true,"href":"https:\/\/www.les-energies-renouvelables.eu\/article\/actualites\/wp-json\/wp\/v2\/comments?post=1854"}],"version-history":[{"count":2,"href":"https:\/\/www.les-energies-renouvelables.eu\/article\/actualites\/wp-json\/wp\/v2\/posts\/1854\/revisions"}],"predecessor-version":[{"id":1861,"href":"https:\/\/www.les-energies-renouvelables.eu\/article\/actualites\/wp-json\/wp\/v2\/posts\/1854\/revisions\/1861"}],"wp:featuredmedia":[{"embeddable":true,"href":"https:\/\/www.les-energies-renouvelables.eu\/article\/actualites\/wp-json\/wp\/v2\/media\/1855"}],"wp:attachment":[{"href":"https:\/\/www.les-energies-renouvelables.eu\/article\/actualites\/wp-json\/wp\/v2\/media?parent=1854"}],"wp:term":[{"taxonomy":"category","embeddable":true,"href":"https:\/\/www.les-energies-renouvelables.eu\/article\/actualites\/wp-json\/wp\/v2\/categories?post=1854"},{"taxonomy":"post_tag","embeddable":true,"href":"https:\/\/www.les-energies-renouvelables.eu\/article\/actualites\/wp-json\/wp\/v2\/tags?post=1854"}],"curies":[{"name":"wp","href":"https:\/\/api.w.org\/{rel}","templated":true}]}}