{"id":182,"date":"2025-12-27T08:00:00","date_gmt":"2025-12-27T07:00:00","guid":{"rendered":"https:\/\/www.les-energies-renouvelables.eu\/article\/actualites\/?p=182"},"modified":"2025-12-26T17:10:09","modified_gmt":"2025-12-26T16:10:09","slug":"recrutement-des-cadres-la-competence-verte-simpose-dans-tous-les-metiers","status":"publish","type":"post","link":"https:\/\/www.les-energies-renouvelables.eu\/article\/actualites\/energies\/recrutement-des-cadres-la-competence-verte-simpose-dans-tous-les-metiers-182\/","title":{"rendered":"Recrutement des cadres : la comp\u00e9tence verte s\u2019impose dans tous les m\u00e9tiers"},"content":{"rendered":"\n<p>Resum\u00e9 :&nbsp;<\/p>\n\n\n\n<ul class=\"wp-block-list\">\n<li><strong>Un standard \u00e9mergent :<\/strong> 25 % des offres d&#8217;emploi cadres publi\u00e9es par l&rsquo;Apec en 2024 exigent une comp\u00e9tence environnementale.<\/li>\n\n\n\n<li><strong>Une explosion de la demande :<\/strong> Le volume d&rsquo;offres li\u00e9es \u00e0 la <strong>transition \u00e9cologique<\/strong> a \u00e9t\u00e9 multipli\u00e9 par 4 en l&rsquo;espace de six ans.<\/li>\n\n\n\n<li><strong>Transversalit\u00e9 totale :<\/strong> La <strong>directive CSRD<\/strong> et les enjeux de d\u00e9carbonation industrielle touchent d\u00e9sormais toutes les familles de m\u00e9tiers.<\/li>\n<\/ul>\n\n\n\n<p>Malgr\u00e9 un march\u00e9 du travail morose, une dynamique singuli\u00e8re redessine les contours du recrutement : le verdissement des profils. Selon une \u00e9tude de l&rsquo;<strong>Apec publi\u00e9e en 2024<\/strong> portant sur les comp\u00e9tences environnementales, pr\u00e8s d&rsquo;un quart des offres d&#8217;emploi destin\u00e9es aux cadres int\u00e8grent d\u00e9sormais une dimension \u00e9cologique. Cette progression, en hausse de <strong>8 points par rapport \u00e0 2019<\/strong>, t\u00e9moigne d&rsquo;une int\u00e9gration irr\u00e9versible des <strong>enjeux climatiques<\/strong> au c\u0153ur de la strat\u00e9gie des entreprises fran\u00e7aises.<\/p>\n\n\n\n<h2 class=\"wp-block-heading\">La transition \u00e9cologique, nouveau moteur du recrutement cadre<\/h2>\n\n\n\n<p>L&rsquo;analyse des flux de recrutement r\u00e9v\u00e8le un changement d&rsquo;\u00e9chelle spectaculaire. En l&rsquo;espace de six ans, le volume d&rsquo;opportunit\u00e9s a litt\u00e9ralement explos\u00e9 : l&rsquo;Apec a recens\u00e9 <strong>11 500 offres d&#8217;emploi<\/strong> sp\u00e9cifiquement associ\u00e9es aux enjeux de transition (bilan carbone, gaz \u00e0 effet de serre, empreinte climatique).<\/p>\n\n\n\n<p>Cette croissance est port\u00e9e par des secteurs cl\u00e9s de l&rsquo;\u00e9conomie. Si l&rsquo;<strong>immobilier<\/strong> voit ses besoins doubler sur la p\u00e9riode, d&rsquo;autres domaines affichent des hausses significatives : +10 points dans l&rsquo;analyse et la R&amp;D et jusqu&rsquo;\u00e0 +16 points dans l&rsquo;<strong>am\u00e9nagement du territoire<\/strong>. Pour ECOinfos, cette tendance confirme que les <strong>\u00e9nergies renouvelables<\/strong> et l&rsquo;efficacit\u00e9 \u00e9nerg\u00e9tique sont les v\u00e9ritables catalyseurs de cette nouvelle architecture du march\u00e9 de l&#8217;emploi.<\/p>\n\n\n\n<h2 class=\"wp-block-heading\">Vers une d\u00e9carbonation transversale de tous les m\u00e9tiers<\/h2>\n\n\n\n<p>La d\u00e9carbonation n&rsquo;est plus l&rsquo;apanage des seuls experts RSE. L&rsquo;\u00e9tude souligne une \u00ab dimension transversale \u00bb qui irrigue d\u00e9sormais toutes les fonctions de l&rsquo;entreprise.<\/p>\n\n\n\n<p><strong>Le levier r\u00e9glementaire de la CSRD<\/strong> Le management environnemental devient un pilier de la performance financi\u00e8re. Avec le d\u00e9ploiement de la <strong>directive CSRD<\/strong> (Corporate Sustainability Reporting Directive), les entreprises recherchent activement des cadres capables de piloter le <strong>reporting extra-financier<\/strong>. La ma\u00eetrise des <strong>bilans carbone<\/strong> et la mise en \u0153uvre de politiques d&rsquo;achats durables sont devenues des comp\u00e9tences critiques.<\/p>\n\n\n\n<p><strong>Ing\u00e9nierie et industrie : les nouveaux visages de la d\u00e9carbonation<\/strong> Dans le BTP, les recruteurs privil\u00e9gient d\u00e9sormais les profils capables de g\u00e9rer la <strong>r\u00e9cup\u00e9ration de chaleur<\/strong> ou la pr\u00e9servation de la biodiversit\u00e9. Dans l&rsquo;industrie d\u00e9carbon\u00e9e, des intitul\u00e9s de postes \u00e9mergent comme de nouveaux standards : <strong>chef de projet d\u00e9carbonation industriel<\/strong>, analyste financier durable ou encore responsable informatique vert.<\/p>\n\n\n\n<h4 class=\"wp-block-heading\"><strong>III. Les comp\u00e9tences les plus recherch\u00e9es par les employeurs<\/strong><\/h4>\n\n\n\n<p>L&rsquo;expertise attendue combine savoir-faire techniques et vision strat\u00e9gique. Parmi les comp\u00e9tences les plus cit\u00e9es par les recruteurs, on retrouve :<\/p>\n\n\n\n<ul class=\"wp-block-list\">\n<li><strong>Expertises techniques :<\/strong> Ma\u00eetrise des <strong>\u00e9nergies renouvelables (EnR)<\/strong>, ing\u00e9nierie de la r\u00e9cup\u00e9ration de chaleur, \u00e9coconception et biotechnologies.<\/li>\n\n\n\n<li><strong>Pilotes strat\u00e9giques :<\/strong> Capacit\u00e9 \u00e0 r\u00e9aliser un bilan carbone, gestion juridique des nouvelles normes et protection de la biodiversit\u00e9.<\/li>\n<\/ul>\n\n\n\n<h2 class=\"wp-block-heading\">Horizon 2030 : Le d\u00e9fi du volume et de la formation<\/h2>\n\n\n\n<p>Les projections de <strong>France Strat\u00e9gie et de la Dares<\/strong> (bas\u00e9es sur les donn\u00e9es de 2022) estiment que la d\u00e9carbonation pourrait engendrer la cr\u00e9ation de centaines de milliers d&#8217;emplois de cadres et d&rsquo;ing\u00e9nieurs d&rsquo;ici 2030.<\/p>\n\n\n\n<p>Cependant, le succ\u00e8s de cette transition repose sur un maillon faible : la <strong>formation<\/strong>. H\u00e9l\u00e8ne Garner (Apec) constate un d\u00e9calage entre l&rsquo;urgence des besoins en entreprise et une offre de formation qui peine encore \u00e0 suivre le rythme. Pour les cadres, l&rsquo;<strong>adaptabilit\u00e9<\/strong> devient la cl\u00e9 de vo\u00fbte de l&rsquo;<strong>employabilit\u00e9<\/strong> pour la d\u00e9cennie \u00e0 venir.La comp\u00e9tence verte n&rsquo;est plus une option : elle devient un pilier standard du <strong>recrutement cadre<\/strong>. Pour les professionnels de l&rsquo;\u00e9nergie, cette mutation repr\u00e9sente une opportunit\u00e9 historique de valoriser des expertises techniques au service de la strat\u00e9gie globale des entreprises.<\/p>\n","protected":false},"excerpt":{"rendered":"","protected":false},"author":2,"featured_media":184,"comment_status":"closed","ping_status":"closed","sticky":false,"template":"","format":"standard","meta":{"footnotes":""},"categories":[1],"tags":[],"class_list":["post-182","post","type-post","status-publish","format-standard","has-post-thumbnail","hentry","category-energies","masonry-post","generate-columns","tablet-grid-50","mobile-grid-100","grid-parent","grid-33"],"yoast_head":"<!-- This site is optimized with the Yoast SEO plugin v26.6 - https:\/\/yoast.com\/wordpress\/plugins\/seo\/ -->\n<title>Recrutement des cadres : la comp\u00e9tence verte s\u2019impose dans tous les m\u00e9tiers - ECOinfos<\/title>\n<meta name=\"description\" content=\"L&#039;Apec r\u00e9v\u00e8le que 25 % des offres cadres exigent d\u00e9sormais des comp\u00e9tences vertes. D\u00e9cryptage d&#039;un march\u00e9 boost\u00e9 par la directive CSRD et la d\u00e9carbonation.\" \/>\n<meta name=\"robots\" content=\"index, follow, max-snippet:-1, max-image-preview:large, max-video-preview:-1\" \/>\n<link rel=\"canonical\" href=\"https:\/\/www.les-energies-renouvelables.eu\/article\/actualites\/energies\/recrutement-des-cadres-la-competence-verte-simpose-dans-tous-les-metiers-182\/\" \/>\n<meta property=\"og:locale\" content=\"fr_FR\" \/>\n<meta property=\"og:type\" content=\"article\" \/>\n<meta property=\"og:title\" content=\"Recrutement des cadres : la comp\u00e9tence verte s\u2019impose dans tous les m\u00e9tiers - ECOinfos\" \/>\n<meta property=\"og:description\" content=\"L&#039;Apec r\u00e9v\u00e8le que 25 % des offres cadres exigent d\u00e9sormais des comp\u00e9tences vertes. D\u00e9cryptage d&#039;un march\u00e9 boost\u00e9 par la directive CSRD et la d\u00e9carbonation.\" \/>\n<meta property=\"og:url\" content=\"https:\/\/www.les-energies-renouvelables.eu\/article\/actualites\/energies\/recrutement-des-cadres-la-competence-verte-simpose-dans-tous-les-metiers-182\/\" \/>\n<meta property=\"og:site_name\" content=\"ECOinfos Energies renouvelables\" \/>\n<meta property=\"article:publisher\" content=\"https:\/\/www.facebook.com\/ecoannuaire.energierenouvelable\/\" \/>\n<meta property=\"article:author\" content=\"https:\/\/www.facebook.com\/tictacf2c\/\" \/>\n<meta property=\"article:published_time\" content=\"2025-12-27T07:00:00+00:00\" \/>\n<meta property=\"og:image\" content=\"https:\/\/www.les-energies-renouvelables.eu\/article\/actualites\/wp-content\/uploads\/2025\/12\/actualites-recrutement-des-cadres-la-competence-verte-simpose-dans-tous-les-metiers-emploi-cadre-transition-ecologique-.jpg\" \/>\n\t<meta property=\"og:image:width\" content=\"1200\" \/>\n\t<meta property=\"og:image:height\" content=\"675\" \/>\n\t<meta property=\"og:image:type\" content=\"image\/jpeg\" \/>\n<meta name=\"author\" content=\"Alexia JACQUARD\" \/>\n<meta name=\"twitter:card\" content=\"summary_large_image\" \/>\n<meta name=\"twitter:creator\" content=\"@alexiajcrd\" \/>\n<meta name=\"twitter:site\" content=\"@ECOinfosENR\" \/>\n<meta name=\"twitter:label1\" content=\"\u00c9crit par\" \/>\n\t<meta name=\"twitter:data1\" content=\"Alexia JACQUARD\" \/>\n\t<meta name=\"twitter:label2\" content=\"Dur\u00e9e de lecture estim\u00e9e\" \/>\n\t<meta name=\"twitter:data2\" content=\"1 minute\" \/>\n<script type=\"application\/ld+json\" class=\"yoast-schema-graph\">{\"@context\":\"https:\/\/schema.org\",\"@graph\":[{\"@type\":\"Article\",\"@id\":\"https:\/\/www.les-energies-renouvelables.eu\/article\/actualites\/energies\/recrutement-des-cadres-la-competence-verte-simpose-dans-tous-les-metiers-182\/#article\",\"isPartOf\":{\"@id\":\"https:\/\/www.les-energies-renouvelables.eu\/article\/actualites\/energies\/recrutement-des-cadres-la-competence-verte-simpose-dans-tous-les-metiers-182\/\"},\"author\":{\"name\":\"Alexia JACQUARD\",\"@id\":\"https:\/\/www.les-energies-renouvelables.eu\/article\/actualites\/#\/schema\/person\/2c7d09eb5ca339c12ca8d86145440169\"},\"headline\":\"Recrutement des cadres : la comp\u00e9tence verte s\u2019impose dans tous les m\u00e9tiers\",\"datePublished\":\"2025-12-27T07:00:00+00:00\",\"mainEntityOfPage\":{\"@id\":\"https:\/\/www.les-energies-renouvelables.eu\/article\/actualites\/energies\/recrutement-des-cadres-la-competence-verte-simpose-dans-tous-les-metiers-182\/\"},\"wordCount\":700,\"publisher\":{\"@id\":\"https:\/\/www.les-energies-renouvelables.eu\/article\/actualites\/#organization\"},\"image\":{\"@id\":\"https:\/\/www.les-energies-renouvelables.eu\/article\/actualites\/energies\/recrutement-des-cadres-la-competence-verte-simpose-dans-tous-les-metiers-182\/#primaryimage\"},\"thumbnailUrl\":\"https:\/\/www.les-energies-renouvelables.eu\/article\/actualites\/wp-content\/uploads\/2025\/12\/actualites-recrutement-des-cadres-la-competence-verte-simpose-dans-tous-les-metiers-emploi-cadre-transition-ecologique-.jpg\",\"articleSection\":[\"\u00c9nergies\"],\"inLanguage\":\"fr-FR\"},{\"@type\":\"WebPage\",\"@id\":\"https:\/\/www.les-energies-renouvelables.eu\/article\/actualites\/energies\/recrutement-des-cadres-la-competence-verte-simpose-dans-tous-les-metiers-182\/\",\"url\":\"https:\/\/www.les-energies-renouvelables.eu\/article\/actualites\/energies\/recrutement-des-cadres-la-competence-verte-simpose-dans-tous-les-metiers-182\/\",\"name\":\"Recrutement des cadres : la comp\u00e9tence verte s\u2019impose dans tous les m\u00e9tiers - ECOinfos\",\"isPartOf\":{\"@id\":\"https:\/\/www.les-energies-renouvelables.eu\/article\/actualites\/#website\"},\"primaryImageOfPage\":{\"@id\":\"https:\/\/www.les-energies-renouvelables.eu\/article\/actualites\/energies\/recrutement-des-cadres-la-competence-verte-simpose-dans-tous-les-metiers-182\/#primaryimage\"},\"image\":{\"@id\":\"https:\/\/www.les-energies-renouvelables.eu\/article\/actualites\/energies\/recrutement-des-cadres-la-competence-verte-simpose-dans-tous-les-metiers-182\/#primaryimage\"},\"thumbnailUrl\":\"https:\/\/www.les-energies-renouvelables.eu\/article\/actualites\/wp-content\/uploads\/2025\/12\/actualites-recrutement-des-cadres-la-competence-verte-simpose-dans-tous-les-metiers-emploi-cadre-transition-ecologique-.jpg\",\"datePublished\":\"2025-12-27T07:00:00+00:00\",\"description\":\"L'Apec r\u00e9v\u00e8le que 25 % des offres cadres exigent d\u00e9sormais des comp\u00e9tences vertes. D\u00e9cryptage d'un march\u00e9 boost\u00e9 par la directive CSRD et la d\u00e9carbonation.\",\"breadcrumb\":{\"@id\":\"https:\/\/www.les-energies-renouvelables.eu\/article\/actualites\/energies\/recrutement-des-cadres-la-competence-verte-simpose-dans-tous-les-metiers-182\/#breadcrumb\"},\"inLanguage\":\"fr-FR\",\"potentialAction\":[{\"@type\":\"ReadAction\",\"target\":[\"https:\/\/www.les-energies-renouvelables.eu\/article\/actualites\/energies\/recrutement-des-cadres-la-competence-verte-simpose-dans-tous-les-metiers-182\/\"]}]},{\"@type\":\"ImageObject\",\"inLanguage\":\"fr-FR\",\"@id\":\"https:\/\/www.les-energies-renouvelables.eu\/article\/actualites\/energies\/recrutement-des-cadres-la-competence-verte-simpose-dans-tous-les-metiers-182\/#primaryimage\",\"url\":\"https:\/\/www.les-energies-renouvelables.eu\/article\/actualites\/wp-content\/uploads\/2025\/12\/actualites-recrutement-des-cadres-la-competence-verte-simpose-dans-tous-les-metiers-emploi-cadre-transition-ecologique-.jpg\",\"contentUrl\":\"https:\/\/www.les-energies-renouvelables.eu\/article\/actualites\/wp-content\/uploads\/2025\/12\/actualites-recrutement-des-cadres-la-competence-verte-simpose-dans-tous-les-metiers-emploi-cadre-transition-ecologique-.jpg\",\"width\":1200,\"height\":675,\"caption\":\"Ideogram\"},{\"@type\":\"BreadcrumbList\",\"@id\":\"https:\/\/www.les-energies-renouvelables.eu\/article\/actualites\/energies\/recrutement-des-cadres-la-competence-verte-simpose-dans-tous-les-metiers-182\/#breadcrumb\",\"itemListElement\":[{\"@type\":\"ListItem\",\"position\":1,\"name\":\"Accueil\",\"item\":\"https:\/\/www.les-energies-renouvelables.eu\/article\/actualites\/\"},{\"@type\":\"ListItem\",\"position\":2,\"name\":\"Recrutement des cadres : la comp\u00e9tence verte s\u2019impose dans tous les m\u00e9tiers\"}]},{\"@type\":\"WebSite\",\"@id\":\"https:\/\/www.les-energies-renouvelables.eu\/article\/actualites\/#website\",\"url\":\"https:\/\/www.les-energies-renouvelables.eu\/article\/actualites\/\",\"name\":\"ECOinfos Energies renouvelables\",\"description\":\"Le d\u00e9cryptage quotidien du secteur des \u00e9nergies renouvelables\",\"publisher\":{\"@id\":\"https:\/\/www.les-energies-renouvelables.eu\/article\/actualites\/#organization\"},\"potentialAction\":[{\"@type\":\"SearchAction\",\"target\":{\"@type\":\"EntryPoint\",\"urlTemplate\":\"https:\/\/www.les-energies-renouvelables.eu\/article\/actualites\/?s={search_term_string}\"},\"query-input\":{\"@type\":\"PropertyValueSpecification\",\"valueRequired\":true,\"valueName\":\"search_term_string\"}}],\"inLanguage\":\"fr-FR\"},{\"@type\":\"Organization\",\"@id\":\"https:\/\/www.les-energies-renouvelables.eu\/article\/actualites\/#organization\",\"name\":\"ECOinfos Energies renouvelables\",\"url\":\"https:\/\/www.les-energies-renouvelables.eu\/article\/actualites\/\",\"logo\":{\"@type\":\"ImageObject\",\"inLanguage\":\"fr-FR\",\"@id\":\"https:\/\/www.les-energies-renouvelables.eu\/article\/actualites\/#\/schema\/logo\/image\/\",\"url\":\"https:\/\/www.les-energies-renouvelables.eu\/article\/actualites\/wp-content\/uploads\/2025\/11\/ecoinfos.eldorado-consulting.com-logo-logo.svg\",\"contentUrl\":\"https:\/\/www.les-energies-renouvelables.eu\/article\/actualites\/wp-content\/uploads\/2025\/11\/ecoinfos.eldorado-consulting.com-logo-logo.svg\",\"caption\":\"ECOinfos Energies renouvelables\"},\"image\":{\"@id\":\"https:\/\/www.les-energies-renouvelables.eu\/article\/actualites\/#\/schema\/logo\/image\/\"},\"sameAs\":[\"https:\/\/www.facebook.com\/ecoannuaire.energierenouvelable\/\",\"https:\/\/x.com\/ECOinfosENR\",\"https:\/\/www.linkedin.com\/company\/ecoinfos-energies-renouvelables\/\",\"https:\/\/www.youtube.com\/@ecoinfosenergies\",\"https:\/\/share.google\/dyKHJPxAV42WhhjbM\"]},{\"@type\":\"Person\",\"@id\":\"https:\/\/www.les-energies-renouvelables.eu\/article\/actualites\/#\/schema\/person\/2c7d09eb5ca339c12ca8d86145440169\",\"name\":\"Alexia JACQUARD\",\"pronouns\":\"elle\/elle\",\"image\":{\"@type\":\"ImageObject\",\"inLanguage\":\"fr-FR\",\"@id\":\"https:\/\/www.les-energies-renouvelables.eu\/article\/actualites\/#\/schema\/person\/image\/\",\"url\":\"https:\/\/www.les-energies-renouvelables.eu\/article\/actualites\/wp-content\/uploads\/2026\/01\/actualites-alexia-jacquard-alexia-jacquard-160x160.jpg\",\"contentUrl\":\"https:\/\/www.les-energies-renouvelables.eu\/article\/actualites\/wp-content\/uploads\/2026\/01\/actualites-alexia-jacquard-alexia-jacquard-160x160.jpg\",\"caption\":\"Alexia JACQUARD\"},\"description\":\"Curieuse de nature et attentif aux enjeux du d\u00e9veloppement durable, Alexia Jacquard suit l'actualit\u00e9 des \u00e9nergies renouvelables pour partager les derni\u00e8res nouveaut\u00e9s du secteur. Elle s'attache \u00e0 retranscrire simplement les informations cl\u00e9s et les initiatives positives qui marquent la transition \u00e9nerg\u00e9tique. Son objectif : proposer des articles d'actualit\u00e9 clairs et accessibles pour tous ceux qui s'int\u00e9ressent \u00e0 l'avenir de notre \u00e9nergie.\",\"sameAs\":[\"https:\/\/alexia-jacquard.fr\",\"https:\/\/www.facebook.com\/tictacf2c\/\",\"https:\/\/www.instagram.com\/alexia_redac\/\",\"https:\/\/www.linkedin.com\/in\/alexia-jacquard-449a4b289\/\",\"https:\/\/fr.pinterest.com\/alexiajacquard\/\",\"https:\/\/x.com\/alexiajcrd\",\"https:\/\/www.youtube.com\/@Thepaindemie\",\"https:\/\/muckrack.com\/alexia-jacquard\"],\"url\":\"https:\/\/www.les-energies-renouvelables.eu\/article\/actualites\/author\/alexia-jacquard\/\"}]}<\/script>\n<!-- \/ Yoast SEO plugin. -->","yoast_head_json":{"title":"Recrutement des cadres : la comp\u00e9tence verte s\u2019impose dans tous les m\u00e9tiers - ECOinfos","description":"L'Apec r\u00e9v\u00e8le que 25 % des offres cadres exigent d\u00e9sormais des comp\u00e9tences vertes. D\u00e9cryptage d'un march\u00e9 boost\u00e9 par la directive CSRD et la d\u00e9carbonation.","robots":{"index":"index","follow":"follow","max-snippet":"max-snippet:-1","max-image-preview":"max-image-preview:large","max-video-preview":"max-video-preview:-1"},"canonical":"https:\/\/www.les-energies-renouvelables.eu\/article\/actualites\/energies\/recrutement-des-cadres-la-competence-verte-simpose-dans-tous-les-metiers-182\/","og_locale":"fr_FR","og_type":"article","og_title":"Recrutement des cadres : la comp\u00e9tence verte s\u2019impose dans tous les m\u00e9tiers - ECOinfos","og_description":"L'Apec r\u00e9v\u00e8le que 25 % des offres cadres exigent d\u00e9sormais des comp\u00e9tences vertes. D\u00e9cryptage d'un march\u00e9 boost\u00e9 par la directive CSRD et la d\u00e9carbonation.","og_url":"https:\/\/www.les-energies-renouvelables.eu\/article\/actualites\/energies\/recrutement-des-cadres-la-competence-verte-simpose-dans-tous-les-metiers-182\/","og_site_name":"ECOinfos Energies renouvelables","article_publisher":"https:\/\/www.facebook.com\/ecoannuaire.energierenouvelable\/","article_author":"https:\/\/www.facebook.com\/tictacf2c\/","article_published_time":"2025-12-27T07:00:00+00:00","og_image":[{"width":1200,"height":675,"url":"https:\/\/www.les-energies-renouvelables.eu\/article\/actualites\/wp-content\/uploads\/2025\/12\/actualites-recrutement-des-cadres-la-competence-verte-simpose-dans-tous-les-metiers-emploi-cadre-transition-ecologique-.jpg","type":"image\/jpeg"}],"author":"Alexia JACQUARD","twitter_card":"summary_large_image","twitter_creator":"@alexiajcrd","twitter_site":"@ECOinfosENR","twitter_misc":{"\u00c9crit par":"Alexia JACQUARD","Dur\u00e9e de lecture estim\u00e9e":"1 minute"},"schema":{"@context":"https:\/\/schema.org","@graph":[{"@type":"Article","@id":"https:\/\/www.les-energies-renouvelables.eu\/article\/actualites\/energies\/recrutement-des-cadres-la-competence-verte-simpose-dans-tous-les-metiers-182\/#article","isPartOf":{"@id":"https:\/\/www.les-energies-renouvelables.eu\/article\/actualites\/energies\/recrutement-des-cadres-la-competence-verte-simpose-dans-tous-les-metiers-182\/"},"author":{"name":"Alexia JACQUARD","@id":"https:\/\/www.les-energies-renouvelables.eu\/article\/actualites\/#\/schema\/person\/2c7d09eb5ca339c12ca8d86145440169"},"headline":"Recrutement des cadres : la comp\u00e9tence verte s\u2019impose dans tous les m\u00e9tiers","datePublished":"2025-12-27T07:00:00+00:00","mainEntityOfPage":{"@id":"https:\/\/www.les-energies-renouvelables.eu\/article\/actualites\/energies\/recrutement-des-cadres-la-competence-verte-simpose-dans-tous-les-metiers-182\/"},"wordCount":700,"publisher":{"@id":"https:\/\/www.les-energies-renouvelables.eu\/article\/actualites\/#organization"},"image":{"@id":"https:\/\/www.les-energies-renouvelables.eu\/article\/actualites\/energies\/recrutement-des-cadres-la-competence-verte-simpose-dans-tous-les-metiers-182\/#primaryimage"},"thumbnailUrl":"https:\/\/www.les-energies-renouvelables.eu\/article\/actualites\/wp-content\/uploads\/2025\/12\/actualites-recrutement-des-cadres-la-competence-verte-simpose-dans-tous-les-metiers-emploi-cadre-transition-ecologique-.jpg","articleSection":["\u00c9nergies"],"inLanguage":"fr-FR"},{"@type":"WebPage","@id":"https:\/\/www.les-energies-renouvelables.eu\/article\/actualites\/energies\/recrutement-des-cadres-la-competence-verte-simpose-dans-tous-les-metiers-182\/","url":"https:\/\/www.les-energies-renouvelables.eu\/article\/actualites\/energies\/recrutement-des-cadres-la-competence-verte-simpose-dans-tous-les-metiers-182\/","name":"Recrutement des cadres : la comp\u00e9tence verte s\u2019impose dans tous les m\u00e9tiers - ECOinfos","isPartOf":{"@id":"https:\/\/www.les-energies-renouvelables.eu\/article\/actualites\/#website"},"primaryImageOfPage":{"@id":"https:\/\/www.les-energies-renouvelables.eu\/article\/actualites\/energies\/recrutement-des-cadres-la-competence-verte-simpose-dans-tous-les-metiers-182\/#primaryimage"},"image":{"@id":"https:\/\/www.les-energies-renouvelables.eu\/article\/actualites\/energies\/recrutement-des-cadres-la-competence-verte-simpose-dans-tous-les-metiers-182\/#primaryimage"},"thumbnailUrl":"https:\/\/www.les-energies-renouvelables.eu\/article\/actualites\/wp-content\/uploads\/2025\/12\/actualites-recrutement-des-cadres-la-competence-verte-simpose-dans-tous-les-metiers-emploi-cadre-transition-ecologique-.jpg","datePublished":"2025-12-27T07:00:00+00:00","description":"L'Apec r\u00e9v\u00e8le que 25 % des offres cadres exigent d\u00e9sormais des comp\u00e9tences vertes. D\u00e9cryptage d'un march\u00e9 boost\u00e9 par la directive CSRD et la d\u00e9carbonation.","breadcrumb":{"@id":"https:\/\/www.les-energies-renouvelables.eu\/article\/actualites\/energies\/recrutement-des-cadres-la-competence-verte-simpose-dans-tous-les-metiers-182\/#breadcrumb"},"inLanguage":"fr-FR","potentialAction":[{"@type":"ReadAction","target":["https:\/\/www.les-energies-renouvelables.eu\/article\/actualites\/energies\/recrutement-des-cadres-la-competence-verte-simpose-dans-tous-les-metiers-182\/"]}]},{"@type":"ImageObject","inLanguage":"fr-FR","@id":"https:\/\/www.les-energies-renouvelables.eu\/article\/actualites\/energies\/recrutement-des-cadres-la-competence-verte-simpose-dans-tous-les-metiers-182\/#primaryimage","url":"https:\/\/www.les-energies-renouvelables.eu\/article\/actualites\/wp-content\/uploads\/2025\/12\/actualites-recrutement-des-cadres-la-competence-verte-simpose-dans-tous-les-metiers-emploi-cadre-transition-ecologique-.jpg","contentUrl":"https:\/\/www.les-energies-renouvelables.eu\/article\/actualites\/wp-content\/uploads\/2025\/12\/actualites-recrutement-des-cadres-la-competence-verte-simpose-dans-tous-les-metiers-emploi-cadre-transition-ecologique-.jpg","width":1200,"height":675,"caption":"Ideogram"},{"@type":"BreadcrumbList","@id":"https:\/\/www.les-energies-renouvelables.eu\/article\/actualites\/energies\/recrutement-des-cadres-la-competence-verte-simpose-dans-tous-les-metiers-182\/#breadcrumb","itemListElement":[{"@type":"ListItem","position":1,"name":"Accueil","item":"https:\/\/www.les-energies-renouvelables.eu\/article\/actualites\/"},{"@type":"ListItem","position":2,"name":"Recrutement des cadres : la comp\u00e9tence verte s\u2019impose dans tous les m\u00e9tiers"}]},{"@type":"WebSite","@id":"https:\/\/www.les-energies-renouvelables.eu\/article\/actualites\/#website","url":"https:\/\/www.les-energies-renouvelables.eu\/article\/actualites\/","name":"ECOinfos Energies renouvelables","description":"Le d\u00e9cryptage quotidien du secteur des \u00e9nergies renouvelables","publisher":{"@id":"https:\/\/www.les-energies-renouvelables.eu\/article\/actualites\/#organization"},"potentialAction":[{"@type":"SearchAction","target":{"@type":"EntryPoint","urlTemplate":"https:\/\/www.les-energies-renouvelables.eu\/article\/actualites\/?s={search_term_string}"},"query-input":{"@type":"PropertyValueSpecification","valueRequired":true,"valueName":"search_term_string"}}],"inLanguage":"fr-FR"},{"@type":"Organization","@id":"https:\/\/www.les-energies-renouvelables.eu\/article\/actualites\/#organization","name":"ECOinfos Energies renouvelables","url":"https:\/\/www.les-energies-renouvelables.eu\/article\/actualites\/","logo":{"@type":"ImageObject","inLanguage":"fr-FR","@id":"https:\/\/www.les-energies-renouvelables.eu\/article\/actualites\/#\/schema\/logo\/image\/","url":"https:\/\/www.les-energies-renouvelables.eu\/article\/actualites\/wp-content\/uploads\/2025\/11\/ecoinfos.eldorado-consulting.com-logo-logo.svg","contentUrl":"https:\/\/www.les-energies-renouvelables.eu\/article\/actualites\/wp-content\/uploads\/2025\/11\/ecoinfos.eldorado-consulting.com-logo-logo.svg","caption":"ECOinfos Energies renouvelables"},"image":{"@id":"https:\/\/www.les-energies-renouvelables.eu\/article\/actualites\/#\/schema\/logo\/image\/"},"sameAs":["https:\/\/www.facebook.com\/ecoannuaire.energierenouvelable\/","https:\/\/x.com\/ECOinfosENR","https:\/\/www.linkedin.com\/company\/ecoinfos-energies-renouvelables\/","https:\/\/www.youtube.com\/@ecoinfosenergies","https:\/\/share.google\/dyKHJPxAV42WhhjbM"]},{"@type":"Person","@id":"https:\/\/www.les-energies-renouvelables.eu\/article\/actualites\/#\/schema\/person\/2c7d09eb5ca339c12ca8d86145440169","name":"Alexia JACQUARD","pronouns":"elle\/elle","image":{"@type":"ImageObject","inLanguage":"fr-FR","@id":"https:\/\/www.les-energies-renouvelables.eu\/article\/actualites\/#\/schema\/person\/image\/","url":"https:\/\/www.les-energies-renouvelables.eu\/article\/actualites\/wp-content\/uploads\/2026\/01\/actualites-alexia-jacquard-alexia-jacquard-160x160.jpg","contentUrl":"https:\/\/www.les-energies-renouvelables.eu\/article\/actualites\/wp-content\/uploads\/2026\/01\/actualites-alexia-jacquard-alexia-jacquard-160x160.jpg","caption":"Alexia JACQUARD"},"description":"Curieuse de nature et attentif aux enjeux du d\u00e9veloppement durable, Alexia Jacquard suit l'actualit\u00e9 des \u00e9nergies renouvelables pour partager les derni\u00e8res nouveaut\u00e9s du secteur. Elle s'attache \u00e0 retranscrire simplement les informations cl\u00e9s et les initiatives positives qui marquent la transition \u00e9nerg\u00e9tique. Son objectif : proposer des articles d'actualit\u00e9 clairs et accessibles pour tous ceux qui s'int\u00e9ressent \u00e0 l'avenir de notre \u00e9nergie.","sameAs":["https:\/\/alexia-jacquard.fr","https:\/\/www.facebook.com\/tictacf2c\/","https:\/\/www.instagram.com\/alexia_redac\/","https:\/\/www.linkedin.com\/in\/alexia-jacquard-449a4b289\/","https:\/\/fr.pinterest.com\/alexiajacquard\/","https:\/\/x.com\/alexiajcrd","https:\/\/www.youtube.com\/@Thepaindemie","https:\/\/muckrack.com\/alexia-jacquard"],"url":"https:\/\/www.les-energies-renouvelables.eu\/article\/actualites\/author\/alexia-jacquard\/"}]}},"_links":{"self":[{"href":"https:\/\/www.les-energies-renouvelables.eu\/article\/actualites\/wp-json\/wp\/v2\/posts\/182","targetHints":{"allow":["GET"]}}],"collection":[{"href":"https:\/\/www.les-energies-renouvelables.eu\/article\/actualites\/wp-json\/wp\/v2\/posts"}],"about":[{"href":"https:\/\/www.les-energies-renouvelables.eu\/article\/actualites\/wp-json\/wp\/v2\/types\/post"}],"author":[{"embeddable":true,"href":"https:\/\/www.les-energies-renouvelables.eu\/article\/actualites\/wp-json\/wp\/v2\/users\/2"}],"replies":[{"embeddable":true,"href":"https:\/\/www.les-energies-renouvelables.eu\/article\/actualites\/wp-json\/wp\/v2\/comments?post=182"}],"version-history":[{"count":1,"href":"https:\/\/www.les-energies-renouvelables.eu\/article\/actualites\/wp-json\/wp\/v2\/posts\/182\/revisions"}],"predecessor-version":[{"id":183,"href":"https:\/\/www.les-energies-renouvelables.eu\/article\/actualites\/wp-json\/wp\/v2\/posts\/182\/revisions\/183"}],"wp:featuredmedia":[{"embeddable":true,"href":"https:\/\/www.les-energies-renouvelables.eu\/article\/actualites\/wp-json\/wp\/v2\/media\/184"}],"wp:attachment":[{"href":"https:\/\/www.les-energies-renouvelables.eu\/article\/actualites\/wp-json\/wp\/v2\/media?parent=182"}],"wp:term":[{"taxonomy":"category","embeddable":true,"href":"https:\/\/www.les-energies-renouvelables.eu\/article\/actualites\/wp-json\/wp\/v2\/categories?post=182"},{"taxonomy":"post_tag","embeddable":true,"href":"https:\/\/www.les-energies-renouvelables.eu\/article\/actualites\/wp-json\/wp\/v2\/tags?post=182"}],"curies":[{"name":"wp","href":"https:\/\/api.w.org\/{rel}","templated":true}]}}