{"id":1818,"date":"2026-09-02T10:10:48","date_gmt":"2026-09-02T08:10:48","guid":{"rendered":"https:\/\/www.les-energies-renouvelables.eu\/article\/actualites\/?p=1818"},"modified":"2026-09-02T10:10:48","modified_gmt":"2026-09-02T08:10:48","slug":"le-solaire-passe-devant-le-charbon-en-chine-un-record-qui-ne-fait-pas-encore-baisser-les-emissions","status":"publish","type":"post","link":"https:\/\/www.les-energies-renouvelables.eu\/article\/actualites\/energies\/le-solaire-passe-devant-le-charbon-en-chine-un-record-qui-ne-fait-pas-encore-baisser-les-emissions-1818\/","title":{"rendered":"Le solaire passe devant le charbon en Chine, un record qui ne fait pas encore baisser les \u00e9missions"},"content":{"rendered":"\n<p class=\"wp-block-paragraph\">Le chiffre a de quoi marquer : <strong>la Chine dispose d\u00e9sormais de plus de puissance solaire install\u00e9e que de centrales au charbon<\/strong>, une premi\u00e8re dans l&rsquo;histoire du premier \u00e9metteur mondial de gaz \u00e0 effet de serre. Pour un propri\u00e9taire fran\u00e7ais qui demande un devis photovolta\u00efque en cette rentr\u00e9e, la cons\u00e9quence est pourtant contre-intuitive. <strong>Ce basculement ne fera pas baisser le prix de votre installation<\/strong>, et il ne l&rsquo;a d&rsquo;ailleurs pas fait : depuis janvier 2026, les modules vendus en Europe se sont rench\u00e9ris de <strong>24 \u00e0 30 % selon les segments<\/strong>, apr\u00e8s deux ann\u00e9es de chute libre. Comprendre pourquoi suppose de regarder ce que ce record dit r\u00e9ellement, et surtout ce qu&rsquo;il ne dit pas.<\/p>\n\n\n\n<h2 class=\"wp-block-heading\">Un basculement en puissance install\u00e9e, pas en production<\/h2>\n\n\n\n<p class=\"wp-block-paragraph\">Selon l&rsquo;Administration nationale de l&rsquo;\u00e9nergie chinoise, le parc photovolta\u00efque du pays atteignait <strong>1 286 GW fin juillet 2026<\/strong>, contre <strong>1 285 GW pour le parc de centrales au charbon<\/strong>. Le solaire devient ainsi la premi\u00e8re fili\u00e8re \u00e9lectrique chinoise en capacit\u00e9 raccord\u00e9e. Sur un parc \u00e9lectrique total de <strong>4 080 GW<\/strong>, solaire et charbon p\u00e8sent chacun pr\u00e8s de 32 %, l&rsquo;\u00e9olien compl\u00e9tant l&rsquo;ensemble avec <strong>690 GW install\u00e9s<\/strong>.<\/p>\n\n\n\n<p class=\"wp-block-paragraph\">La nuance est d\u00e9cisive, et l&rsquo;administration chinoise elle-m\u00eame ne l&rsquo;a pas masqu\u00e9e : cette hi\u00e9rarchie <strong>porte uniquement sur les capacit\u00e9s raccord\u00e9es, pas sur l&rsquo;\u00e9lectricit\u00e9 r\u00e9ellement produite<\/strong>. Entre janvier et juillet 2026, la production photovolta\u00efque chinoise a atteint <strong>802,4 TWh, en hausse de 15,5 % sur un an<\/strong>, soit <strong>13 % de la consommation \u00e9lectrique totale du pays<\/strong>. Autrement dit, un tiers de la puissance install\u00e9e fournit un huiti\u00e8me de l&rsquo;\u00e9lectricit\u00e9 consomm\u00e9e.<\/p>\n\n\n\n<p class=\"wp-block-paragraph\">Ce d\u00e9calage n&rsquo;a rien d&rsquo;anormal, et il concerne directement tout propri\u00e9taire de panneaux. Rapport\u00e9e aux heures de la p\u00e9riode, la production solaire chinoise correspond \u00e0 un <strong>facteur de charge d&rsquo;environ 12,6 %<\/strong>, calcul ECOinfos \u00e0 partir des donn\u00e9es publi\u00e9es. C&rsquo;est exactement l&rsquo;ordre de grandeur d&rsquo;une toiture r\u00e9sidentielle fran\u00e7aise, qui produit en moyenne <strong>1 000 \u00e0 1 200 kWh par kWc et par an<\/strong>, soit \u00e0 peu pr\u00e8s 12 \u00e0 13 % du temps \u00e0 pleine puissance. Une installation de 6 kWc ne d\u00e9livre jamais 6 kW en continu, pas plus qu&rsquo;un parc de 1 286 GW ne produit comme 1 286 GW de charbon.<\/p>\n\n\n\n<h2 class=\"wp-block-heading\">Pourquoi ce qui se passe en Chine d\u00e9cide du prix de votre toiture<\/h2>\n\n\n\n<p class=\"wp-block-paragraph\">Le lien entre une statistique p\u00e9kinoise et un devis sign\u00e9 dans le Sud-Ouest n&rsquo;a rien d&rsquo;abstrait. <strong>La Chine a produit 81,6 % des modules photovolta\u00efques mondiaux en 2024<\/strong> selon Wood Mackenzie, et la quasi-totalit\u00e9 des panneaux import\u00e9s en Europe en proviennent, directement ou via l&rsquo;Asie du Sud-Est. Les panneaux pos\u00e9s sur les toits fran\u00e7ais sont chinois dans leur immense majorit\u00e9, et le prix pay\u00e9 par le m\u00e9nage suit donc les d\u00e9cisions industrielles et fiscales prises \u00e0 P\u00e9kin bien plus que la conjoncture fran\u00e7aise.<\/p>\n\n\n\n<p class=\"wp-block-paragraph\">Or, depuis 2025, ces d\u00e9cisions vont toutes dans le m\u00eame sens. Pour mettre fin \u00e0 une guerre des prix devenue destructrice pour les marges, <strong>les autorit\u00e9s chinoises ont impos\u00e9 des taux d&rsquo;utilisation r\u00e9duits aux producteurs de polysilicium<\/strong> et engag\u00e9 une rationalisation des capacit\u00e9s. Dans la foul\u00e9e, <strong>le remboursement de la taxe \u00e0 l&rsquo;exportation sur les produits solaires a \u00e9t\u00e9 supprim\u00e9 au 1er avril 2026<\/strong>, une mesure dont pv magazine estimait qu&rsquo;elle rench\u00e9rirait m\u00e9caniquement les modules de 5 \u00e0 9 %. La p\u00e9riode des panneaux brad\u00e9s, aliment\u00e9e par une surproduction massive et des stocks pl\u00e9thoriques dans les ports europ\u00e9ens, s&rsquo;est referm\u00e9e.<\/p>\n\n\n\n<p class=\"wp-block-paragraph\">Le ralentissement chinois lui-m\u00eame y contribue. Les nouvelles capacit\u00e9s solaires raccord\u00e9es en Chine entre janvier et juillet 2026 se sont limit\u00e9es \u00e0 <strong>85,65 GW, en baisse de 62 % sur un an<\/strong>, apr\u00e8s une ann\u00e9e 2025 marqu\u00e9e par une ru\u00e9e sur les raccordements. Un march\u00e9 int\u00e9rieur qui se calme, ce sont des fabricants qui cherchent des d\u00e9bouch\u00e9s \u00e0 l&rsquo;export, mais aussi des industriels qui n&rsquo;ont plus aucun int\u00e9r\u00eat \u00e0 casser les prix.<\/p>\n\n\n\n<h2 class=\"wp-block-heading\">Les modules ont bondi au premier semestre, puis se sont stabilis\u00e9s<\/h2>\n\n\n\n<p class=\"wp-block-paragraph\">L&rsquo;indice pvXchange, r\u00e9f\u00e9rence sur les prix de gros des modules en Europe, documente pr\u00e9cis\u00e9ment ce mouvement. La hausse s&rsquo;est concentr\u00e9e sur le premier semestre 2026 avant de marquer le pas.<\/p>\n\n\n\n<figure class=\"wp-block-table\"><table class=\"has-fixed-layout\"><thead><tr><th>Segment de module<\/th><th>Niveau janvier 2026 (calcul ECOinfos)<\/th><th>Niveau \u00e9t\u00e9 2026<\/th><th>\u00c9volution depuis janvier<\/th><\/tr><\/thead><tbody><tr><td>Haut rendement<\/td><td>environ 0,115 \u20ac\/Wc<\/td><td>0,150 \u20ac\/Wc<\/td><td>+30,4 %<\/td><\/tr><tr><td>Standard (mainstream)<\/td><td>environ 0,105 \u20ac\/Wc<\/td><td>0,130 \u20ac\/Wc<\/td><td>+23,8 %<\/td><\/tr><tr><td>Full black<\/td><td>environ 0,130 \u20ac\/Wc<\/td><td>0,160 \u20ac\/Wc<\/td><td>+23,1 %<\/td><\/tr><tr><td>Entr\u00e9e de gamme<\/td><td>environ 0,055 \u20ac\/Wc<\/td><td>0,075 \u20ac\/Wc<\/td><td>+36,4 %<\/td><\/tr><\/tbody><\/table><\/figure>\n\n\n\n<p class=\"wp-block-paragraph\">Depuis mai, la dynamique s&rsquo;est essouffl\u00e9e. Le segment full black a m\u00eame recul\u00e9 d&rsquo;environ 3 %, et dans son point march\u00e9 du 20 ao\u00fbt, pvXchange d\u00e9crivait des <strong>prix globalement stables, avec de nouvelles baisses sur certains segments<\/strong>, les exc\u00e9dents de production devant encore \u00eatre \u00e9coul\u00e9s. Les fabricants n&rsquo;anticipent pas de recul marqu\u00e9 d&rsquo;ici la fin de l&rsquo;ann\u00e9e. Traduction pour un particulier : <strong>ni flamb\u00e9e \u00e0 redouter, ni effondrement \u00e0 esp\u00e9rer dans les prochains mois<\/strong>.<\/p>\n\n\n\n<h2 class=\"wp-block-heading\">Ce que la hausse des panneaux p\u00e8se vraiment sur un devis de 6 kWc<\/h2>\n\n\n\n<p class=\"wp-block-paragraph\">C&rsquo;est l&rsquo;\u00e9l\u00e9ment que les argumentaires commerciaux passent volontiers sous silence. <strong>Le panneau ne repr\u00e9sente qu&rsquo;une fraction modeste du prix d&rsquo;une installation r\u00e9sidentielle.<\/strong><\/p>\n\n\n\n<p class=\"wp-block-paragraph\">Pour une installation de 6 kWc, la fourniture des modules repr\u00e9sente <strong>780 \u20ac au prix standard actuel de 0,130 \u20ac\/Wc<\/strong>, et <strong>900 \u20ac avec des modules haut rendement \u00e0 0,150 \u20ac\/Wc<\/strong>. Rapport\u00e9 \u00e0 un devis complet couramment situ\u00e9 <strong>entre 10 000 et 13 000 \u20ac pose comprise<\/strong>, cela p\u00e8se <strong>environ 7 \u00e0 8 % du montant total<\/strong>. Tout le reste, c&rsquo;est l&rsquo;onduleur, la structure de fixation, le c\u00e2blage, la main-d&rsquo;\u0153uvre, le raccordement Enedis, le Consuel et la marge de l&rsquo;installateur.<\/p>\n\n\n\n<p class=\"wp-block-paragraph\">Cons\u00e9quence directe : la hausse de 24 \u00e0 30 % observ\u00e9e depuis janvier repr\u00e9sente, sur ces 6 kWc, <strong>un surco\u00fbt de 150 \u20ac pour des modules standards et de 210 \u20ac pour du haut rendement<\/strong>, calcul ECOinfos \u00e0 partir des niveaux pvXchange. Sur un devis de 11 000 \u20ac, l&rsquo;\u00e9cart est de l&rsquo;ordre de <strong>1,4 \u00e0 2 %<\/strong>. R\u00e9el, mais tr\u00e8s loin de justifier une signature pr\u00e9cipit\u00e9e.<\/p>\n\n\n\n<h2 class=\"wp-block-heading\">La vraie rupture pour les m\u00e9nages fran\u00e7ais n&rsquo;est pas chinoise<\/h2>\n\n\n\n<p class=\"wp-block-paragraph\">Pendant qu&rsquo;on regardait P\u00e9kin, le cadre fran\u00e7ais a chang\u00e9 bien plus brutalement. <strong>L&rsquo;arr\u00eat\u00e9 tarifaire publi\u00e9 au Journal officiel du 4 juin 2026 a supprim\u00e9 la prime \u00e0 l&rsquo;autoconsommation<\/strong> et ramen\u00e9 le tarif de rachat du surplus \u00e0 <strong>1,1 c\u20ac\/kWh hors taxes<\/strong>, contre 4 c\u20ac\/kWh au trimestre pr\u00e9c\u00e9dent. Les installations de 9 kWc ou moins ne peuvent plus vendre en totalit\u00e9 et basculent obligatoirement en autoconsommation avec vente du surplus.<\/p>\n\n\n\n<p class=\"wp-block-paragraph\">Voici ce que cela donne sur un cas type, une installation de <strong>6 kWc produisant 6 600 kWh par an avec 40 % d&rsquo;autoconsommation<\/strong>, au tarif r\u00e9glement\u00e9 de <strong>0,2001 \u20ac\/kWh en vigueur depuis le 1er ao\u00fbt 2026<\/strong>.<\/p>\n\n\n\n<figure class=\"wp-block-table\"><table class=\"has-fixed-layout\"><thead><tr><th>Poste<\/th><th>Demande de raccordement avant le 5 juin 2026<\/th><th>Demande de raccordement depuis le 5 juin 2026<\/th><\/tr><\/thead><tbody><tr><td>Prime \u00e0 l&rsquo;autoconsommation<\/td><td>480 \u20ac vers\u00e9s (80 \u20ac\/kWc)<\/td><td>0 \u20ac<\/td><\/tr><tr><td>Tarif de rachat du surplus<\/td><td>0,04 \u20ac\/kWh<\/td><td>0,011 \u20ac\/kWh<\/td><\/tr><tr><td>Revenu annuel du surplus (3 960 kWh)<\/td><td>158 \u20ac<\/td><td>44 \u20ac<\/td><\/tr><tr><td>\u00c9conomie annuelle d&rsquo;autoconsommation (2 640 kWh)<\/td><td>528 \u20ac<\/td><td>528 \u20ac<\/td><\/tr><tr><td>Gain annuel total<\/td><td>687 \u20ac<\/td><td>572 \u20ac<\/td><\/tr><\/tbody><\/table><\/figure>\n\n\n\n<p class=\"wp-block-paragraph\">L&rsquo;\u00e9cart annuel atteint <strong>115 \u20ac<\/strong>, auxquels s&rsquo;ajoute la perte de la prime de 480 \u20ac. Sur la dur\u00e9e du contrat de vingt ans, <strong>la r\u00e9forme fran\u00e7aise co\u00fbte environ 2 800 \u20ac \u00e0 ce m\u00e9nage type<\/strong>, calcul ECOinfos hors indexation. \u00c0 titre de comparaison, la hausse des modules chinois lui co\u00fbte 150 \u00e0 210 \u20ac. <strong>Le changement de r\u00e9glementation fran\u00e7aise p\u00e8se donc treize \u00e0 dix-huit fois plus lourd que la hausse des panneaux chinois.<\/strong><\/p>\n\n\n\n<p class=\"wp-block-paragraph\">Cette bascule change aussi la logique du projet. Avec un surplus rachet\u00e9 1,1 c\u20ac\/kWh alors que le kWh achet\u00e9 au r\u00e9seau co\u00fbte 20 c\u20ac, <strong>chaque kilowattheure autoconsomm\u00e9 vaut d\u00e9sormais dix-huit fois plus qu&rsquo;un kilowattheure revendu<\/strong>. La rentabilit\u00e9 ne se joue plus sur la revente, mais sur le taux d&rsquo;autoconsommation, donc sur le dimensionnement de l&rsquo;installation, le pilotage des usages et, \u00e9ventuellement, le stockage.<\/p>\n\n\n\n<h2 class=\"wp-block-heading\">L&rsquo;argument commercial \u00e0 ne pas prendre pour argent comptant<\/h2>\n\n\n\n<p class=\"wp-block-paragraph\">Les remont\u00e9es d&rsquo;entreprises douteuses recens\u00e9es par la r\u00e9daction et par les groupes de signalement du secteur font appara\u00eetre un ressort d\u00e9sormais classique en cette p\u00e9riode : <strong>la hausse des prix chinois brandie comme argument d&rsquo;urgence<\/strong> pour faire signer un devis le soir m\u00eame. La s\u00e9quence est toujours la m\u00eame, un tarif pr\u00e9sent\u00e9 comme valable jusqu&rsquo;au lendemain, une remise conditionn\u00e9e \u00e0 une signature imm\u00e9diate, et une r\u00e9f\u00e9rence vague \u00e0 la fin des panneaux bon march\u00e9.<\/p>\n\n\n\n<p class=\"wp-block-paragraph\">Les chiffres ci-dessus permettent de r\u00e9pondre calmement. Une hausse de 150 \u00e0 210 \u20ac sur le poste modules ne justifie aucune signature dans l&rsquo;urgence, d&rsquo;autant que les prix se sont stabilis\u00e9s depuis mai. <strong>Le d\u00e9lai de r\u00e9tractation de quatorze jours reste la protection la plus solide<\/strong> en d\u00e9marchage \u00e0 domicile, et il n&rsquo;existe aucune raison technique de ne pas comparer trois devis avant d&rsquo;engager 11 000 \u20ac. Un installateur s\u00e9rieux d\u00e9taille son prix poste par poste, ce qui rend imm\u00e9diatement visible la part r\u00e9elle du mat\u00e9riel chinois dans la facture.<\/p>\n\n\n\n<h2 class=\"wp-block-heading\">Le charbon chinois n&rsquo;a pas dit son dernier mot<\/h2>\n\n\n\n<p class=\"wp-block-paragraph\">Reste \u00e0 ne pas surinterpr\u00e9ter le symbole. Le d\u00e9passement en puissance install\u00e9e n&rsquo;annonce pas une sortie rapide du charbon, qui <strong>fournissait encore 53 % de l&rsquo;\u00e9lectricit\u00e9 chinoise en 2025<\/strong>. Sa production avait certes recul\u00e9 de pr\u00e8s de 2 % cette ann\u00e9e-l\u00e0, une premi\u00e8re en six ans, mais le mouvement ne s&rsquo;est pas confirm\u00e9 : selon Global Energy Monitor, <strong>la Chine a mis en service 30 GW de nouvelles centrales \u00e0 charbon au premier semestre 2026<\/strong>, soit dix fois plus qu&rsquo;elle n&rsquo;en a ferm\u00e9, et la production charbonni\u00e8re est repartie \u00e0 la hausse de 3,4 %.<\/p>\n\n\n\n<p class=\"wp-block-paragraph\">La consommation \u00e9lectrique chinoise, elle, continue de progresser, \u00e0 <strong>6 139,9 TWh entre janvier et juillet 2026, en hausse de 4,7 % sur un an<\/strong>. Le solaire absorbe une part croissante de cette croissance sans r\u00e9duire encore le socle fossile. La transition chinoise ressemble pour l&rsquo;instant \u00e0 une addition plus qu&rsquo;\u00e0 un remplacement, alors que P\u00e9kin vise un pic d&rsquo;\u00e9missions avant 2030 et la neutralit\u00e9 carbone en 2060.<\/p>\n\n\n\n<p class=\"wp-block-paragraph\">Pour le lecteur fran\u00e7ais, la le\u00e7on est double. La domination industrielle chinoise continue de fixer le prix du mat\u00e9riel pos\u00e9 sur les toitures, avec une stabilisation qui laisse le champ libre \u00e0 une d\u00e9cision r\u00e9fl\u00e9chie. Et l&rsquo;essentiel de l&rsquo;\u00e9quation \u00e9conomique d&rsquo;un projet photovolta\u00efque se joue d\u00e9sormais \u00e0 Paris, dans un arr\u00eat\u00e9 tarifaire, bien plus qu&rsquo;\u00e0 P\u00e9kin.<\/p>\n\n\n\n<p class=\"wp-block-paragraph\"><\/p>\n","protected":false},"excerpt":{"rendered":"","protected":false},"author":3,"featured_media":1823,"comment_status":"open","ping_status":"open","sticky":false,"template":"","format":"standard","meta":{"_acf_changed":false,"footnotes":""},"categories":[1],"tags":[40,29],"class_list":["post-1818","post","type-post","status-publish","format-standard","has-post-thumbnail","hentry","category-energies","tag-chine","tag-photovoltaique","masonry-post","generate-columns","tablet-grid-50","mobile-grid-100","grid-parent","grid-33"],"acf":{"social-publish":false,"just-linkedin":false,"just-facebook":false,"test":""},"yoast_head":"<!-- This site is optimized with the Yoast SEO plugin v28.4 - https:\/\/yoast.com\/product\/yoast-seo-wordpress\/ -->\n<title>Record solaire en Chine, le photovolta\u00efque devant le charbon<\/title>\n<meta name=\"description\" content=\"Le solaire d\u00e9passe le charbon en puissance install\u00e9e en Chine. Mais il produit encore quatre fois moins d&#039;\u00e9lectricit\u00e9. Explications.\" \/>\n<meta name=\"robots\" content=\"index, follow, max-snippet:-1, max-image-preview:large, max-video-preview:-1\" \/>\n<link rel=\"canonical\" href=\"https:\/\/www.les-energies-renouvelables.eu\/article\/actualites\/energies\/le-solaire-passe-devant-le-charbon-en-chine-un-record-qui-ne-fait-pas-encore-baisser-les-emissions-1818\/\" \/>\n<meta property=\"og:locale\" content=\"fr_FR\" \/>\n<meta property=\"og:type\" content=\"article\" \/>\n<meta property=\"og:title\" content=\"Record solaire en Chine, le photovolta\u00efque devant le charbon\" \/>\n<meta property=\"og:description\" content=\"Le solaire d\u00e9passe le charbon en puissance install\u00e9e en Chine. Mais il produit encore quatre fois moins d&#039;\u00e9lectricit\u00e9. Explications.\" \/>\n<meta property=\"og:url\" content=\"https:\/\/www.les-energies-renouvelables.eu\/article\/actualites\/energies\/le-solaire-passe-devant-le-charbon-en-chine-un-record-qui-ne-fait-pas-encore-baisser-les-emissions-1818\/\" \/>\n<meta property=\"og:site_name\" content=\"ECOinfos Energies renouvelables\" \/>\n<meta property=\"article:publisher\" content=\"https:\/\/www.facebook.com\/ecoannuaire.energierenouvelable\/\" \/>\n<meta property=\"article:published_time\" content=\"2026-09-02T08:10:48+00:00\" \/>\n<meta property=\"og:image\" content=\"https:\/\/www.les-energies-renouvelables.eu\/article\/actualites\/wp-content\/uploads\/2026\/09\/actualites-brouillon-auto-solaire-en-chine-scaled.webp\" \/>\n\t<meta property=\"og:image:width\" content=\"1200\" \/>\n\t<meta property=\"og:image:height\" content=\"675\" \/>\n\t<meta property=\"og:image:type\" content=\"image\/webp\" \/>\n<meta name=\"author\" content=\"Mathis Castelnau\" \/>\n<meta name=\"twitter:card\" content=\"summary_large_image\" \/>\n<meta name=\"twitter:creator\" content=\"@ECOinfosENR\" \/>\n<meta name=\"twitter:site\" content=\"@ECOinfosENR\" \/>\n<meta name=\"twitter:label1\" content=\"\u00c9crit par\" \/>\n\t<meta name=\"twitter:data1\" content=\"Mathis Castelnau\" \/>\n\t<meta name=\"twitter:label2\" content=\"Dur\u00e9e de lecture estim\u00e9e\" \/>\n\t<meta name=\"twitter:data2\" content=\"9 minutes\" \/>\n<script type=\"application\/ld+json\" class=\"yoast-schema-graph\">{\"@context\":\"https:\\\/\\\/schema.org\",\"@graph\":[{\"@type\":\"NewsArticle\",\"@id\":\"https:\\\/\\\/www.les-energies-renouvelables.eu\\\/article\\\/actualites\\\/energies\\\/le-solaire-passe-devant-le-charbon-en-chine-un-record-qui-ne-fait-pas-encore-baisser-les-emissions-1818\\\/#article\",\"isPartOf\":{\"@id\":\"https:\\\/\\\/www.les-energies-renouvelables.eu\\\/article\\\/actualites\\\/energies\\\/le-solaire-passe-devant-le-charbon-en-chine-un-record-qui-ne-fait-pas-encore-baisser-les-emissions-1818\\\/\"},\"author\":{\"name\":\"Mathis Castelnau\",\"@id\":\"https:\\\/\\\/www.les-energies-renouvelables.eu\\\/article\\\/actualites\\\/#\\\/schema\\\/person\\\/d0855c0c2d94ad36795f37b9a33c9f93\"},\"headline\":\"Le solaire passe devant le charbon en Chine, un record qui ne fait pas encore baisser les \u00e9missions\",\"datePublished\":\"2026-09-02T08:10:48+00:00\",\"mainEntityOfPage\":{\"@id\":\"https:\\\/\\\/www.les-energies-renouvelables.eu\\\/article\\\/actualites\\\/energies\\\/le-solaire-passe-devant-le-charbon-en-chine-un-record-qui-ne-fait-pas-encore-baisser-les-emissions-1818\\\/\"},\"wordCount\":1748,\"commentCount\":0,\"publisher\":{\"@id\":\"https:\\\/\\\/www.les-energies-renouvelables.eu\\\/article\\\/actualites\\\/#organization\"},\"image\":{\"@id\":\"https:\\\/\\\/www.les-energies-renouvelables.eu\\\/article\\\/actualites\\\/energies\\\/le-solaire-passe-devant-le-charbon-en-chine-un-record-qui-ne-fait-pas-encore-baisser-les-emissions-1818\\\/#primaryimage\"},\"thumbnailUrl\":\"https:\\\/\\\/www.les-energies-renouvelables.eu\\\/article\\\/actualites\\\/wp-content\\\/uploads\\\/2026\\\/09\\\/actualites-brouillon-auto-solaire-en-chine-scaled.webp\",\"keywords\":[\"Chine\",\"Photovoltaique\"],\"articleSection\":[\"\u00c9nergies\"],\"inLanguage\":\"fr-FR\",\"potentialAction\":[{\"@type\":\"CommentAction\",\"name\":\"Comment\",\"target\":[\"https:\\\/\\\/www.les-energies-renouvelables.eu\\\/article\\\/actualites\\\/energies\\\/le-solaire-passe-devant-le-charbon-en-chine-un-record-qui-ne-fait-pas-encore-baisser-les-emissions-1818\\\/#respond\"]}]},{\"@type\":\"WebPage\",\"@id\":\"https:\\\/\\\/www.les-energies-renouvelables.eu\\\/article\\\/actualites\\\/energies\\\/le-solaire-passe-devant-le-charbon-en-chine-un-record-qui-ne-fait-pas-encore-baisser-les-emissions-1818\\\/\",\"url\":\"https:\\\/\\\/www.les-energies-renouvelables.eu\\\/article\\\/actualites\\\/energies\\\/le-solaire-passe-devant-le-charbon-en-chine-un-record-qui-ne-fait-pas-encore-baisser-les-emissions-1818\\\/\",\"name\":\"Record solaire en Chine, le photovolta\u00efque devant le charbon\",\"isPartOf\":{\"@id\":\"https:\\\/\\\/www.les-energies-renouvelables.eu\\\/article\\\/actualites\\\/#website\"},\"primaryImageOfPage\":{\"@id\":\"https:\\\/\\\/www.les-energies-renouvelables.eu\\\/article\\\/actualites\\\/energies\\\/le-solaire-passe-devant-le-charbon-en-chine-un-record-qui-ne-fait-pas-encore-baisser-les-emissions-1818\\\/#primaryimage\"},\"image\":{\"@id\":\"https:\\\/\\\/www.les-energies-renouvelables.eu\\\/article\\\/actualites\\\/energies\\\/le-solaire-passe-devant-le-charbon-en-chine-un-record-qui-ne-fait-pas-encore-baisser-les-emissions-1818\\\/#primaryimage\"},\"thumbnailUrl\":\"https:\\\/\\\/www.les-energies-renouvelables.eu\\\/article\\\/actualites\\\/wp-content\\\/uploads\\\/2026\\\/09\\\/actualites-brouillon-auto-solaire-en-chine-scaled.webp\",\"datePublished\":\"2026-09-02T08:10:48+00:00\",\"description\":\"Le solaire d\u00e9passe le charbon en puissance install\u00e9e en Chine. Mais il produit encore quatre fois moins d'\u00e9lectricit\u00e9. Explications.\",\"breadcrumb\":{\"@id\":\"https:\\\/\\\/www.les-energies-renouvelables.eu\\\/article\\\/actualites\\\/energies\\\/le-solaire-passe-devant-le-charbon-en-chine-un-record-qui-ne-fait-pas-encore-baisser-les-emissions-1818\\\/#breadcrumb\"},\"inLanguage\":\"fr-FR\",\"potentialAction\":[{\"@type\":\"ReadAction\",\"target\":[\"https:\\\/\\\/www.les-energies-renouvelables.eu\\\/article\\\/actualites\\\/energies\\\/le-solaire-passe-devant-le-charbon-en-chine-un-record-qui-ne-fait-pas-encore-baisser-les-emissions-1818\\\/\"]}]},{\"@type\":\"ImageObject\",\"inLanguage\":\"fr-FR\",\"@id\":\"https:\\\/\\\/www.les-energies-renouvelables.eu\\\/article\\\/actualites\\\/energies\\\/le-solaire-passe-devant-le-charbon-en-chine-un-record-qui-ne-fait-pas-encore-baisser-les-emissions-1818\\\/#primaryimage\",\"url\":\"https:\\\/\\\/www.les-energies-renouvelables.eu\\\/article\\\/actualites\\\/wp-content\\\/uploads\\\/2026\\\/09\\\/actualites-brouillon-auto-solaire-en-chine-scaled.webp\",\"contentUrl\":\"https:\\\/\\\/www.les-energies-renouvelables.eu\\\/article\\\/actualites\\\/wp-content\\\/uploads\\\/2026\\\/09\\\/actualites-brouillon-auto-solaire-en-chine-scaled.webp\",\"width\":1200,\"height\":675,\"caption\":\"Avec 1 286 GW install\u00e9s fin juillet 2026, le parc photovolta\u00efque chinois est devenu la premi\u00e8re fili\u00e8re \u00e9lectrique du pays en puissance raccord\u00e9e.\"},{\"@type\":\"BreadcrumbList\",\"@id\":\"https:\\\/\\\/www.les-energies-renouvelables.eu\\\/article\\\/actualites\\\/energies\\\/le-solaire-passe-devant-le-charbon-en-chine-un-record-qui-ne-fait-pas-encore-baisser-les-emissions-1818\\\/#breadcrumb\",\"itemListElement\":[{\"@type\":\"ListItem\",\"position\":1,\"name\":\"Accueil\",\"item\":\"https:\\\/\\\/www.les-energies-renouvelables.eu\\\/article\\\/actualites\\\/\"},{\"@type\":\"ListItem\",\"position\":2,\"name\":\"Le solaire passe devant le charbon en Chine, un record qui ne fait pas encore baisser les \u00e9missions\"}]},{\"@type\":\"WebSite\",\"@id\":\"https:\\\/\\\/www.les-energies-renouvelables.eu\\\/article\\\/actualites\\\/#website\",\"url\":\"https:\\\/\\\/www.les-energies-renouvelables.eu\\\/article\\\/actualites\\\/\",\"name\":\"ECOinfos Energies renouvelables\",\"description\":\"Le d\u00e9cryptage quotidien du secteur des \u00e9nergies renouvelables\",\"publisher\":{\"@id\":\"https:\\\/\\\/www.les-energies-renouvelables.eu\\\/article\\\/actualites\\\/#organization\"},\"potentialAction\":[{\"@type\":\"SearchAction\",\"target\":{\"@type\":\"EntryPoint\",\"urlTemplate\":\"https:\\\/\\\/www.les-energies-renouvelables.eu\\\/article\\\/actualites\\\/?s={search_term_string}\"},\"query-input\":{\"@type\":\"PropertyValueSpecification\",\"valueRequired\":true,\"valueName\":\"search_term_string\"}}],\"inLanguage\":\"fr-FR\"},{\"@type\":\"Organization\",\"@id\":\"https:\\\/\\\/www.les-energies-renouvelables.eu\\\/article\\\/actualites\\\/#organization\",\"name\":\"ECOinfos Energies renouvelables\",\"url\":\"https:\\\/\\\/www.les-energies-renouvelables.eu\\\/article\\\/actualites\\\/\",\"logo\":{\"@type\":\"ImageObject\",\"inLanguage\":\"fr-FR\",\"@id\":\"https:\\\/\\\/www.les-energies-renouvelables.eu\\\/article\\\/actualites\\\/#\\\/schema\\\/logo\\\/image\\\/\",\"url\":\"https:\\\/\\\/www.les-energies-renouvelables.eu\\\/article\\\/actualites\\\/wp-content\\\/uploads\\\/2025\\\/11\\\/ecoinfos.eldorado-consulting.com-logo-logo.svg\",\"contentUrl\":\"https:\\\/\\\/www.les-energies-renouvelables.eu\\\/article\\\/actualites\\\/wp-content\\\/uploads\\\/2025\\\/11\\\/ecoinfos.eldorado-consulting.com-logo-logo.svg\",\"caption\":\"ECOinfos Energies renouvelables\"},\"image\":{\"@id\":\"https:\\\/\\\/www.les-energies-renouvelables.eu\\\/article\\\/actualites\\\/#\\\/schema\\\/logo\\\/image\\\/\"},\"sameAs\":[\"https:\\\/\\\/www.facebook.com\\\/ecoannuaire.energierenouvelable\\\/\",\"https:\\\/\\\/x.com\\\/ECOinfosENR\",\"https:\\\/\\\/www.linkedin.com\\\/company\\\/ecoinfos-energies-renouvelables\\\/\",\"https:\\\/\\\/www.youtube.com\\\/@ecoinfosenergies\",\"https:\\\/\\\/share.google\\\/dyKHJPxAV42WhhjbM\"]},{\"@type\":\"Person\",\"@id\":\"https:\\\/\\\/www.les-energies-renouvelables.eu\\\/article\\\/actualites\\\/#\\\/schema\\\/person\\\/d0855c0c2d94ad36795f37b9a33c9f93\",\"name\":\"Mathis Castelnau\",\"image\":{\"@type\":\"ImageObject\",\"inLanguage\":\"fr-FR\",\"@id\":\"https:\\\/\\\/www.les-energies-renouvelables.eu\\\/article\\\/actualites\\\/wp-content\\\/uploads\\\/2026\\\/05\\\/actualites-mathis-castelnau-mathis-castelnau-160x160.jpeg\",\"url\":\"https:\\\/\\\/www.les-energies-renouvelables.eu\\\/article\\\/actualites\\\/wp-content\\\/uploads\\\/2026\\\/05\\\/actualites-mathis-castelnau-mathis-castelnau-160x160.jpeg\",\"contentUrl\":\"https:\\\/\\\/www.les-energies-renouvelables.eu\\\/article\\\/actualites\\\/wp-content\\\/uploads\\\/2026\\\/05\\\/actualites-mathis-castelnau-mathis-castelnau-160x160.jpeg\",\"caption\":\"Mathis Castelnau\"},\"description\":\"Passionn\u00e9 par les \u00e9nergies renouvelables et le march\u00e9 de l\u2019\u00e9nergie, je d\u00e9crypte depuis plusieurs ann\u00e9es les \u00e9volutions techniques, r\u00e9glementaires et \u00e9conomiques du secteur. \u00c0 travers nos articles, nous analysons les enjeux du photovolta\u00efque, de la transition \u00e9nerg\u00e9tique, de l\u2019autoconsommation et des nouveaux mod\u00e8les \u00e9nerg\u00e9tiques qui redessinent le march\u00e9.\",\"sameAs\":[\"https:\\\/\\\/www.linkedin.com\\\/in\\\/mathis-castelnau\\\/\"],\"url\":\"https:\\\/\\\/www.les-energies-renouvelables.eu\\\/article\\\/actualites\\\/author\\\/mathis\\\/\"}]}<\/script>\n<!-- \/ Yoast SEO plugin. -->","yoast_head_json":{"title":"Record solaire en Chine, le photovolta\u00efque devant le charbon","description":"Le solaire d\u00e9passe le charbon en puissance install\u00e9e en Chine. Mais il produit encore quatre fois moins d'\u00e9lectricit\u00e9. Explications.","robots":{"index":"index","follow":"follow","max-snippet":"max-snippet:-1","max-image-preview":"max-image-preview:large","max-video-preview":"max-video-preview:-1"},"canonical":"https:\/\/www.les-energies-renouvelables.eu\/article\/actualites\/energies\/le-solaire-passe-devant-le-charbon-en-chine-un-record-qui-ne-fait-pas-encore-baisser-les-emissions-1818\/","og_locale":"fr_FR","og_type":"article","og_title":"Record solaire en Chine, le photovolta\u00efque devant le charbon","og_description":"Le solaire d\u00e9passe le charbon en puissance install\u00e9e en Chine. Mais il produit encore quatre fois moins d'\u00e9lectricit\u00e9. Explications.","og_url":"https:\/\/www.les-energies-renouvelables.eu\/article\/actualites\/energies\/le-solaire-passe-devant-le-charbon-en-chine-un-record-qui-ne-fait-pas-encore-baisser-les-emissions-1818\/","og_site_name":"ECOinfos Energies renouvelables","article_publisher":"https:\/\/www.facebook.com\/ecoannuaire.energierenouvelable\/","article_published_time":"2026-09-02T08:10:48+00:00","og_image":[{"width":1200,"height":675,"url":"https:\/\/www.les-energies-renouvelables.eu\/article\/actualites\/wp-content\/uploads\/2026\/09\/actualites-brouillon-auto-solaire-en-chine-scaled.webp","type":"image\/webp"}],"author":"Mathis Castelnau","twitter_card":"summary_large_image","twitter_creator":"@ECOinfosENR","twitter_site":"@ECOinfosENR","twitter_misc":{"\u00c9crit par":"Mathis Castelnau","Dur\u00e9e de lecture estim\u00e9e":"9 minutes"},"schema":{"@context":"https:\/\/schema.org","@graph":[{"@type":"NewsArticle","@id":"https:\/\/www.les-energies-renouvelables.eu\/article\/actualites\/energies\/le-solaire-passe-devant-le-charbon-en-chine-un-record-qui-ne-fait-pas-encore-baisser-les-emissions-1818\/#article","isPartOf":{"@id":"https:\/\/www.les-energies-renouvelables.eu\/article\/actualites\/energies\/le-solaire-passe-devant-le-charbon-en-chine-un-record-qui-ne-fait-pas-encore-baisser-les-emissions-1818\/"},"author":{"name":"Mathis Castelnau","@id":"https:\/\/www.les-energies-renouvelables.eu\/article\/actualites\/#\/schema\/person\/d0855c0c2d94ad36795f37b9a33c9f93"},"headline":"Le solaire passe devant le charbon en Chine, un record qui ne fait pas encore baisser les \u00e9missions","datePublished":"2026-09-02T08:10:48+00:00","mainEntityOfPage":{"@id":"https:\/\/www.les-energies-renouvelables.eu\/article\/actualites\/energies\/le-solaire-passe-devant-le-charbon-en-chine-un-record-qui-ne-fait-pas-encore-baisser-les-emissions-1818\/"},"wordCount":1748,"commentCount":0,"publisher":{"@id":"https:\/\/www.les-energies-renouvelables.eu\/article\/actualites\/#organization"},"image":{"@id":"https:\/\/www.les-energies-renouvelables.eu\/article\/actualites\/energies\/le-solaire-passe-devant-le-charbon-en-chine-un-record-qui-ne-fait-pas-encore-baisser-les-emissions-1818\/#primaryimage"},"thumbnailUrl":"https:\/\/www.les-energies-renouvelables.eu\/article\/actualites\/wp-content\/uploads\/2026\/09\/actualites-brouillon-auto-solaire-en-chine-scaled.webp","keywords":["Chine","Photovoltaique"],"articleSection":["\u00c9nergies"],"inLanguage":"fr-FR","potentialAction":[{"@type":"CommentAction","name":"Comment","target":["https:\/\/www.les-energies-renouvelables.eu\/article\/actualites\/energies\/le-solaire-passe-devant-le-charbon-en-chine-un-record-qui-ne-fait-pas-encore-baisser-les-emissions-1818\/#respond"]}]},{"@type":"WebPage","@id":"https:\/\/www.les-energies-renouvelables.eu\/article\/actualites\/energies\/le-solaire-passe-devant-le-charbon-en-chine-un-record-qui-ne-fait-pas-encore-baisser-les-emissions-1818\/","url":"https:\/\/www.les-energies-renouvelables.eu\/article\/actualites\/energies\/le-solaire-passe-devant-le-charbon-en-chine-un-record-qui-ne-fait-pas-encore-baisser-les-emissions-1818\/","name":"Record solaire en Chine, le photovolta\u00efque devant le charbon","isPartOf":{"@id":"https:\/\/www.les-energies-renouvelables.eu\/article\/actualites\/#website"},"primaryImageOfPage":{"@id":"https:\/\/www.les-energies-renouvelables.eu\/article\/actualites\/energies\/le-solaire-passe-devant-le-charbon-en-chine-un-record-qui-ne-fait-pas-encore-baisser-les-emissions-1818\/#primaryimage"},"image":{"@id":"https:\/\/www.les-energies-renouvelables.eu\/article\/actualites\/energies\/le-solaire-passe-devant-le-charbon-en-chine-un-record-qui-ne-fait-pas-encore-baisser-les-emissions-1818\/#primaryimage"},"thumbnailUrl":"https:\/\/www.les-energies-renouvelables.eu\/article\/actualites\/wp-content\/uploads\/2026\/09\/actualites-brouillon-auto-solaire-en-chine-scaled.webp","datePublished":"2026-09-02T08:10:48+00:00","description":"Le solaire d\u00e9passe le charbon en puissance install\u00e9e en Chine. Mais il produit encore quatre fois moins d'\u00e9lectricit\u00e9. Explications.","breadcrumb":{"@id":"https:\/\/www.les-energies-renouvelables.eu\/article\/actualites\/energies\/le-solaire-passe-devant-le-charbon-en-chine-un-record-qui-ne-fait-pas-encore-baisser-les-emissions-1818\/#breadcrumb"},"inLanguage":"fr-FR","potentialAction":[{"@type":"ReadAction","target":["https:\/\/www.les-energies-renouvelables.eu\/article\/actualites\/energies\/le-solaire-passe-devant-le-charbon-en-chine-un-record-qui-ne-fait-pas-encore-baisser-les-emissions-1818\/"]}]},{"@type":"ImageObject","inLanguage":"fr-FR","@id":"https:\/\/www.les-energies-renouvelables.eu\/article\/actualites\/energies\/le-solaire-passe-devant-le-charbon-en-chine-un-record-qui-ne-fait-pas-encore-baisser-les-emissions-1818\/#primaryimage","url":"https:\/\/www.les-energies-renouvelables.eu\/article\/actualites\/wp-content\/uploads\/2026\/09\/actualites-brouillon-auto-solaire-en-chine-scaled.webp","contentUrl":"https:\/\/www.les-energies-renouvelables.eu\/article\/actualites\/wp-content\/uploads\/2026\/09\/actualites-brouillon-auto-solaire-en-chine-scaled.webp","width":1200,"height":675,"caption":"Avec 1 286 GW install\u00e9s fin juillet 2026, le parc photovolta\u00efque chinois est devenu la premi\u00e8re fili\u00e8re \u00e9lectrique du pays en puissance raccord\u00e9e."},{"@type":"BreadcrumbList","@id":"https:\/\/www.les-energies-renouvelables.eu\/article\/actualites\/energies\/le-solaire-passe-devant-le-charbon-en-chine-un-record-qui-ne-fait-pas-encore-baisser-les-emissions-1818\/#breadcrumb","itemListElement":[{"@type":"ListItem","position":1,"name":"Accueil","item":"https:\/\/www.les-energies-renouvelables.eu\/article\/actualites\/"},{"@type":"ListItem","position":2,"name":"Le solaire passe devant le charbon en Chine, un record qui ne fait pas encore baisser les \u00e9missions"}]},{"@type":"WebSite","@id":"https:\/\/www.les-energies-renouvelables.eu\/article\/actualites\/#website","url":"https:\/\/www.les-energies-renouvelables.eu\/article\/actualites\/","name":"ECOinfos Energies renouvelables","description":"Le d\u00e9cryptage quotidien du secteur des \u00e9nergies renouvelables","publisher":{"@id":"https:\/\/www.les-energies-renouvelables.eu\/article\/actualites\/#organization"},"potentialAction":[{"@type":"SearchAction","target":{"@type":"EntryPoint","urlTemplate":"https:\/\/www.les-energies-renouvelables.eu\/article\/actualites\/?s={search_term_string}"},"query-input":{"@type":"PropertyValueSpecification","valueRequired":true,"valueName":"search_term_string"}}],"inLanguage":"fr-FR"},{"@type":"Organization","@id":"https:\/\/www.les-energies-renouvelables.eu\/article\/actualites\/#organization","name":"ECOinfos Energies renouvelables","url":"https:\/\/www.les-energies-renouvelables.eu\/article\/actualites\/","logo":{"@type":"ImageObject","inLanguage":"fr-FR","@id":"https:\/\/www.les-energies-renouvelables.eu\/article\/actualites\/#\/schema\/logo\/image\/","url":"https:\/\/www.les-energies-renouvelables.eu\/article\/actualites\/wp-content\/uploads\/2025\/11\/ecoinfos.eldorado-consulting.com-logo-logo.svg","contentUrl":"https:\/\/www.les-energies-renouvelables.eu\/article\/actualites\/wp-content\/uploads\/2025\/11\/ecoinfos.eldorado-consulting.com-logo-logo.svg","caption":"ECOinfos Energies renouvelables"},"image":{"@id":"https:\/\/www.les-energies-renouvelables.eu\/article\/actualites\/#\/schema\/logo\/image\/"},"sameAs":["https:\/\/www.facebook.com\/ecoannuaire.energierenouvelable\/","https:\/\/x.com\/ECOinfosENR","https:\/\/www.linkedin.com\/company\/ecoinfos-energies-renouvelables\/","https:\/\/www.youtube.com\/@ecoinfosenergies","https:\/\/share.google\/dyKHJPxAV42WhhjbM"]},{"@type":"Person","@id":"https:\/\/www.les-energies-renouvelables.eu\/article\/actualites\/#\/schema\/person\/d0855c0c2d94ad36795f37b9a33c9f93","name":"Mathis Castelnau","image":{"@type":"ImageObject","inLanguage":"fr-FR","@id":"https:\/\/www.les-energies-renouvelables.eu\/article\/actualites\/wp-content\/uploads\/2026\/05\/actualites-mathis-castelnau-mathis-castelnau-160x160.jpeg","url":"https:\/\/www.les-energies-renouvelables.eu\/article\/actualites\/wp-content\/uploads\/2026\/05\/actualites-mathis-castelnau-mathis-castelnau-160x160.jpeg","contentUrl":"https:\/\/www.les-energies-renouvelables.eu\/article\/actualites\/wp-content\/uploads\/2026\/05\/actualites-mathis-castelnau-mathis-castelnau-160x160.jpeg","caption":"Mathis Castelnau"},"description":"Passionn\u00e9 par les \u00e9nergies renouvelables et le march\u00e9 de l\u2019\u00e9nergie, je d\u00e9crypte depuis plusieurs ann\u00e9es les \u00e9volutions techniques, r\u00e9glementaires et \u00e9conomiques du secteur. \u00c0 travers nos articles, nous analysons les enjeux du photovolta\u00efque, de la transition \u00e9nerg\u00e9tique, de l\u2019autoconsommation et des nouveaux mod\u00e8les \u00e9nerg\u00e9tiques qui redessinent le march\u00e9.","sameAs":["https:\/\/www.linkedin.com\/in\/mathis-castelnau\/"],"url":"https:\/\/www.les-energies-renouvelables.eu\/article\/actualites\/author\/mathis\/"}]}},"_links":{"self":[{"href":"https:\/\/www.les-energies-renouvelables.eu\/article\/actualites\/wp-json\/wp\/v2\/posts\/1818","targetHints":{"allow":["GET"]}}],"collection":[{"href":"https:\/\/www.les-energies-renouvelables.eu\/article\/actualites\/wp-json\/wp\/v2\/posts"}],"about":[{"href":"https:\/\/www.les-energies-renouvelables.eu\/article\/actualites\/wp-json\/wp\/v2\/types\/post"}],"author":[{"embeddable":true,"href":"https:\/\/www.les-energies-renouvelables.eu\/article\/actualites\/wp-json\/wp\/v2\/users\/3"}],"replies":[{"embeddable":true,"href":"https:\/\/www.les-energies-renouvelables.eu\/article\/actualites\/wp-json\/wp\/v2\/comments?post=1818"}],"version-history":[{"count":1,"href":"https:\/\/www.les-energies-renouvelables.eu\/article\/actualites\/wp-json\/wp\/v2\/posts\/1818\/revisions"}],"predecessor-version":[{"id":1824,"href":"https:\/\/www.les-energies-renouvelables.eu\/article\/actualites\/wp-json\/wp\/v2\/posts\/1818\/revisions\/1824"}],"wp:featuredmedia":[{"embeddable":true,"href":"https:\/\/www.les-energies-renouvelables.eu\/article\/actualites\/wp-json\/wp\/v2\/media\/1823"}],"wp:attachment":[{"href":"https:\/\/www.les-energies-renouvelables.eu\/article\/actualites\/wp-json\/wp\/v2\/media?parent=1818"}],"wp:term":[{"taxonomy":"category","embeddable":true,"href":"https:\/\/www.les-energies-renouvelables.eu\/article\/actualites\/wp-json\/wp\/v2\/categories?post=1818"},{"taxonomy":"post_tag","embeddable":true,"href":"https:\/\/www.les-energies-renouvelables.eu\/article\/actualites\/wp-json\/wp\/v2\/tags?post=1818"}],"curies":[{"name":"wp","href":"https:\/\/api.w.org\/{rel}","templated":true}]}}