{"id":1798,"date":"2026-09-02T09:55:47","date_gmt":"2026-09-02T07:55:47","guid":{"rendered":"https:\/\/www.les-energies-renouvelables.eu\/article\/actualites\/?p=1798"},"modified":"2026-09-02T09:55:47","modified_gmt":"2026-09-02T07:55:47","slug":"data-centers-le-pari-electrique-elon-musk-fragilise-argument-qui-a-fait-chuter-votre-rachat-solaire","status":"publish","type":"post","link":"https:\/\/www.les-energies-renouvelables.eu\/article\/actualites\/energies\/data-centers-le-pari-electrique-elon-musk-fragilise-argument-qui-a-fait-chuter-votre-rachat-solaire-1798\/","title":{"rendered":"Data centers : le pari \u00e9lectrique d&rsquo;Elon Musk fragilise l&rsquo;argument qui a fait chuter votre rachat solaire"},"content":{"rendered":"\n<p class=\"wp-block-paragraph\">Si vous avez d\u00e9pos\u00e9 une demande de raccordement photovolta\u00efque apr\u00e8s le 5 juin 2026, votre surplus vous est rachet\u00e9 <strong>1,1 centime d&rsquo;euro le kilowattheure<\/strong>, contre <strong>12,69 centimes il y a seulement dix-huit mois<\/strong>. Pour un foyer qui r\u00e9injecte 1 500 kWh par an, la diff\u00e9rence repr\u00e9sente <strong>environ 174 euros de revenus annuels perdus<\/strong>, et la prime \u00e0 l&rsquo;autoconsommation a disparu au passage. Parmi les justifications avanc\u00e9es pour resserrer ce soutien figurait un constat apparemment solide : la France produit plus d&rsquo;\u00e9lectricit\u00e9 qu&rsquo;elle n&rsquo;en consomme, les prix n\u00e9gatifs se multiplient, le r\u00e9seau sature aux heures de production solaire. Ce constat est exact aujourd&rsquo;hui. Il est en revanche beaucoup moins \u00e9vident qu&rsquo;il tienne jusqu&rsquo;en 2035, et l&rsquo;actualit\u00e9 am\u00e9ricaine des derniers jours vient de le rappeler brutalement.<\/p>\n\n\n\n<h2 class=\"wp-block-heading\">Ce qu&rsquo;Elon Musk a annonc\u00e9 le 29 ao\u00fbt<\/h2>\n\n\n\n<p class=\"wp-block-paragraph\">Sur X, le dirigeant de Tesla et de SpaceX a expos\u00e9 une strat\u00e9gie \u00e9nerg\u00e9tique en deux temps. Ses deux entreprises visent chacune <strong>une capacit\u00e9 annuelle de production d&rsquo;\u00e9quipements solaires de 100 GW<\/strong>, un objectif qu&rsquo;il pr\u00e9sente comme la trajectoire de fond. Mais il reconna\u00eet sans d\u00e9tour que le photovolta\u00efque ne suivra pas assez vite le rythme de construction des centres de calcul, et que <strong>le gaz naturel restera n\u00e9cessaire pendant plusieurs ann\u00e9es<\/strong> pour amorcer et compl\u00e9ter cette mont\u00e9e en puissance.<\/p>\n\n\n\n<p class=\"wp-block-paragraph\">Le point le plus r\u00e9v\u00e9lateur est ailleurs. Musk explique que le goulet d&rsquo;\u00e9tranglement mondial ne se situe plus au niveau des turbines elles-m\u00eames, mais de <strong>la fonderie des aubes mobiles et fixes<\/strong>, ces pi\u00e8ces qui doivent \u00eatre coul\u00e9es en un cristal unique pour r\u00e9sister aux temp\u00e9ratures et aux contraintes m\u00e9caniques extr\u00eames. Il affirme qu&rsquo;en internalisant cette fonderie chez SpaceX, dans une usine en cours de construction \u00e0 Bastrop au Texas, il peut <strong>avancer de dix-huit mois la mise en service de nouvelles turbines \u00e0 gaz<\/strong>. Il avait d\u00e9j\u00e0 d\u00e9clar\u00e9 publiquement que les turbines \u00e9taient vendues jusqu&rsquo;en 2030 et que trois fondeurs seulement, tous satur\u00e9s, alimentaient le march\u00e9 mondial.<\/p>\n\n\n\n<p class=\"wp-block-paragraph\">Autrement dit, un industriel qui a b\u00e2ti sa r\u00e9putation sur l&rsquo;\u00e9lectrification investit dans la fabrication de composants de centrales fossiles, parce que la demande \u00e9lectrique de l&rsquo;IA arrive plus vite que les moyens de production bas carbone. C&rsquo;est un signal de tension, pas une conversion id\u00e9ologique.<\/p>\n\n\n\n<h2 class=\"wp-block-heading\">En France, 18 GW d\u00e9j\u00e0 r\u00e9serv\u00e9s sur le r\u00e9seau de transport<\/h2>\n\n\n\n<p class=\"wp-block-paragraph\">Le mouvement n&rsquo;est pas cantonn\u00e9 au Texas. RTE indiquait en mai 2026 avoir <strong>r\u00e9serv\u00e9 pr\u00e8s de 18 GW de capacit\u00e9 de raccordement pour environ 80 projets de data centers<\/strong>, contre 5 GW et une quarantaine de projets fin 2024. La puissance totale demand\u00e9e, tous stades confondus, avoisine <strong>28,6 GW<\/strong>. La majorit\u00e9 des dossiers portent sur des puissances de 100 \u00e0 200 MW, soit l&rsquo;\u00e9quivalent de la consommation d&rsquo;une ville comme Le Mans, et une dizaine de projets d\u00e9passent 400 MW.<\/p>\n\n\n\n<p class=\"wp-block-paragraph\">La concentration g\u00e9ographique est frappante : <strong>environ 7 GW r\u00e9serv\u00e9s en \u00cele-de-France et 6 GW dans les Hauts-de-France<\/strong>. Le gestionnaire de r\u00e9seau a mis en place une proc\u00e9dure dite fast track pour raccorder rapidement les sites les plus puissants au r\u00e9seau 400 000 volts, et pr\u00e9pare l&rsquo;abandon du principe du premier arriv\u00e9 premier servi au profit d&rsquo;un tri par maturit\u00e9 des projets.<\/p>\n\n\n\n<p class=\"wp-block-paragraph\">Aujourd&rsquo;hui, les quelque 300 data centers pr\u00e9sents en France consomment <strong>environ 10 TWh par an, soit \u00e0 peu pr\u00e8s 2 % de la consommation nationale<\/strong>. La question n&rsquo;est donc pas ce qu&rsquo;ils p\u00e8sent, mais ce qu&rsquo;ils p\u00e8seront.<\/p>\n\n\n\n<h2 class=\"wp-block-heading\">Le grand \u00e9cart entre la projection de RTE et le sc\u00e9nario maximaliste<\/h2>\n\n\n\n<p class=\"wp-block-paragraph\">C&rsquo;est l\u00e0 que les lectures divergent radicalement, et il faut poser les deux c\u00f4te \u00e0 c\u00f4te plut\u00f4t que de trancher h\u00e2tivement. Dans son Bilan pr\u00e9visionnel 2025-2035, RTE retient une trajectoire prudente : <strong>15 \u00e0 20 TWh en 2030<\/strong>, puis <strong>23 \u00e0 28 TWh en 2035<\/strong>, soit environ 4 % de la consommation fran\u00e7aise. Cette projection repose sur deux hypoth\u00e8ses explicites : tous les projets annonc\u00e9s ne verront pas le jour, et ceux qui aboutiront monteront en charge progressivement. Les op\u00e9rateurs eux-m\u00eames estiment qu&rsquo;il faudra dix \u00e0 quinze ans pour atteindre environ 80 % de la puissance r\u00e9serv\u00e9e.<\/p>\n\n\n\n<p class=\"wp-block-paragraph\">Une partie des professionnels du secteur conteste le taux d&rsquo;utilisation de 20 % retenu pour les premi\u00e8res ann\u00e9es. Les centres d\u00e9di\u00e9s \u00e0 l&rsquo;entra\u00eenement de mod\u00e8les d&rsquo;IA tournent, selon eux, bien plus pr\u00e8s de 80 % de leur puissance de raccordement, puisqu&rsquo;un cluster d&rsquo;entra\u00eenement fonctionne en continu. Appliqu\u00e9e aux puissances d\u00e9j\u00e0 r\u00e9serv\u00e9es, cette hypoth\u00e8se change compl\u00e8tement les ordres de grandeur.<\/p>\n\n\n\n<figure class=\"wp-block-table\"><table class=\"has-fixed-layout\"><thead><tr><th>Hypoth\u00e8se retenue<\/th><th>Puissance concern\u00e9e<\/th><th>Taux d&rsquo;utilisation<\/th><th>Consommation annuelle<\/th><th>Part de la consommation fran\u00e7aise 2025<\/th><\/tr><\/thead><tbody><tr><td>Situation actuelle<\/td><td>800 MW raccord\u00e9s \u00e0 RTE<\/td><td>variable<\/td><td>environ 10 TWh<\/td><td>2 %<\/td><\/tr><tr><td>Projection RTE 2030<\/td><td>projets jug\u00e9s cr\u00e9dibles<\/td><td>progressif<\/td><td>15 \u00e0 20 TWh<\/td><td>environ 3 %<\/td><\/tr><tr><td>Projection RTE 2035<\/td><td>projets jug\u00e9s cr\u00e9dibles<\/td><td>progressif<\/td><td>23 \u00e0 28 TWh<\/td><td>environ 4 %<\/td><\/tr><tr><td>18 GW r\u00e9serv\u00e9s<\/td><td>18 GW<\/td><td>20 %<\/td><td>environ 31,5 TWh<\/td><td>7 %<\/td><\/tr><tr><td>18 GW r\u00e9serv\u00e9s<\/td><td>18 GW<\/td><td>80 %<\/td><td>environ 126 TWh<\/td><td>28 %<\/td><\/tr><tr><td>28,6 GW demand\u00e9s<\/td><td>30 GW<\/td><td>80 %<\/td><td>environ 210 TWh<\/td><td>47 %<\/td><\/tr><\/tbody><\/table><\/figure>\n\n\n\n<p class=\"wp-block-paragraph\">Un rep\u00e8re permet de mesurer l&rsquo;\u00e9cart. En 2025, la France a export\u00e9 un solde net record de <strong>92,3 TWh<\/strong>, soit 17 % de sa production, et c&rsquo;est pr\u00e9cis\u00e9ment ce surplus qui nourrit le discours de l&rsquo;abondance. Or, d&rsquo;apr\u00e8s nos calculs, <strong>il suffirait d&rsquo;environ 13,2 GW de data centers fonctionnant \u00e0 80 % de leur puissance pour absorber la totalit\u00e9 de cet exc\u00e9dent export\u00e9<\/strong>. La France en a d\u00e9j\u00e0 r\u00e9serv\u00e9 18. Le sc\u00e9nario maximaliste n&rsquo;est donc pas une fiction : il correspond simplement au cas o\u00f9 les projets contractualis\u00e9s se r\u00e9alisent et tournent r\u00e9ellement \u00e0 pleine charge, ce que personne ne peut aujourd&rsquo;hui garantir dans un sens ou dans l&rsquo;autre.<\/p>\n\n\n\n<h2 class=\"wp-block-heading\">Ce que l&rsquo;argument de l&rsquo;abondance vous a d\u00e9j\u00e0 co\u00fbt\u00e9<\/h2>\n\n\n\n<p class=\"wp-block-paragraph\">Pour un particulier, ce d\u00e9bat n&rsquo;a rien d&rsquo;abstrait, parce qu&rsquo;il a d\u00e9j\u00e0 produit des effets sur son portefeuille. Le resserrement du guichet ouvert S21 s&rsquo;est fait en deux temps, et le mouvement a \u00e9t\u00e9 spectaculaire pour les installations r\u00e9sidentielles de 9 kWc ou moins.<\/p>\n\n\n\n<figure class=\"wp-block-table\"><table class=\"has-fixed-layout\"><thead><tr><th>P\u00e9riode<\/th><th>Tarif de rachat du surplus<\/th><th>Revenu annuel pour 1 500 kWh r\u00e9inject\u00e9s<\/th><th>Prime \u00e0 l&rsquo;autoconsommation<\/th><\/tr><\/thead><tbody><tr><td>Jusqu&rsquo;\u00e0 fin mars 2025<\/td><td>12,69 c\u20ac\/kWh<\/td><td>environ 190 \u20ac<\/td><td>80 \u20ac\/kWc<\/td><\/tr><tr><td>De fin mars 2025 au 4 juin 2026<\/td><td>4 c\u20ac\/kWh<\/td><td>60 \u20ac<\/td><td>40 \u20ac\/kWc<\/td><\/tr><tr><td>Depuis le 5 juin 2026<\/td><td>1,1 c\u20ac\/kWh<\/td><td>16,50 \u20ac<\/td><td>supprim\u00e9e<\/td><\/tr><\/tbody><\/table><\/figure>\n\n\n\n<p class=\"wp-block-paragraph\">Sur la dur\u00e9e du contrat de vingt ans, et en tenant compte de l&rsquo;indexation annuelle de 2 % pr\u00e9vue par le nouvel arr\u00eat\u00e9, ce m\u00eame foyer percevra <strong>environ 400 euros au total<\/strong>, contre plus de 3 800 euros sous l&rsquo;ancien bar\u00e8me. Le rapport est d&rsquo;environ <strong>un \u00e0 onze<\/strong>.<\/p>\n\n\n\n<p class=\"wp-block-paragraph\">Deux pr\u00e9cisions s&rsquo;imposent pour ne pas alimenter de faux espoirs. D&rsquo;abord, <strong>les contrats sign\u00e9s et les demandes compl\u00e8tes d\u00e9pos\u00e9es avant le 5 juin 2026 ne sont pas concern\u00e9s<\/strong>, le tarif obtenu \u00e0 la signature reste acquis pour vingt ans. Ensuite, cette r\u00e9forme ne rend pas le photovolta\u00efque r\u00e9sidentiel non rentable : elle d\u00e9place la rentabilit\u00e9 de la revente vers l&rsquo;autoconsommation. Chaque kilowattheure consomm\u00e9 directement vaut d\u00e9sormais <strong>environ 20 centimes \u00e9vit\u00e9s sur la facture<\/strong>, soit pr\u00e8s de dix-huit fois la valeur du m\u00eame kilowattheure revendu. Le dimensionnement, le pilotage des usages et \u00e9ventuellement le stockage deviennent les vrais leviers, l\u00e0 o\u00f9 le contrat de rachat suffisait auparavant.<\/p>\n\n\n\n<p class=\"wp-block-paragraph\">Le point politique est le suivant : si la demande \u00e9lectrique fran\u00e7aise repart nettement \u00e0 la hausse d&rsquo;ici 2030, l&rsquo;argument de la saturation aux heures solaires perd de sa force, et les arbitrages de la programmation pluriannuelle de l&rsquo;\u00e9nergie devront \u00eatre r\u00e9examin\u00e9s. Les foyers qui ont install\u00e9 apr\u00e8s juin 2026 auront, eux, contractualis\u00e9 au plus bas.<\/p>\n\n\n\n<h2 class=\"wp-block-heading\">Sur votre facture, la hausse est d\u00e9j\u00e0 l\u00e0, mais pas pour cette raison<\/h2>\n\n\n\n<p class=\"wp-block-paragraph\">Il serait malhonn\u00eate d&rsquo;attribuer aux data centers l&rsquo;augmentation subie cet \u00e9t\u00e9. Depuis le 1er ao\u00fbt 2026, <strong>les tarifs r\u00e9glement\u00e9s de vente de l&rsquo;\u00e9lectricit\u00e9 ont progress\u00e9 de 2,5 % TTC en moyenne<\/strong>, soit <strong>environ 26 euros par an<\/strong> pour une consommation de r\u00e9f\u00e9rence de 4,5 MWh, portant la facture type \u00e0 1 072 euros. Cette hausse s&rsquo;explique par la revalorisation du TURPE de <strong>3,04 %<\/strong> au 1er ao\u00fbt, tir\u00e9e par un coefficient de rattrapage \u00e0 son plafond r\u00e9glementaire, et par l&rsquo;int\u00e9gration du nouveau m\u00e9canisme de capacit\u00e9. La part \u00e9nergie, elle, est rest\u00e9e stable.<\/p>\n\n\n\n<p class=\"wp-block-paragraph\">Le lien avec les centres de donn\u00e9es est indirect mais r\u00e9el, et il se jouera sur les ann\u00e9es suivantes. Le TURPE finance les investissements de RTE et d&rsquo;Enedis, et il est pay\u00e9 par <strong>tous les consommateurs raccord\u00e9s, particuliers compris<\/strong>. Or raccorder des sites de plusieurs centaines de m\u00e9gawatts suppose des postes, des lignes et des renforcements que le r\u00e9seau actuel n&rsquo;a pas \u00e9t\u00e9 dimensionn\u00e9 pour accueillir. Les porteurs de projets acquittent une quote-part de raccordement et leur propre TURPE, mais l&rsquo;essentiel des renforcements structurants reste mutualis\u00e9. \u00c0 l&rsquo;inverse, une consommation nouvelle et r\u00e9guli\u00e8re \u00e9tale les co\u00fbts fixes du r\u00e9seau sur davantage de kilowattheures, ce qui joue dans l&rsquo;autre sens. L&rsquo;arbitrage entre ces deux effets sera l&rsquo;un des dossiers les plus scrut\u00e9s de la prochaine p\u00e9riode tarifaire.<\/p>\n\n\n\n<h2 class=\"wp-block-heading\">Les rendez-vous \u00e0 surveiller d&rsquo;ici la fin de l&rsquo;ann\u00e9e<\/h2>\n\n\n\n<p class=\"wp-block-paragraph\">Trois \u00e9ch\u00e9ances m\u00e9ritent l&rsquo;attention d&rsquo;un lecteur qui produit ou qui r\u00e9nove.<\/p>\n\n\n\n<ul class=\"wp-block-list\">\n<li>L&rsquo;actualisation par RTE de ses trajectoires de consommation, qui devra int\u00e9grer une analyse sectorielle des projets men\u00e9e avec l&rsquo;\u00c9tat et arbitrer entre projets cr\u00e9dibles et r\u00e9servations fant\u00f4mes.<\/li>\n\n\n\n<li>Les arbitrages de la programmation pluriannuelle de l&rsquo;\u00e9nergie, qui fixent le rythme de d\u00e9veloppement du photovolta\u00efque et donc l&rsquo;ampleur des futurs guichets de soutien.<\/li>\n\n\n\n<li>Le prochain mouvement des tarifs r\u00e9glement\u00e9s, attendu au 1er f\u00e9vrier 2027, avec les rattrapages au titre de l&rsquo;ann\u00e9e 2026.<\/li>\n<\/ul>\n\n\n\n<p class=\"wp-block-paragraph\">Le pari d&rsquo;Elon Musk et les 18 GW r\u00e9serv\u00e9s en France racontent la m\u00eame chose sous deux latitudes : la demande \u00e9lectrique li\u00e9e au calcul intensif n&rsquo;est plus une projection lointaine, c&rsquo;est un carnet de commandes. Sous-estimer cette demande conduirait \u00e0 freiner aujourd&rsquo;hui des capacit\u00e9s de production dont le pays aura besoin dans quelques ann\u00e9es. Pour le propri\u00e9taire qui h\u00e9site encore \u00e0 \u00e9quiper sa toiture, la conclusion pratique est plus simple qu&rsquo;il n&rsquo;y para\u00eet : le kilowattheure que vous consommerez vous-m\u00eame vaudra toujours plus cher que celui que vous revendrez, et cette \u00e9quation ne d\u00e9pend d&rsquo;aucun arr\u00eat\u00e9 \u00e0 venir.<\/p>\n","protected":false},"excerpt":{"rendered":"","protected":false},"author":3,"featured_media":1812,"comment_status":"open","ping_status":"open","sticky":false,"template":"","format":"standard","meta":{"_acf_changed":false,"footnotes":""},"categories":[1],"tags":[105,29],"class_list":["post-1798","post","type-post","status-publish","format-standard","has-post-thumbnail","hentry","category-energies","tag-data-center","tag-photovoltaique","masonry-post","generate-columns","tablet-grid-50","mobile-grid-100","grid-parent","grid-33"],"acf":{"social-publish":false,"just-linkedin":false,"just-facebook":false,"test":""},"yoast_head":"<!-- This site is optimized with the Yoast SEO plugin v28.4 - https:\/\/yoast.com\/product\/yoast-seo-wordpress\/ -->\n<title>Data centers : 18 GW qui fragilisent l&#039;\u00e9lectricit\u00e9 abondante<\/title>\n<meta name=\"description\" content=\"Rachat solaire \u00e0 1,1 centime, facture en hausse : ce que les 18 GW de data centers r\u00e9serv\u00e9s changent pour vous.\" \/>\n<meta name=\"robots\" content=\"index, follow, max-snippet:-1, max-image-preview:large, max-video-preview:-1\" \/>\n<link rel=\"canonical\" href=\"https:\/\/www.les-energies-renouvelables.eu\/article\/actualites\/energies\/data-centers-le-pari-electrique-elon-musk-fragilise-argument-qui-a-fait-chuter-votre-rachat-solaire-1798\/\" \/>\n<meta property=\"og:locale\" content=\"fr_FR\" \/>\n<meta property=\"og:type\" content=\"article\" \/>\n<meta property=\"og:title\" content=\"Data centers : 18 GW qui fragilisent l&#039;\u00e9lectricit\u00e9 abondante\" \/>\n<meta property=\"og:description\" content=\"Rachat solaire \u00e0 1,1 centime, facture en hausse : ce que les 18 GW de data centers r\u00e9serv\u00e9s changent pour vous.\" \/>\n<meta property=\"og:url\" content=\"https:\/\/www.les-energies-renouvelables.eu\/article\/actualites\/energies\/data-centers-le-pari-electrique-elon-musk-fragilise-argument-qui-a-fait-chuter-votre-rachat-solaire-1798\/\" \/>\n<meta property=\"og:site_name\" content=\"ECOinfos Energies renouvelables\" \/>\n<meta property=\"article:publisher\" content=\"https:\/\/www.facebook.com\/ecoannuaire.energierenouvelable\/\" \/>\n<meta property=\"article:published_time\" content=\"2026-09-02T07:55:47+00:00\" \/>\n<meta property=\"og:image\" content=\"https:\/\/www.les-energies-renouvelables.eu\/article\/actualites\/wp-content\/uploads\/2026\/09\/actualites-brouillon-auto-data-center-et-solaire-musk-scaled.webp\" \/>\n\t<meta property=\"og:image:width\" content=\"1200\" \/>\n\t<meta property=\"og:image:height\" content=\"675\" \/>\n\t<meta property=\"og:image:type\" content=\"image\/webp\" \/>\n<meta name=\"author\" content=\"Mathis Castelnau\" \/>\n<meta name=\"twitter:card\" content=\"summary_large_image\" \/>\n<meta name=\"twitter:creator\" content=\"@ECOinfosENR\" \/>\n<meta name=\"twitter:site\" content=\"@ECOinfosENR\" \/>\n<meta name=\"twitter:label1\" content=\"\u00c9crit par\" \/>\n\t<meta name=\"twitter:data1\" content=\"Mathis Castelnau\" \/>\n\t<meta name=\"twitter:label2\" content=\"Dur\u00e9e de lecture estim\u00e9e\" \/>\n\t<meta name=\"twitter:data2\" content=\"9 minutes\" \/>\n<script type=\"application\/ld+json\" class=\"yoast-schema-graph\">{\"@context\":\"https:\\\/\\\/schema.org\",\"@graph\":[{\"@type\":\"NewsArticle\",\"@id\":\"https:\\\/\\\/www.les-energies-renouvelables.eu\\\/article\\\/actualites\\\/energies\\\/data-centers-le-pari-electrique-elon-musk-fragilise-argument-qui-a-fait-chuter-votre-rachat-solaire-1798\\\/#article\",\"isPartOf\":{\"@id\":\"https:\\\/\\\/www.les-energies-renouvelables.eu\\\/article\\\/actualites\\\/energies\\\/data-centers-le-pari-electrique-elon-musk-fragilise-argument-qui-a-fait-chuter-votre-rachat-solaire-1798\\\/\"},\"author\":{\"name\":\"Mathis Castelnau\",\"@id\":\"https:\\\/\\\/www.les-energies-renouvelables.eu\\\/article\\\/actualites\\\/#\\\/schema\\\/person\\\/d0855c0c2d94ad36795f37b9a33c9f93\"},\"headline\":\"Data centers : le pari \u00e9lectrique d&rsquo;Elon Musk fragilise l&rsquo;argument qui a fait chuter votre rachat solaire\",\"datePublished\":\"2026-09-02T07:55:47+00:00\",\"mainEntityOfPage\":{\"@id\":\"https:\\\/\\\/www.les-energies-renouvelables.eu\\\/article\\\/actualites\\\/energies\\\/data-centers-le-pari-electrique-elon-musk-fragilise-argument-qui-a-fait-chuter-votre-rachat-solaire-1798\\\/\"},\"wordCount\":1792,\"commentCount\":0,\"publisher\":{\"@id\":\"https:\\\/\\\/www.les-energies-renouvelables.eu\\\/article\\\/actualites\\\/#organization\"},\"image\":{\"@id\":\"https:\\\/\\\/www.les-energies-renouvelables.eu\\\/article\\\/actualites\\\/energies\\\/data-centers-le-pari-electrique-elon-musk-fragilise-argument-qui-a-fait-chuter-votre-rachat-solaire-1798\\\/#primaryimage\"},\"thumbnailUrl\":\"https:\\\/\\\/www.les-energies-renouvelables.eu\\\/article\\\/actualites\\\/wp-content\\\/uploads\\\/2026\\\/09\\\/actualites-brouillon-auto-data-center-et-solaire-musk-scaled.webp\",\"keywords\":[\"Data Center\",\"Photovoltaique\"],\"articleSection\":[\"\u00c9nergies\"],\"inLanguage\":\"fr-FR\",\"potentialAction\":[{\"@type\":\"CommentAction\",\"name\":\"Comment\",\"target\":[\"https:\\\/\\\/www.les-energies-renouvelables.eu\\\/article\\\/actualites\\\/energies\\\/data-centers-le-pari-electrique-elon-musk-fragilise-argument-qui-a-fait-chuter-votre-rachat-solaire-1798\\\/#respond\"]}]},{\"@type\":\"WebPage\",\"@id\":\"https:\\\/\\\/www.les-energies-renouvelables.eu\\\/article\\\/actualites\\\/energies\\\/data-centers-le-pari-electrique-elon-musk-fragilise-argument-qui-a-fait-chuter-votre-rachat-solaire-1798\\\/\",\"url\":\"https:\\\/\\\/www.les-energies-renouvelables.eu\\\/article\\\/actualites\\\/energies\\\/data-centers-le-pari-electrique-elon-musk-fragilise-argument-qui-a-fait-chuter-votre-rachat-solaire-1798\\\/\",\"name\":\"Data centers : 18 GW qui fragilisent l'\u00e9lectricit\u00e9 abondante\",\"isPartOf\":{\"@id\":\"https:\\\/\\\/www.les-energies-renouvelables.eu\\\/article\\\/actualites\\\/#website\"},\"primaryImageOfPage\":{\"@id\":\"https:\\\/\\\/www.les-energies-renouvelables.eu\\\/article\\\/actualites\\\/energies\\\/data-centers-le-pari-electrique-elon-musk-fragilise-argument-qui-a-fait-chuter-votre-rachat-solaire-1798\\\/#primaryimage\"},\"image\":{\"@id\":\"https:\\\/\\\/www.les-energies-renouvelables.eu\\\/article\\\/actualites\\\/energies\\\/data-centers-le-pari-electrique-elon-musk-fragilise-argument-qui-a-fait-chuter-votre-rachat-solaire-1798\\\/#primaryimage\"},\"thumbnailUrl\":\"https:\\\/\\\/www.les-energies-renouvelables.eu\\\/article\\\/actualites\\\/wp-content\\\/uploads\\\/2026\\\/09\\\/actualites-brouillon-auto-data-center-et-solaire-musk-scaled.webp\",\"datePublished\":\"2026-09-02T07:55:47+00:00\",\"description\":\"Rachat solaire \u00e0 1,1 centime, facture en hausse : ce que les 18 GW de data centers r\u00e9serv\u00e9s changent pour vous.\",\"breadcrumb\":{\"@id\":\"https:\\\/\\\/www.les-energies-renouvelables.eu\\\/article\\\/actualites\\\/energies\\\/data-centers-le-pari-electrique-elon-musk-fragilise-argument-qui-a-fait-chuter-votre-rachat-solaire-1798\\\/#breadcrumb\"},\"inLanguage\":\"fr-FR\",\"potentialAction\":[{\"@type\":\"ReadAction\",\"target\":[\"https:\\\/\\\/www.les-energies-renouvelables.eu\\\/article\\\/actualites\\\/energies\\\/data-centers-le-pari-electrique-elon-musk-fragilise-argument-qui-a-fait-chuter-votre-rachat-solaire-1798\\\/\"]}]},{\"@type\":\"ImageObject\",\"inLanguage\":\"fr-FR\",\"@id\":\"https:\\\/\\\/www.les-energies-renouvelables.eu\\\/article\\\/actualites\\\/energies\\\/data-centers-le-pari-electrique-elon-musk-fragilise-argument-qui-a-fait-chuter-votre-rachat-solaire-1798\\\/#primaryimage\",\"url\":\"https:\\\/\\\/www.les-energies-renouvelables.eu\\\/article\\\/actualites\\\/wp-content\\\/uploads\\\/2026\\\/09\\\/actualites-brouillon-auto-data-center-et-solaire-musk-scaled.webp\",\"contentUrl\":\"https:\\\/\\\/www.les-energies-renouvelables.eu\\\/article\\\/actualites\\\/wp-content\\\/uploads\\\/2026\\\/09\\\/actualites-brouillon-auto-data-center-et-solaire-musk-scaled.webp\",\"width\":1200,\"height\":675,\"caption\":\"Les projets de data centers ont d\u00e9j\u00e0 r\u00e9serv\u00e9 pr\u00e8s de 18 GW sur le r\u00e9seau de transport fran\u00e7ais.\"},{\"@type\":\"BreadcrumbList\",\"@id\":\"https:\\\/\\\/www.les-energies-renouvelables.eu\\\/article\\\/actualites\\\/energies\\\/data-centers-le-pari-electrique-elon-musk-fragilise-argument-qui-a-fait-chuter-votre-rachat-solaire-1798\\\/#breadcrumb\",\"itemListElement\":[{\"@type\":\"ListItem\",\"position\":1,\"name\":\"Accueil\",\"item\":\"https:\\\/\\\/www.les-energies-renouvelables.eu\\\/article\\\/actualites\\\/\"},{\"@type\":\"ListItem\",\"position\":2,\"name\":\"Data centers : le pari \u00e9lectrique d&rsquo;Elon Musk fragilise l&rsquo;argument qui a fait chuter votre rachat solaire\"}]},{\"@type\":\"WebSite\",\"@id\":\"https:\\\/\\\/www.les-energies-renouvelables.eu\\\/article\\\/actualites\\\/#website\",\"url\":\"https:\\\/\\\/www.les-energies-renouvelables.eu\\\/article\\\/actualites\\\/\",\"name\":\"ECOinfos Energies renouvelables\",\"description\":\"Le d\u00e9cryptage quotidien du secteur des \u00e9nergies renouvelables\",\"publisher\":{\"@id\":\"https:\\\/\\\/www.les-energies-renouvelables.eu\\\/article\\\/actualites\\\/#organization\"},\"potentialAction\":[{\"@type\":\"SearchAction\",\"target\":{\"@type\":\"EntryPoint\",\"urlTemplate\":\"https:\\\/\\\/www.les-energies-renouvelables.eu\\\/article\\\/actualites\\\/?s={search_term_string}\"},\"query-input\":{\"@type\":\"PropertyValueSpecification\",\"valueRequired\":true,\"valueName\":\"search_term_string\"}}],\"inLanguage\":\"fr-FR\"},{\"@type\":\"Organization\",\"@id\":\"https:\\\/\\\/www.les-energies-renouvelables.eu\\\/article\\\/actualites\\\/#organization\",\"name\":\"ECOinfos Energies renouvelables\",\"url\":\"https:\\\/\\\/www.les-energies-renouvelables.eu\\\/article\\\/actualites\\\/\",\"logo\":{\"@type\":\"ImageObject\",\"inLanguage\":\"fr-FR\",\"@id\":\"https:\\\/\\\/www.les-energies-renouvelables.eu\\\/article\\\/actualites\\\/#\\\/schema\\\/logo\\\/image\\\/\",\"url\":\"https:\\\/\\\/www.les-energies-renouvelables.eu\\\/article\\\/actualites\\\/wp-content\\\/uploads\\\/2025\\\/11\\\/ecoinfos.eldorado-consulting.com-logo-logo.svg\",\"contentUrl\":\"https:\\\/\\\/www.les-energies-renouvelables.eu\\\/article\\\/actualites\\\/wp-content\\\/uploads\\\/2025\\\/11\\\/ecoinfos.eldorado-consulting.com-logo-logo.svg\",\"caption\":\"ECOinfos Energies renouvelables\"},\"image\":{\"@id\":\"https:\\\/\\\/www.les-energies-renouvelables.eu\\\/article\\\/actualites\\\/#\\\/schema\\\/logo\\\/image\\\/\"},\"sameAs\":[\"https:\\\/\\\/www.facebook.com\\\/ecoannuaire.energierenouvelable\\\/\",\"https:\\\/\\\/x.com\\\/ECOinfosENR\",\"https:\\\/\\\/www.linkedin.com\\\/company\\\/ecoinfos-energies-renouvelables\\\/\",\"https:\\\/\\\/www.youtube.com\\\/@ecoinfosenergies\",\"https:\\\/\\\/share.google\\\/dyKHJPxAV42WhhjbM\"]},{\"@type\":\"Person\",\"@id\":\"https:\\\/\\\/www.les-energies-renouvelables.eu\\\/article\\\/actualites\\\/#\\\/schema\\\/person\\\/d0855c0c2d94ad36795f37b9a33c9f93\",\"name\":\"Mathis Castelnau\",\"image\":{\"@type\":\"ImageObject\",\"inLanguage\":\"fr-FR\",\"@id\":\"https:\\\/\\\/www.les-energies-renouvelables.eu\\\/article\\\/actualites\\\/wp-content\\\/uploads\\\/2026\\\/05\\\/actualites-mathis-castelnau-mathis-castelnau-160x160.jpeg\",\"url\":\"https:\\\/\\\/www.les-energies-renouvelables.eu\\\/article\\\/actualites\\\/wp-content\\\/uploads\\\/2026\\\/05\\\/actualites-mathis-castelnau-mathis-castelnau-160x160.jpeg\",\"contentUrl\":\"https:\\\/\\\/www.les-energies-renouvelables.eu\\\/article\\\/actualites\\\/wp-content\\\/uploads\\\/2026\\\/05\\\/actualites-mathis-castelnau-mathis-castelnau-160x160.jpeg\",\"caption\":\"Mathis Castelnau\"},\"description\":\"Passionn\u00e9 par les \u00e9nergies renouvelables et le march\u00e9 de l\u2019\u00e9nergie, je d\u00e9crypte depuis plusieurs ann\u00e9es les \u00e9volutions techniques, r\u00e9glementaires et \u00e9conomiques du secteur. \u00c0 travers nos articles, nous analysons les enjeux du photovolta\u00efque, de la transition \u00e9nerg\u00e9tique, de l\u2019autoconsommation et des nouveaux mod\u00e8les \u00e9nerg\u00e9tiques qui redessinent le march\u00e9.\",\"sameAs\":[\"https:\\\/\\\/www.linkedin.com\\\/in\\\/mathis-castelnau\\\/\"],\"url\":\"https:\\\/\\\/www.les-energies-renouvelables.eu\\\/article\\\/actualites\\\/author\\\/mathis\\\/\"}]}<\/script>\n<!-- \/ Yoast SEO plugin. -->","yoast_head_json":{"title":"Data centers : 18 GW qui fragilisent l'\u00e9lectricit\u00e9 abondante","description":"Rachat solaire \u00e0 1,1 centime, facture en hausse : ce que les 18 GW de data centers r\u00e9serv\u00e9s changent pour vous.","robots":{"index":"index","follow":"follow","max-snippet":"max-snippet:-1","max-image-preview":"max-image-preview:large","max-video-preview":"max-video-preview:-1"},"canonical":"https:\/\/www.les-energies-renouvelables.eu\/article\/actualites\/energies\/data-centers-le-pari-electrique-elon-musk-fragilise-argument-qui-a-fait-chuter-votre-rachat-solaire-1798\/","og_locale":"fr_FR","og_type":"article","og_title":"Data centers : 18 GW qui fragilisent l'\u00e9lectricit\u00e9 abondante","og_description":"Rachat solaire \u00e0 1,1 centime, facture en hausse : ce que les 18 GW de data centers r\u00e9serv\u00e9s changent pour vous.","og_url":"https:\/\/www.les-energies-renouvelables.eu\/article\/actualites\/energies\/data-centers-le-pari-electrique-elon-musk-fragilise-argument-qui-a-fait-chuter-votre-rachat-solaire-1798\/","og_site_name":"ECOinfos Energies renouvelables","article_publisher":"https:\/\/www.facebook.com\/ecoannuaire.energierenouvelable\/","article_published_time":"2026-09-02T07:55:47+00:00","og_image":[{"width":1200,"height":675,"url":"https:\/\/www.les-energies-renouvelables.eu\/article\/actualites\/wp-content\/uploads\/2026\/09\/actualites-brouillon-auto-data-center-et-solaire-musk-scaled.webp","type":"image\/webp"}],"author":"Mathis Castelnau","twitter_card":"summary_large_image","twitter_creator":"@ECOinfosENR","twitter_site":"@ECOinfosENR","twitter_misc":{"\u00c9crit par":"Mathis Castelnau","Dur\u00e9e de lecture estim\u00e9e":"9 minutes"},"schema":{"@context":"https:\/\/schema.org","@graph":[{"@type":"NewsArticle","@id":"https:\/\/www.les-energies-renouvelables.eu\/article\/actualites\/energies\/data-centers-le-pari-electrique-elon-musk-fragilise-argument-qui-a-fait-chuter-votre-rachat-solaire-1798\/#article","isPartOf":{"@id":"https:\/\/www.les-energies-renouvelables.eu\/article\/actualites\/energies\/data-centers-le-pari-electrique-elon-musk-fragilise-argument-qui-a-fait-chuter-votre-rachat-solaire-1798\/"},"author":{"name":"Mathis Castelnau","@id":"https:\/\/www.les-energies-renouvelables.eu\/article\/actualites\/#\/schema\/person\/d0855c0c2d94ad36795f37b9a33c9f93"},"headline":"Data centers : le pari \u00e9lectrique d&rsquo;Elon Musk fragilise l&rsquo;argument qui a fait chuter votre rachat solaire","datePublished":"2026-09-02T07:55:47+00:00","mainEntityOfPage":{"@id":"https:\/\/www.les-energies-renouvelables.eu\/article\/actualites\/energies\/data-centers-le-pari-electrique-elon-musk-fragilise-argument-qui-a-fait-chuter-votre-rachat-solaire-1798\/"},"wordCount":1792,"commentCount":0,"publisher":{"@id":"https:\/\/www.les-energies-renouvelables.eu\/article\/actualites\/#organization"},"image":{"@id":"https:\/\/www.les-energies-renouvelables.eu\/article\/actualites\/energies\/data-centers-le-pari-electrique-elon-musk-fragilise-argument-qui-a-fait-chuter-votre-rachat-solaire-1798\/#primaryimage"},"thumbnailUrl":"https:\/\/www.les-energies-renouvelables.eu\/article\/actualites\/wp-content\/uploads\/2026\/09\/actualites-brouillon-auto-data-center-et-solaire-musk-scaled.webp","keywords":["Data Center","Photovoltaique"],"articleSection":["\u00c9nergies"],"inLanguage":"fr-FR","potentialAction":[{"@type":"CommentAction","name":"Comment","target":["https:\/\/www.les-energies-renouvelables.eu\/article\/actualites\/energies\/data-centers-le-pari-electrique-elon-musk-fragilise-argument-qui-a-fait-chuter-votre-rachat-solaire-1798\/#respond"]}]},{"@type":"WebPage","@id":"https:\/\/www.les-energies-renouvelables.eu\/article\/actualites\/energies\/data-centers-le-pari-electrique-elon-musk-fragilise-argument-qui-a-fait-chuter-votre-rachat-solaire-1798\/","url":"https:\/\/www.les-energies-renouvelables.eu\/article\/actualites\/energies\/data-centers-le-pari-electrique-elon-musk-fragilise-argument-qui-a-fait-chuter-votre-rachat-solaire-1798\/","name":"Data centers : 18 GW qui fragilisent l'\u00e9lectricit\u00e9 abondante","isPartOf":{"@id":"https:\/\/www.les-energies-renouvelables.eu\/article\/actualites\/#website"},"primaryImageOfPage":{"@id":"https:\/\/www.les-energies-renouvelables.eu\/article\/actualites\/energies\/data-centers-le-pari-electrique-elon-musk-fragilise-argument-qui-a-fait-chuter-votre-rachat-solaire-1798\/#primaryimage"},"image":{"@id":"https:\/\/www.les-energies-renouvelables.eu\/article\/actualites\/energies\/data-centers-le-pari-electrique-elon-musk-fragilise-argument-qui-a-fait-chuter-votre-rachat-solaire-1798\/#primaryimage"},"thumbnailUrl":"https:\/\/www.les-energies-renouvelables.eu\/article\/actualites\/wp-content\/uploads\/2026\/09\/actualites-brouillon-auto-data-center-et-solaire-musk-scaled.webp","datePublished":"2026-09-02T07:55:47+00:00","description":"Rachat solaire \u00e0 1,1 centime, facture en hausse : ce que les 18 GW de data centers r\u00e9serv\u00e9s changent pour vous.","breadcrumb":{"@id":"https:\/\/www.les-energies-renouvelables.eu\/article\/actualites\/energies\/data-centers-le-pari-electrique-elon-musk-fragilise-argument-qui-a-fait-chuter-votre-rachat-solaire-1798\/#breadcrumb"},"inLanguage":"fr-FR","potentialAction":[{"@type":"ReadAction","target":["https:\/\/www.les-energies-renouvelables.eu\/article\/actualites\/energies\/data-centers-le-pari-electrique-elon-musk-fragilise-argument-qui-a-fait-chuter-votre-rachat-solaire-1798\/"]}]},{"@type":"ImageObject","inLanguage":"fr-FR","@id":"https:\/\/www.les-energies-renouvelables.eu\/article\/actualites\/energies\/data-centers-le-pari-electrique-elon-musk-fragilise-argument-qui-a-fait-chuter-votre-rachat-solaire-1798\/#primaryimage","url":"https:\/\/www.les-energies-renouvelables.eu\/article\/actualites\/wp-content\/uploads\/2026\/09\/actualites-brouillon-auto-data-center-et-solaire-musk-scaled.webp","contentUrl":"https:\/\/www.les-energies-renouvelables.eu\/article\/actualites\/wp-content\/uploads\/2026\/09\/actualites-brouillon-auto-data-center-et-solaire-musk-scaled.webp","width":1200,"height":675,"caption":"Les projets de data centers ont d\u00e9j\u00e0 r\u00e9serv\u00e9 pr\u00e8s de 18 GW sur le r\u00e9seau de transport fran\u00e7ais."},{"@type":"BreadcrumbList","@id":"https:\/\/www.les-energies-renouvelables.eu\/article\/actualites\/energies\/data-centers-le-pari-electrique-elon-musk-fragilise-argument-qui-a-fait-chuter-votre-rachat-solaire-1798\/#breadcrumb","itemListElement":[{"@type":"ListItem","position":1,"name":"Accueil","item":"https:\/\/www.les-energies-renouvelables.eu\/article\/actualites\/"},{"@type":"ListItem","position":2,"name":"Data centers : le pari \u00e9lectrique d&rsquo;Elon Musk fragilise l&rsquo;argument qui a fait chuter votre rachat solaire"}]},{"@type":"WebSite","@id":"https:\/\/www.les-energies-renouvelables.eu\/article\/actualites\/#website","url":"https:\/\/www.les-energies-renouvelables.eu\/article\/actualites\/","name":"ECOinfos Energies renouvelables","description":"Le d\u00e9cryptage quotidien du secteur des \u00e9nergies renouvelables","publisher":{"@id":"https:\/\/www.les-energies-renouvelables.eu\/article\/actualites\/#organization"},"potentialAction":[{"@type":"SearchAction","target":{"@type":"EntryPoint","urlTemplate":"https:\/\/www.les-energies-renouvelables.eu\/article\/actualites\/?s={search_term_string}"},"query-input":{"@type":"PropertyValueSpecification","valueRequired":true,"valueName":"search_term_string"}}],"inLanguage":"fr-FR"},{"@type":"Organization","@id":"https:\/\/www.les-energies-renouvelables.eu\/article\/actualites\/#organization","name":"ECOinfos Energies renouvelables","url":"https:\/\/www.les-energies-renouvelables.eu\/article\/actualites\/","logo":{"@type":"ImageObject","inLanguage":"fr-FR","@id":"https:\/\/www.les-energies-renouvelables.eu\/article\/actualites\/#\/schema\/logo\/image\/","url":"https:\/\/www.les-energies-renouvelables.eu\/article\/actualites\/wp-content\/uploads\/2025\/11\/ecoinfos.eldorado-consulting.com-logo-logo.svg","contentUrl":"https:\/\/www.les-energies-renouvelables.eu\/article\/actualites\/wp-content\/uploads\/2025\/11\/ecoinfos.eldorado-consulting.com-logo-logo.svg","caption":"ECOinfos Energies renouvelables"},"image":{"@id":"https:\/\/www.les-energies-renouvelables.eu\/article\/actualites\/#\/schema\/logo\/image\/"},"sameAs":["https:\/\/www.facebook.com\/ecoannuaire.energierenouvelable\/","https:\/\/x.com\/ECOinfosENR","https:\/\/www.linkedin.com\/company\/ecoinfos-energies-renouvelables\/","https:\/\/www.youtube.com\/@ecoinfosenergies","https:\/\/share.google\/dyKHJPxAV42WhhjbM"]},{"@type":"Person","@id":"https:\/\/www.les-energies-renouvelables.eu\/article\/actualites\/#\/schema\/person\/d0855c0c2d94ad36795f37b9a33c9f93","name":"Mathis Castelnau","image":{"@type":"ImageObject","inLanguage":"fr-FR","@id":"https:\/\/www.les-energies-renouvelables.eu\/article\/actualites\/wp-content\/uploads\/2026\/05\/actualites-mathis-castelnau-mathis-castelnau-160x160.jpeg","url":"https:\/\/www.les-energies-renouvelables.eu\/article\/actualites\/wp-content\/uploads\/2026\/05\/actualites-mathis-castelnau-mathis-castelnau-160x160.jpeg","contentUrl":"https:\/\/www.les-energies-renouvelables.eu\/article\/actualites\/wp-content\/uploads\/2026\/05\/actualites-mathis-castelnau-mathis-castelnau-160x160.jpeg","caption":"Mathis Castelnau"},"description":"Passionn\u00e9 par les \u00e9nergies renouvelables et le march\u00e9 de l\u2019\u00e9nergie, je d\u00e9crypte depuis plusieurs ann\u00e9es les \u00e9volutions techniques, r\u00e9glementaires et \u00e9conomiques du secteur. \u00c0 travers nos articles, nous analysons les enjeux du photovolta\u00efque, de la transition \u00e9nerg\u00e9tique, de l\u2019autoconsommation et des nouveaux mod\u00e8les \u00e9nerg\u00e9tiques qui redessinent le march\u00e9.","sameAs":["https:\/\/www.linkedin.com\/in\/mathis-castelnau\/"],"url":"https:\/\/www.les-energies-renouvelables.eu\/article\/actualites\/author\/mathis\/"}]}},"_links":{"self":[{"href":"https:\/\/www.les-energies-renouvelables.eu\/article\/actualites\/wp-json\/wp\/v2\/posts\/1798","targetHints":{"allow":["GET"]}}],"collection":[{"href":"https:\/\/www.les-energies-renouvelables.eu\/article\/actualites\/wp-json\/wp\/v2\/posts"}],"about":[{"href":"https:\/\/www.les-energies-renouvelables.eu\/article\/actualites\/wp-json\/wp\/v2\/types\/post"}],"author":[{"embeddable":true,"href":"https:\/\/www.les-energies-renouvelables.eu\/article\/actualites\/wp-json\/wp\/v2\/users\/3"}],"replies":[{"embeddable":true,"href":"https:\/\/www.les-energies-renouvelables.eu\/article\/actualites\/wp-json\/wp\/v2\/comments?post=1798"}],"version-history":[{"count":1,"href":"https:\/\/www.les-energies-renouvelables.eu\/article\/actualites\/wp-json\/wp\/v2\/posts\/1798\/revisions"}],"predecessor-version":[{"id":1815,"href":"https:\/\/www.les-energies-renouvelables.eu\/article\/actualites\/wp-json\/wp\/v2\/posts\/1798\/revisions\/1815"}],"wp:featuredmedia":[{"embeddable":true,"href":"https:\/\/www.les-energies-renouvelables.eu\/article\/actualites\/wp-json\/wp\/v2\/media\/1812"}],"wp:attachment":[{"href":"https:\/\/www.les-energies-renouvelables.eu\/article\/actualites\/wp-json\/wp\/v2\/media?parent=1798"}],"wp:term":[{"taxonomy":"category","embeddable":true,"href":"https:\/\/www.les-energies-renouvelables.eu\/article\/actualites\/wp-json\/wp\/v2\/categories?post=1798"},{"taxonomy":"post_tag","embeddable":true,"href":"https:\/\/www.les-energies-renouvelables.eu\/article\/actualites\/wp-json\/wp\/v2\/tags?post=1798"}],"curies":[{"name":"wp","href":"https:\/\/api.w.org\/{rel}","templated":true}]}}