{"id":1790,"date":"2026-09-02T13:21:12","date_gmt":"2026-09-02T11:21:12","guid":{"rendered":"https:\/\/www.les-energies-renouvelables.eu\/article\/actualites\/?p=1790"},"modified":"2026-09-01T17:06:32","modified_gmt":"2026-09-01T15:06:32","slug":"fin-de-contrat-edf-oa-les-centrales-solaires-qui-anticipent-pas-perdent-leur-meilleur-revenu","status":"publish","type":"post","link":"https:\/\/www.les-energies-renouvelables.eu\/article\/actualites\/entreprises\/fin-de-contrat-edf-oa-les-centrales-solaires-qui-anticipent-pas-perdent-leur-meilleur-revenu-1790\/","title":{"rendered":"Fin de contrat EDF OA : les centrales solaires qui n&rsquo;anticipent pas perdent leur meilleur revenu"},"content":{"rendered":"\n<p class=\"wp-block-paragraph\">Si vous poss\u00e9dez ou exploitez une centrale photovolta\u00efque dont le contrat d&rsquo;obligation d&rsquo;achat arrive \u00e0 \u00e9ch\u00e9ance, ou dont l&rsquo;\u00e9lectricit\u00e9 part aujourd&rsquo;hui int\u00e9gralement sur le r\u00e9seau, la question de sa valorisation future ne se pose plus dans les m\u00eames termes qu&rsquo;il y a deux ans. <strong>Depuis l&rsquo;arr\u00eat\u00e9 tarifaire du 1er juin 2026, entr\u00e9 en vigueur le 5 juin, le surplus inject\u00e9 est rachet\u00e9 1,1 centime d&rsquo;euro le kilowattheure<\/strong>, contre 12,69 centimes il y a encore quelques ann\u00e9es. Autrement dit, l&rsquo;\u00e9lectricit\u00e9 que vous injectez ne finance plus grand-chose, alors que l&rsquo;\u00e9lectricit\u00e9 que vous \u00e9vitez d&rsquo;acheter vaut, elle, entre 130 et 180 euros le m\u00e9gawattheure tout compris pour un site professionnel.<\/p>\n\n\n\n<p class=\"wp-block-paragraph\">Ce basculement replace au centre du jeu une question tr\u00e8s concr\u00e8te pour tout propri\u00e9taire ou mainteneur de centrale : <strong>existe-t-il, sous mes panneaux ou \u00e0 proximit\u00e9 imm\u00e9diate, un consommateur capable d&rsquo;absorber la production en journ\u00e9e ?<\/strong> Sur ce terrain, une cat\u00e9gorie de sites se d\u00e9tache nettement : les unit\u00e9s de m\u00e9thanisation. Un dossier technique publi\u00e9 par <a href=\"https:\/\/www.feedgy.solar\/\" target=\"_blank\" rel=\"noreferrer noopener nofollow\">Feedgy, sp\u00e9cialiste fran\u00e7ais du repowering de centrales solaires<\/a>, documente un cas o\u00f9 <strong>plus de 92 % de la production photovolta\u00efque est consomm\u00e9e directement sur place<\/strong>. C&rsquo;est un niveau que tr\u00e8s peu de profils de consommation permettent d&rsquo;atteindre.<\/p>\n\n\n\n<h2 class=\"wp-block-heading\">Ce que le tarif de rachat \u00e0 1,1 centime change concr\u00e8tement<\/h2>\n\n\n\n<p class=\"wp-block-paragraph\">Le nouveau cadre tarifaire a \u00e9t\u00e9 souvent comment\u00e9 sous l&rsquo;angle du r\u00e9sidentiel. Il concerne pourtant tout autant les acteurs qui g\u00e8rent un parc de centrales existantes. Trois \u00e9volutions se cumulent depuis 2025 et 2026 : <strong>la prime \u00e0 l&rsquo;investissement a disparu<\/strong>, <strong>le tarif d&rsquo;achat du surplus est tomb\u00e9 \u00e0 1,1 c\u20ac\/kWh HT pour les installations \u00e9ligibles<\/strong>, et <strong>les puissances sup\u00e9rieures \u00e0 100 kWc ne rel\u00e8vent plus du guichet ouvert<\/strong> mais de l&rsquo;appel d&rsquo;offres simplifi\u00e9, dont le dernier tarif moyen communiqu\u00e9 se situe autour de 8,9 c\u20ac\/kWh.<\/p>\n\n\n\n<p class=\"wp-block-paragraph\">Pour un gestionnaire d&rsquo;actifs, la cons\u00e9quence est arithm\u00e9tique. Un m\u00e9gawattheure inject\u00e9 au tarif de guichet rapporte aujourd&rsquo;hui <strong>11 euros<\/strong>. Le m\u00eame m\u00e9gawattheure consomm\u00e9 sur place \u00e9vite l&rsquo;achat d&rsquo;un m\u00e9gawattheure au prix de fourniture, augment\u00e9 de la part variable du TURPE et des taxes associ\u00e9es. Pour un site industriel raccord\u00e9 en basse ou moyenne tension, cet \u00e9vitement se situe couramment <strong>entre 130 et 180 euros par m\u00e9gawattheure en 2026<\/strong>. \u00c0 cela s&rsquo;ajoute un point fiscal souvent n\u00e9glig\u00e9 : <strong>l&rsquo;\u00e9lectricit\u00e9 renouvelable produite par une installation de moins de 1 MWc et consomm\u00e9e pour les besoins de son producteur rel\u00e8ve d&rsquo;un tarif d&rsquo;accise nul<\/strong>, en application des articles <a href=\"https:\/\/www.legifrance.gouv.fr\/codes\/article_lc\/LEGIARTI000051214618\" target=\"_blank\" rel=\"noreferrer noopener nofollow\">L. 312-79<\/a> et <a href=\"https:\/\/www.legifrance.gouv.fr\/codes\/article_lc\/LEGIARTI000051216635\" target=\"_blank\" rel=\"noreferrer noopener nofollow\">L. 312-87<\/a> du code des impositions sur les biens et services. Or l&rsquo;accise sur l&rsquo;\u00e9lectricit\u00e9 est remont\u00e9e \u00e0 <strong>26,58 \u20ac\/MWh pour les entreprises depuis le 1er f\u00e9vrier 2026<\/strong>. Cette exon\u00e9ration p\u00e8se donc lourd dans le calcul.<\/p>\n\n\n\n<p class=\"wp-block-paragraph\">Le rapport de valeur entre les deux usages du m\u00eame kilowattheure s&rsquo;\u00e9tablit ainsi <strong>entre douze et quinze pour un<\/strong>, selon le prix de fourniture r\u00e9ellement pay\u00e9 par le site. C&rsquo;est ce rapport, et non la performance des modules, qui d\u00e9termine aujourd&rsquo;hui la rentabilit\u00e9 d&rsquo;un projet de valorisation ou de remise \u00e0 niveau.<\/p>\n\n\n\n<h2 class=\"wp-block-heading\">Le cas document\u00e9 en Charente-Maritime<\/h2>\n\n\n<div class=\"wp-block-image\">\n<figure class=\"aligncenter size-full is-resized\"><img decoding=\"async\" width=\"1024\" height=\"768\" src=\"https:\/\/www.les-energies-renouvelables.eu\/article\/actualites\/wp-content\/uploads\/2026\/09\/actualites-brouillon-auto-methanisation-photovoltaique-batiment-agricole.webp\" alt=\"methanisation agricole feedgy\" class=\"wp-image-1791\" style=\"width:675px;height:auto\" srcset=\"https:\/\/www.les-energies-renouvelables.eu\/article\/actualites\/wp-content\/uploads\/2026\/09\/actualites-brouillon-auto-methanisation-photovoltaique-batiment-agricole.webp 1024w, https:\/\/www.les-energies-renouvelables.eu\/article\/actualites\/wp-content\/uploads\/2026\/09\/actualites-brouillon-auto-methanisation-photovoltaique-batiment-agricole-420x315.webp 420w, https:\/\/www.les-energies-renouvelables.eu\/article\/actualites\/wp-content\/uploads\/2026\/09\/actualites-brouillon-auto-methanisation-photovoltaique-batiment-agricole-768x576.webp 768w\" sizes=\"(max-width: 1024px) 100vw, 1024px\" \/><\/figure>\n<\/div>\n\n\n<p class=\"wp-block-paragraph\">L&rsquo;exemple mis en avant par Feedgy porte sur un m\u00e9thaniseur agricole situ\u00e9 en Charente-Maritime, \u00e9quip\u00e9 d&rsquo;une centrale photovolta\u00efque en autoconsommation individuelle. Les ordres de grandeur communiqu\u00e9s sont les suivants : <strong>une consommation annuelle du site de 1,5 GWh<\/strong>, <strong>une production photovolta\u00efque annuelle d&rsquo;environ 405 MWh<\/strong>, et <strong>un taux d&rsquo;autoconsommation sup\u00e9rieur \u00e0 92 %<\/strong>.<\/p>\n\n\n\n<p class=\"wp-block-paragraph\">Ce chiffre m\u00e9rite qu&rsquo;on s&rsquo;y arr\u00eate. Sur une toiture de b\u00e2timent tertiaire classique, le taux d&rsquo;autoconsommation d&rsquo;une centrale correctement dimensionn\u00e9e plafonne souvent entre 50 et 70 %, parce que la consommation s&rsquo;effondre le week-end et pendant les cong\u00e9s. Sur un site industriel fonctionnant en trois-huit, il peut monter au-del\u00e0 de 80 %. <strong>Un m\u00e9thaniseur, lui, ne s&rsquo;arr\u00eate jamais<\/strong> : les pompes de circulation, les syst\u00e8mes d&rsquo;agitation, les compresseurs et surtout l&rsquo;unit\u00e9 d&rsquo;\u00e9puration du biogaz tournent en continu, week-ends et jours f\u00e9ri\u00e9s compris. La courbe de charge est donc presque plate, ce qui rend la superposition avec la courbe de production solaire particuli\u00e8rement favorable.<\/p>\n\n\n\n<p class=\"wp-block-paragraph\">Feedgy indique par ailleurs que <strong>l&rsquo;\u00e9purateur, charg\u00e9 de transformer le biogaz brut en biom\u00e9thane injectable, repr\u00e9sente \u00e0 lui seul environ 50 % de la consommation \u00e9lectrique du site<\/strong>, et que <strong>l&rsquo;\u00e9lectricit\u00e9 p\u00e8se en moyenne 30 % des charges d&rsquo;exploitation d&rsquo;un m\u00e9thaniseur<\/strong>. Ce dernier ratio est d\u00e9terminant : il signifie que le poste \u00e9lectrique n&rsquo;est pas une ligne marginale du compte d&rsquo;exploitation, mais l&rsquo;un des rares leviers sur lesquels un exploitant peut r\u00e9ellement agir, les autres co\u00fbts \u00e9tant largement corr\u00e9l\u00e9s au volume de gaz produit.<\/p>\n\n\n<p style=\"text-align:center;\"><a class=\"btn-quotation\" href=\"https:\/\/forms.zohopublic.eu\/feedgy\/form\/ESCOREPLUSSITEWEBFR1\/formperma\/bU-P779bdcTOd3cE7a_CLXbuel64V_fR_4yoKjtOwn4\">Faire auditer ma centraler solaire<\/a><\/p>\n\n\n\n<h2 class=\"wp-block-heading\">Ce que 92 % d&rsquo;autoconsommation repr\u00e9sentent en euros<\/h2>\n\n\n\n<p class=\"wp-block-paragraph\">La source ne chiffre pas l&rsquo;impact financier. Nous l&rsquo;avons fait, \u00e0 partir des volumes communiqu\u00e9s et des conditions tarifaires en vigueur. Sur 405 MWh produits annuellement, <strong>372,6 MWh sont consomm\u00e9s sur site et 32,4 MWh partent en surplus sur le r\u00e9seau<\/strong>. Le tableau ci-dessous compare la valorisation de cette m\u00eame production selon le mode retenu, avec une hypoth\u00e8se centrale de co\u00fbt d&rsquo;\u00e9lectricit\u00e9 \u00e9vit\u00e9 de 150 \u20ac\/MWh tout compris.<\/p>\n\n\n\n<figure class=\"wp-block-table\"><table class=\"has-fixed-layout\"><thead><tr><th>Mode de valorisation<\/th><th>Volume concern\u00e9<\/th><th>Valeur unitaire retenue<\/th><th>Recette ou \u00e9conomie annuelle<\/th><\/tr><\/thead><tbody><tr><td>Autoconsommation sur le m\u00e9thaniseur<\/td><td>372,6 MWh<\/td><td>150 \u20ac\/MWh \u00e9vit\u00e9s<\/td><td>environ 55 900 \u20ac<\/td><\/tr><tr><td>Surplus inject\u00e9 au tarif de guichet<\/td><td>32,4 MWh<\/td><td>11 \u20ac\/MWh<\/td><td>environ 360 \u20ac<\/td><\/tr><tr><td><strong>Total du montage en autoconsommation<\/strong><\/td><td><strong>405 MWh<\/strong><\/td><td>&#8211;<\/td><td><strong>environ 56 300 \u20ac<\/strong><\/td><\/tr><tr><td>Sc\u00e9nario alternatif : injection totale au tarif de guichet<\/td><td>405 MWh<\/td><td>11 \u20ac\/MWh<\/td><td>environ 4 500 \u20ac<\/td><\/tr><tr><td>Sc\u00e9nario alternatif : injection totale via appel d&rsquo;offres simplifi\u00e9<\/td><td>405 MWh<\/td><td>88,7 \u20ac\/MWh<\/td><td>environ 35 900 \u20ac<\/td><\/tr><\/tbody><\/table><\/figure>\n\n\n\n<p class=\"wp-block-paragraph\"><strong>L&rsquo;\u00e9cart entre le montage en autoconsommation et l&rsquo;injection totale au tarif de guichet d\u00e9passe 51 000 euros par an<\/strong> pour une centrale d&rsquo;environ 315 kWc. Il reste sup\u00e9rieur \u00e0 20 000 euros par an face \u00e0 un sc\u00e9nario d&rsquo;injection totale r\u00e9mun\u00e9r\u00e9e par appel d&rsquo;offres simplifi\u00e9, lequel n&rsquo;est de toute fa\u00e7on accessible qu&rsquo;aux projets neufs candidatant dans les p\u00e9riodes ouvertes.<\/p>\n\n\n\n<p class=\"wp-block-paragraph\">En faisant varier l&rsquo;hypoth\u00e8se de prix de l&rsquo;\u00e9lectricit\u00e9, l&rsquo;\u00e9conomie annuelle li\u00e9e \u00e0 la part autoconsomm\u00e9e oscille <strong>entre 48 400 euros \u00e0 130 \u20ac\/MWh et 63 300 euros \u00e0 170 \u20ac\/MWh<\/strong>. Rapport\u00e9e \u00e0 un investissement de centrale sur b\u00e2timent agricole estim\u00e9 entre 650 et 900 \u20ac\/kWc, cette \u00e9conomie place le retour brut sur investissement <strong>entre quatre et six ans environ<\/strong>, hors co\u00fbts d&rsquo;exploitation et hors financement. Ces montants sont des estimations ECOinfos, \u00e0 ajuster selon le contrat de fourniture r\u00e9el du site, sa version tarifaire TURPE et son profil horosaisonnier.<\/p>\n\n\n\n<h2 class=\"wp-block-heading\">Le mur de la nuit, et ce qu&rsquo;il faut en retenir<\/h2>\n\n\n\n<p class=\"wp-block-paragraph\">Le tableau ne doit pas masquer une limite structurelle. <strong>La production solaire est concentr\u00e9e sur six \u00e0 huit heures utiles par jour, alors que le m\u00e9thaniseur consomme les vingt-quatre heures.<\/strong> Une centrale de 315 kWc couvre environ 25 % des besoins \u00e9lectriques d&rsquo;une unit\u00e9 affichant une capacit\u00e9 d&rsquo;injection de 180 Nm\u00b3\/h, ce qui recoupe pr\u00e9cis\u00e9ment le calcul issu du cas charentais, o\u00f9 les 372,6 MWh autoconsomm\u00e9s repr\u00e9sentent <strong>24,8 % des 1,5 GWh consomm\u00e9s par le site<\/strong>.<\/p>\n\n\n\n<p class=\"wp-block-paragraph\">Passer significativement au-del\u00e0 de ce seuil suppose d&rsquo;agrandir la centrale, donc d&rsquo;accepter m\u00e9caniquement une baisse du taux d&rsquo;autoconsommation en milieu de journ\u00e9e, sauf \u00e0 ajouter du stockage. C&rsquo;est le point d&rsquo;arbitrage central de ce type de projet, et il se traite au cas par cas : <strong>tant que le surplus est rachet\u00e9 1,1 centime, chaque kilowattheure suppl\u00e9mentaire non consomm\u00e9 sur site ne rembourse plus l&rsquo;investissement qui l&rsquo;a produit<\/strong>. Le dimensionnement ne se fait donc plus au maximum de surface disponible, mais au maximum de consommation absorbable.<\/p>\n\n\n\n<h2 class=\"wp-block-heading\">Quelles centrales sont concern\u00e9es en priorit\u00e9<\/h2>\n\n\n\n<p class=\"wp-block-paragraph\">Trois situations m\u00e9ritent un examen chiffr\u00e9 rapide de la part d&rsquo;un propri\u00e9taire ou d&rsquo;un mainteneur.<\/p>\n\n\n\n<ul class=\"wp-block-list\">\n<li>Les centrales dont le contrat d&rsquo;obligation d&rsquo;achat approche de son terme. Les premiers contrats sign\u00e9s au milieu des ann\u00e9es 2000, \u00e0 des tarifs historiquement \u00e9lev\u00e9s, arrivent \u00e0 \u00e9ch\u00e9ance <strong>entre 2026 et 2031<\/strong>, sans reconduction automatique. \u00c0 la sortie du contrat, la production doit trouver un nouveau d\u00e9bouch\u00e9, et l&rsquo;autoconsommation sur un site voisin fortement consommateur devient l&rsquo;option la plus solide.<\/li>\n\n\n\n<li>Les centrales anciennes en sous-performance. Apr\u00e8s quinze \u00e0 vingt ans, la perte de rendement des modules est g\u00e9n\u00e9ralement estim\u00e9e entre 10 et 20 %, \u00e0 laquelle s&rsquo;ajoutent les pannes d&rsquo;onduleurs et les d\u00e9fauts de cha\u00eene non d\u00e9tect\u00e9s. Sur un site o\u00f9 chaque m\u00e9gawattheure vaut d\u00e9sormais 150 euros \u00e9vit\u00e9s plut\u00f4t que 11 euros inject\u00e9s, <strong>le co\u00fbt d&rsquo;un point de performance perdu change compl\u00e8tement d&rsquo;\u00e9chelle<\/strong>.<\/li>\n\n\n\n<li>Les centrales situ\u00e9es \u00e0 proximit\u00e9 d&rsquo;un gros consommateur sans lien capitalistique. Lorsque la toiture du m\u00e9thaniseur n&rsquo;est pas exploitable ou d\u00e9j\u00e0 occup\u00e9e, l&rsquo;autoconsommation collective \u00e9tendue permet d&rsquo;affecter la production d&rsquo;une centrale voisine \u00e0 un ou plusieurs consommateurs, <strong>dans un rayon de 2 km, port\u00e9 \u00e0 10 ou 20 km sur d\u00e9rogation en zone p\u00e9riurbaine ou rurale<\/strong>, pour une puissance cumul\u00e9e inf\u00e9rieure \u00e0 5 MW. Le Conseil d&rsquo;\u00c9tat a par ailleurs confirm\u00e9 le 30 mars 2026 que <strong>le tarif nul d&rsquo;accise s&rsquo;applique \u00e9galement aux op\u00e9rations d&rsquo;autoconsommation collective \u00e9tendue<\/strong> pour les installations de moins de 1 MW.<\/li>\n<\/ul>\n\n\n\n<h2 class=\"wp-block-heading\">Le travail d&rsquo;audit derri\u00e8re ces chiffres<\/h2>\n\n\n\n<p class=\"wp-block-paragraph\">Le cas charentais est issu des donn\u00e9es d&rsquo;exploitation suivies par Feedgy, en particulier sur b\u00e2timents agricoles. L&rsquo;entreprise revendique plus de dix ans d&rsquo;activit\u00e9 sur ce cr\u00e9neau et plus de 400 projets de repowering r\u00e9alis\u00e9s. Son approche consiste \u00e0 moderniser une centrale existante, en rempla\u00e7ant modules, onduleurs et organes de pilotage, <strong>avec une surface occup\u00e9e qui peut \u00eatre r\u00e9duite, tout en conservant inchang\u00e9es les conditions contractuelles du contrat EDF OA en cours<\/strong>.<\/p>\n\n\n\n<p class=\"wp-block-paragraph\">L&rsquo;int\u00e9r\u00eat m\u00e9thodologique, pour un propri\u00e9taire, tient surtout \u00e0 l&rsquo;outil d&rsquo;audit associ\u00e9, l&rsquo;Escore+. Celui-ci compare la production r\u00e9elle d&rsquo;une centrale \u00e0 sa production th\u00e9orique mod\u00e9lis\u00e9e, quantifie les \u00e9carts, projette les pertes futures en l&rsquo;\u00e9tat et estime le gain attendu apr\u00e8s intervention. Ce type de diagnostic r\u00e9pond \u00e0 la question qui pr\u00e9c\u00e8de toute d\u00e9cision d&rsquo;investissement : <strong>combien votre centrale produit-elle r\u00e9ellement par rapport \u00e0 ce qu&rsquo;elle devrait produire, et cet \u00e9cart justifie-t-il une intervention ?<\/strong> Sur un site en autoconsommation o\u00f9 chaque m\u00e9gawattheure r\u00e9cup\u00e9r\u00e9 vaut plus de 130 euros, la r\u00e9ponse bascule beaucoup plus vite que sur un site en injection.<\/p>\n\n\n\n<p class=\"wp-block-paragraph\">Il s&rsquo;agit d&rsquo;une expertise commerciale, et le lecteur reste \u00e9videmment libre de faire r\u00e9aliser un contre-diagnostic par un autre prestataire. Mais la question pos\u00e9e est la bonne, et elle se pose aujourd&rsquo;hui \u00e0 un parc fran\u00e7ais vieillissant dont une part significative n&rsquo;a jamais \u00e9t\u00e9 audit\u00e9e finement depuis sa mise en service.<\/p>\n\n\n<p style=\"text-align:center;\"><a class=\"btn-quotation\" href=\"https:\/\/forms.zohopublic.eu\/feedgy\/form\/ESCOREPLUSSITEWEBFR1\/formperma\/bU-P779bdcTOd3cE7a_CLXbuel64V_fR_4yoKjtOwn4\">Faire auditer ma centraler solaire<\/a><\/p>\n\n\n\n<h2 class=\"wp-block-heading\">Cinq v\u00e9rifications avant d&rsquo;engager un projet<\/h2>\n\n\n\n<p class=\"wp-block-paragraph\">Avant d&rsquo;aller plus loin sur un montage de ce type, cinq points conditionnent la solidit\u00e9 du dossier.<\/p>\n\n\n\n<ul class=\"wp-block-list\">\n<li>Le prix r\u00e9el de l&rsquo;\u00e9lectricit\u00e9 pay\u00e9 par le site consommateur, ligne par ligne, fourniture, TURPE et taxes comprises. C&rsquo;est ce chiffre, et non un prix moyen de march\u00e9, qui d\u00e9termine la valeur de chaque kilowattheure autoconsomm\u00e9.<\/li>\n\n\n\n<li>La courbe de charge mesur\u00e9e au pas de dix minutes ou d&rsquo;une heure sur douze mois glissants, pour valider que la consommation est bien continue et pour dimensionner la centrale au plus pr\u00e8s.<\/li>\n\n\n\n<li>Le statut contractuel de la centrale existante, date de mise en service, tarif en cours, date d&rsquo;\u00e9ch\u00e9ance du contrat, et conditions de r\u00e9siliation ou de modification.<\/li>\n\n\n\n<li>La structure juridique de l&rsquo;op\u00e9ration, notamment si le producteur et le consommateur ne sont pas la m\u00eame personne morale, ce qui bascule le projet en autoconsommation collective avec ses propres r\u00e8gles de p\u00e9rim\u00e8tre et de r\u00e9partition.<\/li>\n\n\n\n<li>L&rsquo;\u00e9tat technique r\u00e9el de l&rsquo;installation, en particulier la performance r\u00e9siduelle des modules et l&rsquo;\u00e2ge des onduleurs, qui d\u00e9terminent si la production servant de base au calcul est atteignable.<\/li>\n<\/ul>\n\n\n\n<p class=\"wp-block-paragraph\"><\/p>\n","protected":false},"excerpt":{"rendered":"","protected":false},"author":3,"featured_media":1792,"comment_status":"open","ping_status":"open","sticky":false,"template":"","format":"standard","meta":{"_acf_changed":false,"footnotes":""},"categories":[57],"tags":[18,19],"class_list":["post-1790","post","type-post","status-publish","format-standard","has-post-thumbnail","hentry","category-entreprises","tag-autoconsommation-collective","tag-repowering","masonry-post","generate-columns","tablet-grid-50","mobile-grid-100","grid-parent","grid-33"],"acf":{"social-publish":false,"just-linkedin":false,"just-facebook":false},"yoast_head":"<!-- This site is optimized with the Yoast SEO plugin v28.4 - https:\/\/yoast.com\/product\/yoast-seo-wordpress\/ -->\n<title>Fin de contrat EDF OA : le revenu perdu par les exploitants<\/title>\n<meta name=\"description\" content=\"Rachat \u00e0 1,1 c\u20ac\/kWh : sur un m\u00e9thaniseur, 92 % d&#039;autoconsommation repr\u00e9sentent plus de 50 000 \u20ac d&#039;\u00e9lectricit\u00e9 \u00e9vit\u00e9e par an.\" \/>\n<meta name=\"robots\" content=\"index, follow, max-snippet:-1, max-image-preview:large, max-video-preview:-1\" \/>\n<link rel=\"canonical\" href=\"https:\/\/www.les-energies-renouvelables.eu\/article\/actualites\/entreprises\/fin-de-contrat-edf-oa-les-centrales-solaires-qui-anticipent-pas-perdent-leur-meilleur-revenu-1790\/\" \/>\n<meta property=\"og:locale\" content=\"fr_FR\" \/>\n<meta property=\"og:type\" content=\"article\" \/>\n<meta property=\"og:title\" content=\"Fin de contrat EDF OA : le revenu perdu par les exploitants\" \/>\n<meta property=\"og:description\" content=\"Rachat \u00e0 1,1 c\u20ac\/kWh : sur un m\u00e9thaniseur, 92 % d&#039;autoconsommation repr\u00e9sentent plus de 50 000 \u20ac d&#039;\u00e9lectricit\u00e9 \u00e9vit\u00e9e par an.\" \/>\n<meta property=\"og:url\" content=\"https:\/\/www.les-energies-renouvelables.eu\/article\/actualites\/entreprises\/fin-de-contrat-edf-oa-les-centrales-solaires-qui-anticipent-pas-perdent-leur-meilleur-revenu-1790\/\" \/>\n<meta property=\"og:site_name\" content=\"ECOinfos Energies renouvelables\" \/>\n<meta property=\"article:publisher\" content=\"https:\/\/www.facebook.com\/ecoannuaire.energierenouvelable\/\" \/>\n<meta property=\"article:published_time\" content=\"2026-09-02T11:21:12+00:00\" \/>\n<meta property=\"og:image\" content=\"https:\/\/www.les-energies-renouvelables.eu\/article\/actualites\/wp-content\/uploads\/2026\/09\/actualites-brouillon-auto-photovoltaique-et-methanisation-scaled.webp\" \/>\n\t<meta property=\"og:image:width\" content=\"1200\" \/>\n\t<meta property=\"og:image:height\" content=\"675\" \/>\n\t<meta property=\"og:image:type\" content=\"image\/webp\" \/>\n<meta name=\"author\" content=\"Mathis Castelnau\" \/>\n<meta name=\"twitter:card\" content=\"summary_large_image\" \/>\n<meta name=\"twitter:creator\" content=\"@ECOinfosENR\" \/>\n<meta name=\"twitter:site\" content=\"@ECOinfosENR\" \/>\n<meta name=\"twitter:label1\" content=\"\u00c9crit par\" \/>\n\t<meta name=\"twitter:data1\" content=\"Mathis Castelnau\" \/>\n\t<meta name=\"twitter:label2\" content=\"Dur\u00e9e de lecture estim\u00e9e\" \/>\n\t<meta name=\"twitter:data2\" content=\"10 minutes\" \/>\n<script type=\"application\/ld+json\" class=\"yoast-schema-graph\">{\"@context\":\"https:\\\/\\\/schema.org\",\"@graph\":[{\"@type\":\"NewsArticle\",\"@id\":\"https:\\\/\\\/www.les-energies-renouvelables.eu\\\/article\\\/actualites\\\/entreprises\\\/fin-de-contrat-edf-oa-les-centrales-solaires-qui-anticipent-pas-perdent-leur-meilleur-revenu-1790\\\/#article\",\"isPartOf\":{\"@id\":\"https:\\\/\\\/www.les-energies-renouvelables.eu\\\/article\\\/actualites\\\/entreprises\\\/fin-de-contrat-edf-oa-les-centrales-solaires-qui-anticipent-pas-perdent-leur-meilleur-revenu-1790\\\/\"},\"author\":{\"name\":\"Mathis Castelnau\",\"@id\":\"https:\\\/\\\/www.les-energies-renouvelables.eu\\\/article\\\/actualites\\\/#\\\/schema\\\/person\\\/d0855c0c2d94ad36795f37b9a33c9f93\"},\"headline\":\"Fin de contrat EDF OA : les centrales solaires qui n&rsquo;anticipent pas perdent leur meilleur revenu\",\"datePublished\":\"2026-09-02T11:21:12+00:00\",\"mainEntityOfPage\":{\"@id\":\"https:\\\/\\\/www.les-energies-renouvelables.eu\\\/article\\\/actualites\\\/entreprises\\\/fin-de-contrat-edf-oa-les-centrales-solaires-qui-anticipent-pas-perdent-leur-meilleur-revenu-1790\\\/\"},\"wordCount\":2094,\"commentCount\":0,\"publisher\":{\"@id\":\"https:\\\/\\\/www.les-energies-renouvelables.eu\\\/article\\\/actualites\\\/#organization\"},\"image\":{\"@id\":\"https:\\\/\\\/www.les-energies-renouvelables.eu\\\/article\\\/actualites\\\/entreprises\\\/fin-de-contrat-edf-oa-les-centrales-solaires-qui-anticipent-pas-perdent-leur-meilleur-revenu-1790\\\/#primaryimage\"},\"thumbnailUrl\":\"https:\\\/\\\/www.les-energies-renouvelables.eu\\\/article\\\/actualites\\\/wp-content\\\/uploads\\\/2026\\\/09\\\/actualites-brouillon-auto-photovoltaique-et-methanisation-scaled.webp\",\"keywords\":[\"Autoconsommation collective\",\"Repowering\"],\"articleSection\":[\"Entreprises\"],\"inLanguage\":\"fr-FR\",\"potentialAction\":[{\"@type\":\"CommentAction\",\"name\":\"Comment\",\"target\":[\"https:\\\/\\\/www.les-energies-renouvelables.eu\\\/article\\\/actualites\\\/entreprises\\\/fin-de-contrat-edf-oa-les-centrales-solaires-qui-anticipent-pas-perdent-leur-meilleur-revenu-1790\\\/#respond\"]}]},{\"@type\":\"WebPage\",\"@id\":\"https:\\\/\\\/www.les-energies-renouvelables.eu\\\/article\\\/actualites\\\/entreprises\\\/fin-de-contrat-edf-oa-les-centrales-solaires-qui-anticipent-pas-perdent-leur-meilleur-revenu-1790\\\/\",\"url\":\"https:\\\/\\\/www.les-energies-renouvelables.eu\\\/article\\\/actualites\\\/entreprises\\\/fin-de-contrat-edf-oa-les-centrales-solaires-qui-anticipent-pas-perdent-leur-meilleur-revenu-1790\\\/\",\"name\":\"Fin de contrat EDF OA : le revenu perdu par les exploitants\",\"isPartOf\":{\"@id\":\"https:\\\/\\\/www.les-energies-renouvelables.eu\\\/article\\\/actualites\\\/#website\"},\"primaryImageOfPage\":{\"@id\":\"https:\\\/\\\/www.les-energies-renouvelables.eu\\\/article\\\/actualites\\\/entreprises\\\/fin-de-contrat-edf-oa-les-centrales-solaires-qui-anticipent-pas-perdent-leur-meilleur-revenu-1790\\\/#primaryimage\"},\"image\":{\"@id\":\"https:\\\/\\\/www.les-energies-renouvelables.eu\\\/article\\\/actualites\\\/entreprises\\\/fin-de-contrat-edf-oa-les-centrales-solaires-qui-anticipent-pas-perdent-leur-meilleur-revenu-1790\\\/#primaryimage\"},\"thumbnailUrl\":\"https:\\\/\\\/www.les-energies-renouvelables.eu\\\/article\\\/actualites\\\/wp-content\\\/uploads\\\/2026\\\/09\\\/actualites-brouillon-auto-photovoltaique-et-methanisation-scaled.webp\",\"datePublished\":\"2026-09-02T11:21:12+00:00\",\"description\":\"Rachat \u00e0 1,1 c\u20ac\\\/kWh : sur un m\u00e9thaniseur, 92 % d'autoconsommation repr\u00e9sentent plus de 50 000 \u20ac d'\u00e9lectricit\u00e9 \u00e9vit\u00e9e par an.\",\"breadcrumb\":{\"@id\":\"https:\\\/\\\/www.les-energies-renouvelables.eu\\\/article\\\/actualites\\\/entreprises\\\/fin-de-contrat-edf-oa-les-centrales-solaires-qui-anticipent-pas-perdent-leur-meilleur-revenu-1790\\\/#breadcrumb\"},\"inLanguage\":\"fr-FR\",\"potentialAction\":[{\"@type\":\"ReadAction\",\"target\":[\"https:\\\/\\\/www.les-energies-renouvelables.eu\\\/article\\\/actualites\\\/entreprises\\\/fin-de-contrat-edf-oa-les-centrales-solaires-qui-anticipent-pas-perdent-leur-meilleur-revenu-1790\\\/\"]}]},{\"@type\":\"ImageObject\",\"inLanguage\":\"fr-FR\",\"@id\":\"https:\\\/\\\/www.les-energies-renouvelables.eu\\\/article\\\/actualites\\\/entreprises\\\/fin-de-contrat-edf-oa-les-centrales-solaires-qui-anticipent-pas-perdent-leur-meilleur-revenu-1790\\\/#primaryimage\",\"url\":\"https:\\\/\\\/www.les-energies-renouvelables.eu\\\/article\\\/actualites\\\/wp-content\\\/uploads\\\/2026\\\/09\\\/actualites-brouillon-auto-photovoltaique-et-methanisation-scaled.webp\",\"contentUrl\":\"https:\\\/\\\/www.les-energies-renouvelables.eu\\\/article\\\/actualites\\\/wp-content\\\/uploads\\\/2026\\\/09\\\/actualites-brouillon-auto-photovoltaique-et-methanisation-scaled.webp\",\"width\":1200,\"height\":675,\"caption\":\"Centrale photovolta\u00efque install\u00e9e sur les b\u00e2timents d'une unit\u00e9 de m\u00e9thanisation agricole.\"},{\"@type\":\"BreadcrumbList\",\"@id\":\"https:\\\/\\\/www.les-energies-renouvelables.eu\\\/article\\\/actualites\\\/entreprises\\\/fin-de-contrat-edf-oa-les-centrales-solaires-qui-anticipent-pas-perdent-leur-meilleur-revenu-1790\\\/#breadcrumb\",\"itemListElement\":[{\"@type\":\"ListItem\",\"position\":1,\"name\":\"Accueil\",\"item\":\"https:\\\/\\\/www.les-energies-renouvelables.eu\\\/article\\\/actualites\\\/\"},{\"@type\":\"ListItem\",\"position\":2,\"name\":\"Fin de contrat EDF OA : les centrales solaires qui n&rsquo;anticipent pas perdent leur meilleur revenu\"}]},{\"@type\":\"WebSite\",\"@id\":\"https:\\\/\\\/www.les-energies-renouvelables.eu\\\/article\\\/actualites\\\/#website\",\"url\":\"https:\\\/\\\/www.les-energies-renouvelables.eu\\\/article\\\/actualites\\\/\",\"name\":\"ECOinfos Energies renouvelables\",\"description\":\"Le d\u00e9cryptage quotidien du secteur des \u00e9nergies renouvelables\",\"publisher\":{\"@id\":\"https:\\\/\\\/www.les-energies-renouvelables.eu\\\/article\\\/actualites\\\/#organization\"},\"potentialAction\":[{\"@type\":\"SearchAction\",\"target\":{\"@type\":\"EntryPoint\",\"urlTemplate\":\"https:\\\/\\\/www.les-energies-renouvelables.eu\\\/article\\\/actualites\\\/?s={search_term_string}\"},\"query-input\":{\"@type\":\"PropertyValueSpecification\",\"valueRequired\":true,\"valueName\":\"search_term_string\"}}],\"inLanguage\":\"fr-FR\"},{\"@type\":\"Organization\",\"@id\":\"https:\\\/\\\/www.les-energies-renouvelables.eu\\\/article\\\/actualites\\\/#organization\",\"name\":\"ECOinfos Energies renouvelables\",\"url\":\"https:\\\/\\\/www.les-energies-renouvelables.eu\\\/article\\\/actualites\\\/\",\"logo\":{\"@type\":\"ImageObject\",\"inLanguage\":\"fr-FR\",\"@id\":\"https:\\\/\\\/www.les-energies-renouvelables.eu\\\/article\\\/actualites\\\/#\\\/schema\\\/logo\\\/image\\\/\",\"url\":\"https:\\\/\\\/www.les-energies-renouvelables.eu\\\/article\\\/actualites\\\/wp-content\\\/uploads\\\/2025\\\/11\\\/ecoinfos.eldorado-consulting.com-logo-logo.svg\",\"contentUrl\":\"https:\\\/\\\/www.les-energies-renouvelables.eu\\\/article\\\/actualites\\\/wp-content\\\/uploads\\\/2025\\\/11\\\/ecoinfos.eldorado-consulting.com-logo-logo.svg\",\"caption\":\"ECOinfos Energies renouvelables\"},\"image\":{\"@id\":\"https:\\\/\\\/www.les-energies-renouvelables.eu\\\/article\\\/actualites\\\/#\\\/schema\\\/logo\\\/image\\\/\"},\"sameAs\":[\"https:\\\/\\\/www.facebook.com\\\/ecoannuaire.energierenouvelable\\\/\",\"https:\\\/\\\/x.com\\\/ECOinfosENR\",\"https:\\\/\\\/www.linkedin.com\\\/company\\\/ecoinfos-energies-renouvelables\\\/\",\"https:\\\/\\\/www.youtube.com\\\/@ecoinfosenergies\",\"https:\\\/\\\/share.google\\\/dyKHJPxAV42WhhjbM\"]},{\"@type\":\"Person\",\"@id\":\"https:\\\/\\\/www.les-energies-renouvelables.eu\\\/article\\\/actualites\\\/#\\\/schema\\\/person\\\/d0855c0c2d94ad36795f37b9a33c9f93\",\"name\":\"Mathis Castelnau\",\"image\":{\"@type\":\"ImageObject\",\"inLanguage\":\"fr-FR\",\"@id\":\"https:\\\/\\\/www.les-energies-renouvelables.eu\\\/article\\\/actualites\\\/wp-content\\\/uploads\\\/2026\\\/05\\\/actualites-mathis-castelnau-mathis-castelnau-160x160.jpeg\",\"url\":\"https:\\\/\\\/www.les-energies-renouvelables.eu\\\/article\\\/actualites\\\/wp-content\\\/uploads\\\/2026\\\/05\\\/actualites-mathis-castelnau-mathis-castelnau-160x160.jpeg\",\"contentUrl\":\"https:\\\/\\\/www.les-energies-renouvelables.eu\\\/article\\\/actualites\\\/wp-content\\\/uploads\\\/2026\\\/05\\\/actualites-mathis-castelnau-mathis-castelnau-160x160.jpeg\",\"caption\":\"Mathis Castelnau\"},\"description\":\"Passionn\u00e9 par les \u00e9nergies renouvelables et le march\u00e9 de l\u2019\u00e9nergie, je d\u00e9crypte depuis plusieurs ann\u00e9es les \u00e9volutions techniques, r\u00e9glementaires et \u00e9conomiques du secteur. \u00c0 travers nos articles, nous analysons les enjeux du photovolta\u00efque, de la transition \u00e9nerg\u00e9tique, de l\u2019autoconsommation et des nouveaux mod\u00e8les \u00e9nerg\u00e9tiques qui redessinent le march\u00e9.\",\"sameAs\":[\"https:\\\/\\\/www.linkedin.com\\\/in\\\/mathis-castelnau\\\/\"],\"url\":\"https:\\\/\\\/www.les-energies-renouvelables.eu\\\/article\\\/actualites\\\/author\\\/mathis\\\/\"}]}<\/script>\n<!-- \/ Yoast SEO plugin. -->","yoast_head_json":{"title":"Fin de contrat EDF OA : le revenu perdu par les exploitants","description":"Rachat \u00e0 1,1 c\u20ac\/kWh : sur un m\u00e9thaniseur, 92 % d'autoconsommation repr\u00e9sentent plus de 50 000 \u20ac d'\u00e9lectricit\u00e9 \u00e9vit\u00e9e par an.","robots":{"index":"index","follow":"follow","max-snippet":"max-snippet:-1","max-image-preview":"max-image-preview:large","max-video-preview":"max-video-preview:-1"},"canonical":"https:\/\/www.les-energies-renouvelables.eu\/article\/actualites\/entreprises\/fin-de-contrat-edf-oa-les-centrales-solaires-qui-anticipent-pas-perdent-leur-meilleur-revenu-1790\/","og_locale":"fr_FR","og_type":"article","og_title":"Fin de contrat EDF OA : le revenu perdu par les exploitants","og_description":"Rachat \u00e0 1,1 c\u20ac\/kWh : sur un m\u00e9thaniseur, 92 % d'autoconsommation repr\u00e9sentent plus de 50 000 \u20ac d'\u00e9lectricit\u00e9 \u00e9vit\u00e9e par an.","og_url":"https:\/\/www.les-energies-renouvelables.eu\/article\/actualites\/entreprises\/fin-de-contrat-edf-oa-les-centrales-solaires-qui-anticipent-pas-perdent-leur-meilleur-revenu-1790\/","og_site_name":"ECOinfos Energies renouvelables","article_publisher":"https:\/\/www.facebook.com\/ecoannuaire.energierenouvelable\/","article_published_time":"2026-09-02T11:21:12+00:00","og_image":[{"width":1200,"height":675,"url":"https:\/\/www.les-energies-renouvelables.eu\/article\/actualites\/wp-content\/uploads\/2026\/09\/actualites-brouillon-auto-photovoltaique-et-methanisation-scaled.webp","type":"image\/webp"}],"author":"Mathis Castelnau","twitter_card":"summary_large_image","twitter_creator":"@ECOinfosENR","twitter_site":"@ECOinfosENR","twitter_misc":{"\u00c9crit par":"Mathis Castelnau","Dur\u00e9e de lecture estim\u00e9e":"10 minutes"},"schema":{"@context":"https:\/\/schema.org","@graph":[{"@type":"NewsArticle","@id":"https:\/\/www.les-energies-renouvelables.eu\/article\/actualites\/entreprises\/fin-de-contrat-edf-oa-les-centrales-solaires-qui-anticipent-pas-perdent-leur-meilleur-revenu-1790\/#article","isPartOf":{"@id":"https:\/\/www.les-energies-renouvelables.eu\/article\/actualites\/entreprises\/fin-de-contrat-edf-oa-les-centrales-solaires-qui-anticipent-pas-perdent-leur-meilleur-revenu-1790\/"},"author":{"name":"Mathis Castelnau","@id":"https:\/\/www.les-energies-renouvelables.eu\/article\/actualites\/#\/schema\/person\/d0855c0c2d94ad36795f37b9a33c9f93"},"headline":"Fin de contrat EDF OA : les centrales solaires qui n&rsquo;anticipent pas perdent leur meilleur revenu","datePublished":"2026-09-02T11:21:12+00:00","mainEntityOfPage":{"@id":"https:\/\/www.les-energies-renouvelables.eu\/article\/actualites\/entreprises\/fin-de-contrat-edf-oa-les-centrales-solaires-qui-anticipent-pas-perdent-leur-meilleur-revenu-1790\/"},"wordCount":2094,"commentCount":0,"publisher":{"@id":"https:\/\/www.les-energies-renouvelables.eu\/article\/actualites\/#organization"},"image":{"@id":"https:\/\/www.les-energies-renouvelables.eu\/article\/actualites\/entreprises\/fin-de-contrat-edf-oa-les-centrales-solaires-qui-anticipent-pas-perdent-leur-meilleur-revenu-1790\/#primaryimage"},"thumbnailUrl":"https:\/\/www.les-energies-renouvelables.eu\/article\/actualites\/wp-content\/uploads\/2026\/09\/actualites-brouillon-auto-photovoltaique-et-methanisation-scaled.webp","keywords":["Autoconsommation collective","Repowering"],"articleSection":["Entreprises"],"inLanguage":"fr-FR","potentialAction":[{"@type":"CommentAction","name":"Comment","target":["https:\/\/www.les-energies-renouvelables.eu\/article\/actualites\/entreprises\/fin-de-contrat-edf-oa-les-centrales-solaires-qui-anticipent-pas-perdent-leur-meilleur-revenu-1790\/#respond"]}]},{"@type":"WebPage","@id":"https:\/\/www.les-energies-renouvelables.eu\/article\/actualites\/entreprises\/fin-de-contrat-edf-oa-les-centrales-solaires-qui-anticipent-pas-perdent-leur-meilleur-revenu-1790\/","url":"https:\/\/www.les-energies-renouvelables.eu\/article\/actualites\/entreprises\/fin-de-contrat-edf-oa-les-centrales-solaires-qui-anticipent-pas-perdent-leur-meilleur-revenu-1790\/","name":"Fin de contrat EDF OA : le revenu perdu par les exploitants","isPartOf":{"@id":"https:\/\/www.les-energies-renouvelables.eu\/article\/actualites\/#website"},"primaryImageOfPage":{"@id":"https:\/\/www.les-energies-renouvelables.eu\/article\/actualites\/entreprises\/fin-de-contrat-edf-oa-les-centrales-solaires-qui-anticipent-pas-perdent-leur-meilleur-revenu-1790\/#primaryimage"},"image":{"@id":"https:\/\/www.les-energies-renouvelables.eu\/article\/actualites\/entreprises\/fin-de-contrat-edf-oa-les-centrales-solaires-qui-anticipent-pas-perdent-leur-meilleur-revenu-1790\/#primaryimage"},"thumbnailUrl":"https:\/\/www.les-energies-renouvelables.eu\/article\/actualites\/wp-content\/uploads\/2026\/09\/actualites-brouillon-auto-photovoltaique-et-methanisation-scaled.webp","datePublished":"2026-09-02T11:21:12+00:00","description":"Rachat \u00e0 1,1 c\u20ac\/kWh : sur un m\u00e9thaniseur, 92 % d'autoconsommation repr\u00e9sentent plus de 50 000 \u20ac d'\u00e9lectricit\u00e9 \u00e9vit\u00e9e par an.","breadcrumb":{"@id":"https:\/\/www.les-energies-renouvelables.eu\/article\/actualites\/entreprises\/fin-de-contrat-edf-oa-les-centrales-solaires-qui-anticipent-pas-perdent-leur-meilleur-revenu-1790\/#breadcrumb"},"inLanguage":"fr-FR","potentialAction":[{"@type":"ReadAction","target":["https:\/\/www.les-energies-renouvelables.eu\/article\/actualites\/entreprises\/fin-de-contrat-edf-oa-les-centrales-solaires-qui-anticipent-pas-perdent-leur-meilleur-revenu-1790\/"]}]},{"@type":"ImageObject","inLanguage":"fr-FR","@id":"https:\/\/www.les-energies-renouvelables.eu\/article\/actualites\/entreprises\/fin-de-contrat-edf-oa-les-centrales-solaires-qui-anticipent-pas-perdent-leur-meilleur-revenu-1790\/#primaryimage","url":"https:\/\/www.les-energies-renouvelables.eu\/article\/actualites\/wp-content\/uploads\/2026\/09\/actualites-brouillon-auto-photovoltaique-et-methanisation-scaled.webp","contentUrl":"https:\/\/www.les-energies-renouvelables.eu\/article\/actualites\/wp-content\/uploads\/2026\/09\/actualites-brouillon-auto-photovoltaique-et-methanisation-scaled.webp","width":1200,"height":675,"caption":"Centrale photovolta\u00efque install\u00e9e sur les b\u00e2timents d'une unit\u00e9 de m\u00e9thanisation agricole."},{"@type":"BreadcrumbList","@id":"https:\/\/www.les-energies-renouvelables.eu\/article\/actualites\/entreprises\/fin-de-contrat-edf-oa-les-centrales-solaires-qui-anticipent-pas-perdent-leur-meilleur-revenu-1790\/#breadcrumb","itemListElement":[{"@type":"ListItem","position":1,"name":"Accueil","item":"https:\/\/www.les-energies-renouvelables.eu\/article\/actualites\/"},{"@type":"ListItem","position":2,"name":"Fin de contrat EDF OA : les centrales solaires qui n&rsquo;anticipent pas perdent leur meilleur revenu"}]},{"@type":"WebSite","@id":"https:\/\/www.les-energies-renouvelables.eu\/article\/actualites\/#website","url":"https:\/\/www.les-energies-renouvelables.eu\/article\/actualites\/","name":"ECOinfos Energies renouvelables","description":"Le d\u00e9cryptage quotidien du secteur des \u00e9nergies renouvelables","publisher":{"@id":"https:\/\/www.les-energies-renouvelables.eu\/article\/actualites\/#organization"},"potentialAction":[{"@type":"SearchAction","target":{"@type":"EntryPoint","urlTemplate":"https:\/\/www.les-energies-renouvelables.eu\/article\/actualites\/?s={search_term_string}"},"query-input":{"@type":"PropertyValueSpecification","valueRequired":true,"valueName":"search_term_string"}}],"inLanguage":"fr-FR"},{"@type":"Organization","@id":"https:\/\/www.les-energies-renouvelables.eu\/article\/actualites\/#organization","name":"ECOinfos Energies renouvelables","url":"https:\/\/www.les-energies-renouvelables.eu\/article\/actualites\/","logo":{"@type":"ImageObject","inLanguage":"fr-FR","@id":"https:\/\/www.les-energies-renouvelables.eu\/article\/actualites\/#\/schema\/logo\/image\/","url":"https:\/\/www.les-energies-renouvelables.eu\/article\/actualites\/wp-content\/uploads\/2025\/11\/ecoinfos.eldorado-consulting.com-logo-logo.svg","contentUrl":"https:\/\/www.les-energies-renouvelables.eu\/article\/actualites\/wp-content\/uploads\/2025\/11\/ecoinfos.eldorado-consulting.com-logo-logo.svg","caption":"ECOinfos Energies renouvelables"},"image":{"@id":"https:\/\/www.les-energies-renouvelables.eu\/article\/actualites\/#\/schema\/logo\/image\/"},"sameAs":["https:\/\/www.facebook.com\/ecoannuaire.energierenouvelable\/","https:\/\/x.com\/ECOinfosENR","https:\/\/www.linkedin.com\/company\/ecoinfos-energies-renouvelables\/","https:\/\/www.youtube.com\/@ecoinfosenergies","https:\/\/share.google\/dyKHJPxAV42WhhjbM"]},{"@type":"Person","@id":"https:\/\/www.les-energies-renouvelables.eu\/article\/actualites\/#\/schema\/person\/d0855c0c2d94ad36795f37b9a33c9f93","name":"Mathis Castelnau","image":{"@type":"ImageObject","inLanguage":"fr-FR","@id":"https:\/\/www.les-energies-renouvelables.eu\/article\/actualites\/wp-content\/uploads\/2026\/05\/actualites-mathis-castelnau-mathis-castelnau-160x160.jpeg","url":"https:\/\/www.les-energies-renouvelables.eu\/article\/actualites\/wp-content\/uploads\/2026\/05\/actualites-mathis-castelnau-mathis-castelnau-160x160.jpeg","contentUrl":"https:\/\/www.les-energies-renouvelables.eu\/article\/actualites\/wp-content\/uploads\/2026\/05\/actualites-mathis-castelnau-mathis-castelnau-160x160.jpeg","caption":"Mathis Castelnau"},"description":"Passionn\u00e9 par les \u00e9nergies renouvelables et le march\u00e9 de l\u2019\u00e9nergie, je d\u00e9crypte depuis plusieurs ann\u00e9es les \u00e9volutions techniques, r\u00e9glementaires et \u00e9conomiques du secteur. \u00c0 travers nos articles, nous analysons les enjeux du photovolta\u00efque, de la transition \u00e9nerg\u00e9tique, de l\u2019autoconsommation et des nouveaux mod\u00e8les \u00e9nerg\u00e9tiques qui redessinent le march\u00e9.","sameAs":["https:\/\/www.linkedin.com\/in\/mathis-castelnau\/"],"url":"https:\/\/www.les-energies-renouvelables.eu\/article\/actualites\/author\/mathis\/"}]}},"_links":{"self":[{"href":"https:\/\/www.les-energies-renouvelables.eu\/article\/actualites\/wp-json\/wp\/v2\/posts\/1790","targetHints":{"allow":["GET"]}}],"collection":[{"href":"https:\/\/www.les-energies-renouvelables.eu\/article\/actualites\/wp-json\/wp\/v2\/posts"}],"about":[{"href":"https:\/\/www.les-energies-renouvelables.eu\/article\/actualites\/wp-json\/wp\/v2\/types\/post"}],"author":[{"embeddable":true,"href":"https:\/\/www.les-energies-renouvelables.eu\/article\/actualites\/wp-json\/wp\/v2\/users\/3"}],"replies":[{"embeddable":true,"href":"https:\/\/www.les-energies-renouvelables.eu\/article\/actualites\/wp-json\/wp\/v2\/comments?post=1790"}],"version-history":[{"count":3,"href":"https:\/\/www.les-energies-renouvelables.eu\/article\/actualites\/wp-json\/wp\/v2\/posts\/1790\/revisions"}],"predecessor-version":[{"id":1868,"href":"https:\/\/www.les-energies-renouvelables.eu\/article\/actualites\/wp-json\/wp\/v2\/posts\/1790\/revisions\/1868"}],"wp:featuredmedia":[{"embeddable":true,"href":"https:\/\/www.les-energies-renouvelables.eu\/article\/actualites\/wp-json\/wp\/v2\/media\/1792"}],"wp:attachment":[{"href":"https:\/\/www.les-energies-renouvelables.eu\/article\/actualites\/wp-json\/wp\/v2\/media?parent=1790"}],"wp:term":[{"taxonomy":"category","embeddable":true,"href":"https:\/\/www.les-energies-renouvelables.eu\/article\/actualites\/wp-json\/wp\/v2\/categories?post=1790"},{"taxonomy":"post_tag","embeddable":true,"href":"https:\/\/www.les-energies-renouvelables.eu\/article\/actualites\/wp-json\/wp\/v2\/tags?post=1790"}],"curies":[{"name":"wp","href":"https:\/\/api.w.org\/{rel}","templated":true}]}}