{"id":178,"date":"2025-12-26T08:00:00","date_gmt":"2025-12-26T07:00:00","guid":{"rendered":"https:\/\/www.les-energies-renouvelables.eu\/article\/actualites\/?p=178"},"modified":"2025-12-23T21:09:16","modified_gmt":"2025-12-23T20:09:16","slug":"solaire-et-eolien-depassent-le-charbon-dans-le-mix-electrique-mondial","status":"publish","type":"post","link":"https:\/\/www.les-energies-renouvelables.eu\/article\/actualites\/energies\/solaire-et-eolien-depassent-le-charbon-dans-le-mix-electrique-mondial-178\/","title":{"rendered":"Solaire et \u00e9olien d\u00e9passent le charbon dans le mix \u00e9lectrique mondial"},"content":{"rendered":"\n<p>R\u00e9sum\u00e9 :&nbsp;<\/p>\n\n\n\n<ul class=\"wp-block-list\">\n<li><strong>Basculement mondial :<\/strong> Pour la premi\u00e8re fois, les <strong>\u00e9nergies renouvelables<\/strong> s&rsquo;imposent comme la premi\u00e8re source d&rsquo;\u00e9lectricit\u00e9 devant le charbon, selon la revue <em>Science<\/em>.<\/li>\n\n\n\n<li><strong>Vitesse d&rsquo;ex\u00e9cution :<\/strong> En 2025, le monde d\u00e9ploie environ <strong>2 gigawatts<\/strong> de capacit\u00e9 solaire chaque jour.<\/li>\n\n\n\n<li><strong>Impulsion chinoise :<\/strong> La strat\u00e9gie industrielle de P\u00e9kin sur le <strong>solaire<\/strong> et les <strong>batteries au lithium<\/strong> rend ces technologies accessibles aux march\u00e9s \u00e9mergents.<\/li>\n\n\n\n<li><strong>Stabilit\u00e9 du r\u00e9seau :<\/strong> Le stockage et l&rsquo;acheminement longue distance restent les d\u00e9fis majeurs pour p\u00e9renniser ce d\u00e9ploiement.<\/li>\n<\/ul>\n\n\n\n<p>Alors que les <strong>objectifs climatiques de l&rsquo;Accord de Paris<\/strong> semblent, selon plusieurs chercheurs, de plus en plus complexes \u00e0 atteindre avec une limite fix\u00e9e \u00e0 <strong>1,5 \u00b0C<\/strong>, le secteur de l&rsquo;\u00e9nergie envoie un signal fort. L&rsquo;ann\u00e9e 2025 marque une rupture technologique et \u00e9conomique majeure o\u00f9 les <strong>\u00e9nergies d\u00e9carbon\u00e9es<\/strong> ne sont plus seulement une alternative de niche, mais le moteur principal de la nouvelle production d&rsquo;\u00e9lectricit\u00e9. Cette \u00e9volution, document\u00e9e par les plus grandes institutions scientifiques, repose sur une industrialisation acc\u00e9l\u00e9r\u00e9e qui bouleverse les \u00e9quilibres g\u00e9opolitiques et \u00e9nerg\u00e9tiques mondiaux.<\/p>\n\n\n\n<h2 class=\"wp-block-heading\">2025, l&rsquo;ann\u00e9e du basculement pour le mix \u00e9lectrique mondial<\/h2>\n\n\n\n<p>Chaque ann\u00e9e, le prestigieux magazine <strong>Science<\/strong> distingue les avanc\u00e9es les plus significatives de la recherche. Pour 2025, ce prix met en lumi\u00e8re la mont\u00e9e en puissance des <strong>\u00e9nergies renouvelables<\/strong>. Selon les analyses publi\u00e9es, le solaire et l&rsquo;\u00e9olien auraient d\u00e9sormais d\u00e9pass\u00e9 les <strong>\u00e9nergies conventionnelles<\/strong> sur plusieurs indicateurs cl\u00e9s.<\/p>\n\n\n\n<p>Le constat le plus marquant concerne la structure de la <strong>production \u00e9lectrique<\/strong>. La revue note que les \u00e9nergies renouvelables ont surpass\u00e9 le charbon \u00e0 l&rsquo;\u00e9chelle internationale sur l&rsquo;ann\u00e9e \u00e9coul\u00e9e. D&rsquo;apr\u00e8s les observations du groupe de r\u00e9flexion <strong>Ember<\/strong>, la croissance des capacit\u00e9s solaires et \u00e9oliennes entre janvier et juin a suffi \u00e0 couvrir l&rsquo;int\u00e9gralit\u00e9 de la hausse de la <strong>consommation mondiale d&rsquo;\u00e9lectricit\u00e9<\/strong>. Cette dynamique se traduit \u00e9galement par une hausse des importations d&rsquo;\u00e9quipements photovolta\u00efques en Afrique et en Asie du Sud.<\/p>\n\n\n\n<h2 class=\"wp-block-heading\">L&rsquo;industrialisation massive : le mod\u00e8le chinois comme catalyseur<\/h2>\n\n\n\n<p>Le r\u00f4le de la <strong>Chine<\/strong> appara\u00eet d\u00e9terminant dans cette transformation. En s&rsquo;appuyant sur trois ressources strat\u00e9giques : les <strong>panneaux solaires<\/strong>, les <strong>turbines \u00e9oliennes<\/strong> et le <strong>stockage par batteries<\/strong>, le pays s&rsquo;est impos\u00e9 comme le premier producteur mondial.<\/p>\n\n\n\n<p>Selon les donn\u00e9es de <em>Science<\/em>, la production d&rsquo;\u00e9nergie solaire sur le sol chinois a \u00e9t\u00e9 multipli\u00e9e par plus de vingt en l&rsquo;espace d&rsquo;une d\u00e9cennie. \u00c0 ce jour, ses capacit\u00e9s cumul\u00e9es seraient th\u00e9oriquement suffisantes pour r\u00e9pondre \u00e0 la demande \u00e9lectrique de l&rsquo;ensemble des \u00c9tats-Unis. Cette mont\u00e9e en charge a permis une <strong>r\u00e9duction drastique des co\u00fbts<\/strong>, rendant ces solutions comp\u00e9titives face aux <strong>sources fossiles<\/strong>. Pour les auteurs, cette avance permet d\u00e9j\u00e0 de ralentir la progression des <strong>\u00e9missions de gaz \u00e0 effet de serre<\/strong> en Chine.<\/p>\n\n\n\n<h2 class=\"wp-block-heading\">Des obstacles structurels persistent pour la transition<\/h2>\n\n\n\n<p>Malgr\u00e9 ces avanc\u00e9es, le chemin vers une d\u00e9carbonation totale rencontre encore des limites. Si la Chine investit massivement dans des <strong>lignes de transport haute tension<\/strong> pour relier les centres de production aux zones urbaines, la revue souligne que ces infrastructures ne progressent pas toujours assez vite.<\/p>\n\n\n\n<p>Le charbon n&rsquo;a pas encore quitt\u00e9 le paysage. <strong>Miguel de Sim\u00f3n Mart\u00edn<\/strong>, professeur \u00e0 l&rsquo;universit\u00e9 de Le\u00f3n, explique que le charbon conserve un r\u00f4le de <strong>\u00ab secours \u00bb<\/strong> pour garantir la stabilit\u00e9 du r\u00e9seau face \u00e0 l&rsquo;intermittence des renouvelables. Le constat est partag\u00e9 par <strong>Kelly Sims Gallagher<\/strong>, experte \u00e0 l&rsquo;universit\u00e9 Tufts, qui note la mise en service d&rsquo;une dizaine de centrales \u00e0 charbon suppl\u00e9mentaires cette ann\u00e9e. De plus, l&rsquo;\u00e9lectrification de l&rsquo;<strong>industrie lourde<\/strong> et de l&rsquo;aviation reste un d\u00e9fi technique sans solution imm\u00e9diate.<\/p>\n\n\n\n<h2 class=\"wp-block-heading\">Perspectives : Vers une croissance \u00ab\u00a0in\u00e9luctable\u00a0\u00bb ?<\/h2>\n\n\n\n<p>L&rsquo;acc\u00e9l\u00e9ration reste toutefois le ma\u00eetre-mot. Pour illustrer ce changement d&rsquo;\u00e9chelle, les chercheurs rappellent qu&rsquo;en 2004, il fallait une ann\u00e9e enti\u00e8re pour installer <strong>1 GW<\/strong> de capacit\u00e9 solaire. Aujourd&rsquo;hui, environ <strong>2 GW<\/strong> sont mis en service quotidiennement.<strong>Hannah Ritchie<\/strong>, chercheuse \u00e0 l&rsquo;universit\u00e9 d&rsquo;Oxford, estime que le monde pourrait suivre la tendance chinoise vers un abandon progressif du charbon. La <strong>transition \u00e9nerg\u00e9tique<\/strong> n&rsquo;est plus seulement per\u00e7ue comme un engagement environnemental, mais s&rsquo;inscrit d\u00e9sormais comme une <strong>r\u00e9alit\u00e9 industrielle<\/strong> et \u00e9conomique. Si les industries restent encore li\u00e9es aux \u00e9nergies fossiles, la croissance des capacit\u00e9s renouvelables s&rsquo;impose comme la tendance structurelle majeure de la d\u00e9cennie.<\/p>\n","protected":false},"excerpt":{"rendered":"","protected":false},"author":2,"featured_media":181,"comment_status":"closed","ping_status":"closed","sticky":false,"template":"","format":"standard","meta":{"footnotes":""},"categories":[1],"tags":[],"class_list":["post-178","post","type-post","status-publish","format-standard","has-post-thumbnail","hentry","category-energies","masonry-post","generate-columns","tablet-grid-50","mobile-grid-100","grid-parent","grid-33"],"yoast_head":"<!-- This site is optimized with the Yoast SEO plugin v26.6 - https:\/\/yoast.com\/wordpress\/plugins\/seo\/ -->\n<title>Solaire et \u00e9olien d\u00e9passent le charbon dans le mix \u00e9lectrique mondial - ECOinfos<\/title>\n<meta name=\"description\" content=\"Selon la revue Science, les \u00e9nergies renouvelables sont devenues la 1\u00e8re source d&#039;\u00e9lectricit\u00e9 mondiale en 2025. Analyse d&#039;un tournant \u00e9nerg\u00e9tique majeur.\" \/>\n<meta name=\"robots\" content=\"index, follow, max-snippet:-1, max-image-preview:large, max-video-preview:-1\" \/>\n<link rel=\"canonical\" href=\"https:\/\/www.les-energies-renouvelables.eu\/article\/actualites\/energies\/solaire-et-eolien-depassent-le-charbon-dans-le-mix-electrique-mondial-178\/\" \/>\n<meta property=\"og:locale\" content=\"fr_FR\" \/>\n<meta property=\"og:type\" content=\"article\" \/>\n<meta property=\"og:title\" content=\"Solaire et \u00e9olien d\u00e9passent le charbon dans le mix \u00e9lectrique mondial - ECOinfos\" \/>\n<meta property=\"og:description\" content=\"Selon la revue Science, les \u00e9nergies renouvelables sont devenues la 1\u00e8re source d&#039;\u00e9lectricit\u00e9 mondiale en 2025. Analyse d&#039;un tournant \u00e9nerg\u00e9tique majeur.\" \/>\n<meta property=\"og:url\" content=\"https:\/\/www.les-energies-renouvelables.eu\/article\/actualites\/energies\/solaire-et-eolien-depassent-le-charbon-dans-le-mix-electrique-mondial-178\/\" \/>\n<meta property=\"og:site_name\" content=\"ECOinfos Energies renouvelables\" \/>\n<meta property=\"article:publisher\" content=\"https:\/\/www.facebook.com\/ecoannuaire.energierenouvelable\/\" \/>\n<meta property=\"article:author\" content=\"https:\/\/www.facebook.com\/tictacf2c\/\" \/>\n<meta property=\"article:published_time\" content=\"2025-12-26T07:00:00+00:00\" \/>\n<meta property=\"og:image\" content=\"https:\/\/www.les-energies-renouvelables.eu\/article\/actualites\/wp-content\/uploads\/2025\/12\/actualites-solaire-et-eolien-depassent-le-charbon-dans-le-mix-electrique-mondial-energies-renouvelables-charbon.jpg\" \/>\n\t<meta property=\"og:image:width\" content=\"1200\" \/>\n\t<meta property=\"og:image:height\" content=\"675\" \/>\n\t<meta property=\"og:image:type\" content=\"image\/jpeg\" \/>\n<meta name=\"author\" content=\"Alexia JACQUARD\" \/>\n<meta name=\"twitter:card\" content=\"summary_large_image\" \/>\n<meta name=\"twitter:creator\" content=\"@alexiajcrd\" \/>\n<meta name=\"twitter:site\" content=\"@ECOinfosENR\" \/>\n<meta name=\"twitter:label1\" content=\"\u00c9crit par\" \/>\n\t<meta name=\"twitter:data1\" content=\"Alexia JACQUARD\" \/>\n\t<meta name=\"twitter:label2\" content=\"Dur\u00e9e de lecture estim\u00e9e\" \/>\n\t<meta name=\"twitter:data2\" content=\"4 minutes\" \/>\n<script type=\"application\/ld+json\" class=\"yoast-schema-graph\">{\"@context\":\"https:\/\/schema.org\",\"@graph\":[{\"@type\":\"Article\",\"@id\":\"https:\/\/www.les-energies-renouvelables.eu\/article\/actualites\/energies\/solaire-et-eolien-depassent-le-charbon-dans-le-mix-electrique-mondial-178\/#article\",\"isPartOf\":{\"@id\":\"https:\/\/www.les-energies-renouvelables.eu\/article\/actualites\/energies\/solaire-et-eolien-depassent-le-charbon-dans-le-mix-electrique-mondial-178\/\"},\"author\":{\"name\":\"Alexia JACQUARD\",\"@id\":\"https:\/\/www.les-energies-renouvelables.eu\/article\/actualites\/#\/schema\/person\/2c7d09eb5ca339c12ca8d86145440169\"},\"headline\":\"Solaire et \u00e9olien d\u00e9passent le charbon dans le mix \u00e9lectrique mondial\",\"datePublished\":\"2025-12-26T07:00:00+00:00\",\"mainEntityOfPage\":{\"@id\":\"https:\/\/www.les-energies-renouvelables.eu\/article\/actualites\/energies\/solaire-et-eolien-depassent-le-charbon-dans-le-mix-electrique-mondial-178\/\"},\"wordCount\":775,\"publisher\":{\"@id\":\"https:\/\/www.les-energies-renouvelables.eu\/article\/actualites\/#organization\"},\"image\":{\"@id\":\"https:\/\/www.les-energies-renouvelables.eu\/article\/actualites\/energies\/solaire-et-eolien-depassent-le-charbon-dans-le-mix-electrique-mondial-178\/#primaryimage\"},\"thumbnailUrl\":\"https:\/\/www.les-energies-renouvelables.eu\/article\/actualites\/wp-content\/uploads\/2025\/12\/actualites-solaire-et-eolien-depassent-le-charbon-dans-le-mix-electrique-mondial-energies-renouvelables-charbon.jpg\",\"articleSection\":[\"\u00c9nergies\"],\"inLanguage\":\"fr-FR\"},{\"@type\":\"WebPage\",\"@id\":\"https:\/\/www.les-energies-renouvelables.eu\/article\/actualites\/energies\/solaire-et-eolien-depassent-le-charbon-dans-le-mix-electrique-mondial-178\/\",\"url\":\"https:\/\/www.les-energies-renouvelables.eu\/article\/actualites\/energies\/solaire-et-eolien-depassent-le-charbon-dans-le-mix-electrique-mondial-178\/\",\"name\":\"Solaire et \u00e9olien d\u00e9passent le charbon dans le mix \u00e9lectrique mondial - ECOinfos\",\"isPartOf\":{\"@id\":\"https:\/\/www.les-energies-renouvelables.eu\/article\/actualites\/#website\"},\"primaryImageOfPage\":{\"@id\":\"https:\/\/www.les-energies-renouvelables.eu\/article\/actualites\/energies\/solaire-et-eolien-depassent-le-charbon-dans-le-mix-electrique-mondial-178\/#primaryimage\"},\"image\":{\"@id\":\"https:\/\/www.les-energies-renouvelables.eu\/article\/actualites\/energies\/solaire-et-eolien-depassent-le-charbon-dans-le-mix-electrique-mondial-178\/#primaryimage\"},\"thumbnailUrl\":\"https:\/\/www.les-energies-renouvelables.eu\/article\/actualites\/wp-content\/uploads\/2025\/12\/actualites-solaire-et-eolien-depassent-le-charbon-dans-le-mix-electrique-mondial-energies-renouvelables-charbon.jpg\",\"datePublished\":\"2025-12-26T07:00:00+00:00\",\"description\":\"Selon la revue Science, les \u00e9nergies renouvelables sont devenues la 1\u00e8re source d'\u00e9lectricit\u00e9 mondiale en 2025. Analyse d'un tournant \u00e9nerg\u00e9tique majeur.\",\"breadcrumb\":{\"@id\":\"https:\/\/www.les-energies-renouvelables.eu\/article\/actualites\/energies\/solaire-et-eolien-depassent-le-charbon-dans-le-mix-electrique-mondial-178\/#breadcrumb\"},\"inLanguage\":\"fr-FR\",\"potentialAction\":[{\"@type\":\"ReadAction\",\"target\":[\"https:\/\/www.les-energies-renouvelables.eu\/article\/actualites\/energies\/solaire-et-eolien-depassent-le-charbon-dans-le-mix-electrique-mondial-178\/\"]}]},{\"@type\":\"ImageObject\",\"inLanguage\":\"fr-FR\",\"@id\":\"https:\/\/www.les-energies-renouvelables.eu\/article\/actualites\/energies\/solaire-et-eolien-depassent-le-charbon-dans-le-mix-electrique-mondial-178\/#primaryimage\",\"url\":\"https:\/\/www.les-energies-renouvelables.eu\/article\/actualites\/wp-content\/uploads\/2025\/12\/actualites-solaire-et-eolien-depassent-le-charbon-dans-le-mix-electrique-mondial-energies-renouvelables-charbon.jpg\",\"contentUrl\":\"https:\/\/www.les-energies-renouvelables.eu\/article\/actualites\/wp-content\/uploads\/2025\/12\/actualites-solaire-et-eolien-depassent-le-charbon-dans-le-mix-electrique-mondial-energies-renouvelables-charbon.jpg\",\"width\":1200,\"height\":675,\"caption\":\"Dall-E\"},{\"@type\":\"BreadcrumbList\",\"@id\":\"https:\/\/www.les-energies-renouvelables.eu\/article\/actualites\/energies\/solaire-et-eolien-depassent-le-charbon-dans-le-mix-electrique-mondial-178\/#breadcrumb\",\"itemListElement\":[{\"@type\":\"ListItem\",\"position\":1,\"name\":\"Accueil\",\"item\":\"https:\/\/www.les-energies-renouvelables.eu\/article\/actualites\/\"},{\"@type\":\"ListItem\",\"position\":2,\"name\":\"Solaire et \u00e9olien d\u00e9passent le charbon dans le mix \u00e9lectrique mondial\"}]},{\"@type\":\"WebSite\",\"@id\":\"https:\/\/www.les-energies-renouvelables.eu\/article\/actualites\/#website\",\"url\":\"https:\/\/www.les-energies-renouvelables.eu\/article\/actualites\/\",\"name\":\"ECOinfos Energies renouvelables\",\"description\":\"Le d\u00e9cryptage quotidien du secteur des \u00e9nergies renouvelables\",\"publisher\":{\"@id\":\"https:\/\/www.les-energies-renouvelables.eu\/article\/actualites\/#organization\"},\"potentialAction\":[{\"@type\":\"SearchAction\",\"target\":{\"@type\":\"EntryPoint\",\"urlTemplate\":\"https:\/\/www.les-energies-renouvelables.eu\/article\/actualites\/?s={search_term_string}\"},\"query-input\":{\"@type\":\"PropertyValueSpecification\",\"valueRequired\":true,\"valueName\":\"search_term_string\"}}],\"inLanguage\":\"fr-FR\"},{\"@type\":\"Organization\",\"@id\":\"https:\/\/www.les-energies-renouvelables.eu\/article\/actualites\/#organization\",\"name\":\"ECOinfos Energies renouvelables\",\"url\":\"https:\/\/www.les-energies-renouvelables.eu\/article\/actualites\/\",\"logo\":{\"@type\":\"ImageObject\",\"inLanguage\":\"fr-FR\",\"@id\":\"https:\/\/www.les-energies-renouvelables.eu\/article\/actualites\/#\/schema\/logo\/image\/\",\"url\":\"https:\/\/www.les-energies-renouvelables.eu\/article\/actualites\/wp-content\/uploads\/2025\/11\/ecoinfos.eldorado-consulting.com-logo-logo.svg\",\"contentUrl\":\"https:\/\/www.les-energies-renouvelables.eu\/article\/actualites\/wp-content\/uploads\/2025\/11\/ecoinfos.eldorado-consulting.com-logo-logo.svg\",\"caption\":\"ECOinfos Energies renouvelables\"},\"image\":{\"@id\":\"https:\/\/www.les-energies-renouvelables.eu\/article\/actualites\/#\/schema\/logo\/image\/\"},\"sameAs\":[\"https:\/\/www.facebook.com\/ecoannuaire.energierenouvelable\/\",\"https:\/\/x.com\/ECOinfosENR\",\"https:\/\/www.linkedin.com\/company\/ecoinfos-energies-renouvelables\/\",\"https:\/\/www.youtube.com\/@ecoinfosenergies\",\"https:\/\/share.google\/dyKHJPxAV42WhhjbM\"]},{\"@type\":\"Person\",\"@id\":\"https:\/\/www.les-energies-renouvelables.eu\/article\/actualites\/#\/schema\/person\/2c7d09eb5ca339c12ca8d86145440169\",\"name\":\"Alexia JACQUARD\",\"pronouns\":\"elle\/elle\",\"image\":{\"@type\":\"ImageObject\",\"inLanguage\":\"fr-FR\",\"@id\":\"https:\/\/www.les-energies-renouvelables.eu\/article\/actualites\/#\/schema\/person\/image\/\",\"url\":\"https:\/\/www.les-energies-renouvelables.eu\/article\/actualites\/wp-content\/uploads\/2026\/01\/actualites-alexia-jacquard-alexia-jacquard-160x160.jpg\",\"contentUrl\":\"https:\/\/www.les-energies-renouvelables.eu\/article\/actualites\/wp-content\/uploads\/2026\/01\/actualites-alexia-jacquard-alexia-jacquard-160x160.jpg\",\"caption\":\"Alexia JACQUARD\"},\"description\":\"Curieuse de nature et attentif aux enjeux du d\u00e9veloppement durable, Alexia Jacquard suit l'actualit\u00e9 des \u00e9nergies renouvelables pour partager les derni\u00e8res nouveaut\u00e9s du secteur. Elle s'attache \u00e0 retranscrire simplement les informations cl\u00e9s et les initiatives positives qui marquent la transition \u00e9nerg\u00e9tique. Son objectif : proposer des articles d'actualit\u00e9 clairs et accessibles pour tous ceux qui s'int\u00e9ressent \u00e0 l'avenir de notre \u00e9nergie.\",\"sameAs\":[\"https:\/\/alexia-jacquard.fr\",\"https:\/\/www.facebook.com\/tictacf2c\/\",\"https:\/\/www.instagram.com\/alexia_redac\/\",\"https:\/\/www.linkedin.com\/in\/alexia-jacquard-449a4b289\/\",\"https:\/\/fr.pinterest.com\/alexiajacquard\/\",\"https:\/\/x.com\/alexiajcrd\",\"https:\/\/www.youtube.com\/@Thepaindemie\",\"https:\/\/muckrack.com\/alexia-jacquard\"],\"url\":\"https:\/\/www.les-energies-renouvelables.eu\/article\/actualites\/author\/alexia-jacquard\/\"}]}<\/script>\n<!-- \/ Yoast SEO plugin. -->","yoast_head_json":{"title":"Solaire et \u00e9olien d\u00e9passent le charbon dans le mix \u00e9lectrique mondial - ECOinfos","description":"Selon la revue Science, les \u00e9nergies renouvelables sont devenues la 1\u00e8re source d'\u00e9lectricit\u00e9 mondiale en 2025. Analyse d'un tournant \u00e9nerg\u00e9tique majeur.","robots":{"index":"index","follow":"follow","max-snippet":"max-snippet:-1","max-image-preview":"max-image-preview:large","max-video-preview":"max-video-preview:-1"},"canonical":"https:\/\/www.les-energies-renouvelables.eu\/article\/actualites\/energies\/solaire-et-eolien-depassent-le-charbon-dans-le-mix-electrique-mondial-178\/","og_locale":"fr_FR","og_type":"article","og_title":"Solaire et \u00e9olien d\u00e9passent le charbon dans le mix \u00e9lectrique mondial - ECOinfos","og_description":"Selon la revue Science, les \u00e9nergies renouvelables sont devenues la 1\u00e8re source d'\u00e9lectricit\u00e9 mondiale en 2025. Analyse d'un tournant \u00e9nerg\u00e9tique majeur.","og_url":"https:\/\/www.les-energies-renouvelables.eu\/article\/actualites\/energies\/solaire-et-eolien-depassent-le-charbon-dans-le-mix-electrique-mondial-178\/","og_site_name":"ECOinfos Energies renouvelables","article_publisher":"https:\/\/www.facebook.com\/ecoannuaire.energierenouvelable\/","article_author":"https:\/\/www.facebook.com\/tictacf2c\/","article_published_time":"2025-12-26T07:00:00+00:00","og_image":[{"width":1200,"height":675,"url":"https:\/\/www.les-energies-renouvelables.eu\/article\/actualites\/wp-content\/uploads\/2025\/12\/actualites-solaire-et-eolien-depassent-le-charbon-dans-le-mix-electrique-mondial-energies-renouvelables-charbon.jpg","type":"image\/jpeg"}],"author":"Alexia JACQUARD","twitter_card":"summary_large_image","twitter_creator":"@alexiajcrd","twitter_site":"@ECOinfosENR","twitter_misc":{"\u00c9crit par":"Alexia JACQUARD","Dur\u00e9e de lecture estim\u00e9e":"4 minutes"},"schema":{"@context":"https:\/\/schema.org","@graph":[{"@type":"Article","@id":"https:\/\/www.les-energies-renouvelables.eu\/article\/actualites\/energies\/solaire-et-eolien-depassent-le-charbon-dans-le-mix-electrique-mondial-178\/#article","isPartOf":{"@id":"https:\/\/www.les-energies-renouvelables.eu\/article\/actualites\/energies\/solaire-et-eolien-depassent-le-charbon-dans-le-mix-electrique-mondial-178\/"},"author":{"name":"Alexia JACQUARD","@id":"https:\/\/www.les-energies-renouvelables.eu\/article\/actualites\/#\/schema\/person\/2c7d09eb5ca339c12ca8d86145440169"},"headline":"Solaire et \u00e9olien d\u00e9passent le charbon dans le mix \u00e9lectrique mondial","datePublished":"2025-12-26T07:00:00+00:00","mainEntityOfPage":{"@id":"https:\/\/www.les-energies-renouvelables.eu\/article\/actualites\/energies\/solaire-et-eolien-depassent-le-charbon-dans-le-mix-electrique-mondial-178\/"},"wordCount":775,"publisher":{"@id":"https:\/\/www.les-energies-renouvelables.eu\/article\/actualites\/#organization"},"image":{"@id":"https:\/\/www.les-energies-renouvelables.eu\/article\/actualites\/energies\/solaire-et-eolien-depassent-le-charbon-dans-le-mix-electrique-mondial-178\/#primaryimage"},"thumbnailUrl":"https:\/\/www.les-energies-renouvelables.eu\/article\/actualites\/wp-content\/uploads\/2025\/12\/actualites-solaire-et-eolien-depassent-le-charbon-dans-le-mix-electrique-mondial-energies-renouvelables-charbon.jpg","articleSection":["\u00c9nergies"],"inLanguage":"fr-FR"},{"@type":"WebPage","@id":"https:\/\/www.les-energies-renouvelables.eu\/article\/actualites\/energies\/solaire-et-eolien-depassent-le-charbon-dans-le-mix-electrique-mondial-178\/","url":"https:\/\/www.les-energies-renouvelables.eu\/article\/actualites\/energies\/solaire-et-eolien-depassent-le-charbon-dans-le-mix-electrique-mondial-178\/","name":"Solaire et \u00e9olien d\u00e9passent le charbon dans le mix \u00e9lectrique mondial - ECOinfos","isPartOf":{"@id":"https:\/\/www.les-energies-renouvelables.eu\/article\/actualites\/#website"},"primaryImageOfPage":{"@id":"https:\/\/www.les-energies-renouvelables.eu\/article\/actualites\/energies\/solaire-et-eolien-depassent-le-charbon-dans-le-mix-electrique-mondial-178\/#primaryimage"},"image":{"@id":"https:\/\/www.les-energies-renouvelables.eu\/article\/actualites\/energies\/solaire-et-eolien-depassent-le-charbon-dans-le-mix-electrique-mondial-178\/#primaryimage"},"thumbnailUrl":"https:\/\/www.les-energies-renouvelables.eu\/article\/actualites\/wp-content\/uploads\/2025\/12\/actualites-solaire-et-eolien-depassent-le-charbon-dans-le-mix-electrique-mondial-energies-renouvelables-charbon.jpg","datePublished":"2025-12-26T07:00:00+00:00","description":"Selon la revue Science, les \u00e9nergies renouvelables sont devenues la 1\u00e8re source d'\u00e9lectricit\u00e9 mondiale en 2025. Analyse d'un tournant \u00e9nerg\u00e9tique majeur.","breadcrumb":{"@id":"https:\/\/www.les-energies-renouvelables.eu\/article\/actualites\/energies\/solaire-et-eolien-depassent-le-charbon-dans-le-mix-electrique-mondial-178\/#breadcrumb"},"inLanguage":"fr-FR","potentialAction":[{"@type":"ReadAction","target":["https:\/\/www.les-energies-renouvelables.eu\/article\/actualites\/energies\/solaire-et-eolien-depassent-le-charbon-dans-le-mix-electrique-mondial-178\/"]}]},{"@type":"ImageObject","inLanguage":"fr-FR","@id":"https:\/\/www.les-energies-renouvelables.eu\/article\/actualites\/energies\/solaire-et-eolien-depassent-le-charbon-dans-le-mix-electrique-mondial-178\/#primaryimage","url":"https:\/\/www.les-energies-renouvelables.eu\/article\/actualites\/wp-content\/uploads\/2025\/12\/actualites-solaire-et-eolien-depassent-le-charbon-dans-le-mix-electrique-mondial-energies-renouvelables-charbon.jpg","contentUrl":"https:\/\/www.les-energies-renouvelables.eu\/article\/actualites\/wp-content\/uploads\/2025\/12\/actualites-solaire-et-eolien-depassent-le-charbon-dans-le-mix-electrique-mondial-energies-renouvelables-charbon.jpg","width":1200,"height":675,"caption":"Dall-E"},{"@type":"BreadcrumbList","@id":"https:\/\/www.les-energies-renouvelables.eu\/article\/actualites\/energies\/solaire-et-eolien-depassent-le-charbon-dans-le-mix-electrique-mondial-178\/#breadcrumb","itemListElement":[{"@type":"ListItem","position":1,"name":"Accueil","item":"https:\/\/www.les-energies-renouvelables.eu\/article\/actualites\/"},{"@type":"ListItem","position":2,"name":"Solaire et \u00e9olien d\u00e9passent le charbon dans le mix \u00e9lectrique mondial"}]},{"@type":"WebSite","@id":"https:\/\/www.les-energies-renouvelables.eu\/article\/actualites\/#website","url":"https:\/\/www.les-energies-renouvelables.eu\/article\/actualites\/","name":"ECOinfos Energies renouvelables","description":"Le d\u00e9cryptage quotidien du secteur des \u00e9nergies renouvelables","publisher":{"@id":"https:\/\/www.les-energies-renouvelables.eu\/article\/actualites\/#organization"},"potentialAction":[{"@type":"SearchAction","target":{"@type":"EntryPoint","urlTemplate":"https:\/\/www.les-energies-renouvelables.eu\/article\/actualites\/?s={search_term_string}"},"query-input":{"@type":"PropertyValueSpecification","valueRequired":true,"valueName":"search_term_string"}}],"inLanguage":"fr-FR"},{"@type":"Organization","@id":"https:\/\/www.les-energies-renouvelables.eu\/article\/actualites\/#organization","name":"ECOinfos Energies renouvelables","url":"https:\/\/www.les-energies-renouvelables.eu\/article\/actualites\/","logo":{"@type":"ImageObject","inLanguage":"fr-FR","@id":"https:\/\/www.les-energies-renouvelables.eu\/article\/actualites\/#\/schema\/logo\/image\/","url":"https:\/\/www.les-energies-renouvelables.eu\/article\/actualites\/wp-content\/uploads\/2025\/11\/ecoinfos.eldorado-consulting.com-logo-logo.svg","contentUrl":"https:\/\/www.les-energies-renouvelables.eu\/article\/actualites\/wp-content\/uploads\/2025\/11\/ecoinfos.eldorado-consulting.com-logo-logo.svg","caption":"ECOinfos Energies renouvelables"},"image":{"@id":"https:\/\/www.les-energies-renouvelables.eu\/article\/actualites\/#\/schema\/logo\/image\/"},"sameAs":["https:\/\/www.facebook.com\/ecoannuaire.energierenouvelable\/","https:\/\/x.com\/ECOinfosENR","https:\/\/www.linkedin.com\/company\/ecoinfos-energies-renouvelables\/","https:\/\/www.youtube.com\/@ecoinfosenergies","https:\/\/share.google\/dyKHJPxAV42WhhjbM"]},{"@type":"Person","@id":"https:\/\/www.les-energies-renouvelables.eu\/article\/actualites\/#\/schema\/person\/2c7d09eb5ca339c12ca8d86145440169","name":"Alexia JACQUARD","pronouns":"elle\/elle","image":{"@type":"ImageObject","inLanguage":"fr-FR","@id":"https:\/\/www.les-energies-renouvelables.eu\/article\/actualites\/#\/schema\/person\/image\/","url":"https:\/\/www.les-energies-renouvelables.eu\/article\/actualites\/wp-content\/uploads\/2026\/01\/actualites-alexia-jacquard-alexia-jacquard-160x160.jpg","contentUrl":"https:\/\/www.les-energies-renouvelables.eu\/article\/actualites\/wp-content\/uploads\/2026\/01\/actualites-alexia-jacquard-alexia-jacquard-160x160.jpg","caption":"Alexia JACQUARD"},"description":"Curieuse de nature et attentif aux enjeux du d\u00e9veloppement durable, Alexia Jacquard suit l'actualit\u00e9 des \u00e9nergies renouvelables pour partager les derni\u00e8res nouveaut\u00e9s du secteur. Elle s'attache \u00e0 retranscrire simplement les informations cl\u00e9s et les initiatives positives qui marquent la transition \u00e9nerg\u00e9tique. Son objectif : proposer des articles d'actualit\u00e9 clairs et accessibles pour tous ceux qui s'int\u00e9ressent \u00e0 l'avenir de notre \u00e9nergie.","sameAs":["https:\/\/alexia-jacquard.fr","https:\/\/www.facebook.com\/tictacf2c\/","https:\/\/www.instagram.com\/alexia_redac\/","https:\/\/www.linkedin.com\/in\/alexia-jacquard-449a4b289\/","https:\/\/fr.pinterest.com\/alexiajacquard\/","https:\/\/x.com\/alexiajcrd","https:\/\/www.youtube.com\/@Thepaindemie","https:\/\/muckrack.com\/alexia-jacquard"],"url":"https:\/\/www.les-energies-renouvelables.eu\/article\/actualites\/author\/alexia-jacquard\/"}]}},"_links":{"self":[{"href":"https:\/\/www.les-energies-renouvelables.eu\/article\/actualites\/wp-json\/wp\/v2\/posts\/178","targetHints":{"allow":["GET"]}}],"collection":[{"href":"https:\/\/www.les-energies-renouvelables.eu\/article\/actualites\/wp-json\/wp\/v2\/posts"}],"about":[{"href":"https:\/\/www.les-energies-renouvelables.eu\/article\/actualites\/wp-json\/wp\/v2\/types\/post"}],"author":[{"embeddable":true,"href":"https:\/\/www.les-energies-renouvelables.eu\/article\/actualites\/wp-json\/wp\/v2\/users\/2"}],"replies":[{"embeddable":true,"href":"https:\/\/www.les-energies-renouvelables.eu\/article\/actualites\/wp-json\/wp\/v2\/comments?post=178"}],"version-history":[{"count":1,"href":"https:\/\/www.les-energies-renouvelables.eu\/article\/actualites\/wp-json\/wp\/v2\/posts\/178\/revisions"}],"predecessor-version":[{"id":179,"href":"https:\/\/www.les-energies-renouvelables.eu\/article\/actualites\/wp-json\/wp\/v2\/posts\/178\/revisions\/179"}],"wp:featuredmedia":[{"embeddable":true,"href":"https:\/\/www.les-energies-renouvelables.eu\/article\/actualites\/wp-json\/wp\/v2\/media\/181"}],"wp:attachment":[{"href":"https:\/\/www.les-energies-renouvelables.eu\/article\/actualites\/wp-json\/wp\/v2\/media?parent=178"}],"wp:term":[{"taxonomy":"category","embeddable":true,"href":"https:\/\/www.les-energies-renouvelables.eu\/article\/actualites\/wp-json\/wp\/v2\/categories?post=178"},{"taxonomy":"post_tag","embeddable":true,"href":"https:\/\/www.les-energies-renouvelables.eu\/article\/actualites\/wp-json\/wp\/v2\/tags?post=178"}],"curies":[{"name":"wp","href":"https:\/\/api.w.org\/{rel}","templated":true}]}}