{"id":1755,"date":"2026-09-01T10:40:14","date_gmt":"2026-09-01T08:40:14","guid":{"rendered":"https:\/\/www.les-energies-renouvelables.eu\/article\/actualites\/?p=1755"},"modified":"2026-09-01T10:40:28","modified_gmt":"2026-09-01T08:40:28","slug":"cheque-energie-aide-couvre-en-moyenne-qu1-euro-sur-8-de-la-facture-energetique-des-menages-modestes","status":"publish","type":"post","link":"https:\/\/www.les-energies-renouvelables.eu\/article\/actualites\/reglementations\/cheque-energie-aide-couvre-en-moyenne-qu1-euro-sur-8-de-la-facture-energetique-des-menages-modestes-1755\/","title":{"rendered":"Ch\u00e8que \u00e9nergie : l&rsquo;aide ne couvre en moyenne qu&rsquo;1 euro sur 8 de la facture \u00e9nerg\u00e9tique des m\u00e9nages modestes"},"content":{"rendered":"\n<h2 class=\"wp-block-heading\">Les chiffres cl\u00e9s<\/h2>\n\n\n\n<figure class=\"wp-block-table\"><table class=\"has-fixed-layout\"><thead><tr><th>Indicateur<\/th><th>Valeur<\/th><\/tr><\/thead><tbody><tr><td>Montant annuel du ch\u00e8que<\/td><td><strong>48 \u00e0 277 \u20ac<\/strong><\/td><\/tr><tr><td>Part de la facture couverte<\/td><td><strong>~12 \u00e0 13 %<\/strong><\/td><\/tr><tr><td>\u00c9quivalent en part de facture<\/td><td><strong>1 \u20ac sur 8<\/strong><\/td><\/tr><tr><td>Objectif envisag\u00e9 par l&rsquo;Assembl\u00e9e nationale<\/td><td><strong>\u00d72,4<\/strong><\/td><\/tr><tr><td>Taux de recours en 2023 vs 2025<\/td><td><strong>84,5 % vs 67 %<\/strong><\/td><\/tr><\/tbody><\/table><\/figure>\n\n\n\n<h2 class=\"wp-block-heading\">Une aide qui couvre \u00e0 peine un mois et demi de facture, selon les fournisseurs eux-m\u00eames<\/h2>\n\n\n\n<figure class=\"wp-block-table\"><table class=\"has-fixed-layout\"><thead><tr><th>Fournisseur<\/th><th>Facture moyenne<\/th><th>Ch\u00e8que \u00e9nergie<\/th><th>Couverture<\/th><th>Jours couverts par an<\/th><\/tr><\/thead><tbody><tr><td>EDF<\/td><td>1 140 \u20ac \/ an<\/td><td>149 \u20ac<\/td><td>13,1 %<\/td><td>48 jours<\/td><\/tr><tr><td>TotalEnergies<\/td><td>1 126 \u20ac \/ an<\/td><td>146 \u20ac<\/td><td>13,0 %<\/td><td>47 jours<\/td><\/tr><tr><td>Engie<\/td><td>1 300 \u20ac \/ an<\/td><td>156 \u20ac<\/td><td>12,0 %<\/td><td>44 jours<\/td><\/tr><\/tbody><\/table><\/figure>\n\n\n\n<p class=\"wp-block-paragraph\">Ces donn\u00e9es transmises par les fournisseurs d&rsquo;\u00e9lectricit\u00e9 aux rapporteurs de l&rsquo;Assembl\u00e9e Nationale illustrent <strong>le poids persistant de l&rsquo;\u00e9nergie dans le budget des m\u00e9nages modestes<\/strong> : m\u00eame apr\u00e8s le versement du ch\u00e8que, <strong>pr\u00e8s de 7 \u20ac sur 8 de la facture annuelle restent \u00e0 leur charge<\/strong>. Ce d\u00e9calage est d&rsquo;autant plus notable que les d\u00e9put\u00e9s envisagent de porter la couverture \u00e0 <strong>30 % pour les m\u00e9nages les plus modestes<\/strong>, soit un niveau environ <strong>2,4 fois sup\u00e9rieur<\/strong> \u00e0 celui observ\u00e9 aujourd&rsquo;hui.<\/p>\n\n\n\n<figure class=\"wp-block-pullquote\"><blockquote><p>\u00ab Le ch\u00e8que \u00e9nergie apporte un soutien r\u00e9el aux m\u00e9nages modestes, mais les chiffres montrent qu&rsquo;il ne couvre qu&rsquo;une part limit\u00e9e de leur facture. Le v\u00e9ritable enjeu est donc double : garantir l&rsquo;acc\u00e8s \u00e0 l&rsquo;aide pour les m\u00e9nages qui y ont droit, tout en donnant davantage de moyens pour r\u00e9duire durablement leur consommation et leur facture. \u00bb<\/p><cite><em>Oscar Pacheco, responsable PR, papernest<\/em><\/cite><\/blockquote><\/figure>\n\n\n\n<h2 class=\"wp-block-heading\">Une efficacit\u00e9 \u00e9galement frein\u00e9e par le non-recours<\/h2>\n\n\n\n<ul class=\"wp-block-list\">\n<li>En 2025, le taux de recours tombe \u00e0 <strong>67 %<\/strong>, contre plus de 80 % les ann\u00e9es pr\u00e9c\u00e9dentes : <strong>pr\u00e8s d&rsquo;un m\u00e9nage \u00e9ligible sur trois<\/strong> ne b\u00e9n\u00e9ficie donc pas du ch\u00e8que.<\/li>\n\n\n\n<li>Cette baisse intervient apr\u00e8s la r\u00e9forme du syst\u00e8me d&rsquo;identification : <strong>1,8 million de m\u00e9nages<\/strong> ne sont plus identifi\u00e9s automatiquement en 2025, entra\u00eenant une <strong>baisse de 204 M\u20ac<\/strong> du montant total des ch\u00e8ques \u00e9nergie vers\u00e9s par rapport \u00e0 2024.<\/li>\n\n\n\n<li>En 2026, <strong>650 000 m\u00e9nages suppl\u00e9mentaires<\/strong> ont \u00e9t\u00e9 identifi\u00e9s automatiquement, portant leur nombre \u00e0 <strong>4,462 millions<\/strong>. Les d\u00e9put\u00e9s esp\u00e8rent un retour au-dessus de la barre des <strong>5 millions<\/strong> de m\u00e9nages identifi\u00e9s automatiquement d&rsquo;ici 2027.<\/li>\n<\/ul>\n\n\n\n<p class=\"wp-block-paragraph\"><strong>\u00c0 retenir<\/strong><\/p>\n\n\n\n<p class=\"wp-block-paragraph\">Les m\u00e9nages \u00e9ligibles non identifi\u00e9s automatiquement ont <strong>jusqu&rsquo;au 31 d\u00e9cembre 2026<\/strong> pour effectuer leur demande de ch\u00e8que \u00e9nergie.<\/p>\n\n\n\n<p class=\"wp-block-paragraph\">Consulter notre guide du <a href=\"https:\/\/www.les-energies-renouvelables.eu\/financement-aides\/cheque-energie\/\">ch\u00e8que \u00e9nergie 2026<\/a><\/p>\n\n\n\n<h2 class=\"wp-block-heading\">M\u00e9thodologie<\/h2>\n\n\n\n<p class=\"wp-block-paragraph\">Analyse de papernest bas\u00e9e principalement sur le rapport d&rsquo;information n\u00b02932 de l&rsquo;Assembl\u00e9e nationale (17 juin 2026), notamment sur les donn\u00e9es de facturation moyenne et de couverture fournies par EDF, Engie et TotalEnergies. Le taux de couverture national de 10 % en 2024 provient du CGDD. Les conversions en jours de facture et estimations sont propres \u00e0 papernest.<\/p>\n\n\n\n<p class=\"wp-block-paragraph\"><em>Communiqu\u00e9 de presse transmis par papernest.<\/em><\/p>\n","protected":false},"excerpt":{"rendered":"","protected":false},"author":3,"featured_media":1760,"comment_status":"open","ping_status":"open","sticky":false,"template":"","format":"standard","meta":{"_acf_changed":false,"footnotes":""},"categories":[1,7],"tags":[],"class_list":["post-1755","post","type-post","status-publish","format-standard","has-post-thumbnail","hentry","category-energies","category-reglementations","masonry-post","generate-columns","tablet-grid-50","mobile-grid-100","grid-parent","grid-33"],"acf":{"social-publish":false,"just-linkedin":false,"just-facebook":false,"test":""},"yoast_head":"<!-- This site is optimized with the Yoast SEO plugin v28.3 - https:\/\/yoast.com\/product\/yoast-seo-wordpress\/ -->\n<title>Ch\u00e8que \u00e9nergie : 1 euro sur 8 de facture couvert - ECOinfos<\/title>\n<meta name=\"description\" content=\"Le ch\u00e8que \u00e9nergie ne couvre qu&#039;un huiti\u00e8me de la facture des m\u00e9nages modestes, malgr\u00e9 sa reconduction annonc\u00e9e pour 2027.\" \/>\n<meta name=\"robots\" content=\"index, follow, max-snippet:-1, max-image-preview:large, max-video-preview:-1\" \/>\n<link rel=\"canonical\" href=\"https:\/\/www.les-energies-renouvelables.eu\/article\/actualites\/reglementations\/cheque-energie-aide-couvre-en-moyenne-qu1-euro-sur-8-de-la-facture-energetique-des-menages-modestes-1755\/\" \/>\n<meta property=\"og:locale\" content=\"fr_FR\" \/>\n<meta property=\"og:type\" content=\"article\" \/>\n<meta property=\"og:title\" content=\"Ch\u00e8que \u00e9nergie : 1 euro sur 8 de facture couvert - ECOinfos\" \/>\n<meta property=\"og:description\" content=\"Le ch\u00e8que \u00e9nergie ne couvre qu&#039;un huiti\u00e8me de la facture des m\u00e9nages modestes, malgr\u00e9 sa reconduction annonc\u00e9e pour 2027.\" \/>\n<meta property=\"og:url\" content=\"https:\/\/www.les-energies-renouvelables.eu\/article\/actualites\/reglementations\/cheque-energie-aide-couvre-en-moyenne-qu1-euro-sur-8-de-la-facture-energetique-des-menages-modestes-1755\/\" \/>\n<meta property=\"og:site_name\" content=\"ECOinfos Energies renouvelables\" \/>\n<meta property=\"article:publisher\" content=\"https:\/\/www.facebook.com\/ecoannuaire.energierenouvelable\/\" \/>\n<meta property=\"article:published_time\" content=\"2026-09-01T08:40:14+00:00\" \/>\n<meta property=\"article:modified_time\" content=\"2026-09-01T08:40:28+00:00\" \/>\n<meta property=\"og:image\" content=\"https:\/\/www.les-energies-renouvelables.eu\/article\/actualites\/wp-content\/uploads\/2026\/09\/actualites-brouillon-auto-cheque-energie-scaled.webp\" \/>\n\t<meta property=\"og:image:width\" content=\"1200\" \/>\n\t<meta property=\"og:image:height\" content=\"675\" \/>\n\t<meta property=\"og:image:type\" content=\"image\/webp\" \/>\n<meta name=\"author\" content=\"Mathis Castelnau\" \/>\n<meta name=\"twitter:card\" content=\"summary_large_image\" \/>\n<meta name=\"twitter:creator\" content=\"@ECOinfosENR\" \/>\n<meta name=\"twitter:site\" content=\"@ECOinfosENR\" \/>\n<meta name=\"twitter:label1\" content=\"\u00c9crit par\" \/>\n\t<meta name=\"twitter:data1\" content=\"Mathis Castelnau\" \/>\n\t<meta name=\"twitter:label2\" content=\"Dur\u00e9e de lecture estim\u00e9e\" \/>\n\t<meta name=\"twitter:data2\" content=\"3 minutes\" \/>\n<script type=\"application\/ld+json\" class=\"yoast-schema-graph\">{\"@context\":\"https:\\\/\\\/schema.org\",\"@graph\":[{\"@type\":\"NewsArticle\",\"@id\":\"https:\\\/\\\/www.les-energies-renouvelables.eu\\\/article\\\/actualites\\\/reglementations\\\/cheque-energie-aide-couvre-en-moyenne-qu1-euro-sur-8-de-la-facture-energetique-des-menages-modestes-1755\\\/#article\",\"isPartOf\":{\"@id\":\"https:\\\/\\\/www.les-energies-renouvelables.eu\\\/article\\\/actualites\\\/reglementations\\\/cheque-energie-aide-couvre-en-moyenne-qu1-euro-sur-8-de-la-facture-energetique-des-menages-modestes-1755\\\/\"},\"author\":{\"name\":\"Mathis Castelnau\",\"@id\":\"https:\\\/\\\/www.les-energies-renouvelables.eu\\\/article\\\/actualites\\\/#\\\/schema\\\/person\\\/d0855c0c2d94ad36795f37b9a33c9f93\"},\"headline\":\"Ch\u00e8que \u00e9nergie : l&rsquo;aide ne couvre en moyenne qu&rsquo;1 euro sur 8 de la facture \u00e9nerg\u00e9tique des m\u00e9nages modestes\",\"datePublished\":\"2026-09-01T08:40:14+00:00\",\"dateModified\":\"2026-09-01T08:40:28+00:00\",\"mainEntityOfPage\":{\"@id\":\"https:\\\/\\\/www.les-energies-renouvelables.eu\\\/article\\\/actualites\\\/reglementations\\\/cheque-energie-aide-couvre-en-moyenne-qu1-euro-sur-8-de-la-facture-energetique-des-menages-modestes-1755\\\/\"},\"wordCount\":459,\"commentCount\":0,\"publisher\":{\"@id\":\"https:\\\/\\\/www.les-energies-renouvelables.eu\\\/article\\\/actualites\\\/#organization\"},\"image\":{\"@id\":\"https:\\\/\\\/www.les-energies-renouvelables.eu\\\/article\\\/actualites\\\/reglementations\\\/cheque-energie-aide-couvre-en-moyenne-qu1-euro-sur-8-de-la-facture-energetique-des-menages-modestes-1755\\\/#primaryimage\"},\"thumbnailUrl\":\"https:\\\/\\\/www.les-energies-renouvelables.eu\\\/article\\\/actualites\\\/wp-content\\\/uploads\\\/2026\\\/09\\\/actualites-brouillon-auto-cheque-energie-scaled.webp\",\"articleSection\":[\"\u00c9nergies\",\"R\u00e9glementations\"],\"inLanguage\":\"fr-FR\",\"potentialAction\":[{\"@type\":\"CommentAction\",\"name\":\"Comment\",\"target\":[\"https:\\\/\\\/www.les-energies-renouvelables.eu\\\/article\\\/actualites\\\/reglementations\\\/cheque-energie-aide-couvre-en-moyenne-qu1-euro-sur-8-de-la-facture-energetique-des-menages-modestes-1755\\\/#respond\"]}]},{\"@type\":\"WebPage\",\"@id\":\"https:\\\/\\\/www.les-energies-renouvelables.eu\\\/article\\\/actualites\\\/reglementations\\\/cheque-energie-aide-couvre-en-moyenne-qu1-euro-sur-8-de-la-facture-energetique-des-menages-modestes-1755\\\/\",\"url\":\"https:\\\/\\\/www.les-energies-renouvelables.eu\\\/article\\\/actualites\\\/reglementations\\\/cheque-energie-aide-couvre-en-moyenne-qu1-euro-sur-8-de-la-facture-energetique-des-menages-modestes-1755\\\/\",\"name\":\"Ch\u00e8que \u00e9nergie : 1 euro sur 8 de facture couvert - ECOinfos\",\"isPartOf\":{\"@id\":\"https:\\\/\\\/www.les-energies-renouvelables.eu\\\/article\\\/actualites\\\/#website\"},\"primaryImageOfPage\":{\"@id\":\"https:\\\/\\\/www.les-energies-renouvelables.eu\\\/article\\\/actualites\\\/reglementations\\\/cheque-energie-aide-couvre-en-moyenne-qu1-euro-sur-8-de-la-facture-energetique-des-menages-modestes-1755\\\/#primaryimage\"},\"image\":{\"@id\":\"https:\\\/\\\/www.les-energies-renouvelables.eu\\\/article\\\/actualites\\\/reglementations\\\/cheque-energie-aide-couvre-en-moyenne-qu1-euro-sur-8-de-la-facture-energetique-des-menages-modestes-1755\\\/#primaryimage\"},\"thumbnailUrl\":\"https:\\\/\\\/www.les-energies-renouvelables.eu\\\/article\\\/actualites\\\/wp-content\\\/uploads\\\/2026\\\/09\\\/actualites-brouillon-auto-cheque-energie-scaled.webp\",\"datePublished\":\"2026-09-01T08:40:14+00:00\",\"dateModified\":\"2026-09-01T08:40:28+00:00\",\"description\":\"Le ch\u00e8que \u00e9nergie ne couvre qu'un huiti\u00e8me de la facture des m\u00e9nages modestes, malgr\u00e9 sa reconduction annonc\u00e9e pour 2027.\",\"breadcrumb\":{\"@id\":\"https:\\\/\\\/www.les-energies-renouvelables.eu\\\/article\\\/actualites\\\/reglementations\\\/cheque-energie-aide-couvre-en-moyenne-qu1-euro-sur-8-de-la-facture-energetique-des-menages-modestes-1755\\\/#breadcrumb\"},\"inLanguage\":\"fr-FR\",\"potentialAction\":[{\"@type\":\"ReadAction\",\"target\":[\"https:\\\/\\\/www.les-energies-renouvelables.eu\\\/article\\\/actualites\\\/reglementations\\\/cheque-energie-aide-couvre-en-moyenne-qu1-euro-sur-8-de-la-facture-energetique-des-menages-modestes-1755\\\/\"]}]},{\"@type\":\"ImageObject\",\"inLanguage\":\"fr-FR\",\"@id\":\"https:\\\/\\\/www.les-energies-renouvelables.eu\\\/article\\\/actualites\\\/reglementations\\\/cheque-energie-aide-couvre-en-moyenne-qu1-euro-sur-8-de-la-facture-energetique-des-menages-modestes-1755\\\/#primaryimage\",\"url\":\"https:\\\/\\\/www.les-energies-renouvelables.eu\\\/article\\\/actualites\\\/wp-content\\\/uploads\\\/2026\\\/09\\\/actualites-brouillon-auto-cheque-energie-scaled.webp\",\"contentUrl\":\"https:\\\/\\\/www.les-energies-renouvelables.eu\\\/article\\\/actualites\\\/wp-content\\\/uploads\\\/2026\\\/09\\\/actualites-brouillon-auto-cheque-energie-scaled.webp\",\"width\":1200,\"height\":675,\"caption\":\"Le montant du ch\u00e8que \u00e9nergie reste tr\u00e8s inf\u00e9rieur au poids r\u00e9el des factures d'\u00e9lectricit\u00e9 pour les m\u00e9nages modestes.\"},{\"@type\":\"BreadcrumbList\",\"@id\":\"https:\\\/\\\/www.les-energies-renouvelables.eu\\\/article\\\/actualites\\\/reglementations\\\/cheque-energie-aide-couvre-en-moyenne-qu1-euro-sur-8-de-la-facture-energetique-des-menages-modestes-1755\\\/#breadcrumb\",\"itemListElement\":[{\"@type\":\"ListItem\",\"position\":1,\"name\":\"Accueil\",\"item\":\"https:\\\/\\\/www.les-energies-renouvelables.eu\\\/article\\\/actualites\\\/\"},{\"@type\":\"ListItem\",\"position\":2,\"name\":\"Ch\u00e8que \u00e9nergie : l&rsquo;aide ne couvre en moyenne qu&rsquo;1 euro sur 8 de la facture \u00e9nerg\u00e9tique des m\u00e9nages modestes\"}]},{\"@type\":\"WebSite\",\"@id\":\"https:\\\/\\\/www.les-energies-renouvelables.eu\\\/article\\\/actualites\\\/#website\",\"url\":\"https:\\\/\\\/www.les-energies-renouvelables.eu\\\/article\\\/actualites\\\/\",\"name\":\"ECOinfos Energies renouvelables\",\"description\":\"Le d\u00e9cryptage quotidien du secteur des \u00e9nergies renouvelables\",\"publisher\":{\"@id\":\"https:\\\/\\\/www.les-energies-renouvelables.eu\\\/article\\\/actualites\\\/#organization\"},\"potentialAction\":[{\"@type\":\"SearchAction\",\"target\":{\"@type\":\"EntryPoint\",\"urlTemplate\":\"https:\\\/\\\/www.les-energies-renouvelables.eu\\\/article\\\/actualites\\\/?s={search_term_string}\"},\"query-input\":{\"@type\":\"PropertyValueSpecification\",\"valueRequired\":true,\"valueName\":\"search_term_string\"}}],\"inLanguage\":\"fr-FR\"},{\"@type\":\"Organization\",\"@id\":\"https:\\\/\\\/www.les-energies-renouvelables.eu\\\/article\\\/actualites\\\/#organization\",\"name\":\"ECOinfos Energies renouvelables\",\"url\":\"https:\\\/\\\/www.les-energies-renouvelables.eu\\\/article\\\/actualites\\\/\",\"logo\":{\"@type\":\"ImageObject\",\"inLanguage\":\"fr-FR\",\"@id\":\"https:\\\/\\\/www.les-energies-renouvelables.eu\\\/article\\\/actualites\\\/#\\\/schema\\\/logo\\\/image\\\/\",\"url\":\"https:\\\/\\\/www.les-energies-renouvelables.eu\\\/article\\\/actualites\\\/wp-content\\\/uploads\\\/2025\\\/11\\\/ecoinfos.eldorado-consulting.com-logo-logo.svg\",\"contentUrl\":\"https:\\\/\\\/www.les-energies-renouvelables.eu\\\/article\\\/actualites\\\/wp-content\\\/uploads\\\/2025\\\/11\\\/ecoinfos.eldorado-consulting.com-logo-logo.svg\",\"caption\":\"ECOinfos Energies renouvelables\"},\"image\":{\"@id\":\"https:\\\/\\\/www.les-energies-renouvelables.eu\\\/article\\\/actualites\\\/#\\\/schema\\\/logo\\\/image\\\/\"},\"sameAs\":[\"https:\\\/\\\/www.facebook.com\\\/ecoannuaire.energierenouvelable\\\/\",\"https:\\\/\\\/x.com\\\/ECOinfosENR\",\"https:\\\/\\\/www.linkedin.com\\\/company\\\/ecoinfos-energies-renouvelables\\\/\",\"https:\\\/\\\/www.youtube.com\\\/@ecoinfosenergies\",\"https:\\\/\\\/share.google\\\/dyKHJPxAV42WhhjbM\"]},{\"@type\":\"Person\",\"@id\":\"https:\\\/\\\/www.les-energies-renouvelables.eu\\\/article\\\/actualites\\\/#\\\/schema\\\/person\\\/d0855c0c2d94ad36795f37b9a33c9f93\",\"name\":\"Mathis Castelnau\",\"image\":{\"@type\":\"ImageObject\",\"inLanguage\":\"fr-FR\",\"@id\":\"https:\\\/\\\/www.les-energies-renouvelables.eu\\\/article\\\/actualites\\\/wp-content\\\/uploads\\\/2026\\\/05\\\/actualites-mathis-castelnau-mathis-castelnau-160x160.jpeg\",\"url\":\"https:\\\/\\\/www.les-energies-renouvelables.eu\\\/article\\\/actualites\\\/wp-content\\\/uploads\\\/2026\\\/05\\\/actualites-mathis-castelnau-mathis-castelnau-160x160.jpeg\",\"contentUrl\":\"https:\\\/\\\/www.les-energies-renouvelables.eu\\\/article\\\/actualites\\\/wp-content\\\/uploads\\\/2026\\\/05\\\/actualites-mathis-castelnau-mathis-castelnau-160x160.jpeg\",\"caption\":\"Mathis Castelnau\"},\"description\":\"Passionn\u00e9 par les \u00e9nergies renouvelables et le march\u00e9 de l\u2019\u00e9nergie, je d\u00e9crypte depuis plusieurs ann\u00e9es les \u00e9volutions techniques, r\u00e9glementaires et \u00e9conomiques du secteur. \u00c0 travers nos articles, nous analysons les enjeux du photovolta\u00efque, de la transition \u00e9nerg\u00e9tique, de l\u2019autoconsommation et des nouveaux mod\u00e8les \u00e9nerg\u00e9tiques qui redessinent le march\u00e9.\",\"sameAs\":[\"https:\\\/\\\/www.linkedin.com\\\/in\\\/mathis-castelnau\\\/\"],\"url\":\"https:\\\/\\\/www.les-energies-renouvelables.eu\\\/article\\\/actualites\\\/author\\\/mathis\\\/\"}]}<\/script>\n<!-- \/ Yoast SEO plugin. -->","yoast_head_json":{"title":"Ch\u00e8que \u00e9nergie : 1 euro sur 8 de facture couvert - ECOinfos","description":"Le ch\u00e8que \u00e9nergie ne couvre qu'un huiti\u00e8me de la facture des m\u00e9nages modestes, malgr\u00e9 sa reconduction annonc\u00e9e pour 2027.","robots":{"index":"index","follow":"follow","max-snippet":"max-snippet:-1","max-image-preview":"max-image-preview:large","max-video-preview":"max-video-preview:-1"},"canonical":"https:\/\/www.les-energies-renouvelables.eu\/article\/actualites\/reglementations\/cheque-energie-aide-couvre-en-moyenne-qu1-euro-sur-8-de-la-facture-energetique-des-menages-modestes-1755\/","og_locale":"fr_FR","og_type":"article","og_title":"Ch\u00e8que \u00e9nergie : 1 euro sur 8 de facture couvert - ECOinfos","og_description":"Le ch\u00e8que \u00e9nergie ne couvre qu'un huiti\u00e8me de la facture des m\u00e9nages modestes, malgr\u00e9 sa reconduction annonc\u00e9e pour 2027.","og_url":"https:\/\/www.les-energies-renouvelables.eu\/article\/actualites\/reglementations\/cheque-energie-aide-couvre-en-moyenne-qu1-euro-sur-8-de-la-facture-energetique-des-menages-modestes-1755\/","og_site_name":"ECOinfos Energies renouvelables","article_publisher":"https:\/\/www.facebook.com\/ecoannuaire.energierenouvelable\/","article_published_time":"2026-09-01T08:40:14+00:00","article_modified_time":"2026-09-01T08:40:28+00:00","og_image":[{"width":1200,"height":675,"url":"https:\/\/www.les-energies-renouvelables.eu\/article\/actualites\/wp-content\/uploads\/2026\/09\/actualites-brouillon-auto-cheque-energie-scaled.webp","type":"image\/webp"}],"author":"Mathis Castelnau","twitter_card":"summary_large_image","twitter_creator":"@ECOinfosENR","twitter_site":"@ECOinfosENR","twitter_misc":{"\u00c9crit par":"Mathis Castelnau","Dur\u00e9e de lecture estim\u00e9e":"3 minutes"},"schema":{"@context":"https:\/\/schema.org","@graph":[{"@type":"NewsArticle","@id":"https:\/\/www.les-energies-renouvelables.eu\/article\/actualites\/reglementations\/cheque-energie-aide-couvre-en-moyenne-qu1-euro-sur-8-de-la-facture-energetique-des-menages-modestes-1755\/#article","isPartOf":{"@id":"https:\/\/www.les-energies-renouvelables.eu\/article\/actualites\/reglementations\/cheque-energie-aide-couvre-en-moyenne-qu1-euro-sur-8-de-la-facture-energetique-des-menages-modestes-1755\/"},"author":{"name":"Mathis Castelnau","@id":"https:\/\/www.les-energies-renouvelables.eu\/article\/actualites\/#\/schema\/person\/d0855c0c2d94ad36795f37b9a33c9f93"},"headline":"Ch\u00e8que \u00e9nergie : l&rsquo;aide ne couvre en moyenne qu&rsquo;1 euro sur 8 de la facture \u00e9nerg\u00e9tique des m\u00e9nages modestes","datePublished":"2026-09-01T08:40:14+00:00","dateModified":"2026-09-01T08:40:28+00:00","mainEntityOfPage":{"@id":"https:\/\/www.les-energies-renouvelables.eu\/article\/actualites\/reglementations\/cheque-energie-aide-couvre-en-moyenne-qu1-euro-sur-8-de-la-facture-energetique-des-menages-modestes-1755\/"},"wordCount":459,"commentCount":0,"publisher":{"@id":"https:\/\/www.les-energies-renouvelables.eu\/article\/actualites\/#organization"},"image":{"@id":"https:\/\/www.les-energies-renouvelables.eu\/article\/actualites\/reglementations\/cheque-energie-aide-couvre-en-moyenne-qu1-euro-sur-8-de-la-facture-energetique-des-menages-modestes-1755\/#primaryimage"},"thumbnailUrl":"https:\/\/www.les-energies-renouvelables.eu\/article\/actualites\/wp-content\/uploads\/2026\/09\/actualites-brouillon-auto-cheque-energie-scaled.webp","articleSection":["\u00c9nergies","R\u00e9glementations"],"inLanguage":"fr-FR","potentialAction":[{"@type":"CommentAction","name":"Comment","target":["https:\/\/www.les-energies-renouvelables.eu\/article\/actualites\/reglementations\/cheque-energie-aide-couvre-en-moyenne-qu1-euro-sur-8-de-la-facture-energetique-des-menages-modestes-1755\/#respond"]}]},{"@type":"WebPage","@id":"https:\/\/www.les-energies-renouvelables.eu\/article\/actualites\/reglementations\/cheque-energie-aide-couvre-en-moyenne-qu1-euro-sur-8-de-la-facture-energetique-des-menages-modestes-1755\/","url":"https:\/\/www.les-energies-renouvelables.eu\/article\/actualites\/reglementations\/cheque-energie-aide-couvre-en-moyenne-qu1-euro-sur-8-de-la-facture-energetique-des-menages-modestes-1755\/","name":"Ch\u00e8que \u00e9nergie : 1 euro sur 8 de facture couvert - ECOinfos","isPartOf":{"@id":"https:\/\/www.les-energies-renouvelables.eu\/article\/actualites\/#website"},"primaryImageOfPage":{"@id":"https:\/\/www.les-energies-renouvelables.eu\/article\/actualites\/reglementations\/cheque-energie-aide-couvre-en-moyenne-qu1-euro-sur-8-de-la-facture-energetique-des-menages-modestes-1755\/#primaryimage"},"image":{"@id":"https:\/\/www.les-energies-renouvelables.eu\/article\/actualites\/reglementations\/cheque-energie-aide-couvre-en-moyenne-qu1-euro-sur-8-de-la-facture-energetique-des-menages-modestes-1755\/#primaryimage"},"thumbnailUrl":"https:\/\/www.les-energies-renouvelables.eu\/article\/actualites\/wp-content\/uploads\/2026\/09\/actualites-brouillon-auto-cheque-energie-scaled.webp","datePublished":"2026-09-01T08:40:14+00:00","dateModified":"2026-09-01T08:40:28+00:00","description":"Le ch\u00e8que \u00e9nergie ne couvre qu'un huiti\u00e8me de la facture des m\u00e9nages modestes, malgr\u00e9 sa reconduction annonc\u00e9e pour 2027.","breadcrumb":{"@id":"https:\/\/www.les-energies-renouvelables.eu\/article\/actualites\/reglementations\/cheque-energie-aide-couvre-en-moyenne-qu1-euro-sur-8-de-la-facture-energetique-des-menages-modestes-1755\/#breadcrumb"},"inLanguage":"fr-FR","potentialAction":[{"@type":"ReadAction","target":["https:\/\/www.les-energies-renouvelables.eu\/article\/actualites\/reglementations\/cheque-energie-aide-couvre-en-moyenne-qu1-euro-sur-8-de-la-facture-energetique-des-menages-modestes-1755\/"]}]},{"@type":"ImageObject","inLanguage":"fr-FR","@id":"https:\/\/www.les-energies-renouvelables.eu\/article\/actualites\/reglementations\/cheque-energie-aide-couvre-en-moyenne-qu1-euro-sur-8-de-la-facture-energetique-des-menages-modestes-1755\/#primaryimage","url":"https:\/\/www.les-energies-renouvelables.eu\/article\/actualites\/wp-content\/uploads\/2026\/09\/actualites-brouillon-auto-cheque-energie-scaled.webp","contentUrl":"https:\/\/www.les-energies-renouvelables.eu\/article\/actualites\/wp-content\/uploads\/2026\/09\/actualites-brouillon-auto-cheque-energie-scaled.webp","width":1200,"height":675,"caption":"Le montant du ch\u00e8que \u00e9nergie reste tr\u00e8s inf\u00e9rieur au poids r\u00e9el des factures d'\u00e9lectricit\u00e9 pour les m\u00e9nages modestes."},{"@type":"BreadcrumbList","@id":"https:\/\/www.les-energies-renouvelables.eu\/article\/actualites\/reglementations\/cheque-energie-aide-couvre-en-moyenne-qu1-euro-sur-8-de-la-facture-energetique-des-menages-modestes-1755\/#breadcrumb","itemListElement":[{"@type":"ListItem","position":1,"name":"Accueil","item":"https:\/\/www.les-energies-renouvelables.eu\/article\/actualites\/"},{"@type":"ListItem","position":2,"name":"Ch\u00e8que \u00e9nergie : l&rsquo;aide ne couvre en moyenne qu&rsquo;1 euro sur 8 de la facture \u00e9nerg\u00e9tique des m\u00e9nages modestes"}]},{"@type":"WebSite","@id":"https:\/\/www.les-energies-renouvelables.eu\/article\/actualites\/#website","url":"https:\/\/www.les-energies-renouvelables.eu\/article\/actualites\/","name":"ECOinfos Energies renouvelables","description":"Le d\u00e9cryptage quotidien du secteur des \u00e9nergies renouvelables","publisher":{"@id":"https:\/\/www.les-energies-renouvelables.eu\/article\/actualites\/#organization"},"potentialAction":[{"@type":"SearchAction","target":{"@type":"EntryPoint","urlTemplate":"https:\/\/www.les-energies-renouvelables.eu\/article\/actualites\/?s={search_term_string}"},"query-input":{"@type":"PropertyValueSpecification","valueRequired":true,"valueName":"search_term_string"}}],"inLanguage":"fr-FR"},{"@type":"Organization","@id":"https:\/\/www.les-energies-renouvelables.eu\/article\/actualites\/#organization","name":"ECOinfos Energies renouvelables","url":"https:\/\/www.les-energies-renouvelables.eu\/article\/actualites\/","logo":{"@type":"ImageObject","inLanguage":"fr-FR","@id":"https:\/\/www.les-energies-renouvelables.eu\/article\/actualites\/#\/schema\/logo\/image\/","url":"https:\/\/www.les-energies-renouvelables.eu\/article\/actualites\/wp-content\/uploads\/2025\/11\/ecoinfos.eldorado-consulting.com-logo-logo.svg","contentUrl":"https:\/\/www.les-energies-renouvelables.eu\/article\/actualites\/wp-content\/uploads\/2025\/11\/ecoinfos.eldorado-consulting.com-logo-logo.svg","caption":"ECOinfos Energies renouvelables"},"image":{"@id":"https:\/\/www.les-energies-renouvelables.eu\/article\/actualites\/#\/schema\/logo\/image\/"},"sameAs":["https:\/\/www.facebook.com\/ecoannuaire.energierenouvelable\/","https:\/\/x.com\/ECOinfosENR","https:\/\/www.linkedin.com\/company\/ecoinfos-energies-renouvelables\/","https:\/\/www.youtube.com\/@ecoinfosenergies","https:\/\/share.google\/dyKHJPxAV42WhhjbM"]},{"@type":"Person","@id":"https:\/\/www.les-energies-renouvelables.eu\/article\/actualites\/#\/schema\/person\/d0855c0c2d94ad36795f37b9a33c9f93","name":"Mathis Castelnau","image":{"@type":"ImageObject","inLanguage":"fr-FR","@id":"https:\/\/www.les-energies-renouvelables.eu\/article\/actualites\/wp-content\/uploads\/2026\/05\/actualites-mathis-castelnau-mathis-castelnau-160x160.jpeg","url":"https:\/\/www.les-energies-renouvelables.eu\/article\/actualites\/wp-content\/uploads\/2026\/05\/actualites-mathis-castelnau-mathis-castelnau-160x160.jpeg","contentUrl":"https:\/\/www.les-energies-renouvelables.eu\/article\/actualites\/wp-content\/uploads\/2026\/05\/actualites-mathis-castelnau-mathis-castelnau-160x160.jpeg","caption":"Mathis Castelnau"},"description":"Passionn\u00e9 par les \u00e9nergies renouvelables et le march\u00e9 de l\u2019\u00e9nergie, je d\u00e9crypte depuis plusieurs ann\u00e9es les \u00e9volutions techniques, r\u00e9glementaires et \u00e9conomiques du secteur. \u00c0 travers nos articles, nous analysons les enjeux du photovolta\u00efque, de la transition \u00e9nerg\u00e9tique, de l\u2019autoconsommation et des nouveaux mod\u00e8les \u00e9nerg\u00e9tiques qui redessinent le march\u00e9.","sameAs":["https:\/\/www.linkedin.com\/in\/mathis-castelnau\/"],"url":"https:\/\/www.les-energies-renouvelables.eu\/article\/actualites\/author\/mathis\/"}]}},"_links":{"self":[{"href":"https:\/\/www.les-energies-renouvelables.eu\/article\/actualites\/wp-json\/wp\/v2\/posts\/1755","targetHints":{"allow":["GET"]}}],"collection":[{"href":"https:\/\/www.les-energies-renouvelables.eu\/article\/actualites\/wp-json\/wp\/v2\/posts"}],"about":[{"href":"https:\/\/www.les-energies-renouvelables.eu\/article\/actualites\/wp-json\/wp\/v2\/types\/post"}],"author":[{"embeddable":true,"href":"https:\/\/www.les-energies-renouvelables.eu\/article\/actualites\/wp-json\/wp\/v2\/users\/3"}],"replies":[{"embeddable":true,"href":"https:\/\/www.les-energies-renouvelables.eu\/article\/actualites\/wp-json\/wp\/v2\/comments?post=1755"}],"version-history":[{"count":2,"href":"https:\/\/www.les-energies-renouvelables.eu\/article\/actualites\/wp-json\/wp\/v2\/posts\/1755\/revisions"}],"predecessor-version":[{"id":1762,"href":"https:\/\/www.les-energies-renouvelables.eu\/article\/actualites\/wp-json\/wp\/v2\/posts\/1755\/revisions\/1762"}],"wp:featuredmedia":[{"embeddable":true,"href":"https:\/\/www.les-energies-renouvelables.eu\/article\/actualites\/wp-json\/wp\/v2\/media\/1760"}],"wp:attachment":[{"href":"https:\/\/www.les-energies-renouvelables.eu\/article\/actualites\/wp-json\/wp\/v2\/media?parent=1755"}],"wp:term":[{"taxonomy":"category","embeddable":true,"href":"https:\/\/www.les-energies-renouvelables.eu\/article\/actualites\/wp-json\/wp\/v2\/categories?post=1755"},{"taxonomy":"post_tag","embeddable":true,"href":"https:\/\/www.les-energies-renouvelables.eu\/article\/actualites\/wp-json\/wp\/v2\/tags?post=1755"}],"curies":[{"name":"wp","href":"https:\/\/api.w.org\/{rel}","templated":true}]}}