{"id":1752,"date":"2026-09-01T09:30:38","date_gmt":"2026-09-01T07:30:38","guid":{"rendered":"https:\/\/www.les-energies-renouvelables.eu\/article\/actualites\/?p=1752"},"modified":"2026-09-01T09:30:38","modified_gmt":"2026-09-01T07:30:38","slug":"prix-electricite-au-plus-haut-depuis-trois-ans","status":"publish","type":"post","link":"https:\/\/www.les-energies-renouvelables.eu\/article\/actualites\/energies\/prix-electricite-au-plus-haut-depuis-trois-ans-1752\/","title":{"rendered":"Le prix de l&rsquo;\u00e9lectricit\u00e9 au plus haut depuis trois ans : ce que la flamb\u00e9e de septembre r\u00e9v\u00e8le sur votre facture"},"content":{"rendered":"\n<h2 class=\"wp-block-heading\">Un \u00e9t\u00e9 o\u00f9 le nucl\u00e9aire a pli\u00e9 sous la chaleur<\/h2>\n\n\n\n<p class=\"wp-block-paragraph\">La hausse du contrat de septembre trouve son origine dans la prolongation d&rsquo;indisponibilit\u00e9s au sein du parc nucl\u00e9aire fran\u00e7ais, en particulier \u00e0 la centrale de Chooz, dans les Ardennes, dont <strong>les deux r\u00e9acteurs affichent chacun une puissance d&rsquo;environ 1,5 gigawatt<\/strong>. Les centrales implant\u00e9es au bord des fleuves doivent respecter des limites r\u00e9glementaires sur la temp\u00e9rature de leurs rejets et le d\u00e9bit des cours d&rsquo;eau. En p\u00e9riode de canicule et de s\u00e9cheresse prolong\u00e9e, EDF est donc contraint de r\u00e9duire la puissance de certains r\u00e9acteurs, voire de les arr\u00eater temporairement, pour pr\u00e9server les milieux aquatiques.<\/p>\n\n\n\n<p class=\"wp-block-paragraph\">Ces restrictions ne traduisent aucun probl\u00e8me de s\u00fbret\u00e9. Elles ont n\u00e9anmoins pris une ampleur in\u00e9dite cet \u00e9t\u00e9. Selon les donn\u00e9es publiques d&rsquo;EDF compil\u00e9es par plusieurs m\u00e9dias \u00e9conomiques, <strong>le parc nucl\u00e9aire a atteint un record historique d&rsquo;indisponibilit\u00e9 environnementale le 9 ao\u00fbt, avec 15,6 % de sa puissance manquante<\/strong>. La situation s&rsquo;est encore d\u00e9grad\u00e9e \u00e0 la mi-ao\u00fbt : treize r\u00e9acteurs \u00e9taient concern\u00e9s par un arr\u00eat ou une r\u00e9duction de puissance, dont six totalement \u00e0 l&rsquo;arr\u00eat le 13 ao\u00fbt, sur les sites de Chooz, Cattenom, Golfech, Bugey et Saint-Alban. Cette tension s&rsquo;est imm\u00e9diatement lue sur les prix de march\u00e9 : le contrat pour livraison le lendemain avait bondi \u00e0 154,50 euros le m\u00e9gawattheure \u00e0 la mi-ao\u00fbt, son plus haut niveau depuis le 23 juin, sous l&rsquo;effet combin\u00e9 de la faible production nucl\u00e9aire et d&rsquo;une production \u00e9olienne limit\u00e9e.<\/p>\n\n\n\n<p class=\"wp-block-paragraph\">\u00c0 cette contrainte nucl\u00e9aire s&rsquo;ajoute une hausse du prix du gaz, qui d\u00e9termine souvent le prix marginal de l&rsquo;\u00e9lectricit\u00e9 lorsque les moyens de production les moins co\u00fbteux ne suffisent plus \u00e0 couvrir la demande. La combinaison des deux facteurs explique la tension observ\u00e9e sur le contrat de septembre.<\/p>\n\n\n\n<h2 class=\"wp-block-heading\">Depuis la fin de l&rsquo;ARENH, le march\u00e9 de gros p\u00e8se davantage sur votre facture<\/h2>\n\n\n\n<p class=\"wp-block-paragraph\">C&rsquo;est ici que la donne a chang\u00e9 pour les m\u00e9nages. Jusqu&rsquo;au 31 d\u00e9cembre 2025, le dispositif ARENH obligeait EDF \u00e0 c\u00e9der aux fournisseurs alternatifs une partie de sa production nucl\u00e9aire \u00e0 un <strong>prix fixe de 42 euros le m\u00e9gawattheure<\/strong>, ce qui couvrait environ 56 % des volumes utilis\u00e9s pour construire le tarif r\u00e9glement\u00e9 de vente d&rsquo;\u00e9lectricit\u00e9 (TRVE). Le reste seulement \u00e9tait expos\u00e9 aux prix de march\u00e9.<\/p>\n\n\n\n<p class=\"wp-block-paragraph\">Depuis le 1er janvier 2026, l&rsquo;ARENH a \u00e9t\u00e9 remplac\u00e9 par le Versement Nucl\u00e9aire Universel (VNU), un m\u00e9canisme qui vise un prix moyen de l&rsquo;ordre de <strong>70 euros le m\u00e9gawattheure sur quinze ans<\/strong>, nettement au-dessus de l&rsquo;ancien tarif r\u00e9gul\u00e9. Surtout, la totalit\u00e9 de la part \u00e9nergie du TRVE est d\u00e9sormais construite \u00e0 un co\u00fbt repr\u00e9sentatif des march\u00e9s de gros. Un \u00e9pisode de tension comme celui de cet \u00e9t\u00e9 a donc, par construction, plus de prise sur le tarif que payent les m\u00e9nages qu&rsquo;il n&rsquo;en aurait eu avant 2026.<\/p>\n\n\n\n<p class=\"wp-block-paragraph\">Ce constat doit toutefois \u00eatre nuanc\u00e9 sur un point : la m\u00e9thode de calcul du TRVE ne reprend pas directement le contrat mensuel de livraison en septembre. Elle s&rsquo;appuie sur des <strong>produits calendaires annuels Base et Peak, liss\u00e9s sur 24 mois<\/strong>, pr\u00e9cis\u00e9ment pour \u00e9viter que des pics ponctuels ne se r\u00e9percutent brutalement sur les factures. Le contrat qui compte pour la r\u00e9vision tarifaire de f\u00e9vrier 2027 est ainsi le contrat annuel CAL27, dont le prix atteignait 70,56 euros le m\u00e9gawattheure fin juillet, en nette hausse par rapport au niveau du contrat CAL26 observ\u00e9 en 2025, alors compris entre 58 et 59 euros le m\u00e9gawattheure. C&rsquo;est ce glissement progressif de la courbe \u00e0 terme, aliment\u00e9 par les m\u00eames tensions nucl\u00e9aires et gazi\u00e8res que celles qui ont fait grimper le contrat de septembre, qui constitue le v\u00e9ritable vecteur de transmission vers votre facture, bien plus que le pic de 130,74 euros pris isol\u00e9ment.<\/p>\n\n\n\n<figure class=\"wp-block-table\"><table class=\"has-fixed-layout\"><thead><tr><th><\/th><th>Avant le 1er janvier 2026 (ARENH)<\/th><th>Depuis le 1er janvier 2026 (post-ARENH)<\/th><\/tr><\/thead><tbody><tr><td>Prix de r\u00e9f\u00e9rence du nucl\u00e9aire historique<\/td><td>42 \u20ac\/MWh, fixe et garanti par la loi<\/td><td>Environ 70 \u20ac\/MWh en moyenne vis\u00e9e sur 15 ans (VNU)<\/td><\/tr><tr><td>Part des volumes du TRVE index\u00e9e sur le march\u00e9 de gros<\/td><td>Environ 56 %<\/td><td>100 %<\/td><\/tr><tr><td>Effet d&rsquo;un choc comme celui de l&rsquo;\u00e9t\u00e9 2026 sur le TRVE<\/td><td>Partiellement amorti par le volume \u00e0 prix fixe<\/td><td>Int\u00e9gralement transmis \u00e0 la composante de march\u00e9, sous r\u00e9serve du lissage sur 24 mois<\/td><\/tr><tr><td>Prochaine r\u00e9vision du tarif r\u00e9glement\u00e9<\/td><td>&#8211;<\/td><td>1er f\u00e9vrier 2027<\/td><\/tr><\/tbody><\/table><\/figure>\n\n\n\n<h2 class=\"wp-block-heading\">Ce que cela repr\u00e9sente concr\u00e8tement sur une facture<\/h2>\n\n\n\n<p class=\"wp-block-paragraph\">Le tarif r\u00e9glement\u00e9 de vente s&rsquo;\u00e9tablit actuellement \u00e0 <strong>0,2001 euro le kilowattheure en option Base<\/strong>, apr\u00e8s une hausse de 2,5 % TTC entr\u00e9e en vigueur le 1er ao\u00fbt 2026, essentiellement due \u00e0 la r\u00e9vision du TURPE et \u00e0 l&rsquo;int\u00e9gration du nouveau m\u00e9canisme de capacit\u00e9, et non aux prix de march\u00e9. Pour un foyer consommant 4 500 kWh par an, la CRE chiffre la facture type \u00e0 environ 1 072 euros TTC.<\/p>\n\n\n\n<p class=\"wp-block-paragraph\">Sur cette facture, la part correspondant \u00e0 l&rsquo;\u00e9nergie achet\u00e9e par le fournisseur, celle qui est concern\u00e9e par la flamb\u00e9e du march\u00e9 de gros, repr\u00e9sente environ 44 % du total, contre environ 25 % pour le TURPE, 17 % pour la TVA et 13 % pour l&rsquo;accise sur l&rsquo;\u00e9lectricit\u00e9. C&rsquo;est donc un peu moins de la moiti\u00e9 de la facture qui est r\u00e9ellement expos\u00e9e aux mouvements du march\u00e9.<\/p>\n\n\n\n<p class=\"wp-block-paragraph\"><strong>Estimation ECOinfos.<\/strong> Si l&rsquo;\u00e9cart observ\u00e9 entre le contrat CAL27 (70,56 \u20ac\/MWh) et le niveau du CAL26 de l&rsquo;an dernier (environ 58 \u20ac\/MWh), soit pr\u00e8s de 13 \u20ac\/MWh, se maintenait sur l&rsquo;ensemble de la p\u00e9riode de lissage utilis\u00e9e pour la r\u00e9vision de f\u00e9vrier 2027, l&rsquo;effet maximal th\u00e9orique sur la part \u00e9nergie d&rsquo;un foyer consommant 4 500 kWh par an serait de l&rsquo;ordre de <strong>55 \u00e0 60 euros par an<\/strong>, soit environ 5 % de la facture totale. Il s&rsquo;agit d&rsquo;un majorant : le lissage sur 24 mois m\u00e9lange cette p\u00e9riode de tension avec des mois plus calmes, et une partie du co\u00fbt de la part \u00e9nergie ne bouge pas avec le seul prix calendaire. L&rsquo;ordre de grandeur r\u00e9el de l&rsquo;impact sur la facture de f\u00e9vrier 2027 sera connu lors de la d\u00e9lib\u00e9ration de la CRE, g\u00e9n\u00e9ralement publi\u00e9e \u00e0 la mi-janvier.<\/p>\n\n\n\n<p class=\"wp-block-paragraph\">Pour les m\u00e9nages qui ne sont pas au tarif r\u00e9glement\u00e9 mais souscrivent une offre de march\u00e9 index\u00e9e sur les prix spot ou \u00e0 tarification dynamique, encore minoritaires en France, l&rsquo;exposition \u00e0 une flamb\u00e9e comme celle de septembre peut en revanche se r\u00e9percuter beaucoup plus rapidement, d\u00e8s la facture du mois suivant.<\/p>\n\n\n\n<h2 class=\"wp-block-heading\">L&rsquo;autoconsommation solaire, un d\u00e9but de r\u00e9ponse<\/h2>\n\n\n\n<p class=\"wp-block-paragraph\">Cette nouvelle sensibilit\u00e9 du tarif r\u00e9glement\u00e9 au march\u00e9 de gros renforce l&rsquo;int\u00e9r\u00eat d&rsquo;une \u00e9lectricit\u00e9 produite et consomm\u00e9e localement. Le <a href=\"https:\/\/www.les-energies-renouvelables.eu\/conseils\/autoconsommation\/\">photovolta\u00efque<\/a> atteint pr\u00e9cis\u00e9ment son rendement maximal pendant les journ\u00e9es les plus chaudes et les plus ensoleill\u00e9es de l&rsquo;\u00e9t\u00e9, au moment m\u00eame o\u00f9 le nucl\u00e9aire est le plus contraint par la chaleur. Un foyer \u00e9quip\u00e9 d&rsquo;une installation en autoconsommation ne s&rsquo;affranchit pas des variations du tarif r\u00e9glement\u00e9 sur sa consommation r\u00e9siduelle, mais il r\u00e9duit m\u00e9caniquement le volume d&rsquo;\u00e9lectricit\u00e9 qu&rsquo;il ach\u00e8te sur le r\u00e9seau, donc la part de sa facture expos\u00e9e aux mouvements du march\u00e9 de gros, qu&rsquo;il s&rsquo;agisse du TRVE ou d&rsquo;une offre de march\u00e9. Associ\u00e9e au stockage et \u00e0 un pilotage de la consommation vers les heures les plus ensoleill\u00e9es, cette logique contribue aussi, \u00e0 l&rsquo;\u00e9chelle du syst\u00e8me \u00e9lectrique, \u00e0 r\u00e9duire le recours aux centrales \u00e0 gaz lors des pics de tension estivaux.<\/p>\n","protected":false},"excerpt":{"rendered":"","protected":false},"author":3,"featured_media":1753,"comment_status":"open","ping_status":"open","sticky":false,"template":"","format":"standard","meta":{"_acf_changed":false,"footnotes":""},"categories":[1],"tags":[104],"class_list":["post-1752","post","type-post","status-publish","format-standard","has-post-thumbnail","hentry","category-energies","tag-prix-electricite","masonry-post","generate-columns","tablet-grid-50","mobile-grid-100","grid-parent","grid-33"],"acf":{"social-publish":false,"just-linkedin":false,"just-facebook":false,"test":""},"yoast_head":"<!-- This site is optimized with the Yoast SEO plugin v28.3 - https:\/\/yoast.com\/product\/yoast-seo-wordpress\/ -->\n<title>\u00c9lectricit\u00e9 : la flamb\u00e9e de septembre et votre facture - ECOinfos<\/title>\n<meta name=\"description\" content=\"\u00c9lectricit\u00e9 au plus haut en trois ans : depuis la fin de l&#039;ARENH, la flamb\u00e9e p\u00e8se plus vite sur la facture de 20 millions de foyers.\" \/>\n<meta name=\"robots\" content=\"index, follow, max-snippet:-1, max-image-preview:large, max-video-preview:-1\" \/>\n<link rel=\"canonical\" href=\"https:\/\/www.les-energies-renouvelables.eu\/article\/actualites\/energies\/prix-electricite-au-plus-haut-depuis-trois-ans-1752\/\" \/>\n<meta property=\"og:locale\" content=\"fr_FR\" \/>\n<meta property=\"og:type\" content=\"article\" \/>\n<meta property=\"og:title\" content=\"\u00c9lectricit\u00e9 : la flamb\u00e9e de septembre et votre facture - ECOinfos\" \/>\n<meta property=\"og:description\" content=\"\u00c9lectricit\u00e9 au plus haut en trois ans : depuis la fin de l&#039;ARENH, la flamb\u00e9e p\u00e8se plus vite sur la facture de 20 millions de foyers.\" \/>\n<meta property=\"og:url\" content=\"https:\/\/www.les-energies-renouvelables.eu\/article\/actualites\/energies\/prix-electricite-au-plus-haut-depuis-trois-ans-1752\/\" \/>\n<meta property=\"og:site_name\" content=\"ECOinfos Energies renouvelables\" \/>\n<meta property=\"article:publisher\" content=\"https:\/\/www.facebook.com\/ecoannuaire.energierenouvelable\/\" \/>\n<meta property=\"article:published_time\" content=\"2026-09-01T07:30:38+00:00\" \/>\n<meta property=\"og:image\" content=\"https:\/\/www.les-energies-renouvelables.eu\/article\/actualites\/wp-content\/uploads\/2026\/09\/actualites-brouillon-auto-hausse-electricite-scaled.webp\" \/>\n\t<meta property=\"og:image:width\" content=\"1200\" \/>\n\t<meta property=\"og:image:height\" content=\"675\" \/>\n\t<meta property=\"og:image:type\" content=\"image\/webp\" \/>\n<meta name=\"author\" content=\"Mathis Castelnau\" \/>\n<meta name=\"twitter:card\" content=\"summary_large_image\" \/>\n<meta name=\"twitter:creator\" content=\"@ECOinfosENR\" \/>\n<meta name=\"twitter:site\" content=\"@ECOinfosENR\" \/>\n<meta name=\"twitter:label1\" content=\"\u00c9crit par\" \/>\n\t<meta name=\"twitter:data1\" content=\"Mathis Castelnau\" \/>\n\t<meta name=\"twitter:label2\" content=\"Dur\u00e9e de lecture estim\u00e9e\" \/>\n\t<meta name=\"twitter:data2\" content=\"7 minutes\" \/>\n<script type=\"application\/ld+json\" class=\"yoast-schema-graph\">{\"@context\":\"https:\\\/\\\/schema.org\",\"@graph\":[{\"@type\":\"NewsArticle\",\"@id\":\"https:\\\/\\\/www.les-energies-renouvelables.eu\\\/article\\\/actualites\\\/energies\\\/prix-electricite-au-plus-haut-depuis-trois-ans-1752\\\/#article\",\"isPartOf\":{\"@id\":\"https:\\\/\\\/www.les-energies-renouvelables.eu\\\/article\\\/actualites\\\/energies\\\/prix-electricite-au-plus-haut-depuis-trois-ans-1752\\\/\"},\"author\":{\"name\":\"Mathis Castelnau\",\"@id\":\"https:\\\/\\\/www.les-energies-renouvelables.eu\\\/article\\\/actualites\\\/#\\\/schema\\\/person\\\/d0855c0c2d94ad36795f37b9a33c9f93\"},\"headline\":\"Le prix de l&rsquo;\u00e9lectricit\u00e9 au plus haut depuis trois ans : ce que la flamb\u00e9e de septembre r\u00e9v\u00e8le sur votre facture\",\"datePublished\":\"2026-09-01T07:30:38+00:00\",\"mainEntityOfPage\":{\"@id\":\"https:\\\/\\\/www.les-energies-renouvelables.eu\\\/article\\\/actualites\\\/energies\\\/prix-electricite-au-plus-haut-depuis-trois-ans-1752\\\/\"},\"wordCount\":1312,\"commentCount\":0,\"publisher\":{\"@id\":\"https:\\\/\\\/www.les-energies-renouvelables.eu\\\/article\\\/actualites\\\/#organization\"},\"image\":{\"@id\":\"https:\\\/\\\/www.les-energies-renouvelables.eu\\\/article\\\/actualites\\\/energies\\\/prix-electricite-au-plus-haut-depuis-trois-ans-1752\\\/#primaryimage\"},\"thumbnailUrl\":\"https:\\\/\\\/www.les-energies-renouvelables.eu\\\/article\\\/actualites\\\/wp-content\\\/uploads\\\/2026\\\/09\\\/actualites-brouillon-auto-hausse-electricite-scaled.webp\",\"keywords\":[\"Prix \u00e9lectricit\u00e9\"],\"articleSection\":[\"\u00c9nergies\"],\"inLanguage\":\"fr-FR\",\"potentialAction\":[{\"@type\":\"CommentAction\",\"name\":\"Comment\",\"target\":[\"https:\\\/\\\/www.les-energies-renouvelables.eu\\\/article\\\/actualites\\\/energies\\\/prix-electricite-au-plus-haut-depuis-trois-ans-1752\\\/#respond\"]}]},{\"@type\":\"WebPage\",\"@id\":\"https:\\\/\\\/www.les-energies-renouvelables.eu\\\/article\\\/actualites\\\/energies\\\/prix-electricite-au-plus-haut-depuis-trois-ans-1752\\\/\",\"url\":\"https:\\\/\\\/www.les-energies-renouvelables.eu\\\/article\\\/actualites\\\/energies\\\/prix-electricite-au-plus-haut-depuis-trois-ans-1752\\\/\",\"name\":\"\u00c9lectricit\u00e9 : la flamb\u00e9e de septembre et votre facture - ECOinfos\",\"isPartOf\":{\"@id\":\"https:\\\/\\\/www.les-energies-renouvelables.eu\\\/article\\\/actualites\\\/#website\"},\"primaryImageOfPage\":{\"@id\":\"https:\\\/\\\/www.les-energies-renouvelables.eu\\\/article\\\/actualites\\\/energies\\\/prix-electricite-au-plus-haut-depuis-trois-ans-1752\\\/#primaryimage\"},\"image\":{\"@id\":\"https:\\\/\\\/www.les-energies-renouvelables.eu\\\/article\\\/actualites\\\/energies\\\/prix-electricite-au-plus-haut-depuis-trois-ans-1752\\\/#primaryimage\"},\"thumbnailUrl\":\"https:\\\/\\\/www.les-energies-renouvelables.eu\\\/article\\\/actualites\\\/wp-content\\\/uploads\\\/2026\\\/09\\\/actualites-brouillon-auto-hausse-electricite-scaled.webp\",\"datePublished\":\"2026-09-01T07:30:38+00:00\",\"description\":\"\u00c9lectricit\u00e9 au plus haut en trois ans : depuis la fin de l'ARENH, la flamb\u00e9e p\u00e8se plus vite sur la facture de 20 millions de foyers.\",\"breadcrumb\":{\"@id\":\"https:\\\/\\\/www.les-energies-renouvelables.eu\\\/article\\\/actualites\\\/energies\\\/prix-electricite-au-plus-haut-depuis-trois-ans-1752\\\/#breadcrumb\"},\"inLanguage\":\"fr-FR\",\"potentialAction\":[{\"@type\":\"ReadAction\",\"target\":[\"https:\\\/\\\/www.les-energies-renouvelables.eu\\\/article\\\/actualites\\\/energies\\\/prix-electricite-au-plus-haut-depuis-trois-ans-1752\\\/\"]}]},{\"@type\":\"ImageObject\",\"inLanguage\":\"fr-FR\",\"@id\":\"https:\\\/\\\/www.les-energies-renouvelables.eu\\\/article\\\/actualites\\\/energies\\\/prix-electricite-au-plus-haut-depuis-trois-ans-1752\\\/#primaryimage\",\"url\":\"https:\\\/\\\/www.les-energies-renouvelables.eu\\\/article\\\/actualites\\\/wp-content\\\/uploads\\\/2026\\\/09\\\/actualites-brouillon-auto-hausse-electricite-scaled.webp\",\"contentUrl\":\"https:\\\/\\\/www.les-energies-renouvelables.eu\\\/article\\\/actualites\\\/wp-content\\\/uploads\\\/2026\\\/09\\\/actualites-brouillon-auto-hausse-electricite-scaled.webp\",\"width\":1200,\"height\":675,\"caption\":\"La centrale nucl\u00e9aire de Cattenom, en Moselle, o\u00f9 un r\u00e9acteur a \u00e9t\u00e9 mis \u00e0 l'arr\u00eat cet \u00e9t\u00e9 en raison de la chaleur et de la baisse du d\u00e9bit de la Moselle.\"},{\"@type\":\"BreadcrumbList\",\"@id\":\"https:\\\/\\\/www.les-energies-renouvelables.eu\\\/article\\\/actualites\\\/energies\\\/prix-electricite-au-plus-haut-depuis-trois-ans-1752\\\/#breadcrumb\",\"itemListElement\":[{\"@type\":\"ListItem\",\"position\":1,\"name\":\"Accueil\",\"item\":\"https:\\\/\\\/www.les-energies-renouvelables.eu\\\/article\\\/actualites\\\/\"},{\"@type\":\"ListItem\",\"position\":2,\"name\":\"Le prix de l&rsquo;\u00e9lectricit\u00e9 au plus haut depuis trois ans : ce que la flamb\u00e9e de septembre r\u00e9v\u00e8le sur votre facture\"}]},{\"@type\":\"WebSite\",\"@id\":\"https:\\\/\\\/www.les-energies-renouvelables.eu\\\/article\\\/actualites\\\/#website\",\"url\":\"https:\\\/\\\/www.les-energies-renouvelables.eu\\\/article\\\/actualites\\\/\",\"name\":\"ECOinfos Energies renouvelables\",\"description\":\"Le d\u00e9cryptage quotidien du secteur des \u00e9nergies renouvelables\",\"publisher\":{\"@id\":\"https:\\\/\\\/www.les-energies-renouvelables.eu\\\/article\\\/actualites\\\/#organization\"},\"potentialAction\":[{\"@type\":\"SearchAction\",\"target\":{\"@type\":\"EntryPoint\",\"urlTemplate\":\"https:\\\/\\\/www.les-energies-renouvelables.eu\\\/article\\\/actualites\\\/?s={search_term_string}\"},\"query-input\":{\"@type\":\"PropertyValueSpecification\",\"valueRequired\":true,\"valueName\":\"search_term_string\"}}],\"inLanguage\":\"fr-FR\"},{\"@type\":\"Organization\",\"@id\":\"https:\\\/\\\/www.les-energies-renouvelables.eu\\\/article\\\/actualites\\\/#organization\",\"name\":\"ECOinfos Energies renouvelables\",\"url\":\"https:\\\/\\\/www.les-energies-renouvelables.eu\\\/article\\\/actualites\\\/\",\"logo\":{\"@type\":\"ImageObject\",\"inLanguage\":\"fr-FR\",\"@id\":\"https:\\\/\\\/www.les-energies-renouvelables.eu\\\/article\\\/actualites\\\/#\\\/schema\\\/logo\\\/image\\\/\",\"url\":\"https:\\\/\\\/www.les-energies-renouvelables.eu\\\/article\\\/actualites\\\/wp-content\\\/uploads\\\/2025\\\/11\\\/ecoinfos.eldorado-consulting.com-logo-logo.svg\",\"contentUrl\":\"https:\\\/\\\/www.les-energies-renouvelables.eu\\\/article\\\/actualites\\\/wp-content\\\/uploads\\\/2025\\\/11\\\/ecoinfos.eldorado-consulting.com-logo-logo.svg\",\"caption\":\"ECOinfos Energies renouvelables\"},\"image\":{\"@id\":\"https:\\\/\\\/www.les-energies-renouvelables.eu\\\/article\\\/actualites\\\/#\\\/schema\\\/logo\\\/image\\\/\"},\"sameAs\":[\"https:\\\/\\\/www.facebook.com\\\/ecoannuaire.energierenouvelable\\\/\",\"https:\\\/\\\/x.com\\\/ECOinfosENR\",\"https:\\\/\\\/www.linkedin.com\\\/company\\\/ecoinfos-energies-renouvelables\\\/\",\"https:\\\/\\\/www.youtube.com\\\/@ecoinfosenergies\",\"https:\\\/\\\/share.google\\\/dyKHJPxAV42WhhjbM\"]},{\"@type\":\"Person\",\"@id\":\"https:\\\/\\\/www.les-energies-renouvelables.eu\\\/article\\\/actualites\\\/#\\\/schema\\\/person\\\/d0855c0c2d94ad36795f37b9a33c9f93\",\"name\":\"Mathis Castelnau\",\"image\":{\"@type\":\"ImageObject\",\"inLanguage\":\"fr-FR\",\"@id\":\"https:\\\/\\\/www.les-energies-renouvelables.eu\\\/article\\\/actualites\\\/wp-content\\\/uploads\\\/2026\\\/05\\\/actualites-mathis-castelnau-mathis-castelnau-160x160.jpeg\",\"url\":\"https:\\\/\\\/www.les-energies-renouvelables.eu\\\/article\\\/actualites\\\/wp-content\\\/uploads\\\/2026\\\/05\\\/actualites-mathis-castelnau-mathis-castelnau-160x160.jpeg\",\"contentUrl\":\"https:\\\/\\\/www.les-energies-renouvelables.eu\\\/article\\\/actualites\\\/wp-content\\\/uploads\\\/2026\\\/05\\\/actualites-mathis-castelnau-mathis-castelnau-160x160.jpeg\",\"caption\":\"Mathis Castelnau\"},\"description\":\"Passionn\u00e9 par les \u00e9nergies renouvelables et le march\u00e9 de l\u2019\u00e9nergie, je d\u00e9crypte depuis plusieurs ann\u00e9es les \u00e9volutions techniques, r\u00e9glementaires et \u00e9conomiques du secteur. \u00c0 travers nos articles, nous analysons les enjeux du photovolta\u00efque, de la transition \u00e9nerg\u00e9tique, de l\u2019autoconsommation et des nouveaux mod\u00e8les \u00e9nerg\u00e9tiques qui redessinent le march\u00e9.\",\"sameAs\":[\"https:\\\/\\\/www.linkedin.com\\\/in\\\/mathis-castelnau\\\/\"],\"url\":\"https:\\\/\\\/www.les-energies-renouvelables.eu\\\/article\\\/actualites\\\/author\\\/mathis\\\/\"}]}<\/script>\n<!-- \/ Yoast SEO plugin. -->","yoast_head_json":{"title":"\u00c9lectricit\u00e9 : la flamb\u00e9e de septembre et votre facture - ECOinfos","description":"\u00c9lectricit\u00e9 au plus haut en trois ans : depuis la fin de l'ARENH, la flamb\u00e9e p\u00e8se plus vite sur la facture de 20 millions de foyers.","robots":{"index":"index","follow":"follow","max-snippet":"max-snippet:-1","max-image-preview":"max-image-preview:large","max-video-preview":"max-video-preview:-1"},"canonical":"https:\/\/www.les-energies-renouvelables.eu\/article\/actualites\/energies\/prix-electricite-au-plus-haut-depuis-trois-ans-1752\/","og_locale":"fr_FR","og_type":"article","og_title":"\u00c9lectricit\u00e9 : la flamb\u00e9e de septembre et votre facture - ECOinfos","og_description":"\u00c9lectricit\u00e9 au plus haut en trois ans : depuis la fin de l'ARENH, la flamb\u00e9e p\u00e8se plus vite sur la facture de 20 millions de foyers.","og_url":"https:\/\/www.les-energies-renouvelables.eu\/article\/actualites\/energies\/prix-electricite-au-plus-haut-depuis-trois-ans-1752\/","og_site_name":"ECOinfos Energies renouvelables","article_publisher":"https:\/\/www.facebook.com\/ecoannuaire.energierenouvelable\/","article_published_time":"2026-09-01T07:30:38+00:00","og_image":[{"width":1200,"height":675,"url":"https:\/\/www.les-energies-renouvelables.eu\/article\/actualites\/wp-content\/uploads\/2026\/09\/actualites-brouillon-auto-hausse-electricite-scaled.webp","type":"image\/webp"}],"author":"Mathis Castelnau","twitter_card":"summary_large_image","twitter_creator":"@ECOinfosENR","twitter_site":"@ECOinfosENR","twitter_misc":{"\u00c9crit par":"Mathis Castelnau","Dur\u00e9e de lecture estim\u00e9e":"7 minutes"},"schema":{"@context":"https:\/\/schema.org","@graph":[{"@type":"NewsArticle","@id":"https:\/\/www.les-energies-renouvelables.eu\/article\/actualites\/energies\/prix-electricite-au-plus-haut-depuis-trois-ans-1752\/#article","isPartOf":{"@id":"https:\/\/www.les-energies-renouvelables.eu\/article\/actualites\/energies\/prix-electricite-au-plus-haut-depuis-trois-ans-1752\/"},"author":{"name":"Mathis Castelnau","@id":"https:\/\/www.les-energies-renouvelables.eu\/article\/actualites\/#\/schema\/person\/d0855c0c2d94ad36795f37b9a33c9f93"},"headline":"Le prix de l&rsquo;\u00e9lectricit\u00e9 au plus haut depuis trois ans : ce que la flamb\u00e9e de septembre r\u00e9v\u00e8le sur votre facture","datePublished":"2026-09-01T07:30:38+00:00","mainEntityOfPage":{"@id":"https:\/\/www.les-energies-renouvelables.eu\/article\/actualites\/energies\/prix-electricite-au-plus-haut-depuis-trois-ans-1752\/"},"wordCount":1312,"commentCount":0,"publisher":{"@id":"https:\/\/www.les-energies-renouvelables.eu\/article\/actualites\/#organization"},"image":{"@id":"https:\/\/www.les-energies-renouvelables.eu\/article\/actualites\/energies\/prix-electricite-au-plus-haut-depuis-trois-ans-1752\/#primaryimage"},"thumbnailUrl":"https:\/\/www.les-energies-renouvelables.eu\/article\/actualites\/wp-content\/uploads\/2026\/09\/actualites-brouillon-auto-hausse-electricite-scaled.webp","keywords":["Prix \u00e9lectricit\u00e9"],"articleSection":["\u00c9nergies"],"inLanguage":"fr-FR","potentialAction":[{"@type":"CommentAction","name":"Comment","target":["https:\/\/www.les-energies-renouvelables.eu\/article\/actualites\/energies\/prix-electricite-au-plus-haut-depuis-trois-ans-1752\/#respond"]}]},{"@type":"WebPage","@id":"https:\/\/www.les-energies-renouvelables.eu\/article\/actualites\/energies\/prix-electricite-au-plus-haut-depuis-trois-ans-1752\/","url":"https:\/\/www.les-energies-renouvelables.eu\/article\/actualites\/energies\/prix-electricite-au-plus-haut-depuis-trois-ans-1752\/","name":"\u00c9lectricit\u00e9 : la flamb\u00e9e de septembre et votre facture - ECOinfos","isPartOf":{"@id":"https:\/\/www.les-energies-renouvelables.eu\/article\/actualites\/#website"},"primaryImageOfPage":{"@id":"https:\/\/www.les-energies-renouvelables.eu\/article\/actualites\/energies\/prix-electricite-au-plus-haut-depuis-trois-ans-1752\/#primaryimage"},"image":{"@id":"https:\/\/www.les-energies-renouvelables.eu\/article\/actualites\/energies\/prix-electricite-au-plus-haut-depuis-trois-ans-1752\/#primaryimage"},"thumbnailUrl":"https:\/\/www.les-energies-renouvelables.eu\/article\/actualites\/wp-content\/uploads\/2026\/09\/actualites-brouillon-auto-hausse-electricite-scaled.webp","datePublished":"2026-09-01T07:30:38+00:00","description":"\u00c9lectricit\u00e9 au plus haut en trois ans : depuis la fin de l'ARENH, la flamb\u00e9e p\u00e8se plus vite sur la facture de 20 millions de foyers.","breadcrumb":{"@id":"https:\/\/www.les-energies-renouvelables.eu\/article\/actualites\/energies\/prix-electricite-au-plus-haut-depuis-trois-ans-1752\/#breadcrumb"},"inLanguage":"fr-FR","potentialAction":[{"@type":"ReadAction","target":["https:\/\/www.les-energies-renouvelables.eu\/article\/actualites\/energies\/prix-electricite-au-plus-haut-depuis-trois-ans-1752\/"]}]},{"@type":"ImageObject","inLanguage":"fr-FR","@id":"https:\/\/www.les-energies-renouvelables.eu\/article\/actualites\/energies\/prix-electricite-au-plus-haut-depuis-trois-ans-1752\/#primaryimage","url":"https:\/\/www.les-energies-renouvelables.eu\/article\/actualites\/wp-content\/uploads\/2026\/09\/actualites-brouillon-auto-hausse-electricite-scaled.webp","contentUrl":"https:\/\/www.les-energies-renouvelables.eu\/article\/actualites\/wp-content\/uploads\/2026\/09\/actualites-brouillon-auto-hausse-electricite-scaled.webp","width":1200,"height":675,"caption":"La centrale nucl\u00e9aire de Cattenom, en Moselle, o\u00f9 un r\u00e9acteur a \u00e9t\u00e9 mis \u00e0 l'arr\u00eat cet \u00e9t\u00e9 en raison de la chaleur et de la baisse du d\u00e9bit de la Moselle."},{"@type":"BreadcrumbList","@id":"https:\/\/www.les-energies-renouvelables.eu\/article\/actualites\/energies\/prix-electricite-au-plus-haut-depuis-trois-ans-1752\/#breadcrumb","itemListElement":[{"@type":"ListItem","position":1,"name":"Accueil","item":"https:\/\/www.les-energies-renouvelables.eu\/article\/actualites\/"},{"@type":"ListItem","position":2,"name":"Le prix de l&rsquo;\u00e9lectricit\u00e9 au plus haut depuis trois ans : ce que la flamb\u00e9e de septembre r\u00e9v\u00e8le sur votre facture"}]},{"@type":"WebSite","@id":"https:\/\/www.les-energies-renouvelables.eu\/article\/actualites\/#website","url":"https:\/\/www.les-energies-renouvelables.eu\/article\/actualites\/","name":"ECOinfos Energies renouvelables","description":"Le d\u00e9cryptage quotidien du secteur des \u00e9nergies renouvelables","publisher":{"@id":"https:\/\/www.les-energies-renouvelables.eu\/article\/actualites\/#organization"},"potentialAction":[{"@type":"SearchAction","target":{"@type":"EntryPoint","urlTemplate":"https:\/\/www.les-energies-renouvelables.eu\/article\/actualites\/?s={search_term_string}"},"query-input":{"@type":"PropertyValueSpecification","valueRequired":true,"valueName":"search_term_string"}}],"inLanguage":"fr-FR"},{"@type":"Organization","@id":"https:\/\/www.les-energies-renouvelables.eu\/article\/actualites\/#organization","name":"ECOinfos Energies renouvelables","url":"https:\/\/www.les-energies-renouvelables.eu\/article\/actualites\/","logo":{"@type":"ImageObject","inLanguage":"fr-FR","@id":"https:\/\/www.les-energies-renouvelables.eu\/article\/actualites\/#\/schema\/logo\/image\/","url":"https:\/\/www.les-energies-renouvelables.eu\/article\/actualites\/wp-content\/uploads\/2025\/11\/ecoinfos.eldorado-consulting.com-logo-logo.svg","contentUrl":"https:\/\/www.les-energies-renouvelables.eu\/article\/actualites\/wp-content\/uploads\/2025\/11\/ecoinfos.eldorado-consulting.com-logo-logo.svg","caption":"ECOinfos Energies renouvelables"},"image":{"@id":"https:\/\/www.les-energies-renouvelables.eu\/article\/actualites\/#\/schema\/logo\/image\/"},"sameAs":["https:\/\/www.facebook.com\/ecoannuaire.energierenouvelable\/","https:\/\/x.com\/ECOinfosENR","https:\/\/www.linkedin.com\/company\/ecoinfos-energies-renouvelables\/","https:\/\/www.youtube.com\/@ecoinfosenergies","https:\/\/share.google\/dyKHJPxAV42WhhjbM"]},{"@type":"Person","@id":"https:\/\/www.les-energies-renouvelables.eu\/article\/actualites\/#\/schema\/person\/d0855c0c2d94ad36795f37b9a33c9f93","name":"Mathis Castelnau","image":{"@type":"ImageObject","inLanguage":"fr-FR","@id":"https:\/\/www.les-energies-renouvelables.eu\/article\/actualites\/wp-content\/uploads\/2026\/05\/actualites-mathis-castelnau-mathis-castelnau-160x160.jpeg","url":"https:\/\/www.les-energies-renouvelables.eu\/article\/actualites\/wp-content\/uploads\/2026\/05\/actualites-mathis-castelnau-mathis-castelnau-160x160.jpeg","contentUrl":"https:\/\/www.les-energies-renouvelables.eu\/article\/actualites\/wp-content\/uploads\/2026\/05\/actualites-mathis-castelnau-mathis-castelnau-160x160.jpeg","caption":"Mathis Castelnau"},"description":"Passionn\u00e9 par les \u00e9nergies renouvelables et le march\u00e9 de l\u2019\u00e9nergie, je d\u00e9crypte depuis plusieurs ann\u00e9es les \u00e9volutions techniques, r\u00e9glementaires et \u00e9conomiques du secteur. \u00c0 travers nos articles, nous analysons les enjeux du photovolta\u00efque, de la transition \u00e9nerg\u00e9tique, de l\u2019autoconsommation et des nouveaux mod\u00e8les \u00e9nerg\u00e9tiques qui redessinent le march\u00e9.","sameAs":["https:\/\/www.linkedin.com\/in\/mathis-castelnau\/"],"url":"https:\/\/www.les-energies-renouvelables.eu\/article\/actualites\/author\/mathis\/"}]}},"_links":{"self":[{"href":"https:\/\/www.les-energies-renouvelables.eu\/article\/actualites\/wp-json\/wp\/v2\/posts\/1752","targetHints":{"allow":["GET"]}}],"collection":[{"href":"https:\/\/www.les-energies-renouvelables.eu\/article\/actualites\/wp-json\/wp\/v2\/posts"}],"about":[{"href":"https:\/\/www.les-energies-renouvelables.eu\/article\/actualites\/wp-json\/wp\/v2\/types\/post"}],"author":[{"embeddable":true,"href":"https:\/\/www.les-energies-renouvelables.eu\/article\/actualites\/wp-json\/wp\/v2\/users\/3"}],"replies":[{"embeddable":true,"href":"https:\/\/www.les-energies-renouvelables.eu\/article\/actualites\/wp-json\/wp\/v2\/comments?post=1752"}],"version-history":[{"count":1,"href":"https:\/\/www.les-energies-renouvelables.eu\/article\/actualites\/wp-json\/wp\/v2\/posts\/1752\/revisions"}],"predecessor-version":[{"id":1754,"href":"https:\/\/www.les-energies-renouvelables.eu\/article\/actualites\/wp-json\/wp\/v2\/posts\/1752\/revisions\/1754"}],"wp:featuredmedia":[{"embeddable":true,"href":"https:\/\/www.les-energies-renouvelables.eu\/article\/actualites\/wp-json\/wp\/v2\/media\/1753"}],"wp:attachment":[{"href":"https:\/\/www.les-energies-renouvelables.eu\/article\/actualites\/wp-json\/wp\/v2\/media?parent=1752"}],"wp:term":[{"taxonomy":"category","embeddable":true,"href":"https:\/\/www.les-energies-renouvelables.eu\/article\/actualites\/wp-json\/wp\/v2\/categories?post=1752"},{"taxonomy":"post_tag","embeddable":true,"href":"https:\/\/www.les-energies-renouvelables.eu\/article\/actualites\/wp-json\/wp\/v2\/tags?post=1752"}],"curies":[{"name":"wp","href":"https:\/\/api.w.org\/{rel}","templated":true}]}}