{"id":1740,"date":"2026-09-02T12:15:00","date_gmt":"2026-09-02T10:15:00","guid":{"rendered":"https:\/\/www.les-energies-renouvelables.eu\/article\/actualites\/?p=1740"},"modified":"2026-08-31T17:37:36","modified_gmt":"2026-08-31T15:37:36","slug":"ce-que-la-hausse-des-tarifs-enedis-change-pour-votre-raccordement-solaire-des-le-28-octobre-2026","status":"publish","type":"post","link":"https:\/\/www.les-energies-renouvelables.eu\/article\/actualites\/energies\/ce-que-la-hausse-des-tarifs-enedis-change-pour-votre-raccordement-solaire-des-le-28-octobre-2026-1740\/","title":{"rendered":"Ce que la hausse des tarifs Enedis change pour votre raccordement solaire d\u00e8s le 28 octobre 2026"},"content":{"rendered":"\n<h2 class=\"wp-block-heading\">Qu&rsquo;est-ce que le bar\u00e8me de raccordement Enedis, et pourquoi il compte ?<\/h2>\n\n\n\n<p class=\"wp-block-paragraph\">Beaucoup de futurs propri\u00e9taires de panneaux solaires concentrent leur attention sur le prix des modules ou le co\u00fbt de la pose, et oublient une \u00e9tape pourtant incontournable : le <strong>raccordement au r\u00e9seau public de distribution<\/strong> g\u00e9r\u00e9 par Enedis. Ce raccordement est la proc\u00e9dure qui permet \u00e0 votre installation de communiquer avec le r\u00e9seau \u00e9lectrique, que vous soyez en autoconsommation simple, en autoconsommation avec revente du surplus, ou en vente totale.<\/p>\n\n\n\n<p class=\"wp-block-paragraph\">Le <strong>bar\u00e8me de raccordement<\/strong> est le document officiel qui fixe les tarifs que vous allez payer pour cette mise en service. Il couvre les op\u00e9rations techniques r\u00e9alis\u00e9es par Enedis : cr\u00e9ation ou modification du branchement, pose ou configuration du compteur Linky, raccordement de l&rsquo;onduleur au r\u00e9seau, et v\u00e9rifications associ\u00e9es. Ces prestations sont <strong>r\u00e9glement\u00e9es et approuv\u00e9es par la CRE<\/strong>, ce qui signifie qu&rsquo;Enedis ne peut pas les facturer librement : les prix sont encadr\u00e9s et publi\u00e9s.<\/p>\n\n\n\n<p class=\"wp-block-paragraph\"><em>Par exemple, un particulier qui fait poser 6 kWc de panneaux solaires en autoconsommation avec revente du surplus sur sa maison doit obligatoirement passer par Enedis pour mettre son installation en service. Sans cette \u00e9tape, aucune injection sur le r\u00e9seau n&rsquo;est possible, et aucun contrat de rachat ne peut \u00eatre sign\u00e9 avec EDF OA.<\/em><\/p>\n\n\n\n<p class=\"wp-block-paragraph\">Ce bar\u00e8me n&rsquo;avait pas fait l&rsquo;objet d&rsquo;une <strong>r\u00e9vision compl\u00e8te depuis plusieurs ann\u00e9es<\/strong>. La version V8 qui entre en vigueur le 28 octobre est la premi\u00e8re \u00e0 int\u00e9grer une refonte fond\u00e9e sur une analyse des co\u00fbts r\u00e9els constat\u00e9s par Enedis sur la p\u00e9riode 2023-2024.<\/p>\n\n\n\n<h2 class=\"wp-block-heading\">Ce que pr\u00e9voit concr\u00e8tement le nouveau bar\u00e8me V8<\/h2>\n\n\n\n<p class=\"wp-block-paragraph\">La CRE, qui a approuv\u00e9 ce bar\u00e8me apr\u00e8s concertation avec le Comit\u00e9 des utilisateurs du r\u00e9seau d&rsquo;avril \u00e0 mai 2026, justifie la r\u00e9vision par trois facteurs : la <strong>hausse des co\u00fbts de travaux<\/strong>, l&rsquo;augmentation des prix des mat\u00e9riels, et la revalorisation de la main-d&rsquo;\u0153uvre. Enedis a vu ses co\u00fbts internes grimper, et le bar\u00e8me V8 en r\u00e9percute une partie sur les utilisateurs.<\/p>\n\n\n\n<p class=\"wp-block-paragraph\">La hausse est particuli\u00e8rement marqu\u00e9e sur certaines prestations sp\u00e9cifiques. Les <strong>postes de transformation HTA\/BT<\/strong> n\u00e9cessaires aux projets qui requi\u00e8rent la cr\u00e9ation d&rsquo;un poste de r\u00e9seau (postes ruraux compacts et postes au sol simplifi\u00e9s) voient leurs prix progresser de <strong>52 %<\/strong> pour les puissances concern\u00e9es. Pour les installations r\u00e9sidentielles classiques, qui ne n\u00e9cessitent g\u00e9n\u00e9ralement pas ce type d&rsquo;infrastructure, la hausse est plus mod\u00e9r\u00e9e, mais r\u00e9elle.<\/p>\n\n\n\n<p class=\"wp-block-paragraph\">Le nouveau bar\u00e8me introduit \u00e9galement davantage de <strong>formules de co\u00fbts simplifi\u00e9es<\/strong>, r\u00e9duisant les cas de facturation au cas par cas sur devis. L&rsquo;objectif est d&rsquo;am\u00e9liorer la lisibilit\u00e9 pour quiconque cherche \u00e0 anticiper le co\u00fbt total de son projet solaire.<\/p>\n\n\n\n<p class=\"wp-block-paragraph\">Enfin, une \u00e9volution structurelle importante : les tarifs seront d\u00e9sormais <strong>index\u00e9s chaque ann\u00e9e sur l&rsquo;inflation<\/strong>, avec une r\u00e9vision compl\u00e8te pr\u00e9vue d&rsquo;ici 2029. Les prix ne resteront plus fig\u00e9s entre deux r\u00e9visions : ils \u00e9volueront automatiquement chaque ann\u00e9e.<\/p>\n\n\n\n<h2 class=\"wp-block-heading\">Faut-il se d\u00e9p\u00eacher de d\u00e9poser son dossier avant le 28 octobre ?<\/h2>\n\n\n\n<p class=\"wp-block-paragraph\">La question m\u00e9rite d&rsquo;\u00eatre pos\u00e9e clairement. Si vous avez un projet solaire en cours de maturation, <strong>d\u00e9poser votre demande de raccordement avant le 28 octobre<\/strong> vous permet de b\u00e9n\u00e9ficier des tarifs du bar\u00e8me actuellement en vigueur, et non de la version V8 plus \u00e9lev\u00e9e. C&rsquo;est la date de d\u00e9p\u00f4t du dossier complet qui compte, pas la date de mise en service.<\/p>\n\n\n\n<p class=\"wp-block-paragraph\">Pour que ce calendrier soit tenable, il faut enclencher les d\u00e9marches maintenant. La <strong>d\u00e9claration pr\u00e9alable de travaux<\/strong> en mairie prend g\u00e9n\u00e9ralement un mois. L&rsquo;obtention des devis et la signature avec un installateur certifi\u00e9 RGE prennent quelques semaines. Une fois l&rsquo;installation pos\u00e9e, l&rsquo;attestation Consuel et la demande de raccordement Enedis (CRAE) doivent \u00eatre transmises : Enedis dispose de six semaines pour la mise en service. Le d\u00e9lai est serr\u00e9 mais faisable en agissant d\u00e8s septembre.<\/p>\n\n\n\n<p class=\"wp-block-paragraph\">Il ne s&rsquo;agit pas d&rsquo;une urgence absolue : pour une installation r\u00e9sidentielle standard, la diff\u00e9rence de co\u00fbt entre les deux bar\u00e8mes reste raisonnable. Mais dans un contexte o\u00f9 les autres aides se sont d\u00e9j\u00e0 r\u00e9duites, chaque \u00e9conomie compte.<\/p>\n\n\n\n<h2 class=\"wp-block-heading\">Ce que ce changement r\u00e9v\u00e8le sur l&rsquo;\u00e9volution du march\u00e9 solaire r\u00e9sidentiel<\/h2>\n\n\n\n<p class=\"wp-block-paragraph\">Cette hausse du bar\u00e8me de raccordement s&rsquo;inscrit dans un contexte g\u00e9n\u00e9ral de recalibrage du soutien public au solaire r\u00e9sidentiel. Depuis le <strong>5 juin 2026<\/strong>, la prime \u00e0 l&rsquo;autoconsommation a \u00e9t\u00e9 supprim\u00e9e pour toutes les installations de 100 kWc ou moins, dans le cadre du nouvel arr\u00eat\u00e9 tarifaire S21. Dans le m\u00eame temps, le tarif de rachat du surplus inject\u00e9 sur le r\u00e9seau est tomb\u00e9 \u00e0 <strong>1,1 centime par kilowattheure<\/strong>, un niveau si bas que la revente ne pr\u00e9sente plus gu\u00e8re d&rsquo;int\u00e9r\u00eat \u00e9conomique.<\/p>\n\n\n\n<p class=\"wp-block-paragraph\">Ce que cela signifie concr\u00e8tement pour vous, c&rsquo;est que la rentabilit\u00e9 d&rsquo;une installation photovolta\u00efque repose d\u00e9sormais presque exclusivement sur <strong>l&rsquo;autoconsommation directe<\/strong> de l&rsquo;\u00e9lectricit\u00e9 produite. Chaque kilowattheure solaire consomm\u00e9 chez soi vaut autour de 21 centimes d&rsquo;\u00e9conomie sur la facture, l\u00e0 o\u00f9 le revendre ne rapporte qu&rsquo;un peu plus d&rsquo;un centime. L&rsquo;\u00e9quation est claire : plus vous consommez votre propre production, plus votre installation est rentable.<\/p>\n\n\n\n<p class=\"wp-block-paragraph\">Dans ce contexte, la hausse du bar\u00e8me est un signal suppl\u00e9mentaire : le march\u00e9 solaire r\u00e9sidentiel entre dans une phase de maturit\u00e9 o\u00f9 les aides s&rsquo;estompent et les co\u00fbts de r\u00e9seau augmentent, mais les prix des \u00e9quipements continuent de baisser. Pour les m\u00e9nages qui h\u00e9sitent, l&rsquo;argument reste solide \u00e0 long terme, \u00e0 condition de bien dimensionner l&rsquo;installation sur la consommation r\u00e9elle et de ne plus compter sur la revente pour rentabiliser le projet.<\/p>\n","protected":false},"excerpt":{"rendered":"","protected":false},"author":8,"featured_media":1744,"comment_status":"open","ping_status":"open","sticky":false,"template":"","format":"standard","meta":{"_acf_changed":false,"footnotes":""},"categories":[1],"tags":[98],"class_list":["post-1740","post","type-post","status-publish","format-standard","has-post-thumbnail","hentry","category-energies","tag-enedis","masonry-post","generate-columns","tablet-grid-50","mobile-grid-100","grid-parent","grid-33"],"acf":{"social-publish":false,"just-linkedin":false,"just-facebook":false,"test":""},"yoast_head":"<!-- This site is optimized with the Yoast SEO plugin v28.4 - https:\/\/yoast.com\/product\/yoast-seo-wordpress\/ -->\n<title>Ce que la hausse des tarifs Enedis change pour votre raccordement solaire d\u00e8s le 28 octobre 2026 - ECOinfos<\/title>\n<meta name=\"robots\" content=\"index, follow, max-snippet:-1, max-image-preview:large, max-video-preview:-1\" \/>\n<link rel=\"canonical\" href=\"https:\/\/www.les-energies-renouvelables.eu\/article\/actualites\/energies\/ce-que-la-hausse-des-tarifs-enedis-change-pour-votre-raccordement-solaire-des-le-28-octobre-2026-1740\/\" \/>\n<meta property=\"og:locale\" content=\"fr_FR\" \/>\n<meta property=\"og:type\" content=\"article\" \/>\n<meta property=\"og:title\" content=\"Ce que la hausse des tarifs Enedis change pour votre raccordement solaire d\u00e8s le 28 octobre 2026 - ECOinfos\" \/>\n<meta property=\"og:description\" content=\"Si vous envisagez d&#039;installer des panneaux solaires d&#039;ici la fin de l&#039;ann\u00e9e, une date m\u00e9rite votre attention : le 28 octobre 2026. C&#039;est \u00e0 cette date qu&#039;entrera en vigueur le nouveau bar\u00e8me de raccordement d&#039;Enedis, approuv\u00e9 le 3 ao\u00fbt par la Commission de r\u00e9gulation de l&#039;\u00e9nergie. Le co\u00fbt de mise en service de votre installation sur le r\u00e9seau va augmenter. Voici ce qui change, et pourquoi agir avant cette \u00e9ch\u00e9ance peut vous faire \u00e9conomiser.\" \/>\n<meta property=\"og:url\" content=\"https:\/\/www.les-energies-renouvelables.eu\/article\/actualites\/energies\/ce-que-la-hausse-des-tarifs-enedis-change-pour-votre-raccordement-solaire-des-le-28-octobre-2026-1740\/\" \/>\n<meta property=\"og:site_name\" content=\"ECOinfos Energies renouvelables\" \/>\n<meta property=\"article:publisher\" content=\"https:\/\/www.facebook.com\/ecoannuaire.energierenouvelable\/\" \/>\n<meta property=\"article:author\" content=\"https:\/\/www.facebook.com\/michel.castelnau.7\" \/>\n<meta property=\"article:published_time\" content=\"2026-09-02T10:15:00+00:00\" \/>\n<meta property=\"og:image\" content=\"https:\/\/www.les-energies-renouvelables.eu\/article\/actualites\/wp-content\/uploads\/2026\/08\/actualites-ce-que-risquent-les-proprietaires-de-panneaux-solaires-installes-sans-declaration-prealable-tarifs-enedis-raccordement-solaire.jpg\" \/>\n\t<meta property=\"og:image:width\" content=\"1200\" \/>\n\t<meta property=\"og:image:height\" content=\"675\" \/>\n\t<meta property=\"og:image:type\" content=\"image\/jpeg\" \/>\n<meta name=\"author\" content=\"Michel Castelnau\" \/>\n<meta name=\"twitter:card\" content=\"summary_large_image\" \/>\n<meta name=\"twitter:creator\" content=\"@ECOinfosENR\" \/>\n<meta name=\"twitter:site\" content=\"@ECOinfosENR\" \/>\n<meta name=\"twitter:label1\" content=\"\u00c9crit par\" \/>\n\t<meta name=\"twitter:data1\" content=\"Michel Castelnau\" \/>\n\t<meta name=\"twitter:label2\" content=\"Dur\u00e9e de lecture estim\u00e9e\" \/>\n\t<meta name=\"twitter:data2\" content=\"5 minutes\" \/>\n<script type=\"application\/ld+json\" class=\"yoast-schema-graph\">{\"@context\":\"https:\\\/\\\/schema.org\",\"@graph\":[{\"@type\":\"NewsArticle\",\"@id\":\"https:\\\/\\\/www.les-energies-renouvelables.eu\\\/article\\\/actualites\\\/energies\\\/ce-que-la-hausse-des-tarifs-enedis-change-pour-votre-raccordement-solaire-des-le-28-octobre-2026-1740\\\/#article\",\"isPartOf\":{\"@id\":\"https:\\\/\\\/www.les-energies-renouvelables.eu\\\/article\\\/actualites\\\/energies\\\/ce-que-la-hausse-des-tarifs-enedis-change-pour-votre-raccordement-solaire-des-le-28-octobre-2026-1740\\\/\"},\"author\":{\"name\":\"Michel Castelnau\",\"@id\":\"https:\\\/\\\/www.les-energies-renouvelables.eu\\\/article\\\/actualites\\\/#\\\/schema\\\/person\\\/21f43c1e26c324fe4707b304b4f3a456\"},\"headline\":\"Ce que la hausse des tarifs Enedis change pour votre raccordement solaire d\u00e8s le 28 octobre 2026\",\"datePublished\":\"2026-09-02T10:15:00+00:00\",\"mainEntityOfPage\":{\"@id\":\"https:\\\/\\\/www.les-energies-renouvelables.eu\\\/article\\\/actualites\\\/energies\\\/ce-que-la-hausse-des-tarifs-enedis-change-pour-votre-raccordement-solaire-des-le-28-octobre-2026-1740\\\/\"},\"wordCount\":1029,\"commentCount\":0,\"publisher\":{\"@id\":\"https:\\\/\\\/www.les-energies-renouvelables.eu\\\/article\\\/actualites\\\/#organization\"},\"image\":{\"@id\":\"https:\\\/\\\/www.les-energies-renouvelables.eu\\\/article\\\/actualites\\\/energies\\\/ce-que-la-hausse-des-tarifs-enedis-change-pour-votre-raccordement-solaire-des-le-28-octobre-2026-1740\\\/#primaryimage\"},\"thumbnailUrl\":\"https:\\\/\\\/www.les-energies-renouvelables.eu\\\/article\\\/actualites\\\/wp-content\\\/uploads\\\/2026\\\/08\\\/actualites-ce-que-risquent-les-proprietaires-de-panneaux-solaires-installes-sans-declaration-prealable-tarifs-enedis-raccordement-solaire.jpg\",\"keywords\":[\"Enedis\"],\"articleSection\":[\"\u00c9nergies\"],\"inLanguage\":\"fr-FR\",\"potentialAction\":[{\"@type\":\"CommentAction\",\"name\":\"Comment\",\"target\":[\"https:\\\/\\\/www.les-energies-renouvelables.eu\\\/article\\\/actualites\\\/energies\\\/ce-que-la-hausse-des-tarifs-enedis-change-pour-votre-raccordement-solaire-des-le-28-octobre-2026-1740\\\/#respond\"]}]},{\"@type\":\"WebPage\",\"@id\":\"https:\\\/\\\/www.les-energies-renouvelables.eu\\\/article\\\/actualites\\\/energies\\\/ce-que-la-hausse-des-tarifs-enedis-change-pour-votre-raccordement-solaire-des-le-28-octobre-2026-1740\\\/\",\"url\":\"https:\\\/\\\/www.les-energies-renouvelables.eu\\\/article\\\/actualites\\\/energies\\\/ce-que-la-hausse-des-tarifs-enedis-change-pour-votre-raccordement-solaire-des-le-28-octobre-2026-1740\\\/\",\"name\":\"Ce que la hausse des tarifs Enedis change pour votre raccordement solaire d\u00e8s le 28 octobre 2026 - ECOinfos\",\"isPartOf\":{\"@id\":\"https:\\\/\\\/www.les-energies-renouvelables.eu\\\/article\\\/actualites\\\/#website\"},\"primaryImageOfPage\":{\"@id\":\"https:\\\/\\\/www.les-energies-renouvelables.eu\\\/article\\\/actualites\\\/energies\\\/ce-que-la-hausse-des-tarifs-enedis-change-pour-votre-raccordement-solaire-des-le-28-octobre-2026-1740\\\/#primaryimage\"},\"image\":{\"@id\":\"https:\\\/\\\/www.les-energies-renouvelables.eu\\\/article\\\/actualites\\\/energies\\\/ce-que-la-hausse-des-tarifs-enedis-change-pour-votre-raccordement-solaire-des-le-28-octobre-2026-1740\\\/#primaryimage\"},\"thumbnailUrl\":\"https:\\\/\\\/www.les-energies-renouvelables.eu\\\/article\\\/actualites\\\/wp-content\\\/uploads\\\/2026\\\/08\\\/actualites-ce-que-risquent-les-proprietaires-de-panneaux-solaires-installes-sans-declaration-prealable-tarifs-enedis-raccordement-solaire.jpg\",\"datePublished\":\"2026-09-02T10:15:00+00:00\",\"breadcrumb\":{\"@id\":\"https:\\\/\\\/www.les-energies-renouvelables.eu\\\/article\\\/actualites\\\/energies\\\/ce-que-la-hausse-des-tarifs-enedis-change-pour-votre-raccordement-solaire-des-le-28-octobre-2026-1740\\\/#breadcrumb\"},\"inLanguage\":\"fr-FR\",\"potentialAction\":[{\"@type\":\"ReadAction\",\"target\":[\"https:\\\/\\\/www.les-energies-renouvelables.eu\\\/article\\\/actualites\\\/energies\\\/ce-que-la-hausse-des-tarifs-enedis-change-pour-votre-raccordement-solaire-des-le-28-octobre-2026-1740\\\/\"]}]},{\"@type\":\"ImageObject\",\"inLanguage\":\"fr-FR\",\"@id\":\"https:\\\/\\\/www.les-energies-renouvelables.eu\\\/article\\\/actualites\\\/energies\\\/ce-que-la-hausse-des-tarifs-enedis-change-pour-votre-raccordement-solaire-des-le-28-octobre-2026-1740\\\/#primaryimage\",\"url\":\"https:\\\/\\\/www.les-energies-renouvelables.eu\\\/article\\\/actualites\\\/wp-content\\\/uploads\\\/2026\\\/08\\\/actualites-ce-que-risquent-les-proprietaires-de-panneaux-solaires-installes-sans-declaration-prealable-tarifs-enedis-raccordement-solaire.jpg\",\"contentUrl\":\"https:\\\/\\\/www.les-energies-renouvelables.eu\\\/article\\\/actualites\\\/wp-content\\\/uploads\\\/2026\\\/08\\\/actualites-ce-que-risquent-les-proprietaires-de-panneaux-solaires-installes-sans-declaration-prealable-tarifs-enedis-raccordement-solaire.jpg\",\"width\":1200,\"height\":675,\"caption\":\"Kindel Media (Pexels)\"},{\"@type\":\"BreadcrumbList\",\"@id\":\"https:\\\/\\\/www.les-energies-renouvelables.eu\\\/article\\\/actualites\\\/energies\\\/ce-que-la-hausse-des-tarifs-enedis-change-pour-votre-raccordement-solaire-des-le-28-octobre-2026-1740\\\/#breadcrumb\",\"itemListElement\":[{\"@type\":\"ListItem\",\"position\":1,\"name\":\"Accueil\",\"item\":\"https:\\\/\\\/www.les-energies-renouvelables.eu\\\/article\\\/actualites\\\/\"},{\"@type\":\"ListItem\",\"position\":2,\"name\":\"Ce que la hausse des tarifs Enedis change pour votre raccordement solaire d\u00e8s le 28 octobre 2026\"}]},{\"@type\":\"WebSite\",\"@id\":\"https:\\\/\\\/www.les-energies-renouvelables.eu\\\/article\\\/actualites\\\/#website\",\"url\":\"https:\\\/\\\/www.les-energies-renouvelables.eu\\\/article\\\/actualites\\\/\",\"name\":\"ECOinfos Energies renouvelables\",\"description\":\"Le d\u00e9cryptage quotidien du secteur des \u00e9nergies renouvelables\",\"publisher\":{\"@id\":\"https:\\\/\\\/www.les-energies-renouvelables.eu\\\/article\\\/actualites\\\/#organization\"},\"potentialAction\":[{\"@type\":\"SearchAction\",\"target\":{\"@type\":\"EntryPoint\",\"urlTemplate\":\"https:\\\/\\\/www.les-energies-renouvelables.eu\\\/article\\\/actualites\\\/?s={search_term_string}\"},\"query-input\":{\"@type\":\"PropertyValueSpecification\",\"valueRequired\":true,\"valueName\":\"search_term_string\"}}],\"inLanguage\":\"fr-FR\"},{\"@type\":\"Organization\",\"@id\":\"https:\\\/\\\/www.les-energies-renouvelables.eu\\\/article\\\/actualites\\\/#organization\",\"name\":\"ECOinfos Energies renouvelables\",\"url\":\"https:\\\/\\\/www.les-energies-renouvelables.eu\\\/article\\\/actualites\\\/\",\"logo\":{\"@type\":\"ImageObject\",\"inLanguage\":\"fr-FR\",\"@id\":\"https:\\\/\\\/www.les-energies-renouvelables.eu\\\/article\\\/actualites\\\/#\\\/schema\\\/logo\\\/image\\\/\",\"url\":\"https:\\\/\\\/www.les-energies-renouvelables.eu\\\/article\\\/actualites\\\/wp-content\\\/uploads\\\/2025\\\/11\\\/ecoinfos.eldorado-consulting.com-logo-logo.svg\",\"contentUrl\":\"https:\\\/\\\/www.les-energies-renouvelables.eu\\\/article\\\/actualites\\\/wp-content\\\/uploads\\\/2025\\\/11\\\/ecoinfos.eldorado-consulting.com-logo-logo.svg\",\"caption\":\"ECOinfos Energies renouvelables\"},\"image\":{\"@id\":\"https:\\\/\\\/www.les-energies-renouvelables.eu\\\/article\\\/actualites\\\/#\\\/schema\\\/logo\\\/image\\\/\"},\"sameAs\":[\"https:\\\/\\\/www.facebook.com\\\/ecoannuaire.energierenouvelable\\\/\",\"https:\\\/\\\/x.com\\\/ECOinfosENR\",\"https:\\\/\\\/www.linkedin.com\\\/company\\\/ecoinfos-energies-renouvelables\\\/\",\"https:\\\/\\\/www.youtube.com\\\/@ecoinfosenergies\",\"https:\\\/\\\/share.google\\\/dyKHJPxAV42WhhjbM\"]},{\"@type\":\"Person\",\"@id\":\"https:\\\/\\\/www.les-energies-renouvelables.eu\\\/article\\\/actualites\\\/#\\\/schema\\\/person\\\/21f43c1e26c324fe4707b304b4f3a456\",\"name\":\"Michel Castelnau\",\"pronouns\":\"Michel Castelnau\",\"image\":{\"@type\":\"ImageObject\",\"inLanguage\":\"fr-FR\",\"@id\":\"https:\\\/\\\/www.les-energies-renouvelables.eu\\\/article\\\/actualites\\\/wp-content\\\/uploads\\\/2026\\\/07\\\/actualites-michel-castelnau-michel-castelnau-160x160.webp\",\"url\":\"https:\\\/\\\/www.les-energies-renouvelables.eu\\\/article\\\/actualites\\\/wp-content\\\/uploads\\\/2026\\\/07\\\/actualites-michel-castelnau-michel-castelnau-160x160.webp\",\"contentUrl\":\"https:\\\/\\\/www.les-energies-renouvelables.eu\\\/article\\\/actualites\\\/wp-content\\\/uploads\\\/2026\\\/07\\\/actualites-michel-castelnau-michel-castelnau-160x160.webp\",\"caption\":\"Michel Castelnau\"},\"description\":\"Je suis Michel Castelnau, professionnel du secteur photovolta\u00efque et des \u00e9nergies renouvelables. En 2008, j\u2019ai fond\u00e9 ECOinfos Energies Renouvelables avec l\u2019ambition de rendre l\u2019information sur les solutions \u00e9nerg\u00e9tiques durables plus accessible, claire et utile. Fort de mon exp\u00e9rience dans le domaine du solaire photovolta\u00efque, je suis avec attention les \u00e9volutions technologiques, \u00e9conomiques et r\u00e9glementaires du march\u00e9. \u00c0 travers mes publications, je partage mon expertise, d\u00e9crypte les tendances du secteur et accompagne les particuliers comme les professionnels dans leur compr\u00e9hension des enjeux li\u00e9s \u00e0 la transition \u00e9nerg\u00e9tique.\",\"sameAs\":[\"https:\\\/\\\/www.facebook.com\\\/michel.castelnau.7\",\"https:\\\/\\\/www.linkedin.com\\\/in\\\/michel-castelnau-41970823\\\/\"],\"url\":\"https:\\\/\\\/www.les-energies-renouvelables.eu\\\/article\\\/actualites\\\/author\\\/michel-castelnau\\\/\"}]}<\/script>\n<!-- \/ Yoast SEO plugin. -->","yoast_head_json":{"title":"Ce que la hausse des tarifs Enedis change pour votre raccordement solaire d\u00e8s le 28 octobre 2026 - ECOinfos","robots":{"index":"index","follow":"follow","max-snippet":"max-snippet:-1","max-image-preview":"max-image-preview:large","max-video-preview":"max-video-preview:-1"},"canonical":"https:\/\/www.les-energies-renouvelables.eu\/article\/actualites\/energies\/ce-que-la-hausse-des-tarifs-enedis-change-pour-votre-raccordement-solaire-des-le-28-octobre-2026-1740\/","og_locale":"fr_FR","og_type":"article","og_title":"Ce que la hausse des tarifs Enedis change pour votre raccordement solaire d\u00e8s le 28 octobre 2026 - ECOinfos","og_description":"Si vous envisagez d'installer des panneaux solaires d'ici la fin de l'ann\u00e9e, une date m\u00e9rite votre attention : le 28 octobre 2026. C'est \u00e0 cette date qu'entrera en vigueur le nouveau bar\u00e8me de raccordement d'Enedis, approuv\u00e9 le 3 ao\u00fbt par la Commission de r\u00e9gulation de l'\u00e9nergie. Le co\u00fbt de mise en service de votre installation sur le r\u00e9seau va augmenter. Voici ce qui change, et pourquoi agir avant cette \u00e9ch\u00e9ance peut vous faire \u00e9conomiser.","og_url":"https:\/\/www.les-energies-renouvelables.eu\/article\/actualites\/energies\/ce-que-la-hausse-des-tarifs-enedis-change-pour-votre-raccordement-solaire-des-le-28-octobre-2026-1740\/","og_site_name":"ECOinfos Energies renouvelables","article_publisher":"https:\/\/www.facebook.com\/ecoannuaire.energierenouvelable\/","article_author":"https:\/\/www.facebook.com\/michel.castelnau.7","article_published_time":"2026-09-02T10:15:00+00:00","og_image":[{"width":1200,"height":675,"url":"https:\/\/www.les-energies-renouvelables.eu\/article\/actualites\/wp-content\/uploads\/2026\/08\/actualites-ce-que-risquent-les-proprietaires-de-panneaux-solaires-installes-sans-declaration-prealable-tarifs-enedis-raccordement-solaire.jpg","type":"image\/jpeg"}],"author":"Michel Castelnau","twitter_card":"summary_large_image","twitter_creator":"@ECOinfosENR","twitter_site":"@ECOinfosENR","twitter_misc":{"\u00c9crit par":"Michel Castelnau","Dur\u00e9e de lecture estim\u00e9e":"5 minutes"},"schema":{"@context":"https:\/\/schema.org","@graph":[{"@type":"NewsArticle","@id":"https:\/\/www.les-energies-renouvelables.eu\/article\/actualites\/energies\/ce-que-la-hausse-des-tarifs-enedis-change-pour-votre-raccordement-solaire-des-le-28-octobre-2026-1740\/#article","isPartOf":{"@id":"https:\/\/www.les-energies-renouvelables.eu\/article\/actualites\/energies\/ce-que-la-hausse-des-tarifs-enedis-change-pour-votre-raccordement-solaire-des-le-28-octobre-2026-1740\/"},"author":{"name":"Michel Castelnau","@id":"https:\/\/www.les-energies-renouvelables.eu\/article\/actualites\/#\/schema\/person\/21f43c1e26c324fe4707b304b4f3a456"},"headline":"Ce que la hausse des tarifs Enedis change pour votre raccordement solaire d\u00e8s le 28 octobre 2026","datePublished":"2026-09-02T10:15:00+00:00","mainEntityOfPage":{"@id":"https:\/\/www.les-energies-renouvelables.eu\/article\/actualites\/energies\/ce-que-la-hausse-des-tarifs-enedis-change-pour-votre-raccordement-solaire-des-le-28-octobre-2026-1740\/"},"wordCount":1029,"commentCount":0,"publisher":{"@id":"https:\/\/www.les-energies-renouvelables.eu\/article\/actualites\/#organization"},"image":{"@id":"https:\/\/www.les-energies-renouvelables.eu\/article\/actualites\/energies\/ce-que-la-hausse-des-tarifs-enedis-change-pour-votre-raccordement-solaire-des-le-28-octobre-2026-1740\/#primaryimage"},"thumbnailUrl":"https:\/\/www.les-energies-renouvelables.eu\/article\/actualites\/wp-content\/uploads\/2026\/08\/actualites-ce-que-risquent-les-proprietaires-de-panneaux-solaires-installes-sans-declaration-prealable-tarifs-enedis-raccordement-solaire.jpg","keywords":["Enedis"],"articleSection":["\u00c9nergies"],"inLanguage":"fr-FR","potentialAction":[{"@type":"CommentAction","name":"Comment","target":["https:\/\/www.les-energies-renouvelables.eu\/article\/actualites\/energies\/ce-que-la-hausse-des-tarifs-enedis-change-pour-votre-raccordement-solaire-des-le-28-octobre-2026-1740\/#respond"]}]},{"@type":"WebPage","@id":"https:\/\/www.les-energies-renouvelables.eu\/article\/actualites\/energies\/ce-que-la-hausse-des-tarifs-enedis-change-pour-votre-raccordement-solaire-des-le-28-octobre-2026-1740\/","url":"https:\/\/www.les-energies-renouvelables.eu\/article\/actualites\/energies\/ce-que-la-hausse-des-tarifs-enedis-change-pour-votre-raccordement-solaire-des-le-28-octobre-2026-1740\/","name":"Ce que la hausse des tarifs Enedis change pour votre raccordement solaire d\u00e8s le 28 octobre 2026 - ECOinfos","isPartOf":{"@id":"https:\/\/www.les-energies-renouvelables.eu\/article\/actualites\/#website"},"primaryImageOfPage":{"@id":"https:\/\/www.les-energies-renouvelables.eu\/article\/actualites\/energies\/ce-que-la-hausse-des-tarifs-enedis-change-pour-votre-raccordement-solaire-des-le-28-octobre-2026-1740\/#primaryimage"},"image":{"@id":"https:\/\/www.les-energies-renouvelables.eu\/article\/actualites\/energies\/ce-que-la-hausse-des-tarifs-enedis-change-pour-votre-raccordement-solaire-des-le-28-octobre-2026-1740\/#primaryimage"},"thumbnailUrl":"https:\/\/www.les-energies-renouvelables.eu\/article\/actualites\/wp-content\/uploads\/2026\/08\/actualites-ce-que-risquent-les-proprietaires-de-panneaux-solaires-installes-sans-declaration-prealable-tarifs-enedis-raccordement-solaire.jpg","datePublished":"2026-09-02T10:15:00+00:00","breadcrumb":{"@id":"https:\/\/www.les-energies-renouvelables.eu\/article\/actualites\/energies\/ce-que-la-hausse-des-tarifs-enedis-change-pour-votre-raccordement-solaire-des-le-28-octobre-2026-1740\/#breadcrumb"},"inLanguage":"fr-FR","potentialAction":[{"@type":"ReadAction","target":["https:\/\/www.les-energies-renouvelables.eu\/article\/actualites\/energies\/ce-que-la-hausse-des-tarifs-enedis-change-pour-votre-raccordement-solaire-des-le-28-octobre-2026-1740\/"]}]},{"@type":"ImageObject","inLanguage":"fr-FR","@id":"https:\/\/www.les-energies-renouvelables.eu\/article\/actualites\/energies\/ce-que-la-hausse-des-tarifs-enedis-change-pour-votre-raccordement-solaire-des-le-28-octobre-2026-1740\/#primaryimage","url":"https:\/\/www.les-energies-renouvelables.eu\/article\/actualites\/wp-content\/uploads\/2026\/08\/actualites-ce-que-risquent-les-proprietaires-de-panneaux-solaires-installes-sans-declaration-prealable-tarifs-enedis-raccordement-solaire.jpg","contentUrl":"https:\/\/www.les-energies-renouvelables.eu\/article\/actualites\/wp-content\/uploads\/2026\/08\/actualites-ce-que-risquent-les-proprietaires-de-panneaux-solaires-installes-sans-declaration-prealable-tarifs-enedis-raccordement-solaire.jpg","width":1200,"height":675,"caption":"Kindel Media (Pexels)"},{"@type":"BreadcrumbList","@id":"https:\/\/www.les-energies-renouvelables.eu\/article\/actualites\/energies\/ce-que-la-hausse-des-tarifs-enedis-change-pour-votre-raccordement-solaire-des-le-28-octobre-2026-1740\/#breadcrumb","itemListElement":[{"@type":"ListItem","position":1,"name":"Accueil","item":"https:\/\/www.les-energies-renouvelables.eu\/article\/actualites\/"},{"@type":"ListItem","position":2,"name":"Ce que la hausse des tarifs Enedis change pour votre raccordement solaire d\u00e8s le 28 octobre 2026"}]},{"@type":"WebSite","@id":"https:\/\/www.les-energies-renouvelables.eu\/article\/actualites\/#website","url":"https:\/\/www.les-energies-renouvelables.eu\/article\/actualites\/","name":"ECOinfos Energies renouvelables","description":"Le d\u00e9cryptage quotidien du secteur des \u00e9nergies renouvelables","publisher":{"@id":"https:\/\/www.les-energies-renouvelables.eu\/article\/actualites\/#organization"},"potentialAction":[{"@type":"SearchAction","target":{"@type":"EntryPoint","urlTemplate":"https:\/\/www.les-energies-renouvelables.eu\/article\/actualites\/?s={search_term_string}"},"query-input":{"@type":"PropertyValueSpecification","valueRequired":true,"valueName":"search_term_string"}}],"inLanguage":"fr-FR"},{"@type":"Organization","@id":"https:\/\/www.les-energies-renouvelables.eu\/article\/actualites\/#organization","name":"ECOinfos Energies renouvelables","url":"https:\/\/www.les-energies-renouvelables.eu\/article\/actualites\/","logo":{"@type":"ImageObject","inLanguage":"fr-FR","@id":"https:\/\/www.les-energies-renouvelables.eu\/article\/actualites\/#\/schema\/logo\/image\/","url":"https:\/\/www.les-energies-renouvelables.eu\/article\/actualites\/wp-content\/uploads\/2025\/11\/ecoinfos.eldorado-consulting.com-logo-logo.svg","contentUrl":"https:\/\/www.les-energies-renouvelables.eu\/article\/actualites\/wp-content\/uploads\/2025\/11\/ecoinfos.eldorado-consulting.com-logo-logo.svg","caption":"ECOinfos Energies renouvelables"},"image":{"@id":"https:\/\/www.les-energies-renouvelables.eu\/article\/actualites\/#\/schema\/logo\/image\/"},"sameAs":["https:\/\/www.facebook.com\/ecoannuaire.energierenouvelable\/","https:\/\/x.com\/ECOinfosENR","https:\/\/www.linkedin.com\/company\/ecoinfos-energies-renouvelables\/","https:\/\/www.youtube.com\/@ecoinfosenergies","https:\/\/share.google\/dyKHJPxAV42WhhjbM"]},{"@type":"Person","@id":"https:\/\/www.les-energies-renouvelables.eu\/article\/actualites\/#\/schema\/person\/21f43c1e26c324fe4707b304b4f3a456","name":"Michel Castelnau","pronouns":"Michel Castelnau","image":{"@type":"ImageObject","inLanguage":"fr-FR","@id":"https:\/\/www.les-energies-renouvelables.eu\/article\/actualites\/wp-content\/uploads\/2026\/07\/actualites-michel-castelnau-michel-castelnau-160x160.webp","url":"https:\/\/www.les-energies-renouvelables.eu\/article\/actualites\/wp-content\/uploads\/2026\/07\/actualites-michel-castelnau-michel-castelnau-160x160.webp","contentUrl":"https:\/\/www.les-energies-renouvelables.eu\/article\/actualites\/wp-content\/uploads\/2026\/07\/actualites-michel-castelnau-michel-castelnau-160x160.webp","caption":"Michel Castelnau"},"description":"Je suis Michel Castelnau, professionnel du secteur photovolta\u00efque et des \u00e9nergies renouvelables. En 2008, j\u2019ai fond\u00e9 ECOinfos Energies Renouvelables avec l\u2019ambition de rendre l\u2019information sur les solutions \u00e9nerg\u00e9tiques durables plus accessible, claire et utile. Fort de mon exp\u00e9rience dans le domaine du solaire photovolta\u00efque, je suis avec attention les \u00e9volutions technologiques, \u00e9conomiques et r\u00e9glementaires du march\u00e9. \u00c0 travers mes publications, je partage mon expertise, d\u00e9crypte les tendances du secteur et accompagne les particuliers comme les professionnels dans leur compr\u00e9hension des enjeux li\u00e9s \u00e0 la transition \u00e9nerg\u00e9tique.","sameAs":["https:\/\/www.facebook.com\/michel.castelnau.7","https:\/\/www.linkedin.com\/in\/michel-castelnau-41970823\/"],"url":"https:\/\/www.les-energies-renouvelables.eu\/article\/actualites\/author\/michel-castelnau\/"}]}},"_links":{"self":[{"href":"https:\/\/www.les-energies-renouvelables.eu\/article\/actualites\/wp-json\/wp\/v2\/posts\/1740","targetHints":{"allow":["GET"]}}],"collection":[{"href":"https:\/\/www.les-energies-renouvelables.eu\/article\/actualites\/wp-json\/wp\/v2\/posts"}],"about":[{"href":"https:\/\/www.les-energies-renouvelables.eu\/article\/actualites\/wp-json\/wp\/v2\/types\/post"}],"author":[{"embeddable":true,"href":"https:\/\/www.les-energies-renouvelables.eu\/article\/actualites\/wp-json\/wp\/v2\/users\/8"}],"replies":[{"embeddable":true,"href":"https:\/\/www.les-energies-renouvelables.eu\/article\/actualites\/wp-json\/wp\/v2\/comments?post=1740"}],"version-history":[{"count":2,"href":"https:\/\/www.les-energies-renouvelables.eu\/article\/actualites\/wp-json\/wp\/v2\/posts\/1740\/revisions"}],"predecessor-version":[{"id":1749,"href":"https:\/\/www.les-energies-renouvelables.eu\/article\/actualites\/wp-json\/wp\/v2\/posts\/1740\/revisions\/1749"}],"wp:featuredmedia":[{"embeddable":true,"href":"https:\/\/www.les-energies-renouvelables.eu\/article\/actualites\/wp-json\/wp\/v2\/media\/1744"}],"wp:attachment":[{"href":"https:\/\/www.les-energies-renouvelables.eu\/article\/actualites\/wp-json\/wp\/v2\/media?parent=1740"}],"wp:term":[{"taxonomy":"category","embeddable":true,"href":"https:\/\/www.les-energies-renouvelables.eu\/article\/actualites\/wp-json\/wp\/v2\/categories?post=1740"},{"taxonomy":"post_tag","embeddable":true,"href":"https:\/\/www.les-energies-renouvelables.eu\/article\/actualites\/wp-json\/wp\/v2\/tags?post=1740"}],"curies":[{"name":"wp","href":"https:\/\/api.w.org\/{rel}","templated":true}]}}