{"id":1739,"date":"2026-09-02T10:15:00","date_gmt":"2026-09-02T08:15:00","guid":{"rendered":"https:\/\/www.les-energies-renouvelables.eu\/article\/actualites\/?p=1739"},"modified":"2026-08-31T17:37:14","modified_gmt":"2026-08-31T15:37:14","slug":"pourquoi-cette-canicule-de-septembre-2026-risque-de-faire-exploser-votre-facture-denergie","status":"publish","type":"post","link":"https:\/\/www.les-energies-renouvelables.eu\/article\/actualites\/energies\/pourquoi-cette-canicule-de-septembre-2026-risque-de-faire-exploser-votre-facture-denergie-1739\/","title":{"rendered":"Pourquoi cette canicule de septembre 2026 risque de faire exploser votre facture d&rsquo;\u00e9nergie"},"content":{"rendered":"\n<h2 class=\"wp-block-heading\">Ce que pr\u00e9voient les mod\u00e8les m\u00e9t\u00e9o pour la premi\u00e8re semaine de septembre<\/h2>\n\n\n\n<p class=\"wp-block-paragraph\">Le signal est devenu suffisamment net pour qu&rsquo;on puisse parler de tendance, pas seulement d&rsquo;hypoth\u00e8se. D\u00e8s la fin ao\u00fbt, <strong>un anticyclone puissant s&rsquo;est install\u00e9 sur la France<\/strong>, bloquant les perturbations atlantiques et favorisant la formation d&rsquo;un d\u00f4me de chaleur dans le Sud-Ouest. Une masse d&rsquo;air tr\u00e8s chaud remonte depuis le Maghreb et la p\u00e9ninsule ib\u00e9rique, et les mod\u00e8les m\u00e9t\u00e9o la font toucher la France autour du <strong>5 septembre<\/strong>.<\/p>\n\n\n\n<p class=\"wp-block-paragraph\">Les chiffres avanc\u00e9s par plusieurs organismes de pr\u00e9vision donnent le ton : Bordeaux pourrait approcher les <strong>37\u00b0C<\/strong>, Toulouse les <strong>34\u00b0C<\/strong>, Paris les <strong>31\u00b0C<\/strong>, et des villes comme Nantes ou Rennes d\u00e9passeraient les <strong>30\u00b0C<\/strong> ce m\u00eame jour. La chaleur se propagerait ensuite vers le nord et l&rsquo;est du pays d\u00e8s le 6 septembre. \u00c0 Toulouse, la m\u00e9diane des sc\u00e9narios du mod\u00e8le europ\u00e9en ECMWF place les temp\u00e9ratures au-dessus de 32\u00b0C sur une s\u00e9quence de plusieurs jours cons\u00e9cutifs autour de cette date.<\/p>\n\n\n\n<p class=\"wp-block-paragraph\"><strong>Copernicus<\/strong> \u00e9value \u00e0 <strong>70 \u00e0 100 %<\/strong> la probabilit\u00e9 d&rsquo;un mois de septembre anormalement chaud dans le nord-ouest de la France, et \u00e0 60 \u00e0 70 % sur le reste du territoire. Le mod\u00e8le ECMWF table sur un exc\u00e9dent de 1 \u00e0 1,5\u00b0C par rapport aux normales, quand le mod\u00e8le am\u00e9ricain \u00e9voque jusqu&rsquo;\u00e0 2\u00b0C sur l&rsquo;ouest du pays.<\/p>\n\n\n\n<p class=\"wp-block-paragraph\">Une pr\u00e9cision s&rsquo;impose cependant. Une vraie canicule au sens m\u00e9t\u00e9orologique, c&rsquo;est-\u00e0-dire r\u00e9pondant aux <strong>crit\u00e8res de l&rsquo;indicateur biom\u00e9t\u00e9orologique<\/strong> de M\u00e9t\u00e9o-France sur trois jours et trois nuits cons\u00e9cutifs, reste peu probable en septembre : les nuits plus longues permettent un refroidissement nocturne plus marqu\u00e9. Mais une <strong>pouss\u00e9e de chaleur intense<\/strong> de deux \u00e0 trois jours, avec des maximales estivales, est bien au rendez-vous d&rsquo;apr\u00e8s les sc\u00e9narios actuels.<\/p>\n\n\n\n<h2 class=\"wp-block-heading\">Pompe \u00e0 chaleur r\u00e9versible, volets, stores : les bons r\u00e9flexes avant le 5 septembre<\/h2>\n\n\n\n<p class=\"wp-block-paragraph\">Si vous poss\u00e9dez une <strong>pompe \u00e0 chaleur r\u00e9versible<\/strong>, vous avez probablement d\u00e9j\u00e0 chez vous la solution la plus efficace pour traverser ce pic sans exploser votre facture. La quasi-totalit\u00e9 des mod\u00e8les air-air vendus en France sont r\u00e9versibles, capables de rafra\u00eechir en \u00e9t\u00e9 en inversant leur cycle thermodynamique. Pourtant, beaucoup de propri\u00e9taires ignorent cette fonction ou ne savent pas l&rsquo;activer.<\/p>\n\n\n\n<p class=\"wp-block-paragraph\"><em>Par exemple, une PAC air-air d&rsquo;une puissance de 2,5 kW d\u00e9place en mode froid trois \u00e0 cinq fois plus d&rsquo;\u00e9nergie thermique qu&rsquo;elle n&rsquo;en consomme en \u00e9lectricit\u00e9. Un climatiseur mobile, lui, tourne \u00e0 800 W pour un r\u00e9sultat souvent inf\u00e9rieur, car le tuyau d&rsquo;\u00e9vacuation pass\u00e9 par une fen\u00eatre entrouverte laisse rentrer l&rsquo;air chaud en continu.<\/em><\/p>\n\n\n\n<p class=\"wp-block-paragraph\">Concr\u00e8tement, s\u00e9lectionnez le mode \u00ab\u00a0Cool\u00a0\u00bb ou \u00ab\u00a0Froid\u00a0\u00bb sur la t\u00e9l\u00e9commande, <strong>visez une temp\u00e9rature cible entre 26 et 28\u00b0C<\/strong> (descendre en dessous augmente la consommation sans am\u00e9liorer le confort), et relevez l\u00e9g\u00e8rement la consigne la nuit pour ne pas bloquer le refroidissement naturel.<\/p>\n\n\n\n<p class=\"wp-block-paragraph\">Les gestes passifs restent tout aussi efficaces et ne co\u00fbtent rien. <strong>Fermez volets et rideaux d\u00e8s le matin<\/strong> pour emp\u00eacher la chaleur solaire de s&rsquo;accumuler, a\u00e9rez largement entre 6h et 9h quand l&rsquo;air ext\u00e9rieur est encore frais, et \u00e9vitez de faire tourner lave-linge ou s\u00e8che-linge en journ\u00e9e. Ces pr\u00e9cautions simples r\u00e9duisent de plusieurs degr\u00e9s la temp\u00e9rature int\u00e9rieure avant m\u00eame que la PAC entre en action.<\/p>\n\n\n\n<h2 class=\"wp-block-heading\">Panneaux solaires et chaleur : ce que vous pouvez vraiment attendre de votre production<\/h2>\n\n\n\n<p class=\"wp-block-paragraph\">C&rsquo;est un paradoxe que beaucoup d&rsquo;installateurs expliquent mal : <strong>la chaleur excessive nuit au rendement des panneaux solaires<\/strong>. Un module photovolta\u00efque produit de l&rsquo;\u00e9lectricit\u00e9 gr\u00e2ce \u00e0 la lumi\u00e8re, pas \u00e0 la chaleur. Or, au-del\u00e0 de 25\u00b0C de temp\u00e9rature de cellule, chaque degr\u00e9 suppl\u00e9mentaire entra\u00eene une <strong>perte de rendement de 0,3 \u00e0 0,4 %<\/strong>. En plein \u00e9pisode caniculaire, la surface d&rsquo;un panneau peut facilement atteindre 60\u00b0C, ce qui repr\u00e9sente une perte de production instantan\u00e9e de l&rsquo;ordre de 10 \u00e0 20 % par rapport \u00e0 une journ\u00e9e de mai \u00e0 18\u00b0C.<\/p>\n\n\n\n<p class=\"wp-block-paragraph\">En pratique, cela ne remet pas en cause l&rsquo;int\u00e9r\u00eat d&rsquo;une installation solaire. Les journ\u00e9es restent longues et l&rsquo;ensoleillement excellent. <strong>L&rsquo;enjeu est surtout d&rsquo;autoconsommer un maximum de cette production<\/strong>, en faisant tourner la PAC en mode froid pendant les heures de fort ensoleillement plut\u00f4t qu&rsquo;en soir\u00e9e quand l&rsquo;\u00e9lectricit\u00e9 r\u00e9seau est la plus ch\u00e8re.<\/p>\n\n\n\n<p class=\"wp-block-paragraph\">Si vous poss\u00e9dez une batterie de stockage, programmez-la en priorit\u00e9 sur la recharge solaire en journ\u00e9e, pour disposer d&rsquo;une r\u00e9serve quand la chaleur persiste en soir\u00e9e et que les prix de gros grimpent.<\/p>\n\n\n\n<h2 class=\"wp-block-heading\">Facture d&rsquo;\u00e9lectricit\u00e9 : faut-il vraiment s&rsquo;inqui\u00e9ter pour septembre ?<\/h2>\n\n\n\n<p class=\"wp-block-paragraph\">Le comportement des prix de l&rsquo;\u00e9lectricit\u00e9 lors des \u00e9pisodes chauds est d\u00e9sormais bien document\u00e9. En journ\u00e9e, quand le solaire tourne \u00e0 plein r\u00e9gime, les prix sur le march\u00e9 de gros peuvent tomber tr\u00e8s bas, voire devenir n\u00e9gatifs. En soir\u00e9e, quand le soleil d\u00e9cline et que les climatiseurs continuent de tourner, <strong>les prix peuvent s&rsquo;envoler<\/strong>. Sur la journ\u00e9e du 22 juin 2026, l&rsquo;\u00e9cart entre l&rsquo;heure la moins ch\u00e8re \u00e0 13h et la plus ch\u00e8re \u00e0 20h atteignait pr\u00e8s de 181 \u20ac\/MWh.<\/p>\n\n\n\n<p class=\"wp-block-paragraph\">Pour les foyers au <strong>tarif r\u00e9glement\u00e9<\/strong>, ces variations restent sans impact direct sur la facture, qui est liss\u00e9e sur l&rsquo;ann\u00e9e. En revanche, si vous \u00eates sur un <strong>tarif heures pleines \/ heures creuses<\/strong>, c&rsquo;est le moment de d\u00e9caler un maximum de consommation (recharge de v\u00e9hicule \u00e9lectrique, machine \u00e0 laver, lave-vaisselle) vers les tranches nocturnes ou les premi\u00e8res heures du matin. Depuis ao\u00fbt 2026, l&rsquo;option heures pleines \/ heures creuses est d&rsquo;ailleurs accessible aux compteurs de <strong>3 kVA<\/strong>, ce qui ouvre ce levier \u00e0 un plus grand nombre de foyers.<\/p>\n\n\n\n<p class=\"wp-block-paragraph\">La vraie pr\u00e9caution reste de ne pas paniquer devant les chiffres spectaculaires parfois \u00e9voqu\u00e9s. Le prix qui fluctue sur les march\u00e9s de gros ne refl\u00e8te qu&rsquo;une part infime de ce que vous payez r\u00e9ellement chaque mois.<\/p>\n\n\n\n<p class=\"wp-block-paragraph\"><\/p>\n","protected":false},"excerpt":{"rendered":"","protected":false},"author":8,"featured_media":1745,"comment_status":"open","ping_status":"open","sticky":false,"template":"","format":"standard","meta":{"_acf_changed":false,"footnotes":""},"categories":[1],"tags":[17,103],"class_list":["post-1739","post","type-post","status-publish","format-standard","has-post-thumbnail","hentry","category-energies","tag-canicule","tag-facture","masonry-post","generate-columns","tablet-grid-50","mobile-grid-100","grid-parent","grid-33"],"acf":{"social-publish":false,"just-linkedin":false,"just-facebook":false,"test":""},"yoast_head":"<!-- This site is optimized with the Yoast SEO plugin v28.4 - https:\/\/yoast.com\/product\/yoast-seo-wordpress\/ -->\n<title>Pourquoi cette canicule de septembre 2026 risque de faire exploser votre facture d&#039;\u00e9nergie - ECOinfos<\/title>\n<meta name=\"robots\" content=\"index, follow, max-snippet:-1, max-image-preview:large, max-video-preview:-1\" \/>\n<link rel=\"canonical\" href=\"https:\/\/www.les-energies-renouvelables.eu\/article\/actualites\/energies\/pourquoi-cette-canicule-de-septembre-2026-risque-de-faire-exploser-votre-facture-denergie-1739\/\" \/>\n<meta property=\"og:locale\" content=\"fr_FR\" \/>\n<meta property=\"og:type\" content=\"article\" \/>\n<meta property=\"og:title\" content=\"Pourquoi cette canicule de septembre 2026 risque de faire exploser votre facture d&#039;\u00e9nergie - ECOinfos\" \/>\n<meta property=\"og:description\" content=\"L&#039;\u00e9t\u00e9 2026 n&#039;en a pas encore fini avec la France. Apr\u00e8s 70 jours cons\u00e9cutifs au-dessus des normales saisonni\u00e8res, les mod\u00e8les m\u00e9t\u00e9o convergent sur un retour de la chaleur d\u00e8s le d\u00e9but septembre, avec un pic attendu autour du 5 septembre et des pointes \u00e0 37\u00b0C dans le Sud-Ouest. Avant que le thermom\u00e8tre remonte, voici comment anticiper c\u00f4t\u00e9 \u00e9nergie et \u00e9quipements.\" \/>\n<meta property=\"og:url\" content=\"https:\/\/www.les-energies-renouvelables.eu\/article\/actualites\/energies\/pourquoi-cette-canicule-de-septembre-2026-risque-de-faire-exploser-votre-facture-denergie-1739\/\" \/>\n<meta property=\"og:site_name\" content=\"ECOinfos Energies renouvelables\" \/>\n<meta property=\"article:publisher\" content=\"https:\/\/www.facebook.com\/ecoannuaire.energierenouvelable\/\" \/>\n<meta property=\"article:author\" content=\"https:\/\/www.facebook.com\/michel.castelnau.7\" \/>\n<meta property=\"article:published_time\" content=\"2026-09-02T08:15:00+00:00\" \/>\n<meta property=\"og:image\" content=\"https:\/\/www.les-energies-renouvelables.eu\/article\/actualites\/wp-content\/uploads\/2026\/08\/actualites-ce-que-risquent-les-proprietaires-de-panneaux-solaires-installes-sans-declaration-prealable-canicule-de-septembre-2026.jpg\" \/>\n\t<meta property=\"og:image:width\" content=\"1200\" \/>\n\t<meta property=\"og:image:height\" content=\"675\" \/>\n\t<meta property=\"og:image:type\" content=\"image\/jpeg\" \/>\n<meta name=\"author\" content=\"Michel Castelnau\" \/>\n<meta name=\"twitter:card\" content=\"summary_large_image\" \/>\n<meta name=\"twitter:creator\" content=\"@ECOinfosENR\" \/>\n<meta name=\"twitter:site\" content=\"@ECOinfosENR\" \/>\n<meta name=\"twitter:label1\" content=\"\u00c9crit par\" \/>\n\t<meta name=\"twitter:data1\" content=\"Michel Castelnau\" \/>\n\t<meta name=\"twitter:label2\" content=\"Dur\u00e9e de lecture estim\u00e9e\" \/>\n\t<meta name=\"twitter:data2\" content=\"5 minutes\" \/>\n<script type=\"application\/ld+json\" class=\"yoast-schema-graph\">{\"@context\":\"https:\\\/\\\/schema.org\",\"@graph\":[{\"@type\":\"NewsArticle\",\"@id\":\"https:\\\/\\\/www.les-energies-renouvelables.eu\\\/article\\\/actualites\\\/energies\\\/pourquoi-cette-canicule-de-septembre-2026-risque-de-faire-exploser-votre-facture-denergie-1739\\\/#article\",\"isPartOf\":{\"@id\":\"https:\\\/\\\/www.les-energies-renouvelables.eu\\\/article\\\/actualites\\\/energies\\\/pourquoi-cette-canicule-de-septembre-2026-risque-de-faire-exploser-votre-facture-denergie-1739\\\/\"},\"author\":{\"name\":\"Michel Castelnau\",\"@id\":\"https:\\\/\\\/www.les-energies-renouvelables.eu\\\/article\\\/actualites\\\/#\\\/schema\\\/person\\\/21f43c1e26c324fe4707b304b4f3a456\"},\"headline\":\"Pourquoi cette canicule de septembre 2026 risque de faire exploser votre facture d&rsquo;\u00e9nergie\",\"datePublished\":\"2026-09-02T08:15:00+00:00\",\"mainEntityOfPage\":{\"@id\":\"https:\\\/\\\/www.les-energies-renouvelables.eu\\\/article\\\/actualites\\\/energies\\\/pourquoi-cette-canicule-de-septembre-2026-risque-de-faire-exploser-votre-facture-denergie-1739\\\/\"},\"wordCount\":1044,\"commentCount\":0,\"publisher\":{\"@id\":\"https:\\\/\\\/www.les-energies-renouvelables.eu\\\/article\\\/actualites\\\/#organization\"},\"image\":{\"@id\":\"https:\\\/\\\/www.les-energies-renouvelables.eu\\\/article\\\/actualites\\\/energies\\\/pourquoi-cette-canicule-de-septembre-2026-risque-de-faire-exploser-votre-facture-denergie-1739\\\/#primaryimage\"},\"thumbnailUrl\":\"https:\\\/\\\/www.les-energies-renouvelables.eu\\\/article\\\/actualites\\\/wp-content\\\/uploads\\\/2026\\\/08\\\/actualites-ce-que-risquent-les-proprietaires-de-panneaux-solaires-installes-sans-declaration-prealable-canicule-de-septembre-2026.jpg\",\"keywords\":[\"Canicule\",\"facture\"],\"articleSection\":[\"\u00c9nergies\"],\"inLanguage\":\"fr-FR\",\"potentialAction\":[{\"@type\":\"CommentAction\",\"name\":\"Comment\",\"target\":[\"https:\\\/\\\/www.les-energies-renouvelables.eu\\\/article\\\/actualites\\\/energies\\\/pourquoi-cette-canicule-de-septembre-2026-risque-de-faire-exploser-votre-facture-denergie-1739\\\/#respond\"]}]},{\"@type\":\"WebPage\",\"@id\":\"https:\\\/\\\/www.les-energies-renouvelables.eu\\\/article\\\/actualites\\\/energies\\\/pourquoi-cette-canicule-de-septembre-2026-risque-de-faire-exploser-votre-facture-denergie-1739\\\/\",\"url\":\"https:\\\/\\\/www.les-energies-renouvelables.eu\\\/article\\\/actualites\\\/energies\\\/pourquoi-cette-canicule-de-septembre-2026-risque-de-faire-exploser-votre-facture-denergie-1739\\\/\",\"name\":\"Pourquoi cette canicule de septembre 2026 risque de faire exploser votre facture d'\u00e9nergie - ECOinfos\",\"isPartOf\":{\"@id\":\"https:\\\/\\\/www.les-energies-renouvelables.eu\\\/article\\\/actualites\\\/#website\"},\"primaryImageOfPage\":{\"@id\":\"https:\\\/\\\/www.les-energies-renouvelables.eu\\\/article\\\/actualites\\\/energies\\\/pourquoi-cette-canicule-de-septembre-2026-risque-de-faire-exploser-votre-facture-denergie-1739\\\/#primaryimage\"},\"image\":{\"@id\":\"https:\\\/\\\/www.les-energies-renouvelables.eu\\\/article\\\/actualites\\\/energies\\\/pourquoi-cette-canicule-de-septembre-2026-risque-de-faire-exploser-votre-facture-denergie-1739\\\/#primaryimage\"},\"thumbnailUrl\":\"https:\\\/\\\/www.les-energies-renouvelables.eu\\\/article\\\/actualites\\\/wp-content\\\/uploads\\\/2026\\\/08\\\/actualites-ce-que-risquent-les-proprietaires-de-panneaux-solaires-installes-sans-declaration-prealable-canicule-de-septembre-2026.jpg\",\"datePublished\":\"2026-09-02T08:15:00+00:00\",\"breadcrumb\":{\"@id\":\"https:\\\/\\\/www.les-energies-renouvelables.eu\\\/article\\\/actualites\\\/energies\\\/pourquoi-cette-canicule-de-septembre-2026-risque-de-faire-exploser-votre-facture-denergie-1739\\\/#breadcrumb\"},\"inLanguage\":\"fr-FR\",\"potentialAction\":[{\"@type\":\"ReadAction\",\"target\":[\"https:\\\/\\\/www.les-energies-renouvelables.eu\\\/article\\\/actualites\\\/energies\\\/pourquoi-cette-canicule-de-septembre-2026-risque-de-faire-exploser-votre-facture-denergie-1739\\\/\"]}]},{\"@type\":\"ImageObject\",\"inLanguage\":\"fr-FR\",\"@id\":\"https:\\\/\\\/www.les-energies-renouvelables.eu\\\/article\\\/actualites\\\/energies\\\/pourquoi-cette-canicule-de-septembre-2026-risque-de-faire-exploser-votre-facture-denergie-1739\\\/#primaryimage\",\"url\":\"https:\\\/\\\/www.les-energies-renouvelables.eu\\\/article\\\/actualites\\\/wp-content\\\/uploads\\\/2026\\\/08\\\/actualites-ce-que-risquent-les-proprietaires-de-panneaux-solaires-installes-sans-declaration-prealable-canicule-de-septembre-2026.jpg\",\"contentUrl\":\"https:\\\/\\\/www.les-energies-renouvelables.eu\\\/article\\\/actualites\\\/wp-content\\\/uploads\\\/2026\\\/08\\\/actualites-ce-que-risquent-les-proprietaires-de-panneaux-solaires-installes-sans-declaration-prealable-canicule-de-septembre-2026.jpg\",\"width\":1200,\"height\":675,\"caption\":\"kaboompics.com (Pexels)\"},{\"@type\":\"BreadcrumbList\",\"@id\":\"https:\\\/\\\/www.les-energies-renouvelables.eu\\\/article\\\/actualites\\\/energies\\\/pourquoi-cette-canicule-de-septembre-2026-risque-de-faire-exploser-votre-facture-denergie-1739\\\/#breadcrumb\",\"itemListElement\":[{\"@type\":\"ListItem\",\"position\":1,\"name\":\"Accueil\",\"item\":\"https:\\\/\\\/www.les-energies-renouvelables.eu\\\/article\\\/actualites\\\/\"},{\"@type\":\"ListItem\",\"position\":2,\"name\":\"Pourquoi cette canicule de septembre 2026 risque de faire exploser votre facture d&rsquo;\u00e9nergie\"}]},{\"@type\":\"WebSite\",\"@id\":\"https:\\\/\\\/www.les-energies-renouvelables.eu\\\/article\\\/actualites\\\/#website\",\"url\":\"https:\\\/\\\/www.les-energies-renouvelables.eu\\\/article\\\/actualites\\\/\",\"name\":\"ECOinfos Energies renouvelables\",\"description\":\"Le d\u00e9cryptage quotidien du secteur des \u00e9nergies renouvelables\",\"publisher\":{\"@id\":\"https:\\\/\\\/www.les-energies-renouvelables.eu\\\/article\\\/actualites\\\/#organization\"},\"potentialAction\":[{\"@type\":\"SearchAction\",\"target\":{\"@type\":\"EntryPoint\",\"urlTemplate\":\"https:\\\/\\\/www.les-energies-renouvelables.eu\\\/article\\\/actualites\\\/?s={search_term_string}\"},\"query-input\":{\"@type\":\"PropertyValueSpecification\",\"valueRequired\":true,\"valueName\":\"search_term_string\"}}],\"inLanguage\":\"fr-FR\"},{\"@type\":\"Organization\",\"@id\":\"https:\\\/\\\/www.les-energies-renouvelables.eu\\\/article\\\/actualites\\\/#organization\",\"name\":\"ECOinfos Energies renouvelables\",\"url\":\"https:\\\/\\\/www.les-energies-renouvelables.eu\\\/article\\\/actualites\\\/\",\"logo\":{\"@type\":\"ImageObject\",\"inLanguage\":\"fr-FR\",\"@id\":\"https:\\\/\\\/www.les-energies-renouvelables.eu\\\/article\\\/actualites\\\/#\\\/schema\\\/logo\\\/image\\\/\",\"url\":\"https:\\\/\\\/www.les-energies-renouvelables.eu\\\/article\\\/actualites\\\/wp-content\\\/uploads\\\/2025\\\/11\\\/ecoinfos.eldorado-consulting.com-logo-logo.svg\",\"contentUrl\":\"https:\\\/\\\/www.les-energies-renouvelables.eu\\\/article\\\/actualites\\\/wp-content\\\/uploads\\\/2025\\\/11\\\/ecoinfos.eldorado-consulting.com-logo-logo.svg\",\"caption\":\"ECOinfos Energies renouvelables\"},\"image\":{\"@id\":\"https:\\\/\\\/www.les-energies-renouvelables.eu\\\/article\\\/actualites\\\/#\\\/schema\\\/logo\\\/image\\\/\"},\"sameAs\":[\"https:\\\/\\\/www.facebook.com\\\/ecoannuaire.energierenouvelable\\\/\",\"https:\\\/\\\/x.com\\\/ECOinfosENR\",\"https:\\\/\\\/www.linkedin.com\\\/company\\\/ecoinfos-energies-renouvelables\\\/\",\"https:\\\/\\\/www.youtube.com\\\/@ecoinfosenergies\",\"https:\\\/\\\/share.google\\\/dyKHJPxAV42WhhjbM\"]},{\"@type\":\"Person\",\"@id\":\"https:\\\/\\\/www.les-energies-renouvelables.eu\\\/article\\\/actualites\\\/#\\\/schema\\\/person\\\/21f43c1e26c324fe4707b304b4f3a456\",\"name\":\"Michel Castelnau\",\"pronouns\":\"Michel Castelnau\",\"image\":{\"@type\":\"ImageObject\",\"inLanguage\":\"fr-FR\",\"@id\":\"https:\\\/\\\/www.les-energies-renouvelables.eu\\\/article\\\/actualites\\\/wp-content\\\/uploads\\\/2026\\\/07\\\/actualites-michel-castelnau-michel-castelnau-160x160.webp\",\"url\":\"https:\\\/\\\/www.les-energies-renouvelables.eu\\\/article\\\/actualites\\\/wp-content\\\/uploads\\\/2026\\\/07\\\/actualites-michel-castelnau-michel-castelnau-160x160.webp\",\"contentUrl\":\"https:\\\/\\\/www.les-energies-renouvelables.eu\\\/article\\\/actualites\\\/wp-content\\\/uploads\\\/2026\\\/07\\\/actualites-michel-castelnau-michel-castelnau-160x160.webp\",\"caption\":\"Michel Castelnau\"},\"description\":\"Je suis Michel Castelnau, professionnel du secteur photovolta\u00efque et des \u00e9nergies renouvelables. En 2008, j\u2019ai fond\u00e9 ECOinfos Energies Renouvelables avec l\u2019ambition de rendre l\u2019information sur les solutions \u00e9nerg\u00e9tiques durables plus accessible, claire et utile. Fort de mon exp\u00e9rience dans le domaine du solaire photovolta\u00efque, je suis avec attention les \u00e9volutions technologiques, \u00e9conomiques et r\u00e9glementaires du march\u00e9. \u00c0 travers mes publications, je partage mon expertise, d\u00e9crypte les tendances du secteur et accompagne les particuliers comme les professionnels dans leur compr\u00e9hension des enjeux li\u00e9s \u00e0 la transition \u00e9nerg\u00e9tique.\",\"sameAs\":[\"https:\\\/\\\/www.facebook.com\\\/michel.castelnau.7\",\"https:\\\/\\\/www.linkedin.com\\\/in\\\/michel-castelnau-41970823\\\/\"],\"url\":\"https:\\\/\\\/www.les-energies-renouvelables.eu\\\/article\\\/actualites\\\/author\\\/michel-castelnau\\\/\"}]}<\/script>\n<!-- \/ Yoast SEO plugin. -->","yoast_head_json":{"title":"Pourquoi cette canicule de septembre 2026 risque de faire exploser votre facture d'\u00e9nergie - ECOinfos","robots":{"index":"index","follow":"follow","max-snippet":"max-snippet:-1","max-image-preview":"max-image-preview:large","max-video-preview":"max-video-preview:-1"},"canonical":"https:\/\/www.les-energies-renouvelables.eu\/article\/actualites\/energies\/pourquoi-cette-canicule-de-septembre-2026-risque-de-faire-exploser-votre-facture-denergie-1739\/","og_locale":"fr_FR","og_type":"article","og_title":"Pourquoi cette canicule de septembre 2026 risque de faire exploser votre facture d'\u00e9nergie - ECOinfos","og_description":"L'\u00e9t\u00e9 2026 n'en a pas encore fini avec la France. Apr\u00e8s 70 jours cons\u00e9cutifs au-dessus des normales saisonni\u00e8res, les mod\u00e8les m\u00e9t\u00e9o convergent sur un retour de la chaleur d\u00e8s le d\u00e9but septembre, avec un pic attendu autour du 5 septembre et des pointes \u00e0 37\u00b0C dans le Sud-Ouest. Avant que le thermom\u00e8tre remonte, voici comment anticiper c\u00f4t\u00e9 \u00e9nergie et \u00e9quipements.","og_url":"https:\/\/www.les-energies-renouvelables.eu\/article\/actualites\/energies\/pourquoi-cette-canicule-de-septembre-2026-risque-de-faire-exploser-votre-facture-denergie-1739\/","og_site_name":"ECOinfos Energies renouvelables","article_publisher":"https:\/\/www.facebook.com\/ecoannuaire.energierenouvelable\/","article_author":"https:\/\/www.facebook.com\/michel.castelnau.7","article_published_time":"2026-09-02T08:15:00+00:00","og_image":[{"width":1200,"height":675,"url":"https:\/\/www.les-energies-renouvelables.eu\/article\/actualites\/wp-content\/uploads\/2026\/08\/actualites-ce-que-risquent-les-proprietaires-de-panneaux-solaires-installes-sans-declaration-prealable-canicule-de-septembre-2026.jpg","type":"image\/jpeg"}],"author":"Michel Castelnau","twitter_card":"summary_large_image","twitter_creator":"@ECOinfosENR","twitter_site":"@ECOinfosENR","twitter_misc":{"\u00c9crit par":"Michel Castelnau","Dur\u00e9e de lecture estim\u00e9e":"5 minutes"},"schema":{"@context":"https:\/\/schema.org","@graph":[{"@type":"NewsArticle","@id":"https:\/\/www.les-energies-renouvelables.eu\/article\/actualites\/energies\/pourquoi-cette-canicule-de-septembre-2026-risque-de-faire-exploser-votre-facture-denergie-1739\/#article","isPartOf":{"@id":"https:\/\/www.les-energies-renouvelables.eu\/article\/actualites\/energies\/pourquoi-cette-canicule-de-septembre-2026-risque-de-faire-exploser-votre-facture-denergie-1739\/"},"author":{"name":"Michel Castelnau","@id":"https:\/\/www.les-energies-renouvelables.eu\/article\/actualites\/#\/schema\/person\/21f43c1e26c324fe4707b304b4f3a456"},"headline":"Pourquoi cette canicule de septembre 2026 risque de faire exploser votre facture d&rsquo;\u00e9nergie","datePublished":"2026-09-02T08:15:00+00:00","mainEntityOfPage":{"@id":"https:\/\/www.les-energies-renouvelables.eu\/article\/actualites\/energies\/pourquoi-cette-canicule-de-septembre-2026-risque-de-faire-exploser-votre-facture-denergie-1739\/"},"wordCount":1044,"commentCount":0,"publisher":{"@id":"https:\/\/www.les-energies-renouvelables.eu\/article\/actualites\/#organization"},"image":{"@id":"https:\/\/www.les-energies-renouvelables.eu\/article\/actualites\/energies\/pourquoi-cette-canicule-de-septembre-2026-risque-de-faire-exploser-votre-facture-denergie-1739\/#primaryimage"},"thumbnailUrl":"https:\/\/www.les-energies-renouvelables.eu\/article\/actualites\/wp-content\/uploads\/2026\/08\/actualites-ce-que-risquent-les-proprietaires-de-panneaux-solaires-installes-sans-declaration-prealable-canicule-de-septembre-2026.jpg","keywords":["Canicule","facture"],"articleSection":["\u00c9nergies"],"inLanguage":"fr-FR","potentialAction":[{"@type":"CommentAction","name":"Comment","target":["https:\/\/www.les-energies-renouvelables.eu\/article\/actualites\/energies\/pourquoi-cette-canicule-de-septembre-2026-risque-de-faire-exploser-votre-facture-denergie-1739\/#respond"]}]},{"@type":"WebPage","@id":"https:\/\/www.les-energies-renouvelables.eu\/article\/actualites\/energies\/pourquoi-cette-canicule-de-septembre-2026-risque-de-faire-exploser-votre-facture-denergie-1739\/","url":"https:\/\/www.les-energies-renouvelables.eu\/article\/actualites\/energies\/pourquoi-cette-canicule-de-septembre-2026-risque-de-faire-exploser-votre-facture-denergie-1739\/","name":"Pourquoi cette canicule de septembre 2026 risque de faire exploser votre facture d'\u00e9nergie - ECOinfos","isPartOf":{"@id":"https:\/\/www.les-energies-renouvelables.eu\/article\/actualites\/#website"},"primaryImageOfPage":{"@id":"https:\/\/www.les-energies-renouvelables.eu\/article\/actualites\/energies\/pourquoi-cette-canicule-de-septembre-2026-risque-de-faire-exploser-votre-facture-denergie-1739\/#primaryimage"},"image":{"@id":"https:\/\/www.les-energies-renouvelables.eu\/article\/actualites\/energies\/pourquoi-cette-canicule-de-septembre-2026-risque-de-faire-exploser-votre-facture-denergie-1739\/#primaryimage"},"thumbnailUrl":"https:\/\/www.les-energies-renouvelables.eu\/article\/actualites\/wp-content\/uploads\/2026\/08\/actualites-ce-que-risquent-les-proprietaires-de-panneaux-solaires-installes-sans-declaration-prealable-canicule-de-septembre-2026.jpg","datePublished":"2026-09-02T08:15:00+00:00","breadcrumb":{"@id":"https:\/\/www.les-energies-renouvelables.eu\/article\/actualites\/energies\/pourquoi-cette-canicule-de-septembre-2026-risque-de-faire-exploser-votre-facture-denergie-1739\/#breadcrumb"},"inLanguage":"fr-FR","potentialAction":[{"@type":"ReadAction","target":["https:\/\/www.les-energies-renouvelables.eu\/article\/actualites\/energies\/pourquoi-cette-canicule-de-septembre-2026-risque-de-faire-exploser-votre-facture-denergie-1739\/"]}]},{"@type":"ImageObject","inLanguage":"fr-FR","@id":"https:\/\/www.les-energies-renouvelables.eu\/article\/actualites\/energies\/pourquoi-cette-canicule-de-septembre-2026-risque-de-faire-exploser-votre-facture-denergie-1739\/#primaryimage","url":"https:\/\/www.les-energies-renouvelables.eu\/article\/actualites\/wp-content\/uploads\/2026\/08\/actualites-ce-que-risquent-les-proprietaires-de-panneaux-solaires-installes-sans-declaration-prealable-canicule-de-septembre-2026.jpg","contentUrl":"https:\/\/www.les-energies-renouvelables.eu\/article\/actualites\/wp-content\/uploads\/2026\/08\/actualites-ce-que-risquent-les-proprietaires-de-panneaux-solaires-installes-sans-declaration-prealable-canicule-de-septembre-2026.jpg","width":1200,"height":675,"caption":"kaboompics.com (Pexels)"},{"@type":"BreadcrumbList","@id":"https:\/\/www.les-energies-renouvelables.eu\/article\/actualites\/energies\/pourquoi-cette-canicule-de-septembre-2026-risque-de-faire-exploser-votre-facture-denergie-1739\/#breadcrumb","itemListElement":[{"@type":"ListItem","position":1,"name":"Accueil","item":"https:\/\/www.les-energies-renouvelables.eu\/article\/actualites\/"},{"@type":"ListItem","position":2,"name":"Pourquoi cette canicule de septembre 2026 risque de faire exploser votre facture d&rsquo;\u00e9nergie"}]},{"@type":"WebSite","@id":"https:\/\/www.les-energies-renouvelables.eu\/article\/actualites\/#website","url":"https:\/\/www.les-energies-renouvelables.eu\/article\/actualites\/","name":"ECOinfos Energies renouvelables","description":"Le d\u00e9cryptage quotidien du secteur des \u00e9nergies renouvelables","publisher":{"@id":"https:\/\/www.les-energies-renouvelables.eu\/article\/actualites\/#organization"},"potentialAction":[{"@type":"SearchAction","target":{"@type":"EntryPoint","urlTemplate":"https:\/\/www.les-energies-renouvelables.eu\/article\/actualites\/?s={search_term_string}"},"query-input":{"@type":"PropertyValueSpecification","valueRequired":true,"valueName":"search_term_string"}}],"inLanguage":"fr-FR"},{"@type":"Organization","@id":"https:\/\/www.les-energies-renouvelables.eu\/article\/actualites\/#organization","name":"ECOinfos Energies renouvelables","url":"https:\/\/www.les-energies-renouvelables.eu\/article\/actualites\/","logo":{"@type":"ImageObject","inLanguage":"fr-FR","@id":"https:\/\/www.les-energies-renouvelables.eu\/article\/actualites\/#\/schema\/logo\/image\/","url":"https:\/\/www.les-energies-renouvelables.eu\/article\/actualites\/wp-content\/uploads\/2025\/11\/ecoinfos.eldorado-consulting.com-logo-logo.svg","contentUrl":"https:\/\/www.les-energies-renouvelables.eu\/article\/actualites\/wp-content\/uploads\/2025\/11\/ecoinfos.eldorado-consulting.com-logo-logo.svg","caption":"ECOinfos Energies renouvelables"},"image":{"@id":"https:\/\/www.les-energies-renouvelables.eu\/article\/actualites\/#\/schema\/logo\/image\/"},"sameAs":["https:\/\/www.facebook.com\/ecoannuaire.energierenouvelable\/","https:\/\/x.com\/ECOinfosENR","https:\/\/www.linkedin.com\/company\/ecoinfos-energies-renouvelables\/","https:\/\/www.youtube.com\/@ecoinfosenergies","https:\/\/share.google\/dyKHJPxAV42WhhjbM"]},{"@type":"Person","@id":"https:\/\/www.les-energies-renouvelables.eu\/article\/actualites\/#\/schema\/person\/21f43c1e26c324fe4707b304b4f3a456","name":"Michel Castelnau","pronouns":"Michel Castelnau","image":{"@type":"ImageObject","inLanguage":"fr-FR","@id":"https:\/\/www.les-energies-renouvelables.eu\/article\/actualites\/wp-content\/uploads\/2026\/07\/actualites-michel-castelnau-michel-castelnau-160x160.webp","url":"https:\/\/www.les-energies-renouvelables.eu\/article\/actualites\/wp-content\/uploads\/2026\/07\/actualites-michel-castelnau-michel-castelnau-160x160.webp","contentUrl":"https:\/\/www.les-energies-renouvelables.eu\/article\/actualites\/wp-content\/uploads\/2026\/07\/actualites-michel-castelnau-michel-castelnau-160x160.webp","caption":"Michel Castelnau"},"description":"Je suis Michel Castelnau, professionnel du secteur photovolta\u00efque et des \u00e9nergies renouvelables. En 2008, j\u2019ai fond\u00e9 ECOinfos Energies Renouvelables avec l\u2019ambition de rendre l\u2019information sur les solutions \u00e9nerg\u00e9tiques durables plus accessible, claire et utile. Fort de mon exp\u00e9rience dans le domaine du solaire photovolta\u00efque, je suis avec attention les \u00e9volutions technologiques, \u00e9conomiques et r\u00e9glementaires du march\u00e9. \u00c0 travers mes publications, je partage mon expertise, d\u00e9crypte les tendances du secteur et accompagne les particuliers comme les professionnels dans leur compr\u00e9hension des enjeux li\u00e9s \u00e0 la transition \u00e9nerg\u00e9tique.","sameAs":["https:\/\/www.facebook.com\/michel.castelnau.7","https:\/\/www.linkedin.com\/in\/michel-castelnau-41970823\/"],"url":"https:\/\/www.les-energies-renouvelables.eu\/article\/actualites\/author\/michel-castelnau\/"}]}},"_links":{"self":[{"href":"https:\/\/www.les-energies-renouvelables.eu\/article\/actualites\/wp-json\/wp\/v2\/posts\/1739","targetHints":{"allow":["GET"]}}],"collection":[{"href":"https:\/\/www.les-energies-renouvelables.eu\/article\/actualites\/wp-json\/wp\/v2\/posts"}],"about":[{"href":"https:\/\/www.les-energies-renouvelables.eu\/article\/actualites\/wp-json\/wp\/v2\/types\/post"}],"author":[{"embeddable":true,"href":"https:\/\/www.les-energies-renouvelables.eu\/article\/actualites\/wp-json\/wp\/v2\/users\/8"}],"replies":[{"embeddable":true,"href":"https:\/\/www.les-energies-renouvelables.eu\/article\/actualites\/wp-json\/wp\/v2\/comments?post=1739"}],"version-history":[{"count":2,"href":"https:\/\/www.les-energies-renouvelables.eu\/article\/actualites\/wp-json\/wp\/v2\/posts\/1739\/revisions"}],"predecessor-version":[{"id":1748,"href":"https:\/\/www.les-energies-renouvelables.eu\/article\/actualites\/wp-json\/wp\/v2\/posts\/1739\/revisions\/1748"}],"wp:featuredmedia":[{"embeddable":true,"href":"https:\/\/www.les-energies-renouvelables.eu\/article\/actualites\/wp-json\/wp\/v2\/media\/1745"}],"wp:attachment":[{"href":"https:\/\/www.les-energies-renouvelables.eu\/article\/actualites\/wp-json\/wp\/v2\/media?parent=1739"}],"wp:term":[{"taxonomy":"category","embeddable":true,"href":"https:\/\/www.les-energies-renouvelables.eu\/article\/actualites\/wp-json\/wp\/v2\/categories?post=1739"},{"taxonomy":"post_tag","embeddable":true,"href":"https:\/\/www.les-energies-renouvelables.eu\/article\/actualites\/wp-json\/wp\/v2\/tags?post=1739"}],"curies":[{"name":"wp","href":"https:\/\/api.w.org\/{rel}","templated":true}]}}