{"id":1738,"date":"2026-09-01T08:50:00","date_gmt":"2026-09-01T06:50:00","guid":{"rendered":"https:\/\/www.les-energies-renouvelables.eu\/article\/actualites\/?p=1738"},"modified":"2026-08-31T17:36:57","modified_gmt":"2026-08-31T15:36:57","slug":"ce-que-risquent-les-proprietaires-de-panneaux-solaires-installes-sans-declaration-prealable","status":"publish","type":"post","link":"https:\/\/www.les-energies-renouvelables.eu\/article\/actualites\/energies\/ce-que-risquent-les-proprietaires-de-panneaux-solaires-installes-sans-declaration-prealable-1738\/","title":{"rendered":"Ce que risquent les propri\u00e9taires de panneaux solaires install\u00e9s sans d\u00e9claration pr\u00e9alable"},"content":{"rendered":"\n<h2 class=\"wp-block-heading\">La d\u00e9claration pr\u00e9alable de travaux, une \u00e9tape obligatoire que beaucoup oublient<\/h2>\n\n\n\n<p class=\"wp-block-paragraph\">D\u00e8s lors que votre installation modifie l&rsquo;aspect ext\u00e9rieur de votre toiture, vous \u00eates dans l&rsquo;obligation de d\u00e9poser une <strong>d\u00e9claration pr\u00e9alable de travaux<\/strong> aupr\u00e8s de votre mairie. Et dans le cas des panneaux solaires, cette modification est syst\u00e9matique : le simple fait d&rsquo;ajouter des modules sur un toit suffit \u00e0 d\u00e9clencher l&rsquo;obligation, quelle que soit la puissance install\u00e9e. Que vous posiez 3 kWc ou 9 kWc, la r\u00e8gle s&rsquo;applique de la m\u00eame fa\u00e7on.<\/p>\n\n\n\n<p class=\"wp-block-paragraph\">Pour une maison existante, la d\u00e9marche consiste \u00e0 remplir le <strong>formulaire CERFA n\u00b013703<\/strong> et \u00e0 constituer un dossier comprenant un plan de situation du terrain, un plan de masse, des photos de la toiture actuelle et une description pr\u00e9cise des panneaux envisag\u00e9s (dimensions, couleur, int\u00e9gration). La mairie dispose ensuite d&rsquo;<strong>un mois pour instruire la demande<\/strong>. En l&rsquo;absence de r\u00e9ponse dans ce d\u00e9lai, l&rsquo;accord est consid\u00e9r\u00e9 comme tacite. Pour une construction neuve, les panneaux doivent simplement \u00eatre int\u00e9gr\u00e9s au permis de construire initial.<\/p>\n\n\n\n<p class=\"wp-block-paragraph\"><em>Par exemple, si vous faites poser une vingtaine de panneaux sur le toit de votre maison, vous modifiez l&rsquo;aspect ext\u00e9rieur de votre bien. Peu importe que votre installation soit de 6 kWc ou de 9 kWc, la d\u00e9claration pr\u00e9alable est obligatoire avant le premier coup de perceuse.<\/em><\/p>\n\n\n\n<p class=\"wp-block-paragraph\">Seule exception notable : les installations <strong>au sol<\/strong>, d&rsquo;une puissance inf\u00e9rieure \u00e0 3 kWc et d&rsquo;une hauteur maximale de 1,80 m\u00e8tre, peuvent dans certains cas \u00eatre dispens\u00e9es de formalit\u00e9 administrative hors zones prot\u00e9g\u00e9es. Mais d\u00e8s que l&rsquo;une de ces deux conditions n&rsquo;est pas remplie, la d\u00e9claration redevient obligatoire. Il est donc vivement conseill\u00e9 de <strong>v\u00e9rifier le Plan Local d&rsquo;Urbanisme<\/strong> de votre commune avant toute d\u00e9cision, car certains PLU imposent des r\u00e8gles suppl\u00e9mentaires.<\/p>\n\n\n\n<h2 class=\"wp-block-heading\">Des sanctions pouvant grimper jusqu&rsquo;\u00e0 6 000\u20ac par m\u00e8tre carr\u00e9, et ce n&rsquo;est pas le seul risque<\/h2>\n\n\n\n<p class=\"wp-block-paragraph\">Poser vos panneaux sans autorisation, c&rsquo;est commettre une <strong>infraction au Code de l&rsquo;urbanisme<\/strong>, encadr\u00e9e par l&rsquo;article L.480-4. La sanction p\u00e9nale peut atteindre <strong>6 000 euros par m\u00e8tre carr\u00e9 de surface irr\u00e9guli\u00e8rement construite<\/strong>. Sur une installation r\u00e9sidentielle de 25 \u00e0 30 m\u00b2 de panneaux, le montant total peut rapidement devenir tr\u00e8s lourd. Le d\u00e9lai de prescription est de six ans \u00e0 compter de l&rsquo;ach\u00e8vement des travaux : vous restez donc expos\u00e9 pendant longtemps.<\/p>\n\n\n\n<p class=\"wp-block-paragraph\">Mais l&rsquo;amende n&rsquo;est pas le seul risque. Sur le plan civil, <strong>un tribunal peut ordonner la remise en \u00e9tat des lieux<\/strong>, c&rsquo;est-\u00e0-dire le d\u00e9montage complet de votre installation \u00e0 vos frais, et ce sans limitation de montant. Cette action peut \u00eatre engag\u00e9e \u00e0 la demande du minist\u00e8re public, de votre commune, ou m\u00eame d&rsquo;un simple voisin estimant avoir subi un pr\u00e9judice.<\/p>\n\n\n\n<p class=\"wp-block-paragraph\">Autre cons\u00e9quence souvent sous-estim\u00e9e : les probl\u00e8mes que cela cr\u00e9e au moment de <strong>la revente de votre bien immobilier<\/strong>. Un notaire v\u00e9rifie syst\u00e9matiquement les autorisations d&rsquo;urbanisme lors d&rsquo;une transaction. Une installation non d\u00e9clar\u00e9e peut bloquer la vente, contraindre \u00e0 une mise en conformit\u00e9 urgente, ou faire chuter le prix de n\u00e9gociation. Votre assureur, de son c\u00f4t\u00e9, peut \u00e9galement refuser de couvrir un sinistre li\u00e9 \u00e0 une installation r\u00e9alis\u00e9e en dehors des r\u00e8gles.<\/p>\n\n\n\n<h2 class=\"wp-block-heading\">Secteur prot\u00e9g\u00e9, ABF, PLU : les situations qui compliquent encore le dossier<\/h2>\n\n\n\n<p class=\"wp-block-paragraph\">Si votre maison se situe \u00e0 proximit\u00e9 d&rsquo;un <strong>monument historique<\/strong>, dans une zone de protection du patrimoine ou dans un site class\u00e9, les r\u00e8gles se durcissent consid\u00e9rablement. L&rsquo;accord de l&rsquo;<strong>Architecte des B\u00e2timents de France (ABF)<\/strong> devient obligatoire, et son avis est dit \u00ab\u00a0conforme\u00a0\u00bb : la mairie ne peut pas passer outre.<\/p>\n\n\n\n<p class=\"wp-block-paragraph\">Le d\u00e9lai d&rsquo;instruction passe alors \u00e0 <strong>deux mois<\/strong>, et l&rsquo;ABF peut imposer des contraintes pr\u00e9cises sur l&rsquo;aspect des modules. Les panneaux noirs mat sont g\u00e9n\u00e9ralement mieux accept\u00e9s que les modules standards \u00e0 cellules bleues tr\u00e8s visibles. Un refus de l&rsquo;ABF bloque totalement le projet, et une installation r\u00e9alis\u00e9e en passant outre cet avis est consid\u00e9r\u00e9e comme particuli\u00e8rement grave aux yeux de la loi.<\/p>\n\n\n\n<p class=\"wp-block-paragraph\">Dans tous les cas, il est important de <strong>conserver la preuve de d\u00e9p\u00f4t de votre d\u00e9claration<\/strong> pr\u00e9alable. Enedis exige un justificatif \u00e9crit attestant que votre demande est en cours ou que vous avez obtenu la non-opposition de la mairie, avant tout raccordement. Sans ce document, votre projet peut se retrouver bloqu\u00e9 \u00e0 la derni\u00e8re \u00e9tape.<\/p>\n\n\n\n<h2 class=\"wp-block-heading\">Comment r\u00e9gulariser si vous avez d\u00e9j\u00e0 install\u00e9 vos panneaux sans autorisation ?<\/h2>\n\n\n\n<p class=\"wp-block-paragraph\">Si vos panneaux sont d\u00e9j\u00e0 en place sans d\u00e9claration pr\u00e9alable, il est encore possible d&rsquo;agir. Vous pouvez d\u00e9poser une <strong>d\u00e9claration pr\u00e9alable \u00ab\u00a0pour r\u00e9gularisation\u00a0\u00bb<\/strong> aupr\u00e8s de votre mairie. La proc\u00e9dure est identique \u00e0 une demande classique : m\u00eames formulaires, m\u00eames pi\u00e8ces, m\u00eame d\u00e9lai d&rsquo;instruction.<\/p>\n\n\n\n<p class=\"wp-block-paragraph\">Attention toutefois : la r\u00e9gularisation ne fait pas dispara\u00eetre r\u00e9troactivement l&rsquo;infraction. Elle s&rsquo;\u00e9value au regard des <strong>r\u00e8gles d&rsquo;urbanisme en vigueur au moment du d\u00e9p\u00f4t<\/strong>, et non \u00e0 la date d&rsquo;installation. Si votre commune a modifi\u00e9 son PLU entre-temps, ou si l&rsquo;aspect de votre installation n&rsquo;est pas conforme, la r\u00e9gularisation peut \u00eatre refus\u00e9e et la d\u00e9pose des panneaux devenir in\u00e9vitable.<\/p>\n\n\n\n<p class=\"wp-block-paragraph\">Dans la grande majorit\u00e9 des situations, une installation en toiture sur une maison individuelle hors zones prot\u00e9g\u00e9es est r\u00e9gularisable sans difficult\u00e9 majeure. Le plus t\u00f4t vous engagez la d\u00e9marche, mieux c&rsquo;est : attendre un contr\u00f4le ne fait qu&rsquo;aggraver l&rsquo;exposition aux sanctions.<\/p>\n\n\n\n<p class=\"wp-block-paragraph\">Pour \u00e9viter toute cette complexit\u00e9, la solution la plus simple reste de confier les d\u00e9marches administratives \u00e0 votre installateur d\u00e8s le d\u00e9part. Les professionnels certifi\u00e9s RGE prennent en charge la d\u00e9claration pr\u00e9alable, le raccordement Enedis et l&rsquo;attestation Consuel, ce qui vous garantit une installation dans les r\u00e8gles du premier formulaire jusqu&rsquo;\u00e0 la mise en service.<\/p>\n\n\n\n<p class=\"wp-block-paragraph\"><\/p>\n","protected":false},"excerpt":{"rendered":"","protected":false},"author":8,"featured_media":1746,"comment_status":"open","ping_status":"open","sticky":false,"template":"","format":"standard","meta":{"_acf_changed":false,"footnotes":""},"categories":[1],"tags":[60],"class_list":["post-1738","post","type-post","status-publish","format-standard","has-post-thumbnail","hentry","category-energies","tag-panneaux-solaires","masonry-post","generate-columns","tablet-grid-50","mobile-grid-100","grid-parent","grid-33"],"acf":{"social-publish":false,"just-linkedin":false,"just-facebook":false,"test":""},"yoast_head":"<!-- This site is optimized with the Yoast SEO plugin v28.3 - https:\/\/yoast.com\/product\/yoast-seo-wordpress\/ -->\n<title>Ce que risquent les propri\u00e9taires de panneaux solaires install\u00e9s sans d\u00e9claration pr\u00e9alable - ECOinfos<\/title>\n<meta name=\"robots\" content=\"index, follow, max-snippet:-1, max-image-preview:large, max-video-preview:-1\" \/>\n<link rel=\"canonical\" href=\"https:\/\/www.les-energies-renouvelables.eu\/article\/actualites\/energies\/ce-que-risquent-les-proprietaires-de-panneaux-solaires-installes-sans-declaration-prealable-1738\/\" \/>\n<meta property=\"og:locale\" content=\"fr_FR\" \/>\n<meta property=\"og:type\" content=\"article\" \/>\n<meta property=\"og:title\" content=\"Ce que risquent les propri\u00e9taires de panneaux solaires install\u00e9s sans d\u00e9claration pr\u00e9alable - ECOinfos\" \/>\n<meta property=\"og:description\" content=\"Beaucoup de propri\u00e9taires l&#039;ignorent encore : installer des panneaux solaires sans avoir d\u00e9pos\u00e9 la bonne d\u00e9marche en mairie, c&#039;est s&#039;exposer \u00e0 des sanctions financi\u00e8res lourdes. Cette obligation l\u00e9gale, souvent n\u00e9glig\u00e9e, peut vite tourner au cauchemar si un contr\u00f4le intervient. Voici ce que vous risquez concr\u00e8tement, et comment vous mettre en r\u00e8gle avant de lancer votre projet.\" \/>\n<meta property=\"og:url\" content=\"https:\/\/www.les-energies-renouvelables.eu\/article\/actualites\/energies\/ce-que-risquent-les-proprietaires-de-panneaux-solaires-installes-sans-declaration-prealable-1738\/\" \/>\n<meta property=\"og:site_name\" content=\"ECOinfos Energies renouvelables\" \/>\n<meta property=\"article:publisher\" content=\"https:\/\/www.facebook.com\/ecoannuaire.energierenouvelable\/\" \/>\n<meta property=\"article:author\" content=\"https:\/\/www.facebook.com\/michel.castelnau.7\" \/>\n<meta property=\"article:published_time\" content=\"2026-09-01T06:50:00+00:00\" \/>\n<meta property=\"og:image\" content=\"https:\/\/www.les-energies-renouvelables.eu\/article\/actualites\/wp-content\/uploads\/2026\/08\/actualites-ce-que-risquent-les-proprietaires-de-panneaux-solaires-installes-sans-declaration-prealable-proprietaires-de-panneaux-solaires.jpg\" \/>\n\t<meta property=\"og:image:width\" content=\"1200\" \/>\n\t<meta property=\"og:image:height\" content=\"675\" \/>\n\t<meta property=\"og:image:type\" content=\"image\/jpeg\" \/>\n<meta name=\"author\" content=\"Michel Castelnau\" \/>\n<meta name=\"twitter:card\" content=\"summary_large_image\" \/>\n<meta name=\"twitter:creator\" content=\"@ECOinfosENR\" \/>\n<meta name=\"twitter:site\" content=\"@ECOinfosENR\" \/>\n<meta name=\"twitter:label1\" content=\"\u00c9crit par\" \/>\n\t<meta name=\"twitter:data1\" content=\"Michel Castelnau\" \/>\n\t<meta name=\"twitter:label2\" content=\"Dur\u00e9e de lecture estim\u00e9e\" \/>\n\t<meta name=\"twitter:data2\" content=\"5 minutes\" \/>\n<script type=\"application\/ld+json\" class=\"yoast-schema-graph\">{\"@context\":\"https:\\\/\\\/schema.org\",\"@graph\":[{\"@type\":\"NewsArticle\",\"@id\":\"https:\\\/\\\/www.les-energies-renouvelables.eu\\\/article\\\/actualites\\\/energies\\\/ce-que-risquent-les-proprietaires-de-panneaux-solaires-installes-sans-declaration-prealable-1738\\\/#article\",\"isPartOf\":{\"@id\":\"https:\\\/\\\/www.les-energies-renouvelables.eu\\\/article\\\/actualites\\\/energies\\\/ce-que-risquent-les-proprietaires-de-panneaux-solaires-installes-sans-declaration-prealable-1738\\\/\"},\"author\":{\"name\":\"Michel Castelnau\",\"@id\":\"https:\\\/\\\/www.les-energies-renouvelables.eu\\\/article\\\/actualites\\\/#\\\/schema\\\/person\\\/21f43c1e26c324fe4707b304b4f3a456\"},\"headline\":\"Ce que risquent les propri\u00e9taires de panneaux solaires install\u00e9s sans d\u00e9claration pr\u00e9alable\",\"datePublished\":\"2026-09-01T06:50:00+00:00\",\"mainEntityOfPage\":{\"@id\":\"https:\\\/\\\/www.les-energies-renouvelables.eu\\\/article\\\/actualites\\\/energies\\\/ce-que-risquent-les-proprietaires-de-panneaux-solaires-installes-sans-declaration-prealable-1738\\\/\"},\"wordCount\":1044,\"commentCount\":0,\"publisher\":{\"@id\":\"https:\\\/\\\/www.les-energies-renouvelables.eu\\\/article\\\/actualites\\\/#organization\"},\"image\":{\"@id\":\"https:\\\/\\\/www.les-energies-renouvelables.eu\\\/article\\\/actualites\\\/energies\\\/ce-que-risquent-les-proprietaires-de-panneaux-solaires-installes-sans-declaration-prealable-1738\\\/#primaryimage\"},\"thumbnailUrl\":\"https:\\\/\\\/www.les-energies-renouvelables.eu\\\/article\\\/actualites\\\/wp-content\\\/uploads\\\/2026\\\/08\\\/actualites-ce-que-risquent-les-proprietaires-de-panneaux-solaires-installes-sans-declaration-prealable-proprietaires-de-panneaux-solaires.jpg\",\"keywords\":[\"panneaux solaires\"],\"articleSection\":[\"\u00c9nergies\"],\"inLanguage\":\"fr-FR\",\"potentialAction\":[{\"@type\":\"CommentAction\",\"name\":\"Comment\",\"target\":[\"https:\\\/\\\/www.les-energies-renouvelables.eu\\\/article\\\/actualites\\\/energies\\\/ce-que-risquent-les-proprietaires-de-panneaux-solaires-installes-sans-declaration-prealable-1738\\\/#respond\"]}]},{\"@type\":\"WebPage\",\"@id\":\"https:\\\/\\\/www.les-energies-renouvelables.eu\\\/article\\\/actualites\\\/energies\\\/ce-que-risquent-les-proprietaires-de-panneaux-solaires-installes-sans-declaration-prealable-1738\\\/\",\"url\":\"https:\\\/\\\/www.les-energies-renouvelables.eu\\\/article\\\/actualites\\\/energies\\\/ce-que-risquent-les-proprietaires-de-panneaux-solaires-installes-sans-declaration-prealable-1738\\\/\",\"name\":\"Ce que risquent les propri\u00e9taires de panneaux solaires install\u00e9s sans d\u00e9claration pr\u00e9alable - ECOinfos\",\"isPartOf\":{\"@id\":\"https:\\\/\\\/www.les-energies-renouvelables.eu\\\/article\\\/actualites\\\/#website\"},\"primaryImageOfPage\":{\"@id\":\"https:\\\/\\\/www.les-energies-renouvelables.eu\\\/article\\\/actualites\\\/energies\\\/ce-que-risquent-les-proprietaires-de-panneaux-solaires-installes-sans-declaration-prealable-1738\\\/#primaryimage\"},\"image\":{\"@id\":\"https:\\\/\\\/www.les-energies-renouvelables.eu\\\/article\\\/actualites\\\/energies\\\/ce-que-risquent-les-proprietaires-de-panneaux-solaires-installes-sans-declaration-prealable-1738\\\/#primaryimage\"},\"thumbnailUrl\":\"https:\\\/\\\/www.les-energies-renouvelables.eu\\\/article\\\/actualites\\\/wp-content\\\/uploads\\\/2026\\\/08\\\/actualites-ce-que-risquent-les-proprietaires-de-panneaux-solaires-installes-sans-declaration-prealable-proprietaires-de-panneaux-solaires.jpg\",\"datePublished\":\"2026-09-01T06:50:00+00:00\",\"breadcrumb\":{\"@id\":\"https:\\\/\\\/www.les-energies-renouvelables.eu\\\/article\\\/actualites\\\/energies\\\/ce-que-risquent-les-proprietaires-de-panneaux-solaires-installes-sans-declaration-prealable-1738\\\/#breadcrumb\"},\"inLanguage\":\"fr-FR\",\"potentialAction\":[{\"@type\":\"ReadAction\",\"target\":[\"https:\\\/\\\/www.les-energies-renouvelables.eu\\\/article\\\/actualites\\\/energies\\\/ce-que-risquent-les-proprietaires-de-panneaux-solaires-installes-sans-declaration-prealable-1738\\\/\"]}]},{\"@type\":\"ImageObject\",\"inLanguage\":\"fr-FR\",\"@id\":\"https:\\\/\\\/www.les-energies-renouvelables.eu\\\/article\\\/actualites\\\/energies\\\/ce-que-risquent-les-proprietaires-de-panneaux-solaires-installes-sans-declaration-prealable-1738\\\/#primaryimage\",\"url\":\"https:\\\/\\\/www.les-energies-renouvelables.eu\\\/article\\\/actualites\\\/wp-content\\\/uploads\\\/2026\\\/08\\\/actualites-ce-que-risquent-les-proprietaires-de-panneaux-solaires-installes-sans-declaration-prealable-proprietaires-de-panneaux-solaires.jpg\",\"contentUrl\":\"https:\\\/\\\/www.les-energies-renouvelables.eu\\\/article\\\/actualites\\\/wp-content\\\/uploads\\\/2026\\\/08\\\/actualites-ce-que-risquent-les-proprietaires-de-panneaux-solaires-installes-sans-declaration-prealable-proprietaires-de-panneaux-solaires.jpg\",\"width\":1200,\"height\":675,\"caption\":\"IC ZF (Pexels)\"},{\"@type\":\"BreadcrumbList\",\"@id\":\"https:\\\/\\\/www.les-energies-renouvelables.eu\\\/article\\\/actualites\\\/energies\\\/ce-que-risquent-les-proprietaires-de-panneaux-solaires-installes-sans-declaration-prealable-1738\\\/#breadcrumb\",\"itemListElement\":[{\"@type\":\"ListItem\",\"position\":1,\"name\":\"Accueil\",\"item\":\"https:\\\/\\\/www.les-energies-renouvelables.eu\\\/article\\\/actualites\\\/\"},{\"@type\":\"ListItem\",\"position\":2,\"name\":\"Ce que risquent les propri\u00e9taires de panneaux solaires install\u00e9s sans d\u00e9claration pr\u00e9alable\"}]},{\"@type\":\"WebSite\",\"@id\":\"https:\\\/\\\/www.les-energies-renouvelables.eu\\\/article\\\/actualites\\\/#website\",\"url\":\"https:\\\/\\\/www.les-energies-renouvelables.eu\\\/article\\\/actualites\\\/\",\"name\":\"ECOinfos Energies renouvelables\",\"description\":\"Le d\u00e9cryptage quotidien du secteur des \u00e9nergies renouvelables\",\"publisher\":{\"@id\":\"https:\\\/\\\/www.les-energies-renouvelables.eu\\\/article\\\/actualites\\\/#organization\"},\"potentialAction\":[{\"@type\":\"SearchAction\",\"target\":{\"@type\":\"EntryPoint\",\"urlTemplate\":\"https:\\\/\\\/www.les-energies-renouvelables.eu\\\/article\\\/actualites\\\/?s={search_term_string}\"},\"query-input\":{\"@type\":\"PropertyValueSpecification\",\"valueRequired\":true,\"valueName\":\"search_term_string\"}}],\"inLanguage\":\"fr-FR\"},{\"@type\":\"Organization\",\"@id\":\"https:\\\/\\\/www.les-energies-renouvelables.eu\\\/article\\\/actualites\\\/#organization\",\"name\":\"ECOinfos Energies renouvelables\",\"url\":\"https:\\\/\\\/www.les-energies-renouvelables.eu\\\/article\\\/actualites\\\/\",\"logo\":{\"@type\":\"ImageObject\",\"inLanguage\":\"fr-FR\",\"@id\":\"https:\\\/\\\/www.les-energies-renouvelables.eu\\\/article\\\/actualites\\\/#\\\/schema\\\/logo\\\/image\\\/\",\"url\":\"https:\\\/\\\/www.les-energies-renouvelables.eu\\\/article\\\/actualites\\\/wp-content\\\/uploads\\\/2025\\\/11\\\/ecoinfos.eldorado-consulting.com-logo-logo.svg\",\"contentUrl\":\"https:\\\/\\\/www.les-energies-renouvelables.eu\\\/article\\\/actualites\\\/wp-content\\\/uploads\\\/2025\\\/11\\\/ecoinfos.eldorado-consulting.com-logo-logo.svg\",\"caption\":\"ECOinfos Energies renouvelables\"},\"image\":{\"@id\":\"https:\\\/\\\/www.les-energies-renouvelables.eu\\\/article\\\/actualites\\\/#\\\/schema\\\/logo\\\/image\\\/\"},\"sameAs\":[\"https:\\\/\\\/www.facebook.com\\\/ecoannuaire.energierenouvelable\\\/\",\"https:\\\/\\\/x.com\\\/ECOinfosENR\",\"https:\\\/\\\/www.linkedin.com\\\/company\\\/ecoinfos-energies-renouvelables\\\/\",\"https:\\\/\\\/www.youtube.com\\\/@ecoinfosenergies\",\"https:\\\/\\\/share.google\\\/dyKHJPxAV42WhhjbM\"]},{\"@type\":\"Person\",\"@id\":\"https:\\\/\\\/www.les-energies-renouvelables.eu\\\/article\\\/actualites\\\/#\\\/schema\\\/person\\\/21f43c1e26c324fe4707b304b4f3a456\",\"name\":\"Michel Castelnau\",\"pronouns\":\"Michel Castelnau\",\"image\":{\"@type\":\"ImageObject\",\"inLanguage\":\"fr-FR\",\"@id\":\"https:\\\/\\\/www.les-energies-renouvelables.eu\\\/article\\\/actualites\\\/wp-content\\\/uploads\\\/2026\\\/07\\\/actualites-michel-castelnau-michel-castelnau-160x160.webp\",\"url\":\"https:\\\/\\\/www.les-energies-renouvelables.eu\\\/article\\\/actualites\\\/wp-content\\\/uploads\\\/2026\\\/07\\\/actualites-michel-castelnau-michel-castelnau-160x160.webp\",\"contentUrl\":\"https:\\\/\\\/www.les-energies-renouvelables.eu\\\/article\\\/actualites\\\/wp-content\\\/uploads\\\/2026\\\/07\\\/actualites-michel-castelnau-michel-castelnau-160x160.webp\",\"caption\":\"Michel Castelnau\"},\"description\":\"Je suis Michel Castelnau, professionnel du secteur photovolta\u00efque et des \u00e9nergies renouvelables. En 2008, j\u2019ai fond\u00e9 ECOinfos Energies Renouvelables avec l\u2019ambition de rendre l\u2019information sur les solutions \u00e9nerg\u00e9tiques durables plus accessible, claire et utile. Fort de mon exp\u00e9rience dans le domaine du solaire photovolta\u00efque, je suis avec attention les \u00e9volutions technologiques, \u00e9conomiques et r\u00e9glementaires du march\u00e9. \u00c0 travers mes publications, je partage mon expertise, d\u00e9crypte les tendances du secteur et accompagne les particuliers comme les professionnels dans leur compr\u00e9hension des enjeux li\u00e9s \u00e0 la transition \u00e9nerg\u00e9tique.\",\"sameAs\":[\"https:\\\/\\\/www.facebook.com\\\/michel.castelnau.7\",\"https:\\\/\\\/www.linkedin.com\\\/in\\\/michel-castelnau-41970823\\\/\"],\"url\":\"https:\\\/\\\/www.les-energies-renouvelables.eu\\\/article\\\/actualites\\\/author\\\/michel-castelnau\\\/\"}]}<\/script>\n<!-- \/ Yoast SEO plugin. -->","yoast_head_json":{"title":"Ce que risquent les propri\u00e9taires de panneaux solaires install\u00e9s sans d\u00e9claration pr\u00e9alable - ECOinfos","robots":{"index":"index","follow":"follow","max-snippet":"max-snippet:-1","max-image-preview":"max-image-preview:large","max-video-preview":"max-video-preview:-1"},"canonical":"https:\/\/www.les-energies-renouvelables.eu\/article\/actualites\/energies\/ce-que-risquent-les-proprietaires-de-panneaux-solaires-installes-sans-declaration-prealable-1738\/","og_locale":"fr_FR","og_type":"article","og_title":"Ce que risquent les propri\u00e9taires de panneaux solaires install\u00e9s sans d\u00e9claration pr\u00e9alable - ECOinfos","og_description":"Beaucoup de propri\u00e9taires l'ignorent encore : installer des panneaux solaires sans avoir d\u00e9pos\u00e9 la bonne d\u00e9marche en mairie, c'est s'exposer \u00e0 des sanctions financi\u00e8res lourdes. Cette obligation l\u00e9gale, souvent n\u00e9glig\u00e9e, peut vite tourner au cauchemar si un contr\u00f4le intervient. Voici ce que vous risquez concr\u00e8tement, et comment vous mettre en r\u00e8gle avant de lancer votre projet.","og_url":"https:\/\/www.les-energies-renouvelables.eu\/article\/actualites\/energies\/ce-que-risquent-les-proprietaires-de-panneaux-solaires-installes-sans-declaration-prealable-1738\/","og_site_name":"ECOinfos Energies renouvelables","article_publisher":"https:\/\/www.facebook.com\/ecoannuaire.energierenouvelable\/","article_author":"https:\/\/www.facebook.com\/michel.castelnau.7","article_published_time":"2026-09-01T06:50:00+00:00","og_image":[{"width":1200,"height":675,"url":"https:\/\/www.les-energies-renouvelables.eu\/article\/actualites\/wp-content\/uploads\/2026\/08\/actualites-ce-que-risquent-les-proprietaires-de-panneaux-solaires-installes-sans-declaration-prealable-proprietaires-de-panneaux-solaires.jpg","type":"image\/jpeg"}],"author":"Michel Castelnau","twitter_card":"summary_large_image","twitter_creator":"@ECOinfosENR","twitter_site":"@ECOinfosENR","twitter_misc":{"\u00c9crit par":"Michel Castelnau","Dur\u00e9e de lecture estim\u00e9e":"5 minutes"},"schema":{"@context":"https:\/\/schema.org","@graph":[{"@type":"NewsArticle","@id":"https:\/\/www.les-energies-renouvelables.eu\/article\/actualites\/energies\/ce-que-risquent-les-proprietaires-de-panneaux-solaires-installes-sans-declaration-prealable-1738\/#article","isPartOf":{"@id":"https:\/\/www.les-energies-renouvelables.eu\/article\/actualites\/energies\/ce-que-risquent-les-proprietaires-de-panneaux-solaires-installes-sans-declaration-prealable-1738\/"},"author":{"name":"Michel Castelnau","@id":"https:\/\/www.les-energies-renouvelables.eu\/article\/actualites\/#\/schema\/person\/21f43c1e26c324fe4707b304b4f3a456"},"headline":"Ce que risquent les propri\u00e9taires de panneaux solaires install\u00e9s sans d\u00e9claration pr\u00e9alable","datePublished":"2026-09-01T06:50:00+00:00","mainEntityOfPage":{"@id":"https:\/\/www.les-energies-renouvelables.eu\/article\/actualites\/energies\/ce-que-risquent-les-proprietaires-de-panneaux-solaires-installes-sans-declaration-prealable-1738\/"},"wordCount":1044,"commentCount":0,"publisher":{"@id":"https:\/\/www.les-energies-renouvelables.eu\/article\/actualites\/#organization"},"image":{"@id":"https:\/\/www.les-energies-renouvelables.eu\/article\/actualites\/energies\/ce-que-risquent-les-proprietaires-de-panneaux-solaires-installes-sans-declaration-prealable-1738\/#primaryimage"},"thumbnailUrl":"https:\/\/www.les-energies-renouvelables.eu\/article\/actualites\/wp-content\/uploads\/2026\/08\/actualites-ce-que-risquent-les-proprietaires-de-panneaux-solaires-installes-sans-declaration-prealable-proprietaires-de-panneaux-solaires.jpg","keywords":["panneaux solaires"],"articleSection":["\u00c9nergies"],"inLanguage":"fr-FR","potentialAction":[{"@type":"CommentAction","name":"Comment","target":["https:\/\/www.les-energies-renouvelables.eu\/article\/actualites\/energies\/ce-que-risquent-les-proprietaires-de-panneaux-solaires-installes-sans-declaration-prealable-1738\/#respond"]}]},{"@type":"WebPage","@id":"https:\/\/www.les-energies-renouvelables.eu\/article\/actualites\/energies\/ce-que-risquent-les-proprietaires-de-panneaux-solaires-installes-sans-declaration-prealable-1738\/","url":"https:\/\/www.les-energies-renouvelables.eu\/article\/actualites\/energies\/ce-que-risquent-les-proprietaires-de-panneaux-solaires-installes-sans-declaration-prealable-1738\/","name":"Ce que risquent les propri\u00e9taires de panneaux solaires install\u00e9s sans d\u00e9claration pr\u00e9alable - ECOinfos","isPartOf":{"@id":"https:\/\/www.les-energies-renouvelables.eu\/article\/actualites\/#website"},"primaryImageOfPage":{"@id":"https:\/\/www.les-energies-renouvelables.eu\/article\/actualites\/energies\/ce-que-risquent-les-proprietaires-de-panneaux-solaires-installes-sans-declaration-prealable-1738\/#primaryimage"},"image":{"@id":"https:\/\/www.les-energies-renouvelables.eu\/article\/actualites\/energies\/ce-que-risquent-les-proprietaires-de-panneaux-solaires-installes-sans-declaration-prealable-1738\/#primaryimage"},"thumbnailUrl":"https:\/\/www.les-energies-renouvelables.eu\/article\/actualites\/wp-content\/uploads\/2026\/08\/actualites-ce-que-risquent-les-proprietaires-de-panneaux-solaires-installes-sans-declaration-prealable-proprietaires-de-panneaux-solaires.jpg","datePublished":"2026-09-01T06:50:00+00:00","breadcrumb":{"@id":"https:\/\/www.les-energies-renouvelables.eu\/article\/actualites\/energies\/ce-que-risquent-les-proprietaires-de-panneaux-solaires-installes-sans-declaration-prealable-1738\/#breadcrumb"},"inLanguage":"fr-FR","potentialAction":[{"@type":"ReadAction","target":["https:\/\/www.les-energies-renouvelables.eu\/article\/actualites\/energies\/ce-que-risquent-les-proprietaires-de-panneaux-solaires-installes-sans-declaration-prealable-1738\/"]}]},{"@type":"ImageObject","inLanguage":"fr-FR","@id":"https:\/\/www.les-energies-renouvelables.eu\/article\/actualites\/energies\/ce-que-risquent-les-proprietaires-de-panneaux-solaires-installes-sans-declaration-prealable-1738\/#primaryimage","url":"https:\/\/www.les-energies-renouvelables.eu\/article\/actualites\/wp-content\/uploads\/2026\/08\/actualites-ce-que-risquent-les-proprietaires-de-panneaux-solaires-installes-sans-declaration-prealable-proprietaires-de-panneaux-solaires.jpg","contentUrl":"https:\/\/www.les-energies-renouvelables.eu\/article\/actualites\/wp-content\/uploads\/2026\/08\/actualites-ce-que-risquent-les-proprietaires-de-panneaux-solaires-installes-sans-declaration-prealable-proprietaires-de-panneaux-solaires.jpg","width":1200,"height":675,"caption":"IC ZF (Pexels)"},{"@type":"BreadcrumbList","@id":"https:\/\/www.les-energies-renouvelables.eu\/article\/actualites\/energies\/ce-que-risquent-les-proprietaires-de-panneaux-solaires-installes-sans-declaration-prealable-1738\/#breadcrumb","itemListElement":[{"@type":"ListItem","position":1,"name":"Accueil","item":"https:\/\/www.les-energies-renouvelables.eu\/article\/actualites\/"},{"@type":"ListItem","position":2,"name":"Ce que risquent les propri\u00e9taires de panneaux solaires install\u00e9s sans d\u00e9claration pr\u00e9alable"}]},{"@type":"WebSite","@id":"https:\/\/www.les-energies-renouvelables.eu\/article\/actualites\/#website","url":"https:\/\/www.les-energies-renouvelables.eu\/article\/actualites\/","name":"ECOinfos Energies renouvelables","description":"Le d\u00e9cryptage quotidien du secteur des \u00e9nergies renouvelables","publisher":{"@id":"https:\/\/www.les-energies-renouvelables.eu\/article\/actualites\/#organization"},"potentialAction":[{"@type":"SearchAction","target":{"@type":"EntryPoint","urlTemplate":"https:\/\/www.les-energies-renouvelables.eu\/article\/actualites\/?s={search_term_string}"},"query-input":{"@type":"PropertyValueSpecification","valueRequired":true,"valueName":"search_term_string"}}],"inLanguage":"fr-FR"},{"@type":"Organization","@id":"https:\/\/www.les-energies-renouvelables.eu\/article\/actualites\/#organization","name":"ECOinfos Energies renouvelables","url":"https:\/\/www.les-energies-renouvelables.eu\/article\/actualites\/","logo":{"@type":"ImageObject","inLanguage":"fr-FR","@id":"https:\/\/www.les-energies-renouvelables.eu\/article\/actualites\/#\/schema\/logo\/image\/","url":"https:\/\/www.les-energies-renouvelables.eu\/article\/actualites\/wp-content\/uploads\/2025\/11\/ecoinfos.eldorado-consulting.com-logo-logo.svg","contentUrl":"https:\/\/www.les-energies-renouvelables.eu\/article\/actualites\/wp-content\/uploads\/2025\/11\/ecoinfos.eldorado-consulting.com-logo-logo.svg","caption":"ECOinfos Energies renouvelables"},"image":{"@id":"https:\/\/www.les-energies-renouvelables.eu\/article\/actualites\/#\/schema\/logo\/image\/"},"sameAs":["https:\/\/www.facebook.com\/ecoannuaire.energierenouvelable\/","https:\/\/x.com\/ECOinfosENR","https:\/\/www.linkedin.com\/company\/ecoinfos-energies-renouvelables\/","https:\/\/www.youtube.com\/@ecoinfosenergies","https:\/\/share.google\/dyKHJPxAV42WhhjbM"]},{"@type":"Person","@id":"https:\/\/www.les-energies-renouvelables.eu\/article\/actualites\/#\/schema\/person\/21f43c1e26c324fe4707b304b4f3a456","name":"Michel Castelnau","pronouns":"Michel Castelnau","image":{"@type":"ImageObject","inLanguage":"fr-FR","@id":"https:\/\/www.les-energies-renouvelables.eu\/article\/actualites\/wp-content\/uploads\/2026\/07\/actualites-michel-castelnau-michel-castelnau-160x160.webp","url":"https:\/\/www.les-energies-renouvelables.eu\/article\/actualites\/wp-content\/uploads\/2026\/07\/actualites-michel-castelnau-michel-castelnau-160x160.webp","contentUrl":"https:\/\/www.les-energies-renouvelables.eu\/article\/actualites\/wp-content\/uploads\/2026\/07\/actualites-michel-castelnau-michel-castelnau-160x160.webp","caption":"Michel Castelnau"},"description":"Je suis Michel Castelnau, professionnel du secteur photovolta\u00efque et des \u00e9nergies renouvelables. En 2008, j\u2019ai fond\u00e9 ECOinfos Energies Renouvelables avec l\u2019ambition de rendre l\u2019information sur les solutions \u00e9nerg\u00e9tiques durables plus accessible, claire et utile. Fort de mon exp\u00e9rience dans le domaine du solaire photovolta\u00efque, je suis avec attention les \u00e9volutions technologiques, \u00e9conomiques et r\u00e9glementaires du march\u00e9. \u00c0 travers mes publications, je partage mon expertise, d\u00e9crypte les tendances du secteur et accompagne les particuliers comme les professionnels dans leur compr\u00e9hension des enjeux li\u00e9s \u00e0 la transition \u00e9nerg\u00e9tique.","sameAs":["https:\/\/www.facebook.com\/michel.castelnau.7","https:\/\/www.linkedin.com\/in\/michel-castelnau-41970823\/"],"url":"https:\/\/www.les-energies-renouvelables.eu\/article\/actualites\/author\/michel-castelnau\/"}]}},"_links":{"self":[{"href":"https:\/\/www.les-energies-renouvelables.eu\/article\/actualites\/wp-json\/wp\/v2\/posts\/1738","targetHints":{"allow":["GET"]}}],"collection":[{"href":"https:\/\/www.les-energies-renouvelables.eu\/article\/actualites\/wp-json\/wp\/v2\/posts"}],"about":[{"href":"https:\/\/www.les-energies-renouvelables.eu\/article\/actualites\/wp-json\/wp\/v2\/types\/post"}],"author":[{"embeddable":true,"href":"https:\/\/www.les-energies-renouvelables.eu\/article\/actualites\/wp-json\/wp\/v2\/users\/8"}],"replies":[{"embeddable":true,"href":"https:\/\/www.les-energies-renouvelables.eu\/article\/actualites\/wp-json\/wp\/v2\/comments?post=1738"}],"version-history":[{"count":2,"href":"https:\/\/www.les-energies-renouvelables.eu\/article\/actualites\/wp-json\/wp\/v2\/posts\/1738\/revisions"}],"predecessor-version":[{"id":1747,"href":"https:\/\/www.les-energies-renouvelables.eu\/article\/actualites\/wp-json\/wp\/v2\/posts\/1738\/revisions\/1747"}],"wp:featuredmedia":[{"embeddable":true,"href":"https:\/\/www.les-energies-renouvelables.eu\/article\/actualites\/wp-json\/wp\/v2\/media\/1746"}],"wp:attachment":[{"href":"https:\/\/www.les-energies-renouvelables.eu\/article\/actualites\/wp-json\/wp\/v2\/media?parent=1738"}],"wp:term":[{"taxonomy":"category","embeddable":true,"href":"https:\/\/www.les-energies-renouvelables.eu\/article\/actualites\/wp-json\/wp\/v2\/categories?post=1738"},{"taxonomy":"post_tag","embeddable":true,"href":"https:\/\/www.les-energies-renouvelables.eu\/article\/actualites\/wp-json\/wp\/v2\/tags?post=1738"}],"curies":[{"name":"wp","href":"https:\/\/api.w.org\/{rel}","templated":true}]}}