{"id":1697,"date":"2026-08-31T10:15:00","date_gmt":"2026-08-31T08:15:00","guid":{"rendered":"https:\/\/www.les-energies-renouvelables.eu\/article\/actualites\/?p=1697"},"modified":"2026-08-27T21:34:26","modified_gmt":"2026-08-27T19:34:26","slug":"renault-5-five-2026-la-nouvelle-batterie-lfp-qui-change-tout-pour-les-acheteurs-de-voitures-electriques","status":"publish","type":"post","link":"https:\/\/www.les-energies-renouvelables.eu\/article\/actualites\/energies\/renault-5-five-2026-la-nouvelle-batterie-lfp-qui-change-tout-pour-les-acheteurs-de-voitures-electriques-1697\/","title":{"rendered":"Renault 5 Five 2026 : la nouvelle batterie LFP qui change tout pour les acheteurs de voitures \u00e9lectriques"},"content":{"rendered":"\n<h2 class=\"wp-block-heading\">Une nouvelle chimie de batterie : qu&rsquo;est-ce que le LFP change concr\u00e8tement ?<\/h2>\n\n\n\n<p class=\"wp-block-paragraph\">Jusqu&rsquo;ici, la version Five d&rsquo;entr\u00e9e de gamme embarquait une batterie \u00e0 <strong>base de nickel et cobalt<\/strong> de 40 kWh. La version 2026 adopte une technologie radicalement diff\u00e9rente : le <strong>LFP<\/strong>, pour lithium-fer-phosphate. Ce changement n&rsquo;est pas cosm\u00e9tique, il modifie en profondeur le profil de la voiture.<\/p>\n\n\n\n<p class=\"wp-block-paragraph\">La premi\u00e8re diff\u00e9rence concerne la durabilit\u00e9. Une batterie LFP supporte entre <strong>3 000 et 5 000 cycles de charge complets<\/strong> avant d&rsquo;atteindre 80 % de sa capacit\u00e9 initiale, contre 1 000 \u00e0 2 000 cycles seulement pour les chimies NCA ou NMC classiques. En termes de kilom\u00e9trage, cela repr\u00e9sente une voiture capable de parcourir plusieurs centaines de milliers de kilom\u00e8tres sans d\u00e9gradation significative de la batterie, un argument de poids pour les acheteurs qui gardent leurs v\u00e9hicules longtemps.<\/p>\n\n\n\n<p class=\"wp-block-paragraph\">La deuxi\u00e8me diff\u00e9rence touche \u00e0 la s\u00e9curit\u00e9 et \u00e0 l&rsquo;environnement. La chimie LFP est <strong>naturellement stable thermiquement<\/strong> et ne contient pas de cobalt, ce qui r\u00e9duit l&#8217;empreinte carbone de production de <strong>15 \u00e0 20 %<\/strong> par rapport \u00e0 une batterie nickel-cobalt \u00e9quivalente.<\/p>\n\n\n\n<p class=\"wp-block-paragraph\"><em>Imaginez une famille qui ach\u00e8te une Renault 5 Five aujourd&rsquo;hui. Avec une batterie LFP et une utilisation quotidienne de 50 km, la batterie pourrait th\u00e9oriquement tenir vingt ans sans atteindre son seuil de d\u00e9gradation. C&rsquo;est une donn\u00e9e qui change le calcul de rentabilit\u00e9 sur le long terme.<\/em><\/p>\n\n\n\n<h2 class=\"wp-block-heading\">305 km d&rsquo;autonomie avec 36,5 kWh : comment c&rsquo;est possible ?<\/h2>\n\n\n\n<p class=\"wp-block-paragraph\">Le paradoxe apparent de cette nouvelle Five, c&rsquo;est qu&rsquo;elle affiche <strong>305 km d&rsquo;autonomie WLTP<\/strong> avec une batterie de <strong>36,5 kWh<\/strong>, l\u00e0 o\u00f9 l&rsquo;ancienne version de 40 kWh n&rsquo;atteignait que 312 km. La diff\u00e9rence est minime, et elle s&rsquo;explique par plusieurs optimisations techniques men\u00e9es en parall\u00e8le du changement de chimie.<\/p>\n\n\n\n<p class=\"wp-block-paragraph\">La premi\u00e8re tient \u00e0 l&rsquo;architecture dite <strong>\u00ab cell-to-pack \u00bb<\/strong>, qui consiste \u00e0 supprimer les modules interm\u00e9diaires et \u00e0 int\u00e9grer directement les cellules dans le pack batterie. Cette approche r\u00e9duit le poids et l&rsquo;encombrement, ce qui permet de compenser en partie la capacit\u00e9 inf\u00e9rieure par un gain d&rsquo;efficience globale.<\/p>\n\n\n\n<p class=\"wp-block-paragraph\">Renault a \u00e9galement revu l&rsquo;a\u00e9rodynamisme de la voiture, en retravaillant les soubassements et la gestion des flux d&rsquo;air autour du v\u00e9hicule. Le logiciel de gestion de la batterie a lui aussi \u00e9t\u00e9 optimis\u00e9 pour mieux piloter les phases de r\u00e9cup\u00e9ration d&rsquo;\u00e9nergie au freinage. Au final, la consommation moyenne en cycle WLTP s&rsquo;\u00e9tablit \u00e0 <strong>11,97 kWh\/100 km<\/strong>, un niveau tr\u00e8s correct pour une citadine de ce gabarit.<\/p>\n\n\n\n<p class=\"wp-block-paragraph\">Pour les autres versions de la gamme, les gains sont \u00e9galement au rendez-vous : la batterie de <strong>40 kWh<\/strong> passe de 312 \u00e0 <strong>315 km WLTP<\/strong>, et la version <strong>52 kWh<\/strong> grimpe de 410 \u00e0 <strong>430 km WLTP<\/strong>, gr\u00e2ce aux m\u00eames am\u00e9liorations a\u00e9rodynamiques et logicielles.<\/p>\n\n\n\n<h2 class=\"wp-block-heading\">La recharge rapide DC enfin de s\u00e9rie : ce que \u00e7a change au quotidien<\/h2>\n\n\n\n<p class=\"wp-block-paragraph\">C&rsquo;\u00e9tait le point noir de la Five depuis son lancement : l&rsquo;entr\u00e9e de gamme ne proposait pas de recharge rapide en courant continu. Concr\u00e8tement, cela signifiait que la voiture \u00e9tait pratiquement cantonn\u00e9e aux trajets urbains et p\u00e9riurbains, les longs d\u00e9placements devenant une source de stress.<\/p>\n\n\n\n<p class=\"wp-block-paragraph\">Avec la version 2026, <strong>la recharge rapide DC de 80 kW est d\u00e9sormais incluse de s\u00e9rie<\/strong>, sans surco\u00fbt. Ce chiffre se traduit tr\u00e8s directement dans l&rsquo;usage quotidien : sur une borne rapide, vous pouvez r\u00e9cup\u00e9rer environ <strong>200 km d&rsquo;autonomie en seulement 30 minutes<\/strong>. Un arr\u00eat sur autoroute, le temps d&rsquo;un caf\u00e9, et votre trajet peut reprendre dans de bonnes conditions.<\/p>\n\n\n\n<p class=\"wp-block-paragraph\">La Five 2026 int\u00e8gre \u00e9galement un chargeur embarqu\u00e9 <strong>AC de 6,6 kW<\/strong> pour la recharge \u00e0 domicile ou sur les bornes classiques, ce qui couvre l&rsquo;immense majorit\u00e9 des situations du quotidien. Branch\u00e9 le soir, le v\u00e9hicule est plein au matin.<\/p>\n\n\n\n<p class=\"wp-block-paragraph\">Ce d\u00e9blocage de la recharge rapide positionne d\u00e9sormais la Five sur le m\u00eame terrain que ses concurrentes directes. La <strong>Volkswagen ID.Polo<\/strong> propose la recharge rapide pour un prix l\u00e9g\u00e8rement sup\u00e9rieur \u00e0 <strong>24 995 \u20ac<\/strong>, et Renault s&rsquo;aligne pr\u00e9cis\u00e9ment pour rester comp\u00e9titif sur ce crit\u00e8re devenu incontournable dans la d\u00e9cision d&rsquo;achat.<\/p>\n\n\n\n<h2 class=\"wp-block-heading\">Prix, aides et comparatif : est-ce le bon moment d&rsquo;acheter ?<\/h2>\n\n\n\n<p class=\"wp-block-paragraph\">\u00c0 <strong>24 990 \u20ac<\/strong> en prix catalogue, la Renault 5 Five 2026 se positionne de mani\u00e8re offensive sur son segment. Mais le prix r\u00e9el pour l&rsquo;acheteur peut descendre bien en dessous gr\u00e2ce aux dispositifs d&rsquo;aide en vigueur. La <strong>prime Coup de Pouce<\/strong> permet de d\u00e9duire <strong>6 180 \u20ac<\/strong> pour les foyers \u00e9ligibles, ramenant le prix d&rsquo;acc\u00e8s \u00e0 environ <strong>18 810 \u20ac<\/strong>. Le <strong>Leasing Social 2026<\/strong> est quant \u00e0 lui disponible \u00e0 partir de <strong>139 \u20ac\/mois<\/strong> sur une version Evolution, ce qui ouvre la porte aux m\u00e9nages qui ne peuvent pas mobiliser un apport important.<\/p>\n\n\n\n<p class=\"wp-block-paragraph\">Face \u00e0 la <strong>Peugeot e-208<\/strong>, qui reste une rivale s\u00e9rieuse avec jusqu&rsquo;\u00e0 433 km WLTP selon les versions, la Five r\u00e9pond avec un avantage de prix et la solidit\u00e9 de sa batterie LFP. Face \u00e0 la <strong>Dacia Spring<\/strong>, elle se distingue par une autonomie nettement sup\u00e9rieure et des \u00e9quipements bien plus complets. La Five 2026 occupe donc une position centrale sur le march\u00e9 des petites \u00e9lectriques accessibles, avec une proposition technique renforc\u00e9e et un tarif maintenu.<\/p>\n\n\n\n<p class=\"wp-block-paragraph\">Les commandes sont d&rsquo;ores et d\u00e9j\u00e0 ouvertes en France. Si vous avez un projet d&rsquo;achat dans les mois qui viennent, cette \u00e9volution m\u00e9rite clairement d&rsquo;\u00eatre int\u00e9gr\u00e9e \u00e0 votre comparatif.<\/p>\n","protected":false},"excerpt":{"rendered":"","protected":false},"author":8,"featured_media":1701,"comment_status":"open","ping_status":"open","sticky":false,"template":"","format":"standard","meta":{"_acf_changed":false,"footnotes":""},"categories":[1],"tags":[82,99],"class_list":["post-1697","post","type-post","status-publish","format-standard","has-post-thumbnail","hentry","category-energies","tag-renault","tag-voitures-electriques","masonry-post","generate-columns","tablet-grid-50","mobile-grid-100","grid-parent","grid-33"],"acf":[],"yoast_head":"<!-- This site is optimized with the Yoast SEO plugin v28.3 - https:\/\/yoast.com\/product\/yoast-seo-wordpress\/ -->\n<title>Renault 5 Five 2026 : la nouvelle batterie LFP qui change tout pour les acheteurs de voitures \u00e9lectriques - ECOinfos<\/title>\n<meta name=\"robots\" content=\"index, follow, max-snippet:-1, max-image-preview:large, max-video-preview:-1\" \/>\n<link rel=\"canonical\" href=\"https:\/\/www.les-energies-renouvelables.eu\/article\/actualites\/energies\/renault-5-five-2026-la-nouvelle-batterie-lfp-qui-change-tout-pour-les-acheteurs-de-voitures-electriques-1697\/\" \/>\n<meta property=\"og:locale\" content=\"fr_FR\" \/>\n<meta property=\"og:type\" content=\"article\" \/>\n<meta property=\"og:title\" content=\"Renault 5 Five 2026 : la nouvelle batterie LFP qui change tout pour les acheteurs de voitures \u00e9lectriques - ECOinfos\" \/>\n<meta property=\"og:description\" content=\"La Renault 5 est d\u00e9j\u00e0 la voiture \u00e9lectrique la plus vendue en France depuis son lancement. Renault vient pourtant de franchir un nouveau cap avec la version Five 2026, qui troque son ancienne batterie contre une technologie in\u00e9dite dans la gamme. R\u00e9sultat : 305 km d&#039;autonomie WLTP, une recharge rapide enfin disponible de s\u00e9rie, et un prix qui ne bouge pas \u00e0 24 990 \u20ac. De quoi convaincre les derniers h\u00e9sitants et bousculer un peu plus le march\u00e9 des citadines \u00e9lectriques.\" \/>\n<meta property=\"og:url\" content=\"https:\/\/www.les-energies-renouvelables.eu\/article\/actualites\/energies\/renault-5-five-2026-la-nouvelle-batterie-lfp-qui-change-tout-pour-les-acheteurs-de-voitures-electriques-1697\/\" \/>\n<meta property=\"og:site_name\" content=\"ECOinfos Energies renouvelables\" \/>\n<meta property=\"article:publisher\" content=\"https:\/\/www.facebook.com\/ecoannuaire.energierenouvelable\/\" \/>\n<meta property=\"article:author\" content=\"https:\/\/www.facebook.com\/michel.castelnau.7\" \/>\n<meta property=\"article:published_time\" content=\"2026-08-31T08:15:00+00:00\" \/>\n<meta property=\"og:image\" content=\"https:\/\/www.les-energies-renouvelables.eu\/article\/actualites\/wp-content\/uploads\/2026\/08\/actualites-brouillon-auto-renault-5-five-2026-la-nouvelle-batterie-lfp.jpg\" \/>\n\t<meta property=\"og:image:width\" content=\"1200\" \/>\n\t<meta property=\"og:image:height\" content=\"675\" \/>\n\t<meta property=\"og:image:type\" content=\"image\/jpeg\" \/>\n<meta name=\"author\" content=\"Michel Castelnau\" \/>\n<meta name=\"twitter:card\" content=\"summary_large_image\" \/>\n<meta name=\"twitter:creator\" content=\"@ECOinfosENR\" \/>\n<meta name=\"twitter:site\" content=\"@ECOinfosENR\" \/>\n<meta name=\"twitter:label1\" content=\"\u00c9crit par\" \/>\n\t<meta name=\"twitter:data1\" content=\"Michel Castelnau\" \/>\n\t<meta name=\"twitter:label2\" content=\"Dur\u00e9e de lecture estim\u00e9e\" \/>\n\t<meta name=\"twitter:data2\" content=\"5 minutes\" \/>\n<script type=\"application\/ld+json\" class=\"yoast-schema-graph\">{\"@context\":\"https:\\\/\\\/schema.org\",\"@graph\":[{\"@type\":\"NewsArticle\",\"@id\":\"https:\\\/\\\/www.les-energies-renouvelables.eu\\\/article\\\/actualites\\\/energies\\\/renault-5-five-2026-la-nouvelle-batterie-lfp-qui-change-tout-pour-les-acheteurs-de-voitures-electriques-1697\\\/#article\",\"isPartOf\":{\"@id\":\"https:\\\/\\\/www.les-energies-renouvelables.eu\\\/article\\\/actualites\\\/energies\\\/renault-5-five-2026-la-nouvelle-batterie-lfp-qui-change-tout-pour-les-acheteurs-de-voitures-electriques-1697\\\/\"},\"author\":{\"name\":\"Michel Castelnau\",\"@id\":\"https:\\\/\\\/www.les-energies-renouvelables.eu\\\/article\\\/actualites\\\/#\\\/schema\\\/person\\\/21f43c1e26c324fe4707b304b4f3a456\"},\"headline\":\"Renault 5 Five 2026 : la nouvelle batterie LFP qui change tout pour les acheteurs de voitures \u00e9lectriques\",\"datePublished\":\"2026-08-31T08:15:00+00:00\",\"mainEntityOfPage\":{\"@id\":\"https:\\\/\\\/www.les-energies-renouvelables.eu\\\/article\\\/actualites\\\/energies\\\/renault-5-five-2026-la-nouvelle-batterie-lfp-qui-change-tout-pour-les-acheteurs-de-voitures-electriques-1697\\\/\"},\"wordCount\":907,\"commentCount\":0,\"publisher\":{\"@id\":\"https:\\\/\\\/www.les-energies-renouvelables.eu\\\/article\\\/actualites\\\/#organization\"},\"image\":{\"@id\":\"https:\\\/\\\/www.les-energies-renouvelables.eu\\\/article\\\/actualites\\\/energies\\\/renault-5-five-2026-la-nouvelle-batterie-lfp-qui-change-tout-pour-les-acheteurs-de-voitures-electriques-1697\\\/#primaryimage\"},\"thumbnailUrl\":\"https:\\\/\\\/www.les-energies-renouvelables.eu\\\/article\\\/actualites\\\/wp-content\\\/uploads\\\/2026\\\/08\\\/actualites-brouillon-auto-renault-5-five-2026-la-nouvelle-batterie-lfp.jpg\",\"keywords\":[\"Renault\",\"voitures \u00e9lectriques\"],\"articleSection\":[\"\u00c9nergies\"],\"inLanguage\":\"fr-FR\",\"potentialAction\":[{\"@type\":\"CommentAction\",\"name\":\"Comment\",\"target\":[\"https:\\\/\\\/www.les-energies-renouvelables.eu\\\/article\\\/actualites\\\/energies\\\/renault-5-five-2026-la-nouvelle-batterie-lfp-qui-change-tout-pour-les-acheteurs-de-voitures-electriques-1697\\\/#respond\"]}]},{\"@type\":\"WebPage\",\"@id\":\"https:\\\/\\\/www.les-energies-renouvelables.eu\\\/article\\\/actualites\\\/energies\\\/renault-5-five-2026-la-nouvelle-batterie-lfp-qui-change-tout-pour-les-acheteurs-de-voitures-electriques-1697\\\/\",\"url\":\"https:\\\/\\\/www.les-energies-renouvelables.eu\\\/article\\\/actualites\\\/energies\\\/renault-5-five-2026-la-nouvelle-batterie-lfp-qui-change-tout-pour-les-acheteurs-de-voitures-electriques-1697\\\/\",\"name\":\"Renault 5 Five 2026 : la nouvelle batterie LFP qui change tout pour les acheteurs de voitures \u00e9lectriques - ECOinfos\",\"isPartOf\":{\"@id\":\"https:\\\/\\\/www.les-energies-renouvelables.eu\\\/article\\\/actualites\\\/#website\"},\"primaryImageOfPage\":{\"@id\":\"https:\\\/\\\/www.les-energies-renouvelables.eu\\\/article\\\/actualites\\\/energies\\\/renault-5-five-2026-la-nouvelle-batterie-lfp-qui-change-tout-pour-les-acheteurs-de-voitures-electriques-1697\\\/#primaryimage\"},\"image\":{\"@id\":\"https:\\\/\\\/www.les-energies-renouvelables.eu\\\/article\\\/actualites\\\/energies\\\/renault-5-five-2026-la-nouvelle-batterie-lfp-qui-change-tout-pour-les-acheteurs-de-voitures-electriques-1697\\\/#primaryimage\"},\"thumbnailUrl\":\"https:\\\/\\\/www.les-energies-renouvelables.eu\\\/article\\\/actualites\\\/wp-content\\\/uploads\\\/2026\\\/08\\\/actualites-brouillon-auto-renault-5-five-2026-la-nouvelle-batterie-lfp.jpg\",\"datePublished\":\"2026-08-31T08:15:00+00:00\",\"breadcrumb\":{\"@id\":\"https:\\\/\\\/www.les-energies-renouvelables.eu\\\/article\\\/actualites\\\/energies\\\/renault-5-five-2026-la-nouvelle-batterie-lfp-qui-change-tout-pour-les-acheteurs-de-voitures-electriques-1697\\\/#breadcrumb\"},\"inLanguage\":\"fr-FR\",\"potentialAction\":[{\"@type\":\"ReadAction\",\"target\":[\"https:\\\/\\\/www.les-energies-renouvelables.eu\\\/article\\\/actualites\\\/energies\\\/renault-5-five-2026-la-nouvelle-batterie-lfp-qui-change-tout-pour-les-acheteurs-de-voitures-electriques-1697\\\/\"]}]},{\"@type\":\"ImageObject\",\"inLanguage\":\"fr-FR\",\"@id\":\"https:\\\/\\\/www.les-energies-renouvelables.eu\\\/article\\\/actualites\\\/energies\\\/renault-5-five-2026-la-nouvelle-batterie-lfp-qui-change-tout-pour-les-acheteurs-de-voitures-electriques-1697\\\/#primaryimage\",\"url\":\"https:\\\/\\\/www.les-energies-renouvelables.eu\\\/article\\\/actualites\\\/wp-content\\\/uploads\\\/2026\\\/08\\\/actualites-brouillon-auto-renault-5-five-2026-la-nouvelle-batterie-lfp.jpg\",\"contentUrl\":\"https:\\\/\\\/www.les-energies-renouvelables.eu\\\/article\\\/actualites\\\/wp-content\\\/uploads\\\/2026\\\/08\\\/actualites-brouillon-auto-renault-5-five-2026-la-nouvelle-batterie-lfp.jpg\",\"width\":1200,\"height\":675,\"caption\":\"Site officiel de Renault (https:\\\/\\\/www.renault.fr\\\/)\"},{\"@type\":\"BreadcrumbList\",\"@id\":\"https:\\\/\\\/www.les-energies-renouvelables.eu\\\/article\\\/actualites\\\/energies\\\/renault-5-five-2026-la-nouvelle-batterie-lfp-qui-change-tout-pour-les-acheteurs-de-voitures-electriques-1697\\\/#breadcrumb\",\"itemListElement\":[{\"@type\":\"ListItem\",\"position\":1,\"name\":\"Accueil\",\"item\":\"https:\\\/\\\/www.les-energies-renouvelables.eu\\\/article\\\/actualites\\\/\"},{\"@type\":\"ListItem\",\"position\":2,\"name\":\"Renault 5 Five 2026 : la nouvelle batterie LFP qui change tout pour les acheteurs de voitures \u00e9lectriques\"}]},{\"@type\":\"WebSite\",\"@id\":\"https:\\\/\\\/www.les-energies-renouvelables.eu\\\/article\\\/actualites\\\/#website\",\"url\":\"https:\\\/\\\/www.les-energies-renouvelables.eu\\\/article\\\/actualites\\\/\",\"name\":\"ECOinfos Energies renouvelables\",\"description\":\"Le d\u00e9cryptage quotidien du secteur des \u00e9nergies renouvelables\",\"publisher\":{\"@id\":\"https:\\\/\\\/www.les-energies-renouvelables.eu\\\/article\\\/actualites\\\/#organization\"},\"potentialAction\":[{\"@type\":\"SearchAction\",\"target\":{\"@type\":\"EntryPoint\",\"urlTemplate\":\"https:\\\/\\\/www.les-energies-renouvelables.eu\\\/article\\\/actualites\\\/?s={search_term_string}\"},\"query-input\":{\"@type\":\"PropertyValueSpecification\",\"valueRequired\":true,\"valueName\":\"search_term_string\"}}],\"inLanguage\":\"fr-FR\"},{\"@type\":\"Organization\",\"@id\":\"https:\\\/\\\/www.les-energies-renouvelables.eu\\\/article\\\/actualites\\\/#organization\",\"name\":\"ECOinfos Energies renouvelables\",\"url\":\"https:\\\/\\\/www.les-energies-renouvelables.eu\\\/article\\\/actualites\\\/\",\"logo\":{\"@type\":\"ImageObject\",\"inLanguage\":\"fr-FR\",\"@id\":\"https:\\\/\\\/www.les-energies-renouvelables.eu\\\/article\\\/actualites\\\/#\\\/schema\\\/logo\\\/image\\\/\",\"url\":\"https:\\\/\\\/www.les-energies-renouvelables.eu\\\/article\\\/actualites\\\/wp-content\\\/uploads\\\/2025\\\/11\\\/ecoinfos.eldorado-consulting.com-logo-logo.svg\",\"contentUrl\":\"https:\\\/\\\/www.les-energies-renouvelables.eu\\\/article\\\/actualites\\\/wp-content\\\/uploads\\\/2025\\\/11\\\/ecoinfos.eldorado-consulting.com-logo-logo.svg\",\"caption\":\"ECOinfos Energies renouvelables\"},\"image\":{\"@id\":\"https:\\\/\\\/www.les-energies-renouvelables.eu\\\/article\\\/actualites\\\/#\\\/schema\\\/logo\\\/image\\\/\"},\"sameAs\":[\"https:\\\/\\\/www.facebook.com\\\/ecoannuaire.energierenouvelable\\\/\",\"https:\\\/\\\/x.com\\\/ECOinfosENR\",\"https:\\\/\\\/www.linkedin.com\\\/company\\\/ecoinfos-energies-renouvelables\\\/\",\"https:\\\/\\\/www.youtube.com\\\/@ecoinfosenergies\",\"https:\\\/\\\/share.google\\\/dyKHJPxAV42WhhjbM\"]},{\"@type\":\"Person\",\"@id\":\"https:\\\/\\\/www.les-energies-renouvelables.eu\\\/article\\\/actualites\\\/#\\\/schema\\\/person\\\/21f43c1e26c324fe4707b304b4f3a456\",\"name\":\"Michel Castelnau\",\"pronouns\":\"Michel Castelnau\",\"image\":{\"@type\":\"ImageObject\",\"inLanguage\":\"fr-FR\",\"@id\":\"https:\\\/\\\/www.les-energies-renouvelables.eu\\\/article\\\/actualites\\\/wp-content\\\/uploads\\\/2026\\\/07\\\/actualites-michel-castelnau-michel-castelnau-160x160.webp\",\"url\":\"https:\\\/\\\/www.les-energies-renouvelables.eu\\\/article\\\/actualites\\\/wp-content\\\/uploads\\\/2026\\\/07\\\/actualites-michel-castelnau-michel-castelnau-160x160.webp\",\"contentUrl\":\"https:\\\/\\\/www.les-energies-renouvelables.eu\\\/article\\\/actualites\\\/wp-content\\\/uploads\\\/2026\\\/07\\\/actualites-michel-castelnau-michel-castelnau-160x160.webp\",\"caption\":\"Michel Castelnau\"},\"description\":\"Je suis Michel Castelnau, professionnel du secteur photovolta\u00efque et des \u00e9nergies renouvelables. En 2008, j\u2019ai fond\u00e9 ECOinfos Energies Renouvelables avec l\u2019ambition de rendre l\u2019information sur les solutions \u00e9nerg\u00e9tiques durables plus accessible, claire et utile. Fort de mon exp\u00e9rience dans le domaine du solaire photovolta\u00efque, je suis avec attention les \u00e9volutions technologiques, \u00e9conomiques et r\u00e9glementaires du march\u00e9. \u00c0 travers mes publications, je partage mon expertise, d\u00e9crypte les tendances du secteur et accompagne les particuliers comme les professionnels dans leur compr\u00e9hension des enjeux li\u00e9s \u00e0 la transition \u00e9nerg\u00e9tique.\",\"sameAs\":[\"https:\\\/\\\/www.facebook.com\\\/michel.castelnau.7\",\"https:\\\/\\\/www.linkedin.com\\\/in\\\/michel-castelnau-41970823\\\/\"],\"url\":\"https:\\\/\\\/www.les-energies-renouvelables.eu\\\/article\\\/actualites\\\/author\\\/michel-castelnau\\\/\"}]}<\/script>\n<!-- \/ Yoast SEO plugin. -->","yoast_head_json":{"title":"Renault 5 Five 2026 : la nouvelle batterie LFP qui change tout pour les acheteurs de voitures \u00e9lectriques - ECOinfos","robots":{"index":"index","follow":"follow","max-snippet":"max-snippet:-1","max-image-preview":"max-image-preview:large","max-video-preview":"max-video-preview:-1"},"canonical":"https:\/\/www.les-energies-renouvelables.eu\/article\/actualites\/energies\/renault-5-five-2026-la-nouvelle-batterie-lfp-qui-change-tout-pour-les-acheteurs-de-voitures-electriques-1697\/","og_locale":"fr_FR","og_type":"article","og_title":"Renault 5 Five 2026 : la nouvelle batterie LFP qui change tout pour les acheteurs de voitures \u00e9lectriques - ECOinfos","og_description":"La Renault 5 est d\u00e9j\u00e0 la voiture \u00e9lectrique la plus vendue en France depuis son lancement. Renault vient pourtant de franchir un nouveau cap avec la version Five 2026, qui troque son ancienne batterie contre une technologie in\u00e9dite dans la gamme. R\u00e9sultat : 305 km d'autonomie WLTP, une recharge rapide enfin disponible de s\u00e9rie, et un prix qui ne bouge pas \u00e0 24 990 \u20ac. De quoi convaincre les derniers h\u00e9sitants et bousculer un peu plus le march\u00e9 des citadines \u00e9lectriques.","og_url":"https:\/\/www.les-energies-renouvelables.eu\/article\/actualites\/energies\/renault-5-five-2026-la-nouvelle-batterie-lfp-qui-change-tout-pour-les-acheteurs-de-voitures-electriques-1697\/","og_site_name":"ECOinfos Energies renouvelables","article_publisher":"https:\/\/www.facebook.com\/ecoannuaire.energierenouvelable\/","article_author":"https:\/\/www.facebook.com\/michel.castelnau.7","article_published_time":"2026-08-31T08:15:00+00:00","og_image":[{"width":1200,"height":675,"url":"https:\/\/www.les-energies-renouvelables.eu\/article\/actualites\/wp-content\/uploads\/2026\/08\/actualites-brouillon-auto-renault-5-five-2026-la-nouvelle-batterie-lfp.jpg","type":"image\/jpeg"}],"author":"Michel Castelnau","twitter_card":"summary_large_image","twitter_creator":"@ECOinfosENR","twitter_site":"@ECOinfosENR","twitter_misc":{"\u00c9crit par":"Michel Castelnau","Dur\u00e9e de lecture estim\u00e9e":"5 minutes"},"schema":{"@context":"https:\/\/schema.org","@graph":[{"@type":"NewsArticle","@id":"https:\/\/www.les-energies-renouvelables.eu\/article\/actualites\/energies\/renault-5-five-2026-la-nouvelle-batterie-lfp-qui-change-tout-pour-les-acheteurs-de-voitures-electriques-1697\/#article","isPartOf":{"@id":"https:\/\/www.les-energies-renouvelables.eu\/article\/actualites\/energies\/renault-5-five-2026-la-nouvelle-batterie-lfp-qui-change-tout-pour-les-acheteurs-de-voitures-electriques-1697\/"},"author":{"name":"Michel Castelnau","@id":"https:\/\/www.les-energies-renouvelables.eu\/article\/actualites\/#\/schema\/person\/21f43c1e26c324fe4707b304b4f3a456"},"headline":"Renault 5 Five 2026 : la nouvelle batterie LFP qui change tout pour les acheteurs de voitures \u00e9lectriques","datePublished":"2026-08-31T08:15:00+00:00","mainEntityOfPage":{"@id":"https:\/\/www.les-energies-renouvelables.eu\/article\/actualites\/energies\/renault-5-five-2026-la-nouvelle-batterie-lfp-qui-change-tout-pour-les-acheteurs-de-voitures-electriques-1697\/"},"wordCount":907,"commentCount":0,"publisher":{"@id":"https:\/\/www.les-energies-renouvelables.eu\/article\/actualites\/#organization"},"image":{"@id":"https:\/\/www.les-energies-renouvelables.eu\/article\/actualites\/energies\/renault-5-five-2026-la-nouvelle-batterie-lfp-qui-change-tout-pour-les-acheteurs-de-voitures-electriques-1697\/#primaryimage"},"thumbnailUrl":"https:\/\/www.les-energies-renouvelables.eu\/article\/actualites\/wp-content\/uploads\/2026\/08\/actualites-brouillon-auto-renault-5-five-2026-la-nouvelle-batterie-lfp.jpg","keywords":["Renault","voitures \u00e9lectriques"],"articleSection":["\u00c9nergies"],"inLanguage":"fr-FR","potentialAction":[{"@type":"CommentAction","name":"Comment","target":["https:\/\/www.les-energies-renouvelables.eu\/article\/actualites\/energies\/renault-5-five-2026-la-nouvelle-batterie-lfp-qui-change-tout-pour-les-acheteurs-de-voitures-electriques-1697\/#respond"]}]},{"@type":"WebPage","@id":"https:\/\/www.les-energies-renouvelables.eu\/article\/actualites\/energies\/renault-5-five-2026-la-nouvelle-batterie-lfp-qui-change-tout-pour-les-acheteurs-de-voitures-electriques-1697\/","url":"https:\/\/www.les-energies-renouvelables.eu\/article\/actualites\/energies\/renault-5-five-2026-la-nouvelle-batterie-lfp-qui-change-tout-pour-les-acheteurs-de-voitures-electriques-1697\/","name":"Renault 5 Five 2026 : la nouvelle batterie LFP qui change tout pour les acheteurs de voitures \u00e9lectriques - ECOinfos","isPartOf":{"@id":"https:\/\/www.les-energies-renouvelables.eu\/article\/actualites\/#website"},"primaryImageOfPage":{"@id":"https:\/\/www.les-energies-renouvelables.eu\/article\/actualites\/energies\/renault-5-five-2026-la-nouvelle-batterie-lfp-qui-change-tout-pour-les-acheteurs-de-voitures-electriques-1697\/#primaryimage"},"image":{"@id":"https:\/\/www.les-energies-renouvelables.eu\/article\/actualites\/energies\/renault-5-five-2026-la-nouvelle-batterie-lfp-qui-change-tout-pour-les-acheteurs-de-voitures-electriques-1697\/#primaryimage"},"thumbnailUrl":"https:\/\/www.les-energies-renouvelables.eu\/article\/actualites\/wp-content\/uploads\/2026\/08\/actualites-brouillon-auto-renault-5-five-2026-la-nouvelle-batterie-lfp.jpg","datePublished":"2026-08-31T08:15:00+00:00","breadcrumb":{"@id":"https:\/\/www.les-energies-renouvelables.eu\/article\/actualites\/energies\/renault-5-five-2026-la-nouvelle-batterie-lfp-qui-change-tout-pour-les-acheteurs-de-voitures-electriques-1697\/#breadcrumb"},"inLanguage":"fr-FR","potentialAction":[{"@type":"ReadAction","target":["https:\/\/www.les-energies-renouvelables.eu\/article\/actualites\/energies\/renault-5-five-2026-la-nouvelle-batterie-lfp-qui-change-tout-pour-les-acheteurs-de-voitures-electriques-1697\/"]}]},{"@type":"ImageObject","inLanguage":"fr-FR","@id":"https:\/\/www.les-energies-renouvelables.eu\/article\/actualites\/energies\/renault-5-five-2026-la-nouvelle-batterie-lfp-qui-change-tout-pour-les-acheteurs-de-voitures-electriques-1697\/#primaryimage","url":"https:\/\/www.les-energies-renouvelables.eu\/article\/actualites\/wp-content\/uploads\/2026\/08\/actualites-brouillon-auto-renault-5-five-2026-la-nouvelle-batterie-lfp.jpg","contentUrl":"https:\/\/www.les-energies-renouvelables.eu\/article\/actualites\/wp-content\/uploads\/2026\/08\/actualites-brouillon-auto-renault-5-five-2026-la-nouvelle-batterie-lfp.jpg","width":1200,"height":675,"caption":"Site officiel de Renault (https:\/\/www.renault.fr\/)"},{"@type":"BreadcrumbList","@id":"https:\/\/www.les-energies-renouvelables.eu\/article\/actualites\/energies\/renault-5-five-2026-la-nouvelle-batterie-lfp-qui-change-tout-pour-les-acheteurs-de-voitures-electriques-1697\/#breadcrumb","itemListElement":[{"@type":"ListItem","position":1,"name":"Accueil","item":"https:\/\/www.les-energies-renouvelables.eu\/article\/actualites\/"},{"@type":"ListItem","position":2,"name":"Renault 5 Five 2026 : la nouvelle batterie LFP qui change tout pour les acheteurs de voitures \u00e9lectriques"}]},{"@type":"WebSite","@id":"https:\/\/www.les-energies-renouvelables.eu\/article\/actualites\/#website","url":"https:\/\/www.les-energies-renouvelables.eu\/article\/actualites\/","name":"ECOinfos Energies renouvelables","description":"Le d\u00e9cryptage quotidien du secteur des \u00e9nergies renouvelables","publisher":{"@id":"https:\/\/www.les-energies-renouvelables.eu\/article\/actualites\/#organization"},"potentialAction":[{"@type":"SearchAction","target":{"@type":"EntryPoint","urlTemplate":"https:\/\/www.les-energies-renouvelables.eu\/article\/actualites\/?s={search_term_string}"},"query-input":{"@type":"PropertyValueSpecification","valueRequired":true,"valueName":"search_term_string"}}],"inLanguage":"fr-FR"},{"@type":"Organization","@id":"https:\/\/www.les-energies-renouvelables.eu\/article\/actualites\/#organization","name":"ECOinfos Energies renouvelables","url":"https:\/\/www.les-energies-renouvelables.eu\/article\/actualites\/","logo":{"@type":"ImageObject","inLanguage":"fr-FR","@id":"https:\/\/www.les-energies-renouvelables.eu\/article\/actualites\/#\/schema\/logo\/image\/","url":"https:\/\/www.les-energies-renouvelables.eu\/article\/actualites\/wp-content\/uploads\/2025\/11\/ecoinfos.eldorado-consulting.com-logo-logo.svg","contentUrl":"https:\/\/www.les-energies-renouvelables.eu\/article\/actualites\/wp-content\/uploads\/2025\/11\/ecoinfos.eldorado-consulting.com-logo-logo.svg","caption":"ECOinfos Energies renouvelables"},"image":{"@id":"https:\/\/www.les-energies-renouvelables.eu\/article\/actualites\/#\/schema\/logo\/image\/"},"sameAs":["https:\/\/www.facebook.com\/ecoannuaire.energierenouvelable\/","https:\/\/x.com\/ECOinfosENR","https:\/\/www.linkedin.com\/company\/ecoinfos-energies-renouvelables\/","https:\/\/www.youtube.com\/@ecoinfosenergies","https:\/\/share.google\/dyKHJPxAV42WhhjbM"]},{"@type":"Person","@id":"https:\/\/www.les-energies-renouvelables.eu\/article\/actualites\/#\/schema\/person\/21f43c1e26c324fe4707b304b4f3a456","name":"Michel Castelnau","pronouns":"Michel Castelnau","image":{"@type":"ImageObject","inLanguage":"fr-FR","@id":"https:\/\/www.les-energies-renouvelables.eu\/article\/actualites\/wp-content\/uploads\/2026\/07\/actualites-michel-castelnau-michel-castelnau-160x160.webp","url":"https:\/\/www.les-energies-renouvelables.eu\/article\/actualites\/wp-content\/uploads\/2026\/07\/actualites-michel-castelnau-michel-castelnau-160x160.webp","contentUrl":"https:\/\/www.les-energies-renouvelables.eu\/article\/actualites\/wp-content\/uploads\/2026\/07\/actualites-michel-castelnau-michel-castelnau-160x160.webp","caption":"Michel Castelnau"},"description":"Je suis Michel Castelnau, professionnel du secteur photovolta\u00efque et des \u00e9nergies renouvelables. En 2008, j\u2019ai fond\u00e9 ECOinfos Energies Renouvelables avec l\u2019ambition de rendre l\u2019information sur les solutions \u00e9nerg\u00e9tiques durables plus accessible, claire et utile. Fort de mon exp\u00e9rience dans le domaine du solaire photovolta\u00efque, je suis avec attention les \u00e9volutions technologiques, \u00e9conomiques et r\u00e9glementaires du march\u00e9. \u00c0 travers mes publications, je partage mon expertise, d\u00e9crypte les tendances du secteur et accompagne les particuliers comme les professionnels dans leur compr\u00e9hension des enjeux li\u00e9s \u00e0 la transition \u00e9nerg\u00e9tique.","sameAs":["https:\/\/www.facebook.com\/michel.castelnau.7","https:\/\/www.linkedin.com\/in\/michel-castelnau-41970823\/"],"url":"https:\/\/www.les-energies-renouvelables.eu\/article\/actualites\/author\/michel-castelnau\/"}]}},"_links":{"self":[{"href":"https:\/\/www.les-energies-renouvelables.eu\/article\/actualites\/wp-json\/wp\/v2\/posts\/1697","targetHints":{"allow":["GET"]}}],"collection":[{"href":"https:\/\/www.les-energies-renouvelables.eu\/article\/actualites\/wp-json\/wp\/v2\/posts"}],"about":[{"href":"https:\/\/www.les-energies-renouvelables.eu\/article\/actualites\/wp-json\/wp\/v2\/types\/post"}],"author":[{"embeddable":true,"href":"https:\/\/www.les-energies-renouvelables.eu\/article\/actualites\/wp-json\/wp\/v2\/users\/8"}],"replies":[{"embeddable":true,"href":"https:\/\/www.les-energies-renouvelables.eu\/article\/actualites\/wp-json\/wp\/v2\/comments?post=1697"}],"version-history":[{"count":1,"href":"https:\/\/www.les-energies-renouvelables.eu\/article\/actualites\/wp-json\/wp\/v2\/posts\/1697\/revisions"}],"predecessor-version":[{"id":1704,"href":"https:\/\/www.les-energies-renouvelables.eu\/article\/actualites\/wp-json\/wp\/v2\/posts\/1697\/revisions\/1704"}],"wp:featuredmedia":[{"embeddable":true,"href":"https:\/\/www.les-energies-renouvelables.eu\/article\/actualites\/wp-json\/wp\/v2\/media\/1701"}],"wp:attachment":[{"href":"https:\/\/www.les-energies-renouvelables.eu\/article\/actualites\/wp-json\/wp\/v2\/media?parent=1697"}],"wp:term":[{"taxonomy":"category","embeddable":true,"href":"https:\/\/www.les-energies-renouvelables.eu\/article\/actualites\/wp-json\/wp\/v2\/categories?post=1697"},{"taxonomy":"post_tag","embeddable":true,"href":"https:\/\/www.les-energies-renouvelables.eu\/article\/actualites\/wp-json\/wp\/v2\/tags?post=1697"}],"curies":[{"name":"wp","href":"https:\/\/api.w.org\/{rel}","templated":true}]}}