{"id":144,"date":"2025-12-24T08:00:00","date_gmt":"2025-12-24T07:00:00","guid":{"rendered":"https:\/\/www.les-energies-renouvelables.eu\/article\/actualites\/?p=144"},"modified":"2025-12-22T20:50:43","modified_gmt":"2025-12-22T19:50:43","slug":"une-ia-hebergee-en-suisse-des-data-centers-qui-chauffent-des-logements-le-pari-dinfomaniak","status":"publish","type":"post","link":"https:\/\/www.les-energies-renouvelables.eu\/article\/actualites\/energies\/une-ia-hebergee-en-suisse-des-data-centers-qui-chauffent-des-logements-le-pari-dinfomaniak-144\/","title":{"rendered":"Une IA h\u00e9berg\u00e9e en Suisse, des data centers qui chauffent des logements : le pari d\u2019Infomaniak"},"content":{"rendered":"\n<p>R\u00e9sum\u00e9 :<\/p>\n\n\n\n<ul class=\"wp-block-list\">\n<li><strong>Disponibilit\u00e9 :<\/strong> Lancement d&rsquo;Euria, assistant IA gratuit disponible sur web et applications mobiles (iOS\/Android).<\/li>\n\n\n\n<li><strong>Localisation :<\/strong> Un traitement des donn\u00e9es assur\u00e9 int\u00e9gralement dans les data centers suisses d&rsquo;Infomaniak.<\/li>\n\n\n\n<li><strong>\u00c9nergie :<\/strong> Une infrastructure aliment\u00e9e par des sources renouvelables avec r\u00e9cup\u00e9ration de la chaleur fatale.<\/li>\n\n\n\n<li><strong>Confidentialit\u00e9 :<\/strong> L&rsquo;entreprise affirme ne collecter aucune donn\u00e9e utilisateur pour l&rsquo;entra\u00eenement de ses mod\u00e8les.<\/li>\n\n\n\n<li><strong>\u00c9cosyst\u00e8me :<\/strong> Un outil int\u00e9gr\u00e9 \u00e0 la suite collaborative kSuite, ciblant particuli\u00e8rement les secteurs r\u00e9glement\u00e9s.<\/li>\n<\/ul>\n\n\n\n<p>Le march\u00e9 des assistants d\u2019IA grand public est aujourd\u2019hui majoritairement port\u00e9 par des acteurs d\u2019outre-Atlantique. C&rsquo;est dans ce contexte de d\u00e9pendance technologique qu&rsquo;Infomaniak introduit Euria. Pour Marc Oehler, CEO de l&rsquo;entreprise, l&rsquo;absence de mod\u00e8les majeurs nativement europ\u00e9ens constitue un risque pour la souverainet\u00e9 du continent. La strat\u00e9gie affich\u00e9e ici consiste \u00e0 proposer une alternative locale permettant de conserver le contr\u00f4le sur les infrastructures et les flux de donn\u00e9es.<\/p>\n\n\n\n<h3 class=\"wp-block-heading\">Une infrastructure centr\u00e9e sur la revalorisation \u00e9nerg\u00e9tique<\/h3>\n\n\n\n<p>L&rsquo;un des points saillants de cette annonce r\u00e9side dans <strong>la gestion de l&#8217;empreinte environnementale<\/strong>. Infomaniak indique que l&rsquo;\u00e9lectricit\u00e9 utilis\u00e9e pour alimenter Euria provient de sources renouvelables. Surtout, l&rsquo;h\u00e9bergeur mise sur <strong>la circularit\u00e9 thermique<\/strong> : la chaleur g\u00e9n\u00e9r\u00e9e par les serveurs lors des calculs d&rsquo;IA est r\u00e9cup\u00e9r\u00e9e pour alimenter le r\u00e9seau de <strong>chauffage urbain de Gen\u00e8ve<\/strong>.<\/p>\n\n\n\n<p>Selon les projections fournies par l&rsquo;entreprise, \u00e0 pleine charge, ce data center pourrait fournir assez d&rsquo;\u00e9nergie pour chauffer environ 6 000 logements de type Minergie-A durant l&rsquo;hiver. L&rsquo;infrastructure permettrait \u00e9galement de couvrir les besoins en eau chaude sanitaire de 20 000 personnes quotidiennement. <strong>Infomaniak<\/strong> estime que cette revalorisation \u00e9vitera l&rsquo;\u00e9mission de 3 600 tonnes de CO\u2082 par an en substituant le gaz naturel. Pour Boris Siegenthaler, fondateur de l&rsquo;entreprise, ce mod\u00e8le <strong>transforme la contrainte thermique de l&rsquo;IA en une ressource collective<\/strong>, fonctionnant par ailleurs sans consommation d&rsquo;eau pour le refroidissement.<\/p>\n\n\n\n<h3 class=\"wp-block-heading\">Souverainet\u00e9 et protection des donn\u00e9es : le pari du cloud suisse<\/h3>\n\n\n\n<p>Sur le plan de la confidentialit\u00e9, le prestataire suisse adopte un positionnement de rupture avec les mod\u00e8les standards. <strong>Le traitement des requ\u00eates et le stockage<\/strong> sont pr\u00e9sent\u00e9s comme \u00e9tant r\u00e9alis\u00e9s sans aucun recours \u00e0 des prestataires tiers ou transferts hors de Suisse.<\/p>\n\n\n\n<p>L&rsquo;entreprise affirme que les \u00e9changes sont chiffr\u00e9s et qu&rsquo;aucune donn\u00e9e n&rsquo;est exploit\u00e9e pour l&rsquo;entra\u00eenement de mod\u00e8les d&rsquo;IA ou pour l&rsquo;\u00e9tablissement de profils publicitaires. Un \u00ab\u00a0mode \u00e9ph\u00e9m\u00e8re\u00a0\u00bb est \u00e9galement mis en avant : selon la documentation technique du service, ce mode permet de&nbsp; b, ce qui rendrait toute r\u00e9cup\u00e9ration ult\u00e9rieure impossible, y compris pour l&rsquo;h\u00e9bergeur. Par ces garanties, Euria vise les secteurs aux exigences de s\u00e9curit\u00e9 \u00e9lev\u00e9es, tels que la sant\u00e9, le droit ou la finance, o\u00f9&nbsp; b et \u00e0 la Loi suisse sur la protection des donn\u00e9es (LPD) est un pr\u00e9requis non n\u00e9gociable.<\/p>\n\n\n\n<h3 class=\"wp-block-heading\">L&rsquo;IA face aux limites de la d\u00e9pendance technologique<\/h3>\n\n\n\n<p>Si l\u2019infrastructure est souveraine, <strong>le c\u0153ur logiciel d\u2019Euria<\/strong> repose sur des mod\u00e8les d\u2019IA open source h\u00e9berg\u00e9s localement. Selon Infomaniak, ces mod\u00e8les ont \u00e9t\u00e9 s\u00e9lectionn\u00e9s pour couvrir les principaux usages d\u2019un assistant d\u2019IA, tout en int\u00e9grant des choix visant \u00e0 <strong>limiter la consommation \u00e9nerg\u00e9tique<\/strong>.<\/p>\n\n\n\n<p>La feuille de route annonc\u00e9e pr\u00e9voit une int\u00e9gration croissante dans <strong>l&rsquo;\u00e9cosyst\u00e8me productif d&rsquo;Infomaniak (kSuite<\/strong>), avec l&rsquo;ajout futur d&rsquo;agents intelligents et de capacit\u00e9s de g\u00e9n\u00e9ration d&rsquo;images. Toutefois, une nuance demeure : l&rsquo;h\u00e9bergement local ne signifie pas une ind\u00e9pendance technologique totale. La conception m\u00eame des mod\u00e8les de base reste souvent tributaire de recherches et de d\u00e9veloppements mondiaux. La souverainet\u00e9 revendiqu\u00e9e ici porte donc davantage sur le contr\u00f4le de <strong>l&rsquo;infrastructure et la s\u00e9curisation des donn\u00e9es<\/strong> que sur la ma\u00eetrise amont des algorithmes.<\/p>\n\n\n\n<p>En combinant h\u00e9bergement local et valorisation thermique, l&rsquo;initiative d&rsquo;Infomaniak propose un mod\u00e8le de d\u00e9veloppement qui tente de concilier explosion des besoins num\u00e9riques et imp\u00e9ratifs climatiques. Cependant, le passage d&rsquo;une infrastructure souveraine \u00e0 une fili\u00e8re europ\u00e9enne de l&rsquo;IA totalement autonome reste un d\u00e9fi de long terme. La capacit\u00e9 des acteurs locaux \u00e0 maintenir ce niveau d&rsquo;exigence face \u00e0 la puissance d&rsquo;investissement des g\u00e9ants du secteur sera l&rsquo;un des enjeux majeurs des prochaines ann\u00e9es.<\/p>\n","protected":false},"excerpt":{"rendered":"","protected":false},"author":2,"featured_media":180,"comment_status":"closed","ping_status":"closed","sticky":false,"template":"","format":"standard","meta":{"footnotes":""},"categories":[1],"tags":[],"class_list":["post-144","post","type-post","status-publish","format-standard","has-post-thumbnail","hentry","category-energies","masonry-post","generate-columns","tablet-grid-50","mobile-grid-100","grid-parent","grid-33"],"yoast_head":"<!-- This site is optimized with the Yoast SEO plugin v26.6 - https:\/\/yoast.com\/wordpress\/plugins\/seo\/ -->\n<title>Une IA h\u00e9berg\u00e9e en Suisse, des data centers qui chauffent des logements : le pari d\u2019Infomaniak - ECOinfos<\/title>\n<meta name=\"description\" content=\"Le Suisse Infomaniak lance Euria, une IA souveraine h\u00e9berg\u00e9e localement. Son innovation : revaloriser la chaleur des serveurs pour chauffer 6 000 foyers \u00e0 Gen\u00e8ve.\" \/>\n<meta name=\"robots\" content=\"index, follow, max-snippet:-1, max-image-preview:large, max-video-preview:-1\" \/>\n<link rel=\"canonical\" href=\"https:\/\/www.les-energies-renouvelables.eu\/article\/actualites\/energies\/une-ia-hebergee-en-suisse-des-data-centers-qui-chauffent-des-logements-le-pari-dinfomaniak-144\/\" \/>\n<meta property=\"og:locale\" content=\"fr_FR\" \/>\n<meta property=\"og:type\" content=\"article\" \/>\n<meta property=\"og:title\" content=\"Une IA h\u00e9berg\u00e9e en Suisse, des data centers qui chauffent des logements : le pari d\u2019Infomaniak - ECOinfos\" \/>\n<meta property=\"og:description\" content=\"Le Suisse Infomaniak lance Euria, une IA souveraine h\u00e9berg\u00e9e localement. Son innovation : revaloriser la chaleur des serveurs pour chauffer 6 000 foyers \u00e0 Gen\u00e8ve.\" \/>\n<meta property=\"og:url\" content=\"https:\/\/www.les-energies-renouvelables.eu\/article\/actualites\/energies\/une-ia-hebergee-en-suisse-des-data-centers-qui-chauffent-des-logements-le-pari-dinfomaniak-144\/\" \/>\n<meta property=\"og:site_name\" content=\"ECOinfos Energies renouvelables\" \/>\n<meta property=\"article:publisher\" content=\"https:\/\/www.facebook.com\/ecoannuaire.energierenouvelable\/\" \/>\n<meta property=\"article:author\" content=\"https:\/\/www.facebook.com\/tictacf2c\/\" \/>\n<meta property=\"article:published_time\" content=\"2025-12-24T07:00:00+00:00\" \/>\n<meta property=\"og:image\" content=\"https:\/\/www.les-energies-renouvelables.eu\/article\/actualites\/wp-content\/uploads\/2025\/12\/actualites-une-ia-hebergee-en-suisse-des-data-centers-qui-chauffent-des-logements-le-pari-dinfomaniak-ia-souveraine-et-transition-energetique.jpg\" \/>\n\t<meta property=\"og:image:width\" content=\"1200\" \/>\n\t<meta property=\"og:image:height\" content=\"675\" \/>\n\t<meta property=\"og:image:type\" content=\"image\/jpeg\" \/>\n<meta name=\"author\" content=\"Alexia JACQUARD\" \/>\n<meta name=\"twitter:card\" content=\"summary_large_image\" \/>\n<meta name=\"twitter:creator\" content=\"@alexiajcrd\" \/>\n<meta name=\"twitter:site\" content=\"@ECOinfosENR\" \/>\n<meta name=\"twitter:label1\" content=\"\u00c9crit par\" \/>\n\t<meta name=\"twitter:data1\" content=\"Alexia JACQUARD\" \/>\n\t<meta name=\"twitter:label2\" content=\"Dur\u00e9e de lecture estim\u00e9e\" \/>\n\t<meta name=\"twitter:data2\" content=\"4 minutes\" \/>\n<script type=\"application\/ld+json\" class=\"yoast-schema-graph\">{\"@context\":\"https:\/\/schema.org\",\"@graph\":[{\"@type\":\"Article\",\"@id\":\"https:\/\/www.les-energies-renouvelables.eu\/article\/actualites\/energies\/une-ia-hebergee-en-suisse-des-data-centers-qui-chauffent-des-logements-le-pari-dinfomaniak-144\/#article\",\"isPartOf\":{\"@id\":\"https:\/\/www.les-energies-renouvelables.eu\/article\/actualites\/energies\/une-ia-hebergee-en-suisse-des-data-centers-qui-chauffent-des-logements-le-pari-dinfomaniak-144\/\"},\"author\":{\"name\":\"Alexia JACQUARD\",\"@id\":\"https:\/\/www.les-energies-renouvelables.eu\/article\/actualites\/#\/schema\/person\/2c7d09eb5ca339c12ca8d86145440169\"},\"headline\":\"Une IA h\u00e9berg\u00e9e en Suisse, des data centers qui chauffent des logements : le pari d\u2019Infomaniak\",\"datePublished\":\"2025-12-24T07:00:00+00:00\",\"mainEntityOfPage\":{\"@id\":\"https:\/\/www.les-energies-renouvelables.eu\/article\/actualites\/energies\/une-ia-hebergee-en-suisse-des-data-centers-qui-chauffent-des-logements-le-pari-dinfomaniak-144\/\"},\"wordCount\":784,\"publisher\":{\"@id\":\"https:\/\/www.les-energies-renouvelables.eu\/article\/actualites\/#organization\"},\"image\":{\"@id\":\"https:\/\/www.les-energies-renouvelables.eu\/article\/actualites\/energies\/une-ia-hebergee-en-suisse-des-data-centers-qui-chauffent-des-logements-le-pari-dinfomaniak-144\/#primaryimage\"},\"thumbnailUrl\":\"https:\/\/www.les-energies-renouvelables.eu\/article\/actualites\/wp-content\/uploads\/2025\/12\/actualites-une-ia-hebergee-en-suisse-des-data-centers-qui-chauffent-des-logements-le-pari-dinfomaniak-ia-souveraine-et-transition-energetique.jpg\",\"articleSection\":[\"\u00c9nergies\"],\"inLanguage\":\"fr-FR\"},{\"@type\":\"WebPage\",\"@id\":\"https:\/\/www.les-energies-renouvelables.eu\/article\/actualites\/energies\/une-ia-hebergee-en-suisse-des-data-centers-qui-chauffent-des-logements-le-pari-dinfomaniak-144\/\",\"url\":\"https:\/\/www.les-energies-renouvelables.eu\/article\/actualites\/energies\/une-ia-hebergee-en-suisse-des-data-centers-qui-chauffent-des-logements-le-pari-dinfomaniak-144\/\",\"name\":\"Une IA h\u00e9berg\u00e9e en Suisse, des data centers qui chauffent des logements : le pari d\u2019Infomaniak - ECOinfos\",\"isPartOf\":{\"@id\":\"https:\/\/www.les-energies-renouvelables.eu\/article\/actualites\/#website\"},\"primaryImageOfPage\":{\"@id\":\"https:\/\/www.les-energies-renouvelables.eu\/article\/actualites\/energies\/une-ia-hebergee-en-suisse-des-data-centers-qui-chauffent-des-logements-le-pari-dinfomaniak-144\/#primaryimage\"},\"image\":{\"@id\":\"https:\/\/www.les-energies-renouvelables.eu\/article\/actualites\/energies\/une-ia-hebergee-en-suisse-des-data-centers-qui-chauffent-des-logements-le-pari-dinfomaniak-144\/#primaryimage\"},\"thumbnailUrl\":\"https:\/\/www.les-energies-renouvelables.eu\/article\/actualites\/wp-content\/uploads\/2025\/12\/actualites-une-ia-hebergee-en-suisse-des-data-centers-qui-chauffent-des-logements-le-pari-dinfomaniak-ia-souveraine-et-transition-energetique.jpg\",\"datePublished\":\"2025-12-24T07:00:00+00:00\",\"description\":\"Le Suisse Infomaniak lance Euria, une IA souveraine h\u00e9berg\u00e9e localement. Son innovation : revaloriser la chaleur des serveurs pour chauffer 6 000 foyers \u00e0 Gen\u00e8ve.\",\"breadcrumb\":{\"@id\":\"https:\/\/www.les-energies-renouvelables.eu\/article\/actualites\/energies\/une-ia-hebergee-en-suisse-des-data-centers-qui-chauffent-des-logements-le-pari-dinfomaniak-144\/#breadcrumb\"},\"inLanguage\":\"fr-FR\",\"potentialAction\":[{\"@type\":\"ReadAction\",\"target\":[\"https:\/\/www.les-energies-renouvelables.eu\/article\/actualites\/energies\/une-ia-hebergee-en-suisse-des-data-centers-qui-chauffent-des-logements-le-pari-dinfomaniak-144\/\"]}]},{\"@type\":\"ImageObject\",\"inLanguage\":\"fr-FR\",\"@id\":\"https:\/\/www.les-energies-renouvelables.eu\/article\/actualites\/energies\/une-ia-hebergee-en-suisse-des-data-centers-qui-chauffent-des-logements-le-pari-dinfomaniak-144\/#primaryimage\",\"url\":\"https:\/\/www.les-energies-renouvelables.eu\/article\/actualites\/wp-content\/uploads\/2025\/12\/actualites-une-ia-hebergee-en-suisse-des-data-centers-qui-chauffent-des-logements-le-pari-dinfomaniak-ia-souveraine-et-transition-energetique.jpg\",\"contentUrl\":\"https:\/\/www.les-energies-renouvelables.eu\/article\/actualites\/wp-content\/uploads\/2025\/12\/actualites-une-ia-hebergee-en-suisse-des-data-centers-qui-chauffent-des-logements-le-pari-dinfomaniak-ia-souveraine-et-transition-energetique.jpg\",\"width\":1200,\"height\":675,\"caption\":\"Dall-E\"},{\"@type\":\"BreadcrumbList\",\"@id\":\"https:\/\/www.les-energies-renouvelables.eu\/article\/actualites\/energies\/une-ia-hebergee-en-suisse-des-data-centers-qui-chauffent-des-logements-le-pari-dinfomaniak-144\/#breadcrumb\",\"itemListElement\":[{\"@type\":\"ListItem\",\"position\":1,\"name\":\"Accueil\",\"item\":\"https:\/\/www.les-energies-renouvelables.eu\/article\/actualites\/\"},{\"@type\":\"ListItem\",\"position\":2,\"name\":\"Une IA h\u00e9berg\u00e9e en Suisse, des data centers qui chauffent des logements : le pari d\u2019Infomaniak\"}]},{\"@type\":\"WebSite\",\"@id\":\"https:\/\/www.les-energies-renouvelables.eu\/article\/actualites\/#website\",\"url\":\"https:\/\/www.les-energies-renouvelables.eu\/article\/actualites\/\",\"name\":\"ECOinfos Energies renouvelables\",\"description\":\"Le d\u00e9cryptage quotidien du secteur des \u00e9nergies renouvelables\",\"publisher\":{\"@id\":\"https:\/\/www.les-energies-renouvelables.eu\/article\/actualites\/#organization\"},\"potentialAction\":[{\"@type\":\"SearchAction\",\"target\":{\"@type\":\"EntryPoint\",\"urlTemplate\":\"https:\/\/www.les-energies-renouvelables.eu\/article\/actualites\/?s={search_term_string}\"},\"query-input\":{\"@type\":\"PropertyValueSpecification\",\"valueRequired\":true,\"valueName\":\"search_term_string\"}}],\"inLanguage\":\"fr-FR\"},{\"@type\":\"Organization\",\"@id\":\"https:\/\/www.les-energies-renouvelables.eu\/article\/actualites\/#organization\",\"name\":\"ECOinfos Energies renouvelables\",\"url\":\"https:\/\/www.les-energies-renouvelables.eu\/article\/actualites\/\",\"logo\":{\"@type\":\"ImageObject\",\"inLanguage\":\"fr-FR\",\"@id\":\"https:\/\/www.les-energies-renouvelables.eu\/article\/actualites\/#\/schema\/logo\/image\/\",\"url\":\"https:\/\/www.les-energies-renouvelables.eu\/article\/actualites\/wp-content\/uploads\/2025\/11\/ecoinfos.eldorado-consulting.com-logo-logo.svg\",\"contentUrl\":\"https:\/\/www.les-energies-renouvelables.eu\/article\/actualites\/wp-content\/uploads\/2025\/11\/ecoinfos.eldorado-consulting.com-logo-logo.svg\",\"caption\":\"ECOinfos Energies renouvelables\"},\"image\":{\"@id\":\"https:\/\/www.les-energies-renouvelables.eu\/article\/actualites\/#\/schema\/logo\/image\/\"},\"sameAs\":[\"https:\/\/www.facebook.com\/ecoannuaire.energierenouvelable\/\",\"https:\/\/x.com\/ECOinfosENR\",\"https:\/\/www.linkedin.com\/company\/ecoinfos-energies-renouvelables\/\",\"https:\/\/www.youtube.com\/@ecoinfosenergies\",\"https:\/\/share.google\/dyKHJPxAV42WhhjbM\"]},{\"@type\":\"Person\",\"@id\":\"https:\/\/www.les-energies-renouvelables.eu\/article\/actualites\/#\/schema\/person\/2c7d09eb5ca339c12ca8d86145440169\",\"name\":\"Alexia JACQUARD\",\"pronouns\":\"elle\/elle\",\"image\":{\"@type\":\"ImageObject\",\"inLanguage\":\"fr-FR\",\"@id\":\"https:\/\/www.les-energies-renouvelables.eu\/article\/actualites\/#\/schema\/person\/image\/\",\"url\":\"https:\/\/www.les-energies-renouvelables.eu\/article\/actualites\/wp-content\/uploads\/2026\/01\/actualites-alexia-jacquard-alexia-jacquard-160x160.jpg\",\"contentUrl\":\"https:\/\/www.les-energies-renouvelables.eu\/article\/actualites\/wp-content\/uploads\/2026\/01\/actualites-alexia-jacquard-alexia-jacquard-160x160.jpg\",\"caption\":\"Alexia JACQUARD\"},\"description\":\"Curieuse de nature et attentif aux enjeux du d\u00e9veloppement durable, Alexia Jacquard suit l'actualit\u00e9 des \u00e9nergies renouvelables pour partager les derni\u00e8res nouveaut\u00e9s du secteur. Elle s'attache \u00e0 retranscrire simplement les informations cl\u00e9s et les initiatives positives qui marquent la transition \u00e9nerg\u00e9tique. Son objectif : proposer des articles d'actualit\u00e9 clairs et accessibles pour tous ceux qui s'int\u00e9ressent \u00e0 l'avenir de notre \u00e9nergie.\",\"sameAs\":[\"https:\/\/alexia-jacquard.fr\",\"https:\/\/www.facebook.com\/tictacf2c\/\",\"https:\/\/www.instagram.com\/alexia_redac\/\",\"https:\/\/www.linkedin.com\/in\/alexia-jacquard-449a4b289\/\",\"https:\/\/fr.pinterest.com\/alexiajacquard\/\",\"https:\/\/x.com\/alexiajcrd\",\"https:\/\/www.youtube.com\/@Thepaindemie\",\"https:\/\/muckrack.com\/alexia-jacquard\"],\"url\":\"https:\/\/www.les-energies-renouvelables.eu\/article\/actualites\/author\/alexia-jacquard\/\"}]}<\/script>\n<!-- \/ Yoast SEO plugin. -->","yoast_head_json":{"title":"Une IA h\u00e9berg\u00e9e en Suisse, des data centers qui chauffent des logements : le pari d\u2019Infomaniak - ECOinfos","description":"Le Suisse Infomaniak lance Euria, une IA souveraine h\u00e9berg\u00e9e localement. Son innovation : revaloriser la chaleur des serveurs pour chauffer 6 000 foyers \u00e0 Gen\u00e8ve.","robots":{"index":"index","follow":"follow","max-snippet":"max-snippet:-1","max-image-preview":"max-image-preview:large","max-video-preview":"max-video-preview:-1"},"canonical":"https:\/\/www.les-energies-renouvelables.eu\/article\/actualites\/energies\/une-ia-hebergee-en-suisse-des-data-centers-qui-chauffent-des-logements-le-pari-dinfomaniak-144\/","og_locale":"fr_FR","og_type":"article","og_title":"Une IA h\u00e9berg\u00e9e en Suisse, des data centers qui chauffent des logements : le pari d\u2019Infomaniak - ECOinfos","og_description":"Le Suisse Infomaniak lance Euria, une IA souveraine h\u00e9berg\u00e9e localement. Son innovation : revaloriser la chaleur des serveurs pour chauffer 6 000 foyers \u00e0 Gen\u00e8ve.","og_url":"https:\/\/www.les-energies-renouvelables.eu\/article\/actualites\/energies\/une-ia-hebergee-en-suisse-des-data-centers-qui-chauffent-des-logements-le-pari-dinfomaniak-144\/","og_site_name":"ECOinfos Energies renouvelables","article_publisher":"https:\/\/www.facebook.com\/ecoannuaire.energierenouvelable\/","article_author":"https:\/\/www.facebook.com\/tictacf2c\/","article_published_time":"2025-12-24T07:00:00+00:00","og_image":[{"width":1200,"height":675,"url":"https:\/\/www.les-energies-renouvelables.eu\/article\/actualites\/wp-content\/uploads\/2025\/12\/actualites-une-ia-hebergee-en-suisse-des-data-centers-qui-chauffent-des-logements-le-pari-dinfomaniak-ia-souveraine-et-transition-energetique.jpg","type":"image\/jpeg"}],"author":"Alexia JACQUARD","twitter_card":"summary_large_image","twitter_creator":"@alexiajcrd","twitter_site":"@ECOinfosENR","twitter_misc":{"\u00c9crit par":"Alexia JACQUARD","Dur\u00e9e de lecture estim\u00e9e":"4 minutes"},"schema":{"@context":"https:\/\/schema.org","@graph":[{"@type":"Article","@id":"https:\/\/www.les-energies-renouvelables.eu\/article\/actualites\/energies\/une-ia-hebergee-en-suisse-des-data-centers-qui-chauffent-des-logements-le-pari-dinfomaniak-144\/#article","isPartOf":{"@id":"https:\/\/www.les-energies-renouvelables.eu\/article\/actualites\/energies\/une-ia-hebergee-en-suisse-des-data-centers-qui-chauffent-des-logements-le-pari-dinfomaniak-144\/"},"author":{"name":"Alexia JACQUARD","@id":"https:\/\/www.les-energies-renouvelables.eu\/article\/actualites\/#\/schema\/person\/2c7d09eb5ca339c12ca8d86145440169"},"headline":"Une IA h\u00e9berg\u00e9e en Suisse, des data centers qui chauffent des logements : le pari d\u2019Infomaniak","datePublished":"2025-12-24T07:00:00+00:00","mainEntityOfPage":{"@id":"https:\/\/www.les-energies-renouvelables.eu\/article\/actualites\/energies\/une-ia-hebergee-en-suisse-des-data-centers-qui-chauffent-des-logements-le-pari-dinfomaniak-144\/"},"wordCount":784,"publisher":{"@id":"https:\/\/www.les-energies-renouvelables.eu\/article\/actualites\/#organization"},"image":{"@id":"https:\/\/www.les-energies-renouvelables.eu\/article\/actualites\/energies\/une-ia-hebergee-en-suisse-des-data-centers-qui-chauffent-des-logements-le-pari-dinfomaniak-144\/#primaryimage"},"thumbnailUrl":"https:\/\/www.les-energies-renouvelables.eu\/article\/actualites\/wp-content\/uploads\/2025\/12\/actualites-une-ia-hebergee-en-suisse-des-data-centers-qui-chauffent-des-logements-le-pari-dinfomaniak-ia-souveraine-et-transition-energetique.jpg","articleSection":["\u00c9nergies"],"inLanguage":"fr-FR"},{"@type":"WebPage","@id":"https:\/\/www.les-energies-renouvelables.eu\/article\/actualites\/energies\/une-ia-hebergee-en-suisse-des-data-centers-qui-chauffent-des-logements-le-pari-dinfomaniak-144\/","url":"https:\/\/www.les-energies-renouvelables.eu\/article\/actualites\/energies\/une-ia-hebergee-en-suisse-des-data-centers-qui-chauffent-des-logements-le-pari-dinfomaniak-144\/","name":"Une IA h\u00e9berg\u00e9e en Suisse, des data centers qui chauffent des logements : le pari d\u2019Infomaniak - ECOinfos","isPartOf":{"@id":"https:\/\/www.les-energies-renouvelables.eu\/article\/actualites\/#website"},"primaryImageOfPage":{"@id":"https:\/\/www.les-energies-renouvelables.eu\/article\/actualites\/energies\/une-ia-hebergee-en-suisse-des-data-centers-qui-chauffent-des-logements-le-pari-dinfomaniak-144\/#primaryimage"},"image":{"@id":"https:\/\/www.les-energies-renouvelables.eu\/article\/actualites\/energies\/une-ia-hebergee-en-suisse-des-data-centers-qui-chauffent-des-logements-le-pari-dinfomaniak-144\/#primaryimage"},"thumbnailUrl":"https:\/\/www.les-energies-renouvelables.eu\/article\/actualites\/wp-content\/uploads\/2025\/12\/actualites-une-ia-hebergee-en-suisse-des-data-centers-qui-chauffent-des-logements-le-pari-dinfomaniak-ia-souveraine-et-transition-energetique.jpg","datePublished":"2025-12-24T07:00:00+00:00","description":"Le Suisse Infomaniak lance Euria, une IA souveraine h\u00e9berg\u00e9e localement. Son innovation : revaloriser la chaleur des serveurs pour chauffer 6 000 foyers \u00e0 Gen\u00e8ve.","breadcrumb":{"@id":"https:\/\/www.les-energies-renouvelables.eu\/article\/actualites\/energies\/une-ia-hebergee-en-suisse-des-data-centers-qui-chauffent-des-logements-le-pari-dinfomaniak-144\/#breadcrumb"},"inLanguage":"fr-FR","potentialAction":[{"@type":"ReadAction","target":["https:\/\/www.les-energies-renouvelables.eu\/article\/actualites\/energies\/une-ia-hebergee-en-suisse-des-data-centers-qui-chauffent-des-logements-le-pari-dinfomaniak-144\/"]}]},{"@type":"ImageObject","inLanguage":"fr-FR","@id":"https:\/\/www.les-energies-renouvelables.eu\/article\/actualites\/energies\/une-ia-hebergee-en-suisse-des-data-centers-qui-chauffent-des-logements-le-pari-dinfomaniak-144\/#primaryimage","url":"https:\/\/www.les-energies-renouvelables.eu\/article\/actualites\/wp-content\/uploads\/2025\/12\/actualites-une-ia-hebergee-en-suisse-des-data-centers-qui-chauffent-des-logements-le-pari-dinfomaniak-ia-souveraine-et-transition-energetique.jpg","contentUrl":"https:\/\/www.les-energies-renouvelables.eu\/article\/actualites\/wp-content\/uploads\/2025\/12\/actualites-une-ia-hebergee-en-suisse-des-data-centers-qui-chauffent-des-logements-le-pari-dinfomaniak-ia-souveraine-et-transition-energetique.jpg","width":1200,"height":675,"caption":"Dall-E"},{"@type":"BreadcrumbList","@id":"https:\/\/www.les-energies-renouvelables.eu\/article\/actualites\/energies\/une-ia-hebergee-en-suisse-des-data-centers-qui-chauffent-des-logements-le-pari-dinfomaniak-144\/#breadcrumb","itemListElement":[{"@type":"ListItem","position":1,"name":"Accueil","item":"https:\/\/www.les-energies-renouvelables.eu\/article\/actualites\/"},{"@type":"ListItem","position":2,"name":"Une IA h\u00e9berg\u00e9e en Suisse, des data centers qui chauffent des logements : le pari d\u2019Infomaniak"}]},{"@type":"WebSite","@id":"https:\/\/www.les-energies-renouvelables.eu\/article\/actualites\/#website","url":"https:\/\/www.les-energies-renouvelables.eu\/article\/actualites\/","name":"ECOinfos Energies renouvelables","description":"Le d\u00e9cryptage quotidien du secteur des \u00e9nergies renouvelables","publisher":{"@id":"https:\/\/www.les-energies-renouvelables.eu\/article\/actualites\/#organization"},"potentialAction":[{"@type":"SearchAction","target":{"@type":"EntryPoint","urlTemplate":"https:\/\/www.les-energies-renouvelables.eu\/article\/actualites\/?s={search_term_string}"},"query-input":{"@type":"PropertyValueSpecification","valueRequired":true,"valueName":"search_term_string"}}],"inLanguage":"fr-FR"},{"@type":"Organization","@id":"https:\/\/www.les-energies-renouvelables.eu\/article\/actualites\/#organization","name":"ECOinfos Energies renouvelables","url":"https:\/\/www.les-energies-renouvelables.eu\/article\/actualites\/","logo":{"@type":"ImageObject","inLanguage":"fr-FR","@id":"https:\/\/www.les-energies-renouvelables.eu\/article\/actualites\/#\/schema\/logo\/image\/","url":"https:\/\/www.les-energies-renouvelables.eu\/article\/actualites\/wp-content\/uploads\/2025\/11\/ecoinfos.eldorado-consulting.com-logo-logo.svg","contentUrl":"https:\/\/www.les-energies-renouvelables.eu\/article\/actualites\/wp-content\/uploads\/2025\/11\/ecoinfos.eldorado-consulting.com-logo-logo.svg","caption":"ECOinfos Energies renouvelables"},"image":{"@id":"https:\/\/www.les-energies-renouvelables.eu\/article\/actualites\/#\/schema\/logo\/image\/"},"sameAs":["https:\/\/www.facebook.com\/ecoannuaire.energierenouvelable\/","https:\/\/x.com\/ECOinfosENR","https:\/\/www.linkedin.com\/company\/ecoinfos-energies-renouvelables\/","https:\/\/www.youtube.com\/@ecoinfosenergies","https:\/\/share.google\/dyKHJPxAV42WhhjbM"]},{"@type":"Person","@id":"https:\/\/www.les-energies-renouvelables.eu\/article\/actualites\/#\/schema\/person\/2c7d09eb5ca339c12ca8d86145440169","name":"Alexia JACQUARD","pronouns":"elle\/elle","image":{"@type":"ImageObject","inLanguage":"fr-FR","@id":"https:\/\/www.les-energies-renouvelables.eu\/article\/actualites\/#\/schema\/person\/image\/","url":"https:\/\/www.les-energies-renouvelables.eu\/article\/actualites\/wp-content\/uploads\/2026\/01\/actualites-alexia-jacquard-alexia-jacquard-160x160.jpg","contentUrl":"https:\/\/www.les-energies-renouvelables.eu\/article\/actualites\/wp-content\/uploads\/2026\/01\/actualites-alexia-jacquard-alexia-jacquard-160x160.jpg","caption":"Alexia JACQUARD"},"description":"Curieuse de nature et attentif aux enjeux du d\u00e9veloppement durable, Alexia Jacquard suit l'actualit\u00e9 des \u00e9nergies renouvelables pour partager les derni\u00e8res nouveaut\u00e9s du secteur. Elle s'attache \u00e0 retranscrire simplement les informations cl\u00e9s et les initiatives positives qui marquent la transition \u00e9nerg\u00e9tique. Son objectif : proposer des articles d'actualit\u00e9 clairs et accessibles pour tous ceux qui s'int\u00e9ressent \u00e0 l'avenir de notre \u00e9nergie.","sameAs":["https:\/\/alexia-jacquard.fr","https:\/\/www.facebook.com\/tictacf2c\/","https:\/\/www.instagram.com\/alexia_redac\/","https:\/\/www.linkedin.com\/in\/alexia-jacquard-449a4b289\/","https:\/\/fr.pinterest.com\/alexiajacquard\/","https:\/\/x.com\/alexiajcrd","https:\/\/www.youtube.com\/@Thepaindemie","https:\/\/muckrack.com\/alexia-jacquard"],"url":"https:\/\/www.les-energies-renouvelables.eu\/article\/actualites\/author\/alexia-jacquard\/"}]}},"_links":{"self":[{"href":"https:\/\/www.les-energies-renouvelables.eu\/article\/actualites\/wp-json\/wp\/v2\/posts\/144","targetHints":{"allow":["GET"]}}],"collection":[{"href":"https:\/\/www.les-energies-renouvelables.eu\/article\/actualites\/wp-json\/wp\/v2\/posts"}],"about":[{"href":"https:\/\/www.les-energies-renouvelables.eu\/article\/actualites\/wp-json\/wp\/v2\/types\/post"}],"author":[{"embeddable":true,"href":"https:\/\/www.les-energies-renouvelables.eu\/article\/actualites\/wp-json\/wp\/v2\/users\/2"}],"replies":[{"embeddable":true,"href":"https:\/\/www.les-energies-renouvelables.eu\/article\/actualites\/wp-json\/wp\/v2\/comments?post=144"}],"version-history":[{"count":1,"href":"https:\/\/www.les-energies-renouvelables.eu\/article\/actualites\/wp-json\/wp\/v2\/posts\/144\/revisions"}],"predecessor-version":[{"id":145,"href":"https:\/\/www.les-energies-renouvelables.eu\/article\/actualites\/wp-json\/wp\/v2\/posts\/144\/revisions\/145"}],"wp:featuredmedia":[{"embeddable":true,"href":"https:\/\/www.les-energies-renouvelables.eu\/article\/actualites\/wp-json\/wp\/v2\/media\/180"}],"wp:attachment":[{"href":"https:\/\/www.les-energies-renouvelables.eu\/article\/actualites\/wp-json\/wp\/v2\/media?parent=144"}],"wp:term":[{"taxonomy":"category","embeddable":true,"href":"https:\/\/www.les-energies-renouvelables.eu\/article\/actualites\/wp-json\/wp\/v2\/categories?post=144"},{"taxonomy":"post_tag","embeddable":true,"href":"https:\/\/www.les-energies-renouvelables.eu\/article\/actualites\/wp-json\/wp\/v2\/tags?post=144"}],"curies":[{"name":"wp","href":"https:\/\/api.w.org\/{rel}","templated":true}]}}