{"id":141,"date":"2025-12-23T08:00:00","date_gmt":"2025-12-23T07:00:00","guid":{"rendered":"https:\/\/www.les-energies-renouvelables.eu\/article\/actualites\/?p=141"},"modified":"2025-12-22T13:55:47","modified_gmt":"2025-12-22T12:55:47","slug":"la-revolution-cachee-du-reseau-ce-que-le-seuil-de-10-mw-impose-aux-producteurs-enr-en-france","status":"publish","type":"post","link":"https:\/\/www.les-energies-renouvelables.eu\/article\/actualites\/energies\/la-revolution-cachee-du-reseau-ce-que-le-seuil-de-10-mw-impose-aux-producteurs-enr-en-france-141\/","title":{"rendered":"La r\u00e9volution cach\u00e9e du r\u00e9seau : ce que le seuil de 10 MW impose aux producteurs EnR en France"},"content":{"rendered":"\n<p>R\u00e9sum\u00e9 :&nbsp;<\/p>\n\n\n\n<ul class=\"wp-block-list\">\n<li>L&rsquo;\u00e9volution des r\u00e8gles de march\u00e9 du Re\u02caseau de Transport d\u2019E\u02calectricite\u02ca (RTE) concerne le dispositif de programmation, le m\u00e9canisme d&rsquo;ajustement et le dispositif de responsable d&rsquo;\u00e9quilibre.<\/li>\n\n\n\n<li>Le seuil de participation des producteurs au m\u00e9canisme d&rsquo;ajustement de RTE est <strong>fix\u00e9 \u00e0 10 MW<\/strong> \u00e0 compter du 1er janvier 2026.<\/li>\n\n\n\n<li>Pr\u00e8s de <strong>5 GW<\/strong> de production d&rsquo;\u00e9nergies renouvelables participent d\u00e9j\u00e0 au m\u00e9canisme d&rsquo;ajustement.<\/li>\n\n\n\n<li>La CRE n&rsquo;approuve pas le dispositif de p\u00e9nalisation propos\u00e9 par RTE et demande une nouvelle proposition apr\u00e8s concertation.<\/li>\n\n\n\n<li>La connexion de RTE \u00e0 la plateforme europ\u00e9enne d&rsquo;\u00e9quilibrage <strong>MARI<\/strong> est pr\u00e9vue pour le <strong>premier trimestre 2026<\/strong>.<\/li>\n<\/ul>\n\n\n\n<h2 class=\"wp-block-heading\">Le seuil des 10 MW : L&rsquo;obligation d&rsquo;\u00e9quilibrage pour les producteurs EnR<\/h2>\n\n\n\n<p>Le d\u00e9veloppement de la production d&rsquo;\u00e9lectricit\u00e9 renouvelable n\u00e9cessite d\u2019adapter les r\u00e8gles d\u2019\u00e9quilibrage. L&rsquo;objectif est que l\u2019ensemble des producteurs puissent contribuer \u00e0 la stabilit\u00e9 et \u00e0 la s\u00e9curit\u00e9 du r\u00e9seau.<\/p>\n\n\n\n<p>La loi DDADUE du <strong>30 avril 2025<\/strong> impose \u00e0 l\u2019ensemble des producteurs, dont la puissance d\u00e9passe un certain seuil, de mettre \u00e0 disposition de RTE leur puissance techniquement disponible. Cette obligation s&rsquo;applique \u00e0 compter du 1er janvier 2026.<\/p>\n\n\n\n<p>Les nouvelles r\u00e8gles approuv\u00e9es par la CRE fixent le seuil de participation au m\u00e9canisme d\u2019ajustement de RTE \u00e0 <strong>10 MW<\/strong>.<\/p>\n\n\n\n<h3 class=\"wp-block-heading\">L&rsquo;exigence de r\u00e9silience face \u00e0 la dynamique EnR<\/h3>\n\n\n\n<p>La CRE a approuv\u00e9 la nouvelle version des r\u00e8gles de march\u00e9 de RTE pour le dispositif de programmation, le m\u00e9canisme d\u2019ajustement, le dispositif de responsable d\u2019\u00e9quilibre, les services syst\u00e8me et leurs dispositions g\u00e9n\u00e9rales.<\/p>\n\n\n\n<p>\u00c0 ce jour, pr\u00e8s de <strong>5 GW<\/strong> de production d\u2019\u00e9nergies renouvelables participent d\u00e9j\u00e0 au m\u00e9canisme d\u2019ajustement de RTE, ce qui repr\u00e9sente une hausse d\u2019environ <strong>4,5 GW en un an<\/strong>. La CRE salue cette dynamique et souhaite la d\u00e9velopper davantage. Elle demande \u00e0 l\u2019ensemble des producteurs concern\u00e9s de participer \u00e0 l\u2019\u00e9quilibrage du syst\u00e8me \u00e9lectrique.<\/p>\n\n\n\n<figure class=\"wp-block-table\"><table class=\"has-fixed-layout\"><tbody><tr><td>Acteurs concern\u00e9s par les nouvelles r\u00e8gles (1er janv. 2026)<\/td><td>Obligation principale<\/td><td>Contrainte r\u00e9glementaire<\/td><\/tr><tr><td>Producteurs dont la puissance est <strong>sup\u00e9rieure \u00e0 10 MW<\/strong><\/td><td>Participer au m\u00e9canisme d&rsquo;ajustement de RTE<\/td><td>Loi DDADUE du 30 avril 2025&nbsp;<\/td><\/tr><tr><td>Acteurs en retard de participation&nbsp;<\/td><td>Communiquer \u00e0 RTE les raisons du retard, le calendrier pr\u00e9visionnel et un plan d&rsquo;action&nbsp;<\/td><td>Demande de la CRE<\/td><\/tr><\/tbody><\/table><\/figure>\n\n\n\n<p>Exporter vers Sheets<\/p>\n\n\n\n<p>La CRE invite ainsi l\u2019ensemble des acteurs qui ne participeront pas au m\u00e9canisme d\u2019ajustement au 1er janvier 2026 \u00e0 communiquer dans les meilleurs d\u00e9lais \u00e0 RTE les raisons du retard de leur participation, le calendrier pr\u00e9visionnel de leur participation ainsi qu\u2019un plan d\u2019action.<\/p>\n\n\n\n<h2 class=\"wp-block-heading\">Du risque de p\u00e9nalisation \u00e0 l&rsquo;exigence de pr\u00e9visibilit\u00e9<\/h2>\n\n\n\n<h3 class=\"wp-block-heading\">La qualit\u00e9 des programmes de production<\/h3>\n\n\n\n<p>Afin de renforcer la pr\u00e9visibilit\u00e9 des flux g\u00e9n\u00e9r\u00e9s sur le r\u00e9seau, la CRE a \u00e9galement approuv\u00e9 la cr\u00e9ation d\u2019<strong>indicateurs <\/strong>visant \u00e0 quantifier la qualit\u00e9 des programmes de production envoy\u00e9s par les acteurs.<\/p>\n\n\n\n<h3 class=\"wp-block-heading\">Le report de la p\u00e9nalisation<\/h3>\n\n\n\n<p>Concernant la p\u00e9nalisation des acteurs en cas de mauvaise programmation, la CRE est <strong>favorable au principe<\/strong>, d\u00e8s lors que la qualit\u00e9 de leurs programmes ne serait pas satisfaisante.<\/p>\n\n\n\n<p>N\u00e9anmoins, l\u2019autorit\u00e9 estime que ce sujet doit \u00eatre approfondi au regard du retour d\u2019exp\u00e9rience sur la mise en \u0153uvre des indicateurs de qualit\u00e9 et en concertation avec les acteurs de march\u00e9. La CRE <strong>n\u2019approuve donc pas le dispositif<\/strong> tel que propos\u00e9 par RTE dans ce jeu de r\u00e8gles, renvoie \u00e0 une introduction ult\u00e9rieure et demande \u00e0 RTE de lui transmettre une nouvelle proposition.<\/p>\n\n\n\n<h2 class=\"wp-block-heading\">L&rsquo;horizon europ\u00e9en : Pr\u00e9parer la connexion \u00e0 MARI<\/h2>\n\n\n\n<p>La CRE a \u00e9galement approuv\u00e9 les modalit\u00e9s propos\u00e9es par RTE pour pr\u00e9parer sa connexion \u00e0 la plateforme europ\u00e9enne d\u2019\u00e9quilibrage <strong>MARI<\/strong>. Cette plateforme permettra la poursuite de l\u2019int\u00e9gration europ\u00e9enne des march\u00e9s de l\u2019\u00e9quilibrage, au b\u00e9n\u00e9fice de la stabilit\u00e9 du syst\u00e8me.<\/p>\n\n\n\n<p>La connexion de RTE \u00e0 cette plateforme europ\u00e9enne d\u2019\u00e9quilibrage est pr\u00e9vue pour le <strong>premier trimestre 2026<\/strong>.<\/p>\n\n\n\n<p>La CRE a approuv\u00e9 une demande de d\u00e9rogation relative \u00e0 l\u2019utilisation de produits d\u2019\u00e9quilibrage sp\u00e9cifiques conform\u00e9ment \u00e0 l\u2019article 6, paragraphe 14 du R\u00e8glement europ\u00e9en 2019\/943.<\/p>\n\n\n\n<p>Les nouvelles r\u00e8gles, dont l&rsquo;application est pr\u00e9vue au <strong>1er janvier 2026<\/strong>, marquent un tournant pour l&rsquo;int\u00e9gration des \u00e9nergies renouvelables. Le seuil de <strong>10 MW<\/strong> et l&rsquo;exigence de pr\u00e9visibilit\u00e9 transforment le r\u00f4le des producteurs EnR. Les EnR prennent une place croissante dans la stabilit\u00e9 du r\u00e9seau.Cette \u00e9volution est compl\u00e9t\u00e9e par l&rsquo;alignement europ\u00e9en, avec la connexion de RTE \u00e0 la plateforme <strong>MARI<\/strong> pr\u00e9vue d\u00e9but <strong>2026<\/strong>. Ces mesures concourent toutes \u00e0 renforcer la r\u00e9silience du syst\u00e8me \u00e9lectrique fran\u00e7ais.<\/p>\n","protected":false},"excerpt":{"rendered":"","protected":false},"author":2,"featured_media":143,"comment_status":"closed","ping_status":"closed","sticky":false,"template":"","format":"standard","meta":{"footnotes":""},"categories":[1],"tags":[],"class_list":["post-141","post","type-post","status-publish","format-standard","has-post-thumbnail","hentry","category-energies","masonry-post","generate-columns","tablet-grid-50","mobile-grid-100","grid-parent","grid-33"],"yoast_head":"<!-- This site is optimized with the Yoast SEO plugin v26.6 - https:\/\/yoast.com\/wordpress\/plugins\/seo\/ -->\n<title>La r\u00e9volution cach\u00e9e du r\u00e9seau : ce que le seuil de 10 MW impose aux producteurs EnR en France - ECOinfos<\/title>\n<meta name=\"robots\" content=\"index, follow, max-snippet:-1, max-image-preview:large, max-video-preview:-1\" \/>\n<link rel=\"canonical\" href=\"https:\/\/www.les-energies-renouvelables.eu\/article\/actualites\/energies\/la-revolution-cachee-du-reseau-ce-que-le-seuil-de-10-mw-impose-aux-producteurs-enr-en-france-141\/\" \/>\n<meta property=\"og:locale\" content=\"fr_FR\" \/>\n<meta property=\"og:type\" content=\"article\" \/>\n<meta property=\"og:title\" content=\"La r\u00e9volution cach\u00e9e du r\u00e9seau : ce que le seuil de 10 MW impose aux producteurs EnR en France - ECOinfos\" \/>\n<meta property=\"og:description\" content=\"La Commission de r\u00e9gulation de l&#039;\u00e9nergie (CRE) a approuv\u00e9 une \u00e9volution des r\u00e8gles pour l&#039;\u00e9quilibrage du syst\u00e8me \u00e9lectrique. Ces modifications visent \u00e0 renforcer l&#039;int\u00e9gration des \u00e9nergies renouvelables (EnR) et \u00e0 rendre les r\u00e9seaux fran\u00e7ais plus r\u00e9silients. Les nouvelles dispositions entreront en vigueur le 1er janvier 2026.\" \/>\n<meta property=\"og:url\" content=\"https:\/\/www.les-energies-renouvelables.eu\/article\/actualites\/energies\/la-revolution-cachee-du-reseau-ce-que-le-seuil-de-10-mw-impose-aux-producteurs-enr-en-france-141\/\" \/>\n<meta property=\"og:site_name\" content=\"ECOinfos Energies renouvelables\" \/>\n<meta property=\"article:publisher\" content=\"https:\/\/www.facebook.com\/ecoannuaire.energierenouvelable\/\" \/>\n<meta property=\"article:author\" content=\"https:\/\/www.facebook.com\/tictacf2c\/\" \/>\n<meta property=\"article:published_time\" content=\"2025-12-23T07:00:00+00:00\" \/>\n<meta property=\"og:image\" content=\"https:\/\/www.les-energies-renouvelables.eu\/article\/actualites\/wp-content\/uploads\/2025\/12\/actualites-la-revolution-cachee-du-reseau-ce-que-le-seuil-de-10-mw-impose-aux-producteurs-enr-en-france-regles-dequilibrage-electrique-enr-10mw.jpg\" \/>\n\t<meta property=\"og:image:width\" content=\"1200\" \/>\n\t<meta property=\"og:image:height\" content=\"675\" \/>\n\t<meta property=\"og:image:type\" content=\"image\/jpeg\" \/>\n<meta name=\"author\" content=\"Alexia JACQUARD\" \/>\n<meta name=\"twitter:card\" content=\"summary_large_image\" \/>\n<meta name=\"twitter:creator\" content=\"@alexiajcrd\" \/>\n<meta name=\"twitter:site\" content=\"@ECOinfosENR\" \/>\n<meta name=\"twitter:label1\" content=\"\u00c9crit par\" \/>\n\t<meta name=\"twitter:data1\" content=\"Alexia JACQUARD\" \/>\n\t<meta name=\"twitter:label2\" content=\"Dur\u00e9e de lecture estim\u00e9e\" \/>\n\t<meta name=\"twitter:data2\" content=\"4 minutes\" \/>\n<script type=\"application\/ld+json\" class=\"yoast-schema-graph\">{\"@context\":\"https:\/\/schema.org\",\"@graph\":[{\"@type\":\"Article\",\"@id\":\"https:\/\/www.les-energies-renouvelables.eu\/article\/actualites\/energies\/la-revolution-cachee-du-reseau-ce-que-le-seuil-de-10-mw-impose-aux-producteurs-enr-en-france-141\/#article\",\"isPartOf\":{\"@id\":\"https:\/\/www.les-energies-renouvelables.eu\/article\/actualites\/energies\/la-revolution-cachee-du-reseau-ce-que-le-seuil-de-10-mw-impose-aux-producteurs-enr-en-france-141\/\"},\"author\":{\"name\":\"Alexia JACQUARD\",\"@id\":\"https:\/\/www.les-energies-renouvelables.eu\/article\/actualites\/#\/schema\/person\/2c7d09eb5ca339c12ca8d86145440169\"},\"headline\":\"La r\u00e9volution cach\u00e9e du r\u00e9seau : ce que le seuil de 10 MW impose aux producteurs EnR en France\",\"datePublished\":\"2025-12-23T07:00:00+00:00\",\"mainEntityOfPage\":{\"@id\":\"https:\/\/www.les-energies-renouvelables.eu\/article\/actualites\/energies\/la-revolution-cachee-du-reseau-ce-que-le-seuil-de-10-mw-impose-aux-producteurs-enr-en-france-141\/\"},\"wordCount\":812,\"publisher\":{\"@id\":\"https:\/\/www.les-energies-renouvelables.eu\/article\/actualites\/#organization\"},\"image\":{\"@id\":\"https:\/\/www.les-energies-renouvelables.eu\/article\/actualites\/energies\/la-revolution-cachee-du-reseau-ce-que-le-seuil-de-10-mw-impose-aux-producteurs-enr-en-france-141\/#primaryimage\"},\"thumbnailUrl\":\"https:\/\/www.les-energies-renouvelables.eu\/article\/actualites\/wp-content\/uploads\/2025\/12\/actualites-la-revolution-cachee-du-reseau-ce-que-le-seuil-de-10-mw-impose-aux-producteurs-enr-en-france-regles-dequilibrage-electrique-enr-10mw.jpg\",\"articleSection\":[\"\u00c9nergies\"],\"inLanguage\":\"fr-FR\"},{\"@type\":\"WebPage\",\"@id\":\"https:\/\/www.les-energies-renouvelables.eu\/article\/actualites\/energies\/la-revolution-cachee-du-reseau-ce-que-le-seuil-de-10-mw-impose-aux-producteurs-enr-en-france-141\/\",\"url\":\"https:\/\/www.les-energies-renouvelables.eu\/article\/actualites\/energies\/la-revolution-cachee-du-reseau-ce-que-le-seuil-de-10-mw-impose-aux-producteurs-enr-en-france-141\/\",\"name\":\"La r\u00e9volution cach\u00e9e du r\u00e9seau : ce que le seuil de 10 MW impose aux producteurs EnR en France - ECOinfos\",\"isPartOf\":{\"@id\":\"https:\/\/www.les-energies-renouvelables.eu\/article\/actualites\/#website\"},\"primaryImageOfPage\":{\"@id\":\"https:\/\/www.les-energies-renouvelables.eu\/article\/actualites\/energies\/la-revolution-cachee-du-reseau-ce-que-le-seuil-de-10-mw-impose-aux-producteurs-enr-en-france-141\/#primaryimage\"},\"image\":{\"@id\":\"https:\/\/www.les-energies-renouvelables.eu\/article\/actualites\/energies\/la-revolution-cachee-du-reseau-ce-que-le-seuil-de-10-mw-impose-aux-producteurs-enr-en-france-141\/#primaryimage\"},\"thumbnailUrl\":\"https:\/\/www.les-energies-renouvelables.eu\/article\/actualites\/wp-content\/uploads\/2025\/12\/actualites-la-revolution-cachee-du-reseau-ce-que-le-seuil-de-10-mw-impose-aux-producteurs-enr-en-france-regles-dequilibrage-electrique-enr-10mw.jpg\",\"datePublished\":\"2025-12-23T07:00:00+00:00\",\"breadcrumb\":{\"@id\":\"https:\/\/www.les-energies-renouvelables.eu\/article\/actualites\/energies\/la-revolution-cachee-du-reseau-ce-que-le-seuil-de-10-mw-impose-aux-producteurs-enr-en-france-141\/#breadcrumb\"},\"inLanguage\":\"fr-FR\",\"potentialAction\":[{\"@type\":\"ReadAction\",\"target\":[\"https:\/\/www.les-energies-renouvelables.eu\/article\/actualites\/energies\/la-revolution-cachee-du-reseau-ce-que-le-seuil-de-10-mw-impose-aux-producteurs-enr-en-france-141\/\"]}]},{\"@type\":\"ImageObject\",\"inLanguage\":\"fr-FR\",\"@id\":\"https:\/\/www.les-energies-renouvelables.eu\/article\/actualites\/energies\/la-revolution-cachee-du-reseau-ce-que-le-seuil-de-10-mw-impose-aux-producteurs-enr-en-france-141\/#primaryimage\",\"url\":\"https:\/\/www.les-energies-renouvelables.eu\/article\/actualites\/wp-content\/uploads\/2025\/12\/actualites-la-revolution-cachee-du-reseau-ce-que-le-seuil-de-10-mw-impose-aux-producteurs-enr-en-france-regles-dequilibrage-electrique-enr-10mw.jpg\",\"contentUrl\":\"https:\/\/www.les-energies-renouvelables.eu\/article\/actualites\/wp-content\/uploads\/2025\/12\/actualites-la-revolution-cachee-du-reseau-ce-que-le-seuil-de-10-mw-impose-aux-producteurs-enr-en-france-regles-dequilibrage-electrique-enr-10mw.jpg\",\"width\":1200,\"height\":675,\"caption\":\"Ideogram\"},{\"@type\":\"BreadcrumbList\",\"@id\":\"https:\/\/www.les-energies-renouvelables.eu\/article\/actualites\/energies\/la-revolution-cachee-du-reseau-ce-que-le-seuil-de-10-mw-impose-aux-producteurs-enr-en-france-141\/#breadcrumb\",\"itemListElement\":[{\"@type\":\"ListItem\",\"position\":1,\"name\":\"Accueil\",\"item\":\"https:\/\/www.les-energies-renouvelables.eu\/article\/actualites\/\"},{\"@type\":\"ListItem\",\"position\":2,\"name\":\"La r\u00e9volution cach\u00e9e du r\u00e9seau : ce que le seuil de 10 MW impose aux producteurs EnR en France\"}]},{\"@type\":\"WebSite\",\"@id\":\"https:\/\/www.les-energies-renouvelables.eu\/article\/actualites\/#website\",\"url\":\"https:\/\/www.les-energies-renouvelables.eu\/article\/actualites\/\",\"name\":\"ECOinfos Energies renouvelables\",\"description\":\"Le d\u00e9cryptage quotidien du secteur des \u00e9nergies renouvelables\",\"publisher\":{\"@id\":\"https:\/\/www.les-energies-renouvelables.eu\/article\/actualites\/#organization\"},\"potentialAction\":[{\"@type\":\"SearchAction\",\"target\":{\"@type\":\"EntryPoint\",\"urlTemplate\":\"https:\/\/www.les-energies-renouvelables.eu\/article\/actualites\/?s={search_term_string}\"},\"query-input\":{\"@type\":\"PropertyValueSpecification\",\"valueRequired\":true,\"valueName\":\"search_term_string\"}}],\"inLanguage\":\"fr-FR\"},{\"@type\":\"Organization\",\"@id\":\"https:\/\/www.les-energies-renouvelables.eu\/article\/actualites\/#organization\",\"name\":\"ECOinfos Energies renouvelables\",\"url\":\"https:\/\/www.les-energies-renouvelables.eu\/article\/actualites\/\",\"logo\":{\"@type\":\"ImageObject\",\"inLanguage\":\"fr-FR\",\"@id\":\"https:\/\/www.les-energies-renouvelables.eu\/article\/actualites\/#\/schema\/logo\/image\/\",\"url\":\"https:\/\/www.les-energies-renouvelables.eu\/article\/actualites\/wp-content\/uploads\/2025\/11\/ecoinfos.eldorado-consulting.com-logo-logo.svg\",\"contentUrl\":\"https:\/\/www.les-energies-renouvelables.eu\/article\/actualites\/wp-content\/uploads\/2025\/11\/ecoinfos.eldorado-consulting.com-logo-logo.svg\",\"caption\":\"ECOinfos Energies renouvelables\"},\"image\":{\"@id\":\"https:\/\/www.les-energies-renouvelables.eu\/article\/actualites\/#\/schema\/logo\/image\/\"},\"sameAs\":[\"https:\/\/www.facebook.com\/ecoannuaire.energierenouvelable\/\",\"https:\/\/x.com\/ECOinfosENR\",\"https:\/\/www.linkedin.com\/company\/ecoinfos-energies-renouvelables\/\",\"https:\/\/www.youtube.com\/@ecoinfosenergies\",\"https:\/\/share.google\/dyKHJPxAV42WhhjbM\"]},{\"@type\":\"Person\",\"@id\":\"https:\/\/www.les-energies-renouvelables.eu\/article\/actualites\/#\/schema\/person\/2c7d09eb5ca339c12ca8d86145440169\",\"name\":\"Alexia JACQUARD\",\"pronouns\":\"elle\/elle\",\"image\":{\"@type\":\"ImageObject\",\"inLanguage\":\"fr-FR\",\"@id\":\"https:\/\/www.les-energies-renouvelables.eu\/article\/actualites\/#\/schema\/person\/image\/\",\"url\":\"https:\/\/www.les-energies-renouvelables.eu\/article\/actualites\/wp-content\/uploads\/2026\/01\/actualites-alexia-jacquard-alexia-jacquard-160x160.jpg\",\"contentUrl\":\"https:\/\/www.les-energies-renouvelables.eu\/article\/actualites\/wp-content\/uploads\/2026\/01\/actualites-alexia-jacquard-alexia-jacquard-160x160.jpg\",\"caption\":\"Alexia JACQUARD\"},\"description\":\"Curieuse de nature et attentif aux enjeux du d\u00e9veloppement durable, Alexia Jacquard suit l'actualit\u00e9 des \u00e9nergies renouvelables pour partager les derni\u00e8res nouveaut\u00e9s du secteur. Elle s'attache \u00e0 retranscrire simplement les informations cl\u00e9s et les initiatives positives qui marquent la transition \u00e9nerg\u00e9tique. Son objectif : proposer des articles d'actualit\u00e9 clairs et accessibles pour tous ceux qui s'int\u00e9ressent \u00e0 l'avenir de notre \u00e9nergie.\",\"sameAs\":[\"https:\/\/alexia-jacquard.fr\",\"https:\/\/www.facebook.com\/tictacf2c\/\",\"https:\/\/www.instagram.com\/alexia_redac\/\",\"https:\/\/www.linkedin.com\/in\/alexia-jacquard-449a4b289\/\",\"https:\/\/fr.pinterest.com\/alexiajacquard\/\",\"https:\/\/x.com\/alexiajcrd\",\"https:\/\/www.youtube.com\/@Thepaindemie\",\"https:\/\/muckrack.com\/alexia-jacquard\"],\"url\":\"https:\/\/www.les-energies-renouvelables.eu\/article\/actualites\/author\/alexia-jacquard\/\"}]}<\/script>\n<!-- \/ Yoast SEO plugin. -->","yoast_head_json":{"title":"La r\u00e9volution cach\u00e9e du r\u00e9seau : ce que le seuil de 10 MW impose aux producteurs EnR en France - ECOinfos","robots":{"index":"index","follow":"follow","max-snippet":"max-snippet:-1","max-image-preview":"max-image-preview:large","max-video-preview":"max-video-preview:-1"},"canonical":"https:\/\/www.les-energies-renouvelables.eu\/article\/actualites\/energies\/la-revolution-cachee-du-reseau-ce-que-le-seuil-de-10-mw-impose-aux-producteurs-enr-en-france-141\/","og_locale":"fr_FR","og_type":"article","og_title":"La r\u00e9volution cach\u00e9e du r\u00e9seau : ce que le seuil de 10 MW impose aux producteurs EnR en France - ECOinfos","og_description":"La Commission de r\u00e9gulation de l'\u00e9nergie (CRE) a approuv\u00e9 une \u00e9volution des r\u00e8gles pour l'\u00e9quilibrage du syst\u00e8me \u00e9lectrique. Ces modifications visent \u00e0 renforcer l'int\u00e9gration des \u00e9nergies renouvelables (EnR) et \u00e0 rendre les r\u00e9seaux fran\u00e7ais plus r\u00e9silients. Les nouvelles dispositions entreront en vigueur le 1er janvier 2026.","og_url":"https:\/\/www.les-energies-renouvelables.eu\/article\/actualites\/energies\/la-revolution-cachee-du-reseau-ce-que-le-seuil-de-10-mw-impose-aux-producteurs-enr-en-france-141\/","og_site_name":"ECOinfos Energies renouvelables","article_publisher":"https:\/\/www.facebook.com\/ecoannuaire.energierenouvelable\/","article_author":"https:\/\/www.facebook.com\/tictacf2c\/","article_published_time":"2025-12-23T07:00:00+00:00","og_image":[{"width":1200,"height":675,"url":"https:\/\/www.les-energies-renouvelables.eu\/article\/actualites\/wp-content\/uploads\/2025\/12\/actualites-la-revolution-cachee-du-reseau-ce-que-le-seuil-de-10-mw-impose-aux-producteurs-enr-en-france-regles-dequilibrage-electrique-enr-10mw.jpg","type":"image\/jpeg"}],"author":"Alexia JACQUARD","twitter_card":"summary_large_image","twitter_creator":"@alexiajcrd","twitter_site":"@ECOinfosENR","twitter_misc":{"\u00c9crit par":"Alexia JACQUARD","Dur\u00e9e de lecture estim\u00e9e":"4 minutes"},"schema":{"@context":"https:\/\/schema.org","@graph":[{"@type":"Article","@id":"https:\/\/www.les-energies-renouvelables.eu\/article\/actualites\/energies\/la-revolution-cachee-du-reseau-ce-que-le-seuil-de-10-mw-impose-aux-producteurs-enr-en-france-141\/#article","isPartOf":{"@id":"https:\/\/www.les-energies-renouvelables.eu\/article\/actualites\/energies\/la-revolution-cachee-du-reseau-ce-que-le-seuil-de-10-mw-impose-aux-producteurs-enr-en-france-141\/"},"author":{"name":"Alexia JACQUARD","@id":"https:\/\/www.les-energies-renouvelables.eu\/article\/actualites\/#\/schema\/person\/2c7d09eb5ca339c12ca8d86145440169"},"headline":"La r\u00e9volution cach\u00e9e du r\u00e9seau : ce que le seuil de 10 MW impose aux producteurs EnR en France","datePublished":"2025-12-23T07:00:00+00:00","mainEntityOfPage":{"@id":"https:\/\/www.les-energies-renouvelables.eu\/article\/actualites\/energies\/la-revolution-cachee-du-reseau-ce-que-le-seuil-de-10-mw-impose-aux-producteurs-enr-en-france-141\/"},"wordCount":812,"publisher":{"@id":"https:\/\/www.les-energies-renouvelables.eu\/article\/actualites\/#organization"},"image":{"@id":"https:\/\/www.les-energies-renouvelables.eu\/article\/actualites\/energies\/la-revolution-cachee-du-reseau-ce-que-le-seuil-de-10-mw-impose-aux-producteurs-enr-en-france-141\/#primaryimage"},"thumbnailUrl":"https:\/\/www.les-energies-renouvelables.eu\/article\/actualites\/wp-content\/uploads\/2025\/12\/actualites-la-revolution-cachee-du-reseau-ce-que-le-seuil-de-10-mw-impose-aux-producteurs-enr-en-france-regles-dequilibrage-electrique-enr-10mw.jpg","articleSection":["\u00c9nergies"],"inLanguage":"fr-FR"},{"@type":"WebPage","@id":"https:\/\/www.les-energies-renouvelables.eu\/article\/actualites\/energies\/la-revolution-cachee-du-reseau-ce-que-le-seuil-de-10-mw-impose-aux-producteurs-enr-en-france-141\/","url":"https:\/\/www.les-energies-renouvelables.eu\/article\/actualites\/energies\/la-revolution-cachee-du-reseau-ce-que-le-seuil-de-10-mw-impose-aux-producteurs-enr-en-france-141\/","name":"La r\u00e9volution cach\u00e9e du r\u00e9seau : ce que le seuil de 10 MW impose aux producteurs EnR en France - ECOinfos","isPartOf":{"@id":"https:\/\/www.les-energies-renouvelables.eu\/article\/actualites\/#website"},"primaryImageOfPage":{"@id":"https:\/\/www.les-energies-renouvelables.eu\/article\/actualites\/energies\/la-revolution-cachee-du-reseau-ce-que-le-seuil-de-10-mw-impose-aux-producteurs-enr-en-france-141\/#primaryimage"},"image":{"@id":"https:\/\/www.les-energies-renouvelables.eu\/article\/actualites\/energies\/la-revolution-cachee-du-reseau-ce-que-le-seuil-de-10-mw-impose-aux-producteurs-enr-en-france-141\/#primaryimage"},"thumbnailUrl":"https:\/\/www.les-energies-renouvelables.eu\/article\/actualites\/wp-content\/uploads\/2025\/12\/actualites-la-revolution-cachee-du-reseau-ce-que-le-seuil-de-10-mw-impose-aux-producteurs-enr-en-france-regles-dequilibrage-electrique-enr-10mw.jpg","datePublished":"2025-12-23T07:00:00+00:00","breadcrumb":{"@id":"https:\/\/www.les-energies-renouvelables.eu\/article\/actualites\/energies\/la-revolution-cachee-du-reseau-ce-que-le-seuil-de-10-mw-impose-aux-producteurs-enr-en-france-141\/#breadcrumb"},"inLanguage":"fr-FR","potentialAction":[{"@type":"ReadAction","target":["https:\/\/www.les-energies-renouvelables.eu\/article\/actualites\/energies\/la-revolution-cachee-du-reseau-ce-que-le-seuil-de-10-mw-impose-aux-producteurs-enr-en-france-141\/"]}]},{"@type":"ImageObject","inLanguage":"fr-FR","@id":"https:\/\/www.les-energies-renouvelables.eu\/article\/actualites\/energies\/la-revolution-cachee-du-reseau-ce-que-le-seuil-de-10-mw-impose-aux-producteurs-enr-en-france-141\/#primaryimage","url":"https:\/\/www.les-energies-renouvelables.eu\/article\/actualites\/wp-content\/uploads\/2025\/12\/actualites-la-revolution-cachee-du-reseau-ce-que-le-seuil-de-10-mw-impose-aux-producteurs-enr-en-france-regles-dequilibrage-electrique-enr-10mw.jpg","contentUrl":"https:\/\/www.les-energies-renouvelables.eu\/article\/actualites\/wp-content\/uploads\/2025\/12\/actualites-la-revolution-cachee-du-reseau-ce-que-le-seuil-de-10-mw-impose-aux-producteurs-enr-en-france-regles-dequilibrage-electrique-enr-10mw.jpg","width":1200,"height":675,"caption":"Ideogram"},{"@type":"BreadcrumbList","@id":"https:\/\/www.les-energies-renouvelables.eu\/article\/actualites\/energies\/la-revolution-cachee-du-reseau-ce-que-le-seuil-de-10-mw-impose-aux-producteurs-enr-en-france-141\/#breadcrumb","itemListElement":[{"@type":"ListItem","position":1,"name":"Accueil","item":"https:\/\/www.les-energies-renouvelables.eu\/article\/actualites\/"},{"@type":"ListItem","position":2,"name":"La r\u00e9volution cach\u00e9e du r\u00e9seau : ce que le seuil de 10 MW impose aux producteurs EnR en France"}]},{"@type":"WebSite","@id":"https:\/\/www.les-energies-renouvelables.eu\/article\/actualites\/#website","url":"https:\/\/www.les-energies-renouvelables.eu\/article\/actualites\/","name":"ECOinfos Energies renouvelables","description":"Le d\u00e9cryptage quotidien du secteur des \u00e9nergies renouvelables","publisher":{"@id":"https:\/\/www.les-energies-renouvelables.eu\/article\/actualites\/#organization"},"potentialAction":[{"@type":"SearchAction","target":{"@type":"EntryPoint","urlTemplate":"https:\/\/www.les-energies-renouvelables.eu\/article\/actualites\/?s={search_term_string}"},"query-input":{"@type":"PropertyValueSpecification","valueRequired":true,"valueName":"search_term_string"}}],"inLanguage":"fr-FR"},{"@type":"Organization","@id":"https:\/\/www.les-energies-renouvelables.eu\/article\/actualites\/#organization","name":"ECOinfos Energies renouvelables","url":"https:\/\/www.les-energies-renouvelables.eu\/article\/actualites\/","logo":{"@type":"ImageObject","inLanguage":"fr-FR","@id":"https:\/\/www.les-energies-renouvelables.eu\/article\/actualites\/#\/schema\/logo\/image\/","url":"https:\/\/www.les-energies-renouvelables.eu\/article\/actualites\/wp-content\/uploads\/2025\/11\/ecoinfos.eldorado-consulting.com-logo-logo.svg","contentUrl":"https:\/\/www.les-energies-renouvelables.eu\/article\/actualites\/wp-content\/uploads\/2025\/11\/ecoinfos.eldorado-consulting.com-logo-logo.svg","caption":"ECOinfos Energies renouvelables"},"image":{"@id":"https:\/\/www.les-energies-renouvelables.eu\/article\/actualites\/#\/schema\/logo\/image\/"},"sameAs":["https:\/\/www.facebook.com\/ecoannuaire.energierenouvelable\/","https:\/\/x.com\/ECOinfosENR","https:\/\/www.linkedin.com\/company\/ecoinfos-energies-renouvelables\/","https:\/\/www.youtube.com\/@ecoinfosenergies","https:\/\/share.google\/dyKHJPxAV42WhhjbM"]},{"@type":"Person","@id":"https:\/\/www.les-energies-renouvelables.eu\/article\/actualites\/#\/schema\/person\/2c7d09eb5ca339c12ca8d86145440169","name":"Alexia JACQUARD","pronouns":"elle\/elle","image":{"@type":"ImageObject","inLanguage":"fr-FR","@id":"https:\/\/www.les-energies-renouvelables.eu\/article\/actualites\/#\/schema\/person\/image\/","url":"https:\/\/www.les-energies-renouvelables.eu\/article\/actualites\/wp-content\/uploads\/2026\/01\/actualites-alexia-jacquard-alexia-jacquard-160x160.jpg","contentUrl":"https:\/\/www.les-energies-renouvelables.eu\/article\/actualites\/wp-content\/uploads\/2026\/01\/actualites-alexia-jacquard-alexia-jacquard-160x160.jpg","caption":"Alexia JACQUARD"},"description":"Curieuse de nature et attentif aux enjeux du d\u00e9veloppement durable, Alexia Jacquard suit l'actualit\u00e9 des \u00e9nergies renouvelables pour partager les derni\u00e8res nouveaut\u00e9s du secteur. Elle s'attache \u00e0 retranscrire simplement les informations cl\u00e9s et les initiatives positives qui marquent la transition \u00e9nerg\u00e9tique. Son objectif : proposer des articles d'actualit\u00e9 clairs et accessibles pour tous ceux qui s'int\u00e9ressent \u00e0 l'avenir de notre \u00e9nergie.","sameAs":["https:\/\/alexia-jacquard.fr","https:\/\/www.facebook.com\/tictacf2c\/","https:\/\/www.instagram.com\/alexia_redac\/","https:\/\/www.linkedin.com\/in\/alexia-jacquard-449a4b289\/","https:\/\/fr.pinterest.com\/alexiajacquard\/","https:\/\/x.com\/alexiajcrd","https:\/\/www.youtube.com\/@Thepaindemie","https:\/\/muckrack.com\/alexia-jacquard"],"url":"https:\/\/www.les-energies-renouvelables.eu\/article\/actualites\/author\/alexia-jacquard\/"}]}},"_links":{"self":[{"href":"https:\/\/www.les-energies-renouvelables.eu\/article\/actualites\/wp-json\/wp\/v2\/posts\/141","targetHints":{"allow":["GET"]}}],"collection":[{"href":"https:\/\/www.les-energies-renouvelables.eu\/article\/actualites\/wp-json\/wp\/v2\/posts"}],"about":[{"href":"https:\/\/www.les-energies-renouvelables.eu\/article\/actualites\/wp-json\/wp\/v2\/types\/post"}],"author":[{"embeddable":true,"href":"https:\/\/www.les-energies-renouvelables.eu\/article\/actualites\/wp-json\/wp\/v2\/users\/2"}],"replies":[{"embeddable":true,"href":"https:\/\/www.les-energies-renouvelables.eu\/article\/actualites\/wp-json\/wp\/v2\/comments?post=141"}],"version-history":[{"count":1,"href":"https:\/\/www.les-energies-renouvelables.eu\/article\/actualites\/wp-json\/wp\/v2\/posts\/141\/revisions"}],"predecessor-version":[{"id":142,"href":"https:\/\/www.les-energies-renouvelables.eu\/article\/actualites\/wp-json\/wp\/v2\/posts\/141\/revisions\/142"}],"wp:featuredmedia":[{"embeddable":true,"href":"https:\/\/www.les-energies-renouvelables.eu\/article\/actualites\/wp-json\/wp\/v2\/media\/143"}],"wp:attachment":[{"href":"https:\/\/www.les-energies-renouvelables.eu\/article\/actualites\/wp-json\/wp\/v2\/media?parent=141"}],"wp:term":[{"taxonomy":"category","embeddable":true,"href":"https:\/\/www.les-energies-renouvelables.eu\/article\/actualites\/wp-json\/wp\/v2\/categories?post=141"},{"taxonomy":"post_tag","embeddable":true,"href":"https:\/\/www.les-energies-renouvelables.eu\/article\/actualites\/wp-json\/wp\/v2\/tags?post=141"}],"curies":[{"name":"wp","href":"https:\/\/api.w.org\/{rel}","templated":true}]}}