{"id":137,"date":"2025-12-22T08:00:00","date_gmt":"2025-12-22T07:00:00","guid":{"rendered":"https:\/\/www.les-energies-renouvelables.eu\/article\/actualites\/?p=137"},"modified":"2025-12-18T15:08:27","modified_gmt":"2025-12-18T14:08:27","slug":"fin-de-rhonergia-reaffectation-des-300-me-et-plan-dinvestissement-le-long-du-rhone","status":"publish","type":"post","link":"https:\/\/www.les-energies-renouvelables.eu\/article\/actualites\/energies\/fin-de-rhonergia-reaffectation-des-300-me-et-plan-dinvestissement-le-long-du-rhone-137\/","title":{"rendered":"Fin de Rh\u00f4nergia : R\u00e9affectation des 300 M\u20ac et plan d&rsquo;investissement le long du Rh\u00f4ne"},"content":{"rendered":"\n<p>R\u00e9sum\u00e9 :&nbsp;<\/p>\n\n\n\n<ul class=\"wp-block-list\">\n<li>L&rsquo;enveloppe de <strong>300 millions d&rsquo;euros<\/strong> est int\u00e9gralement r\u00e9affect\u00e9e \u00e0 des investissements le long du Rh\u00f4ne.<\/li>\n\n\n\n<li>Le barrage de <strong>G\u00e9nissiat<\/strong> fera l&rsquo;objet d&rsquo;une modernisation visant l&rsquo;augmentation de sa production de <strong>4,4 \u00e0 21,8 GWh\/an<\/strong> d&rsquo;ici \u00e0 2033.<\/li>\n\n\n\n<li><strong>250 M\u20ac<\/strong> sont consacr\u00e9s \u00e0 l&rsquo;\u00e9nergie, incluant l&rsquo;installation de <strong>batteries de stockage<\/strong> sur neuf centrales hydro\u00e9lectriques d\u00e8s 2029.<\/li>\n\n\n\n<li><strong>20 M\u20ac<\/strong> sont allou\u00e9s au d\u00e9veloppement de projets hydrauliques agricoles, notamment pour l&rsquo;irrigation.<\/li>\n\n\n\n<li>Un investissement de <strong>15 M\u20ac<\/strong> est pr\u00e9vu pour l&rsquo;acquisition et la remise en service de trois voies ferr\u00e9es \u00e0 Loire-sur-Rh\u00f4ne, visant le <strong>report modal<\/strong>.<\/li>\n<\/ul>\n\n\n\n<p>Le projet de barrage hydro\u00e9lectrique <strong>Rh\u00f4nergia<\/strong>, situ\u00e9 \u00e0 40 kilom\u00e8tres en amont de Lyon, a \u00e9t\u00e9 d\u00e9finitivement abandonn\u00e9 en 2024. Le barrage devait produire 140 gigawattheures (GWh) par an. L&rsquo;arr\u00eat du projet s&rsquo;explique par des raisons techniques, li\u00e9es \u00e0 sa proximit\u00e9 avec le projet d&rsquo;<strong>EPR2 de la centrale nucl\u00e9aire du Bugey<\/strong>, ainsi que par une forte opposition locale. L&rsquo;enveloppe de <strong>300 millions d&rsquo;euros<\/strong> a \u00e9t\u00e9 pr\u00e9serv\u00e9e et r\u00e9affect\u00e9e int\u00e9gralement \u00e0 un plan d&rsquo;investissement couvrant l&rsquo;\u00e9nergie, le transport et l&rsquo;eau le long du fleuve. Fabienne Buccio a soulign\u00e9 que ce red\u00e9ploiement illustre la <strong>\u00ab capacit\u00e9 de l\u2019Etat \u00e0 transformer un abandon en opportunit\u00e9 d\u2019action \u00bb<\/strong>.<\/p>\n\n\n\n<h2 class=\"wp-block-heading\">Le pivot strat\u00e9gique : une nouvelle approche pour le Rh\u00f4ne<\/h2>\n\n\n\n<p>Ce plan d\u2019investissements est in\u00e9dit dans son ampleur et sa conception. Il s&rsquo;inscrit sur un axe strat\u00e9gique de <strong>souverainet\u00e9 \u00e9nerg\u00e9tique<\/strong> et de d\u00e9veloppement des territoires. Le renouvellement de la concession de la Compagnie Nationale du Rh\u00f4ne (CNR), d\u00e9cid\u00e9 en 2022, a pr\u00e9vu que tout projet abandonn\u00e9 devait \u00eatre remplac\u00e9. La copie du plan a \u00e9t\u00e9 transmise au gouvernement pour une validation minist\u00e9rielle attendue d&rsquo;ici la <strong>fin de 2025<\/strong>.<\/p>\n\n\n\n<h2 class=\"wp-block-heading\">G\u00e9nissiat : Augmentation de la puissance des ouvrages existants<\/h2>\n\n\n\n<p>Sur les 300 millions d&rsquo;euros r\u00e9affect\u00e9s, <strong>250 millions<\/strong> sont consacr\u00e9s \u00e0 la production d&rsquo;\u00e9nergie. La CNR envisage de rehausser la cote du barrage hydro\u00e9lectrique de <strong>G\u00e9nissiat<\/strong> (Ain) de <strong>0,25 m\u00e8tre \u00e0 1 m\u00e8tre<\/strong>. Cette modification vise \u00e0 augmenter sa production de <strong>4,4 \u00e0 21,8 GWh par an<\/strong> d\u2019ici \u00e0 2033. Ce gain de production correspond \u00e0 l&rsquo;alimentation en \u00e9lectricit\u00e9 d&rsquo;une ville de 12 000 habitants.<\/p>\n\n\n\n<p>L&rsquo;\u00e9tude d&rsquo;ajout d&rsquo;une <strong>sixi\u00e8me turbine<\/strong> est un second projet consid\u00e9r\u00e9. Cette turbine, moins puissante que les cinq groupes existants, pourrait entra\u00eener un surcro\u00eet de production de <strong>10 \u00e0 60 GWh par an<\/strong>. La dimension exacte de ce r\u00e9\u00e9quipement sera d\u00e9termin\u00e9e par une \u00e9tude d&rsquo;environnement et de g\u00e9nie civil pr\u00e9vue sur un an et demi.<\/p>\n\n\n\n<h2 class=\"wp-block-heading\">Flexibilit\u00e9 et stockage : l&rsquo;installation de batteries<\/h2>\n\n\n\n<p>La modernisation du r\u00e9seau passe par l&rsquo;installation de batteries. La CNR pr\u00e9voit d&rsquo;\u00e9quiper <strong>neuf de ses 20 centrales hydro\u00e9lectriques<\/strong> de syst\u00e8mes de stockage. Ces installations permettent de stocker l&rsquo;\u00e9lectricit\u00e9 et de g\u00e9rer les pics de consommation. Les sites concern\u00e9s en priorit\u00e9 sont les centrales de <strong>Beauchastel<\/strong> (Ard\u00e8che) et de <strong>Br\u00e9gnier-Cordon<\/strong> (Ain), avec des \u00e9quipements op\u00e9rationnels <strong>d\u00e8s 2029<\/strong>.<\/p>\n\n\n\n<p>Un programme d&rsquo;\u00e9tudes est \u00e9galement en cours pour cr\u00e9er des stations de <strong>turbinage et de pompage<\/strong> connect\u00e9es au fleuve d&rsquo;ici \u00e0 <strong>2030<\/strong>. Laurence Borie-Bancel, pr\u00e9sidente du directoire de la CNR, a plaid\u00e9 que, bien que la compagnie produise d\u00e9j\u00e0 <strong>\u00ab 100 % d\u2019\u00e9nergie renouvelable dans un mix \u00e9nerg\u00e9tique \u00e9quilibr\u00e9 \u00bb<\/strong>, son d\u00e9veloppement reste n\u00e9cessaire <strong>\u00ab pour acc\u00e9l\u00e9rer la d\u00e9carbonation \u00bb<\/strong>.<\/p>\n\n\n\n<h2 class=\"wp-block-heading\">Au-del\u00e0 de l&rsquo;\u00e9nergie : Agriculture et Transport<\/h2>\n\n\n\n<p>L&rsquo;enveloppe r\u00e9affect\u00e9e finance \u00e9galement deux autres volets strat\u00e9giques pour le territoire.<\/p>\n\n\n\n<h3 class=\"wp-block-heading\">Soutien aux projets hydrauliques agricoles<\/h3>\n\n\n\n<p>Vingt millions d&rsquo;euros seront consacr\u00e9s au d\u00e9veloppement de <strong>projets hydrauliques agricoles<\/strong>. Les fonds visent l&rsquo;extension ou la cr\u00e9ation de nouveaux r\u00e9seaux afin d&rsquo;assurer la ma\u00eetrise d&rsquo;ouvrage d\u2019<strong>irrigations performantes<\/strong>. Ces infrastructures r\u00e9pondent aux s\u00e9cheresses de plus en plus fr\u00e9quentes. Ce financement s\u2019ajoute aux <strong>165 millions d\u2019euros <\/strong>que la CNR investit sur cinq ans dans le cadre de son plan 5Rh\u00f4ne.<\/p>\n\n\n\n<h3 class=\"wp-block-heading\">D\u00e9carbonation des transports par le rail<\/h3>\n\n\n\n<p>Un troisi\u00e8me volet concerne la <strong>d\u00e9carbonation des transports<\/strong>. Des acquisitions fonci\u00e8res et des constructions sont pr\u00e9vues pour faciliter l&rsquo;acc\u00e8s aux 17 sites portuaires du Rh\u00f4ne. Les ports prioritaires incluent Edouard-Herriot \u00e0 Lyon, Salaise-sur-Sanne, Valence et Arles.<\/p>\n\n\n\n<p>Quinze millions d&rsquo;euros sont investis pour l\u2019acquisition, aupr\u00e8s d\u2019EDF, d&rsquo;un faisceau de <strong>trois anciennes voies ferr\u00e9es de 500 m\u00e8tres<\/strong>. Ces voies se trouvent pr\u00e8s du site industriel de Loire-sur-Rh\u00f4ne, \u00e0 25 km au sud de Lyon. Elles desservaient une ancienne centrale thermique maintenant \u00e0 l&rsquo;arr\u00eat. La remise en service de ce raccordement permettra de connecter le site au r\u00e9seau ferr\u00e9 national. Le but est de relancer le <strong>report modal<\/strong> et de favoriser la fili\u00e8re du transport fluvial, d\u00e9carbon\u00e9 par excellence.<\/p>\n\n\n\n<p>La r\u00e9affectation int\u00e9grale de l&rsquo;enveloppe de 300 millions d&rsquo;euros m\u00e8ne \u00e0 d&rsquo;importants investissements sur le fleuve Rh\u00f4ne. Ce plan couvre l&rsquo;augmentation de puissance des barrages existants, l&rsquo;installation de batteries de stockage, et la d\u00e9carbonation des transports et de l&rsquo;agriculture.<\/p>\n","protected":false},"excerpt":{"rendered":"","protected":false},"author":2,"featured_media":139,"comment_status":"closed","ping_status":"closed","sticky":false,"template":"","format":"standard","meta":{"footnotes":""},"categories":[1],"tags":[],"class_list":["post-137","post","type-post","status-publish","format-standard","has-post-thumbnail","hentry","category-energies","masonry-post","generate-columns","tablet-grid-50","mobile-grid-100","grid-parent","grid-33"],"yoast_head":"<!-- This site is optimized with the Yoast SEO plugin v26.6 - https:\/\/yoast.com\/wordpress\/plugins\/seo\/ -->\n<title>Fin de Rh\u00f4nergia : R\u00e9affectation des 300 M\u20ac et plan d&#039;investissement le long du Rh\u00f4ne - ECOinfos<\/title>\n<meta name=\"robots\" content=\"index, follow, max-snippet:-1, max-image-preview:large, max-video-preview:-1\" \/>\n<link rel=\"canonical\" href=\"https:\/\/www.les-energies-renouvelables.eu\/article\/actualites\/energies\/fin-de-rhonergia-reaffectation-des-300-me-et-plan-dinvestissement-le-long-du-rhone-137\/\" \/>\n<meta property=\"og:locale\" content=\"fr_FR\" \/>\n<meta property=\"og:type\" content=\"article\" \/>\n<meta property=\"og:title\" content=\"Fin de Rh\u00f4nergia : R\u00e9affectation des 300 M\u20ac et plan d&#039;investissement le long du Rh\u00f4ne - ECOinfos\" \/>\n<meta property=\"og:description\" content=\"Le projet de barrage hydro\u00e9lectrique Rh\u00f4nergia a \u00e9t\u00e9 abandonn\u00e9 en 2024 pour des raisons techniques et politiques. L&#039;enveloppe de 300 millions d&#039;euros pr\u00e9vue pour ce projet est r\u00e9affect\u00e9e int\u00e9gralement. Ce financement est destin\u00e9 \u00e0 un plan d&#039;investissements qui cible l&#039;optimisation des infrastructures existantes sur le fleuve Rh\u00f4ne.\" \/>\n<meta property=\"og:url\" content=\"https:\/\/www.les-energies-renouvelables.eu\/article\/actualites\/energies\/fin-de-rhonergia-reaffectation-des-300-me-et-plan-dinvestissement-le-long-du-rhone-137\/\" \/>\n<meta property=\"og:site_name\" content=\"ECOinfos Energies renouvelables\" \/>\n<meta property=\"article:publisher\" content=\"https:\/\/www.facebook.com\/ecoannuaire.energierenouvelable\/\" \/>\n<meta property=\"article:author\" content=\"https:\/\/www.facebook.com\/tictacf2c\/\" \/>\n<meta property=\"article:published_time\" content=\"2025-12-22T07:00:00+00:00\" \/>\n<meta property=\"og:image\" content=\"https:\/\/www.les-energies-renouvelables.eu\/article\/actualites\/wp-content\/uploads\/2025\/12\/actualites-fin-de-rhonergia-reaffectation-des-300-me-et-plan-dinvestissement-le-long-du-rhone-fin-projet-rhonergia-reinvestissement-enr.jpg\" \/>\n\t<meta property=\"og:image:width\" content=\"1200\" \/>\n\t<meta property=\"og:image:height\" content=\"675\" \/>\n\t<meta property=\"og:image:type\" content=\"image\/jpeg\" \/>\n<meta name=\"author\" content=\"Alexia JACQUARD\" \/>\n<meta name=\"twitter:card\" content=\"summary_large_image\" \/>\n<meta name=\"twitter:creator\" content=\"@alexiajcrd\" \/>\n<meta name=\"twitter:site\" content=\"@ECOinfosENR\" \/>\n<meta name=\"twitter:label1\" content=\"\u00c9crit par\" \/>\n\t<meta name=\"twitter:data1\" content=\"Alexia JACQUARD\" \/>\n\t<meta name=\"twitter:label2\" content=\"Dur\u00e9e de lecture estim\u00e9e\" \/>\n\t<meta name=\"twitter:data2\" content=\"4 minutes\" \/>\n<script type=\"application\/ld+json\" class=\"yoast-schema-graph\">{\"@context\":\"https:\/\/schema.org\",\"@graph\":[{\"@type\":\"Article\",\"@id\":\"https:\/\/www.les-energies-renouvelables.eu\/article\/actualites\/energies\/fin-de-rhonergia-reaffectation-des-300-me-et-plan-dinvestissement-le-long-du-rhone-137\/#article\",\"isPartOf\":{\"@id\":\"https:\/\/www.les-energies-renouvelables.eu\/article\/actualites\/energies\/fin-de-rhonergia-reaffectation-des-300-me-et-plan-dinvestissement-le-long-du-rhone-137\/\"},\"author\":{\"name\":\"Alexia JACQUARD\",\"@id\":\"https:\/\/www.les-energies-renouvelables.eu\/article\/actualites\/#\/schema\/person\/2c7d09eb5ca339c12ca8d86145440169\"},\"headline\":\"Fin de Rh\u00f4nergia : R\u00e9affectation des 300 M\u20ac et plan d&rsquo;investissement le long du Rh\u00f4ne\",\"datePublished\":\"2025-12-22T07:00:00+00:00\",\"mainEntityOfPage\":{\"@id\":\"https:\/\/www.les-energies-renouvelables.eu\/article\/actualites\/energies\/fin-de-rhonergia-reaffectation-des-300-me-et-plan-dinvestissement-le-long-du-rhone-137\/\"},\"wordCount\":889,\"publisher\":{\"@id\":\"https:\/\/www.les-energies-renouvelables.eu\/article\/actualites\/#organization\"},\"image\":{\"@id\":\"https:\/\/www.les-energies-renouvelables.eu\/article\/actualites\/energies\/fin-de-rhonergia-reaffectation-des-300-me-et-plan-dinvestissement-le-long-du-rhone-137\/#primaryimage\"},\"thumbnailUrl\":\"https:\/\/www.les-energies-renouvelables.eu\/article\/actualites\/wp-content\/uploads\/2025\/12\/actualites-fin-de-rhonergia-reaffectation-des-300-me-et-plan-dinvestissement-le-long-du-rhone-fin-projet-rhonergia-reinvestissement-enr.jpg\",\"articleSection\":[\"\u00c9nergies\"],\"inLanguage\":\"fr-FR\"},{\"@type\":\"WebPage\",\"@id\":\"https:\/\/www.les-energies-renouvelables.eu\/article\/actualites\/energies\/fin-de-rhonergia-reaffectation-des-300-me-et-plan-dinvestissement-le-long-du-rhone-137\/\",\"url\":\"https:\/\/www.les-energies-renouvelables.eu\/article\/actualites\/energies\/fin-de-rhonergia-reaffectation-des-300-me-et-plan-dinvestissement-le-long-du-rhone-137\/\",\"name\":\"Fin de Rh\u00f4nergia : R\u00e9affectation des 300 M\u20ac et plan d'investissement le long du Rh\u00f4ne - ECOinfos\",\"isPartOf\":{\"@id\":\"https:\/\/www.les-energies-renouvelables.eu\/article\/actualites\/#website\"},\"primaryImageOfPage\":{\"@id\":\"https:\/\/www.les-energies-renouvelables.eu\/article\/actualites\/energies\/fin-de-rhonergia-reaffectation-des-300-me-et-plan-dinvestissement-le-long-du-rhone-137\/#primaryimage\"},\"image\":{\"@id\":\"https:\/\/www.les-energies-renouvelables.eu\/article\/actualites\/energies\/fin-de-rhonergia-reaffectation-des-300-me-et-plan-dinvestissement-le-long-du-rhone-137\/#primaryimage\"},\"thumbnailUrl\":\"https:\/\/www.les-energies-renouvelables.eu\/article\/actualites\/wp-content\/uploads\/2025\/12\/actualites-fin-de-rhonergia-reaffectation-des-300-me-et-plan-dinvestissement-le-long-du-rhone-fin-projet-rhonergia-reinvestissement-enr.jpg\",\"datePublished\":\"2025-12-22T07:00:00+00:00\",\"breadcrumb\":{\"@id\":\"https:\/\/www.les-energies-renouvelables.eu\/article\/actualites\/energies\/fin-de-rhonergia-reaffectation-des-300-me-et-plan-dinvestissement-le-long-du-rhone-137\/#breadcrumb\"},\"inLanguage\":\"fr-FR\",\"potentialAction\":[{\"@type\":\"ReadAction\",\"target\":[\"https:\/\/www.les-energies-renouvelables.eu\/article\/actualites\/energies\/fin-de-rhonergia-reaffectation-des-300-me-et-plan-dinvestissement-le-long-du-rhone-137\/\"]}]},{\"@type\":\"ImageObject\",\"inLanguage\":\"fr-FR\",\"@id\":\"https:\/\/www.les-energies-renouvelables.eu\/article\/actualites\/energies\/fin-de-rhonergia-reaffectation-des-300-me-et-plan-dinvestissement-le-long-du-rhone-137\/#primaryimage\",\"url\":\"https:\/\/www.les-energies-renouvelables.eu\/article\/actualites\/wp-content\/uploads\/2025\/12\/actualites-fin-de-rhonergia-reaffectation-des-300-me-et-plan-dinvestissement-le-long-du-rhone-fin-projet-rhonergia-reinvestissement-enr.jpg\",\"contentUrl\":\"https:\/\/www.les-energies-renouvelables.eu\/article\/actualites\/wp-content\/uploads\/2025\/12\/actualites-fin-de-rhonergia-reaffectation-des-300-me-et-plan-dinvestissement-le-long-du-rhone-fin-projet-rhonergia-reinvestissement-enr.jpg\",\"width\":1200,\"height\":675,\"caption\":\"Ideogram\"},{\"@type\":\"BreadcrumbList\",\"@id\":\"https:\/\/www.les-energies-renouvelables.eu\/article\/actualites\/energies\/fin-de-rhonergia-reaffectation-des-300-me-et-plan-dinvestissement-le-long-du-rhone-137\/#breadcrumb\",\"itemListElement\":[{\"@type\":\"ListItem\",\"position\":1,\"name\":\"Accueil\",\"item\":\"https:\/\/www.les-energies-renouvelables.eu\/article\/actualites\/\"},{\"@type\":\"ListItem\",\"position\":2,\"name\":\"Fin de Rh\u00f4nergia : R\u00e9affectation des 300 M\u20ac et plan d&rsquo;investissement le long du Rh\u00f4ne\"}]},{\"@type\":\"WebSite\",\"@id\":\"https:\/\/www.les-energies-renouvelables.eu\/article\/actualites\/#website\",\"url\":\"https:\/\/www.les-energies-renouvelables.eu\/article\/actualites\/\",\"name\":\"ECOinfos Energies renouvelables\",\"description\":\"Le d\u00e9cryptage quotidien du secteur des \u00e9nergies renouvelables\",\"publisher\":{\"@id\":\"https:\/\/www.les-energies-renouvelables.eu\/article\/actualites\/#organization\"},\"potentialAction\":[{\"@type\":\"SearchAction\",\"target\":{\"@type\":\"EntryPoint\",\"urlTemplate\":\"https:\/\/www.les-energies-renouvelables.eu\/article\/actualites\/?s={search_term_string}\"},\"query-input\":{\"@type\":\"PropertyValueSpecification\",\"valueRequired\":true,\"valueName\":\"search_term_string\"}}],\"inLanguage\":\"fr-FR\"},{\"@type\":\"Organization\",\"@id\":\"https:\/\/www.les-energies-renouvelables.eu\/article\/actualites\/#organization\",\"name\":\"ECOinfos Energies renouvelables\",\"url\":\"https:\/\/www.les-energies-renouvelables.eu\/article\/actualites\/\",\"logo\":{\"@type\":\"ImageObject\",\"inLanguage\":\"fr-FR\",\"@id\":\"https:\/\/www.les-energies-renouvelables.eu\/article\/actualites\/#\/schema\/logo\/image\/\",\"url\":\"https:\/\/www.les-energies-renouvelables.eu\/article\/actualites\/wp-content\/uploads\/2025\/11\/ecoinfos.eldorado-consulting.com-logo-logo.svg\",\"contentUrl\":\"https:\/\/www.les-energies-renouvelables.eu\/article\/actualites\/wp-content\/uploads\/2025\/11\/ecoinfos.eldorado-consulting.com-logo-logo.svg\",\"caption\":\"ECOinfos Energies renouvelables\"},\"image\":{\"@id\":\"https:\/\/www.les-energies-renouvelables.eu\/article\/actualites\/#\/schema\/logo\/image\/\"},\"sameAs\":[\"https:\/\/www.facebook.com\/ecoannuaire.energierenouvelable\/\",\"https:\/\/x.com\/ECOinfosENR\",\"https:\/\/www.linkedin.com\/company\/ecoinfos-energies-renouvelables\/\",\"https:\/\/www.youtube.com\/@ecoinfosenergies\",\"https:\/\/share.google\/dyKHJPxAV42WhhjbM\"]},{\"@type\":\"Person\",\"@id\":\"https:\/\/www.les-energies-renouvelables.eu\/article\/actualites\/#\/schema\/person\/2c7d09eb5ca339c12ca8d86145440169\",\"name\":\"Alexia JACQUARD\",\"pronouns\":\"elle\/elle\",\"image\":{\"@type\":\"ImageObject\",\"inLanguage\":\"fr-FR\",\"@id\":\"https:\/\/www.les-energies-renouvelables.eu\/article\/actualites\/#\/schema\/person\/image\/\",\"url\":\"https:\/\/www.les-energies-renouvelables.eu\/article\/actualites\/wp-content\/uploads\/2026\/01\/actualites-alexia-jacquard-alexia-jacquard-160x160.jpg\",\"contentUrl\":\"https:\/\/www.les-energies-renouvelables.eu\/article\/actualites\/wp-content\/uploads\/2026\/01\/actualites-alexia-jacquard-alexia-jacquard-160x160.jpg\",\"caption\":\"Alexia JACQUARD\"},\"description\":\"Curieuse de nature et attentif aux enjeux du d\u00e9veloppement durable, Alexia Jacquard suit l'actualit\u00e9 des \u00e9nergies renouvelables pour partager les derni\u00e8res nouveaut\u00e9s du secteur. Elle s'attache \u00e0 retranscrire simplement les informations cl\u00e9s et les initiatives positives qui marquent la transition \u00e9nerg\u00e9tique. Son objectif : proposer des articles d'actualit\u00e9 clairs et accessibles pour tous ceux qui s'int\u00e9ressent \u00e0 l'avenir de notre \u00e9nergie.\",\"sameAs\":[\"https:\/\/alexia-jacquard.fr\",\"https:\/\/www.facebook.com\/tictacf2c\/\",\"https:\/\/www.instagram.com\/alexia_redac\/\",\"https:\/\/www.linkedin.com\/in\/alexia-jacquard-449a4b289\/\",\"https:\/\/fr.pinterest.com\/alexiajacquard\/\",\"https:\/\/x.com\/alexiajcrd\",\"https:\/\/www.youtube.com\/@Thepaindemie\",\"https:\/\/muckrack.com\/alexia-jacquard\"],\"url\":\"https:\/\/www.les-energies-renouvelables.eu\/article\/actualites\/author\/alexia-jacquard\/\"}]}<\/script>\n<!-- \/ Yoast SEO plugin. -->","yoast_head_json":{"title":"Fin de Rh\u00f4nergia : R\u00e9affectation des 300 M\u20ac et plan d'investissement le long du Rh\u00f4ne - ECOinfos","robots":{"index":"index","follow":"follow","max-snippet":"max-snippet:-1","max-image-preview":"max-image-preview:large","max-video-preview":"max-video-preview:-1"},"canonical":"https:\/\/www.les-energies-renouvelables.eu\/article\/actualites\/energies\/fin-de-rhonergia-reaffectation-des-300-me-et-plan-dinvestissement-le-long-du-rhone-137\/","og_locale":"fr_FR","og_type":"article","og_title":"Fin de Rh\u00f4nergia : R\u00e9affectation des 300 M\u20ac et plan d'investissement le long du Rh\u00f4ne - ECOinfos","og_description":"Le projet de barrage hydro\u00e9lectrique Rh\u00f4nergia a \u00e9t\u00e9 abandonn\u00e9 en 2024 pour des raisons techniques et politiques. L'enveloppe de 300 millions d'euros pr\u00e9vue pour ce projet est r\u00e9affect\u00e9e int\u00e9gralement. Ce financement est destin\u00e9 \u00e0 un plan d'investissements qui cible l'optimisation des infrastructures existantes sur le fleuve Rh\u00f4ne.","og_url":"https:\/\/www.les-energies-renouvelables.eu\/article\/actualites\/energies\/fin-de-rhonergia-reaffectation-des-300-me-et-plan-dinvestissement-le-long-du-rhone-137\/","og_site_name":"ECOinfos Energies renouvelables","article_publisher":"https:\/\/www.facebook.com\/ecoannuaire.energierenouvelable\/","article_author":"https:\/\/www.facebook.com\/tictacf2c\/","article_published_time":"2025-12-22T07:00:00+00:00","og_image":[{"width":1200,"height":675,"url":"https:\/\/www.les-energies-renouvelables.eu\/article\/actualites\/wp-content\/uploads\/2025\/12\/actualites-fin-de-rhonergia-reaffectation-des-300-me-et-plan-dinvestissement-le-long-du-rhone-fin-projet-rhonergia-reinvestissement-enr.jpg","type":"image\/jpeg"}],"author":"Alexia JACQUARD","twitter_card":"summary_large_image","twitter_creator":"@alexiajcrd","twitter_site":"@ECOinfosENR","twitter_misc":{"\u00c9crit par":"Alexia JACQUARD","Dur\u00e9e de lecture estim\u00e9e":"4 minutes"},"schema":{"@context":"https:\/\/schema.org","@graph":[{"@type":"Article","@id":"https:\/\/www.les-energies-renouvelables.eu\/article\/actualites\/energies\/fin-de-rhonergia-reaffectation-des-300-me-et-plan-dinvestissement-le-long-du-rhone-137\/#article","isPartOf":{"@id":"https:\/\/www.les-energies-renouvelables.eu\/article\/actualites\/energies\/fin-de-rhonergia-reaffectation-des-300-me-et-plan-dinvestissement-le-long-du-rhone-137\/"},"author":{"name":"Alexia JACQUARD","@id":"https:\/\/www.les-energies-renouvelables.eu\/article\/actualites\/#\/schema\/person\/2c7d09eb5ca339c12ca8d86145440169"},"headline":"Fin de Rh\u00f4nergia : R\u00e9affectation des 300 M\u20ac et plan d&rsquo;investissement le long du Rh\u00f4ne","datePublished":"2025-12-22T07:00:00+00:00","mainEntityOfPage":{"@id":"https:\/\/www.les-energies-renouvelables.eu\/article\/actualites\/energies\/fin-de-rhonergia-reaffectation-des-300-me-et-plan-dinvestissement-le-long-du-rhone-137\/"},"wordCount":889,"publisher":{"@id":"https:\/\/www.les-energies-renouvelables.eu\/article\/actualites\/#organization"},"image":{"@id":"https:\/\/www.les-energies-renouvelables.eu\/article\/actualites\/energies\/fin-de-rhonergia-reaffectation-des-300-me-et-plan-dinvestissement-le-long-du-rhone-137\/#primaryimage"},"thumbnailUrl":"https:\/\/www.les-energies-renouvelables.eu\/article\/actualites\/wp-content\/uploads\/2025\/12\/actualites-fin-de-rhonergia-reaffectation-des-300-me-et-plan-dinvestissement-le-long-du-rhone-fin-projet-rhonergia-reinvestissement-enr.jpg","articleSection":["\u00c9nergies"],"inLanguage":"fr-FR"},{"@type":"WebPage","@id":"https:\/\/www.les-energies-renouvelables.eu\/article\/actualites\/energies\/fin-de-rhonergia-reaffectation-des-300-me-et-plan-dinvestissement-le-long-du-rhone-137\/","url":"https:\/\/www.les-energies-renouvelables.eu\/article\/actualites\/energies\/fin-de-rhonergia-reaffectation-des-300-me-et-plan-dinvestissement-le-long-du-rhone-137\/","name":"Fin de Rh\u00f4nergia : R\u00e9affectation des 300 M\u20ac et plan d'investissement le long du Rh\u00f4ne - ECOinfos","isPartOf":{"@id":"https:\/\/www.les-energies-renouvelables.eu\/article\/actualites\/#website"},"primaryImageOfPage":{"@id":"https:\/\/www.les-energies-renouvelables.eu\/article\/actualites\/energies\/fin-de-rhonergia-reaffectation-des-300-me-et-plan-dinvestissement-le-long-du-rhone-137\/#primaryimage"},"image":{"@id":"https:\/\/www.les-energies-renouvelables.eu\/article\/actualites\/energies\/fin-de-rhonergia-reaffectation-des-300-me-et-plan-dinvestissement-le-long-du-rhone-137\/#primaryimage"},"thumbnailUrl":"https:\/\/www.les-energies-renouvelables.eu\/article\/actualites\/wp-content\/uploads\/2025\/12\/actualites-fin-de-rhonergia-reaffectation-des-300-me-et-plan-dinvestissement-le-long-du-rhone-fin-projet-rhonergia-reinvestissement-enr.jpg","datePublished":"2025-12-22T07:00:00+00:00","breadcrumb":{"@id":"https:\/\/www.les-energies-renouvelables.eu\/article\/actualites\/energies\/fin-de-rhonergia-reaffectation-des-300-me-et-plan-dinvestissement-le-long-du-rhone-137\/#breadcrumb"},"inLanguage":"fr-FR","potentialAction":[{"@type":"ReadAction","target":["https:\/\/www.les-energies-renouvelables.eu\/article\/actualites\/energies\/fin-de-rhonergia-reaffectation-des-300-me-et-plan-dinvestissement-le-long-du-rhone-137\/"]}]},{"@type":"ImageObject","inLanguage":"fr-FR","@id":"https:\/\/www.les-energies-renouvelables.eu\/article\/actualites\/energies\/fin-de-rhonergia-reaffectation-des-300-me-et-plan-dinvestissement-le-long-du-rhone-137\/#primaryimage","url":"https:\/\/www.les-energies-renouvelables.eu\/article\/actualites\/wp-content\/uploads\/2025\/12\/actualites-fin-de-rhonergia-reaffectation-des-300-me-et-plan-dinvestissement-le-long-du-rhone-fin-projet-rhonergia-reinvestissement-enr.jpg","contentUrl":"https:\/\/www.les-energies-renouvelables.eu\/article\/actualites\/wp-content\/uploads\/2025\/12\/actualites-fin-de-rhonergia-reaffectation-des-300-me-et-plan-dinvestissement-le-long-du-rhone-fin-projet-rhonergia-reinvestissement-enr.jpg","width":1200,"height":675,"caption":"Ideogram"},{"@type":"BreadcrumbList","@id":"https:\/\/www.les-energies-renouvelables.eu\/article\/actualites\/energies\/fin-de-rhonergia-reaffectation-des-300-me-et-plan-dinvestissement-le-long-du-rhone-137\/#breadcrumb","itemListElement":[{"@type":"ListItem","position":1,"name":"Accueil","item":"https:\/\/www.les-energies-renouvelables.eu\/article\/actualites\/"},{"@type":"ListItem","position":2,"name":"Fin de Rh\u00f4nergia : R\u00e9affectation des 300 M\u20ac et plan d&rsquo;investissement le long du Rh\u00f4ne"}]},{"@type":"WebSite","@id":"https:\/\/www.les-energies-renouvelables.eu\/article\/actualites\/#website","url":"https:\/\/www.les-energies-renouvelables.eu\/article\/actualites\/","name":"ECOinfos Energies renouvelables","description":"Le d\u00e9cryptage quotidien du secteur des \u00e9nergies renouvelables","publisher":{"@id":"https:\/\/www.les-energies-renouvelables.eu\/article\/actualites\/#organization"},"potentialAction":[{"@type":"SearchAction","target":{"@type":"EntryPoint","urlTemplate":"https:\/\/www.les-energies-renouvelables.eu\/article\/actualites\/?s={search_term_string}"},"query-input":{"@type":"PropertyValueSpecification","valueRequired":true,"valueName":"search_term_string"}}],"inLanguage":"fr-FR"},{"@type":"Organization","@id":"https:\/\/www.les-energies-renouvelables.eu\/article\/actualites\/#organization","name":"ECOinfos Energies renouvelables","url":"https:\/\/www.les-energies-renouvelables.eu\/article\/actualites\/","logo":{"@type":"ImageObject","inLanguage":"fr-FR","@id":"https:\/\/www.les-energies-renouvelables.eu\/article\/actualites\/#\/schema\/logo\/image\/","url":"https:\/\/www.les-energies-renouvelables.eu\/article\/actualites\/wp-content\/uploads\/2025\/11\/ecoinfos.eldorado-consulting.com-logo-logo.svg","contentUrl":"https:\/\/www.les-energies-renouvelables.eu\/article\/actualites\/wp-content\/uploads\/2025\/11\/ecoinfos.eldorado-consulting.com-logo-logo.svg","caption":"ECOinfos Energies renouvelables"},"image":{"@id":"https:\/\/www.les-energies-renouvelables.eu\/article\/actualites\/#\/schema\/logo\/image\/"},"sameAs":["https:\/\/www.facebook.com\/ecoannuaire.energierenouvelable\/","https:\/\/x.com\/ECOinfosENR","https:\/\/www.linkedin.com\/company\/ecoinfos-energies-renouvelables\/","https:\/\/www.youtube.com\/@ecoinfosenergies","https:\/\/share.google\/dyKHJPxAV42WhhjbM"]},{"@type":"Person","@id":"https:\/\/www.les-energies-renouvelables.eu\/article\/actualites\/#\/schema\/person\/2c7d09eb5ca339c12ca8d86145440169","name":"Alexia JACQUARD","pronouns":"elle\/elle","image":{"@type":"ImageObject","inLanguage":"fr-FR","@id":"https:\/\/www.les-energies-renouvelables.eu\/article\/actualites\/#\/schema\/person\/image\/","url":"https:\/\/www.les-energies-renouvelables.eu\/article\/actualites\/wp-content\/uploads\/2026\/01\/actualites-alexia-jacquard-alexia-jacquard-160x160.jpg","contentUrl":"https:\/\/www.les-energies-renouvelables.eu\/article\/actualites\/wp-content\/uploads\/2026\/01\/actualites-alexia-jacquard-alexia-jacquard-160x160.jpg","caption":"Alexia JACQUARD"},"description":"Curieuse de nature et attentif aux enjeux du d\u00e9veloppement durable, Alexia Jacquard suit l'actualit\u00e9 des \u00e9nergies renouvelables pour partager les derni\u00e8res nouveaut\u00e9s du secteur. Elle s'attache \u00e0 retranscrire simplement les informations cl\u00e9s et les initiatives positives qui marquent la transition \u00e9nerg\u00e9tique. Son objectif : proposer des articles d'actualit\u00e9 clairs et accessibles pour tous ceux qui s'int\u00e9ressent \u00e0 l'avenir de notre \u00e9nergie.","sameAs":["https:\/\/alexia-jacquard.fr","https:\/\/www.facebook.com\/tictacf2c\/","https:\/\/www.instagram.com\/alexia_redac\/","https:\/\/www.linkedin.com\/in\/alexia-jacquard-449a4b289\/","https:\/\/fr.pinterest.com\/alexiajacquard\/","https:\/\/x.com\/alexiajcrd","https:\/\/www.youtube.com\/@Thepaindemie","https:\/\/muckrack.com\/alexia-jacquard"],"url":"https:\/\/www.les-energies-renouvelables.eu\/article\/actualites\/author\/alexia-jacquard\/"}]}},"_links":{"self":[{"href":"https:\/\/www.les-energies-renouvelables.eu\/article\/actualites\/wp-json\/wp\/v2\/posts\/137","targetHints":{"allow":["GET"]}}],"collection":[{"href":"https:\/\/www.les-energies-renouvelables.eu\/article\/actualites\/wp-json\/wp\/v2\/posts"}],"about":[{"href":"https:\/\/www.les-energies-renouvelables.eu\/article\/actualites\/wp-json\/wp\/v2\/types\/post"}],"author":[{"embeddable":true,"href":"https:\/\/www.les-energies-renouvelables.eu\/article\/actualites\/wp-json\/wp\/v2\/users\/2"}],"replies":[{"embeddable":true,"href":"https:\/\/www.les-energies-renouvelables.eu\/article\/actualites\/wp-json\/wp\/v2\/comments?post=137"}],"version-history":[{"count":1,"href":"https:\/\/www.les-energies-renouvelables.eu\/article\/actualites\/wp-json\/wp\/v2\/posts\/137\/revisions"}],"predecessor-version":[{"id":138,"href":"https:\/\/www.les-energies-renouvelables.eu\/article\/actualites\/wp-json\/wp\/v2\/posts\/137\/revisions\/138"}],"wp:featuredmedia":[{"embeddable":true,"href":"https:\/\/www.les-energies-renouvelables.eu\/article\/actualites\/wp-json\/wp\/v2\/media\/139"}],"wp:attachment":[{"href":"https:\/\/www.les-energies-renouvelables.eu\/article\/actualites\/wp-json\/wp\/v2\/media?parent=137"}],"wp:term":[{"taxonomy":"category","embeddable":true,"href":"https:\/\/www.les-energies-renouvelables.eu\/article\/actualites\/wp-json\/wp\/v2\/categories?post=137"},{"taxonomy":"post_tag","embeddable":true,"href":"https:\/\/www.les-energies-renouvelables.eu\/article\/actualites\/wp-json\/wp\/v2\/tags?post=137"}],"curies":[{"name":"wp","href":"https:\/\/api.w.org\/{rel}","templated":true}]}}