{"id":131,"date":"2025-12-21T08:00:00","date_gmt":"2025-12-21T07:00:00","guid":{"rendered":"https:\/\/www.les-energies-renouvelables.eu\/article\/actualites\/?p=131"},"modified":"2025-12-17T00:11:05","modified_gmt":"2025-12-16T23:11:05","slug":"transition-energetique-en-europe-quand-la-course-aux-renouvelables-fait-grimper-les-factures","status":"publish","type":"post","link":"https:\/\/www.les-energies-renouvelables.eu\/article\/actualites\/energies\/transition-energetique-en-europe-quand-la-course-aux-renouvelables-fait-grimper-les-factures-131\/","title":{"rendered":"Transition \u00e9nerg\u00e9tique en Europe : quand la course aux renouvelables fait grimper les factures"},"content":{"rendered":"\n<p>R\u00e9sum\u00e9 :&nbsp;<\/p>\n\n\n\n<ul class=\"wp-block-list\">\n<li><strong>Succ\u00e8s environnemental, \u00e9chec tarifaire<\/strong> : L&rsquo;UE a r\u00e9duit ses \u00e9missions de 30 % mais l&rsquo;Allemagne paie son \u00e9lectricit\u00e9 0,39 \u20ac\/kWh, soit 8 fois plus que certains voisins<\/li>\n\n\n\n<li><strong>Co\u00fbts cach\u00e9s des renouvelables<\/strong> : Infrastructures, stockage, capacit\u00e9s redondantes et modernisation des r\u00e9seaux p\u00e8sent lourd sur les factures malgr\u00e9 une \u00e9nergie \u00ab\u00a0gratuite\u00a0\u00bb<\/li>\n\n\n\n<li><strong>Industries sous pression<\/strong> : Les prix \u00e9lev\u00e9s provoquent d\u00e9localisations et fermetures d&rsquo;usines en Allemagne et au Royaume-Uni<\/li>\n\n\n\n<li><strong>La France tire son \u00e9pingle du jeu<\/strong> : Gr\u00e2ce au nucl\u00e9aire (~70 % du mix), elle maintient des prix plus comp\u00e9titifs et devient exportatrice nette d&rsquo;\u00e9lectricit\u00e9<\/li>\n\n\n\n<li><strong>D\u00e9bat sur l&rsquo;avenir<\/strong> : Les experts divergent sur la baisse future des co\u00fbts, entre optimisme technologique et r\u00e9alisme \u00e9conomique<\/li>\n<\/ul>\n\n\n\n<p>Depuis vingt ans, l&rsquo;Europe s&rsquo;est lanc\u00e9e dans une <strong>transition \u00e9nerg\u00e9tique ambitieuse<\/strong>. L&rsquo;objectif \u00e9tait clair : r\u00e9duire massivement les <strong>\u00e9missions de CO\u2082<\/strong> tout en garantissant une \u00e9nergie abondante et bon march\u00e9 gr\u00e2ce <strong>au solaire et \u00e0 l&rsquo;\u00e9olien<\/strong>.<\/p>\n\n\n\n<p>Sur le plan environnemental, les r\u00e9sultats sont ind\u00e9niables. La baisse de 30 % des \u00e9missions depuis 2005 surpasse largement les performances am\u00e9ricaines (-17 % sur la m\u00eame p\u00e9riode). Mais ce succ\u00e8s cache <strong>une r\u00e9alit\u00e9 \u00e9conomique plus complexe<\/strong>. Les prix de l&rsquo;\u00e9lectricit\u00e9 ont flamb\u00e9 dans plusieurs pays, freinant la comp\u00e9titivit\u00e9 industrielle et pesant sur le pouvoir d&rsquo;achat des m\u00e9nages.<\/p>\n\n\n\n<p>Comment expliquer ce paradoxe ? Pourquoi la France s&rsquo;en sort-elle mieux que ses voisins ? Et surtout, cette situation est-elle temporaire ou structurelle ? Les r\u00e9ponses dessinent un tableau bien plus nuanc\u00e9 que les discours officiels ne le laissent entendre.<\/p>\n\n\n\n<h2 class=\"wp-block-heading\">L&rsquo;Europe bat des records&#8230; mais pas ceux esp\u00e9r\u00e9s<\/h2>\n\n\n\n<h3 class=\"wp-block-heading\">Des \u00e9carts tarifaires spectaculaires<\/h3>\n\n\n\n<p>Les chiffres parlent d&rsquo;eux-m\u00eames. En d\u00e9cembre 2025, l&rsquo;<strong>Allemagne affiche un prix de 0,39 \u20ac\/kWh<\/strong> pour les particuliers, selon les donn\u00e9es de <a href=\"https:\/\/selectra.info\/\" rel=\"nofollow\">Selectra<\/a>. L&rsquo;Irlande (0,37 \u20ac\/kWh) et le Danemark (0,37 \u20ac\/kWh) compl\u00e8tent ce podium peu enviable.<\/p>\n\n\n\n<p><strong>Prix de l&rsquo;\u00e9lectricit\u00e9 en Europe (d\u00e9cembre 2025)<\/strong><\/p>\n\n\n\n<figure class=\"wp-block-table\"><table class=\"has-fixed-layout\"><tbody><tr><td><strong>Pays<\/strong><\/td><td><strong>Prix \u20ac\/kWh<\/strong><\/td><td><strong>\u00c9cart vs France<\/strong><\/td><\/tr><tr><td><strong>Allemagne<\/strong><\/td><td>0,39 \u20ac<\/td><td>+95%<\/td><\/tr><tr><td><strong>Irlande<\/strong><\/td><td>0,37 \u20ac<\/td><td>+85%<\/td><\/tr><tr><td><strong>Danemark<\/strong><\/td><td>0,37 \u20ac<\/td><td>+85%<\/td><\/tr><tr><td><strong>France<\/strong><\/td><td>0,20 \u20ac<\/td><td>R\u00e9f\u00e9rence<\/td><\/tr><tr><td><strong>Bulgarie<\/strong><\/td><td>0,13 \u20ac<\/td><td>-35%<\/td><\/tr><tr><td><strong>Hongrie<\/strong><\/td><td>0,11 \u20ac<\/td><td>-45%<\/td><\/tr><\/tbody><\/table><\/figure>\n\n\n\n<p>L&rsquo;\u00e9cart devient encore plus frappant \u00e0 l&rsquo;\u00e9chelle mondiale. D&rsquo;apr\u00e8s l&rsquo;<a href=\"https:\/\/www.iea.org\/\" rel=\"nofollow\">Agence internationale de l&rsquo;\u00e9nergie<\/a>, les <strong>prix industriels dans l&rsquo;Union europ\u00e9enne repr\u00e9sentent le double de ceux pratiqu\u00e9s aux \u00c9tats-Unis<\/strong> et d\u00e9passent de 50 % ceux observ\u00e9s en Chine.<\/p>\n\n\n\n<h3 class=\"wp-block-heading\">L&rsquo;industrie europ\u00e9enne en souffrance<\/h3>\n\n\n\n<p><strong>Cette d\u00e9rive tarifaire<\/strong> ne passe pas inaper\u00e7ue aupr\u00e8s des industriels. Le chimiste britannique <strong>Ineos<\/strong> a annonc\u00e9 en octobre la fermeture de deux usines dans l&rsquo;ouest de l&rsquo;Allemagne, citant explicitement les co\u00fbts \u00e9nerg\u00e9tiques comme facteur d\u00e9terminant. <strong>Exxon-Mobil<\/strong>, de son c\u00f4t\u00e9, a d\u00e9clar\u00e9 que son usine chimique \u00e9cossaise cesserait ses activit\u00e9s et a menac\u00e9 de quitter l&rsquo;industrie chimique europ\u00e9enne.<\/p>\n\n\n\n<p>La demande en \u00e9lectricit\u00e9 dans l&rsquo;UE diminue depuis quinze ans. Les entreprises \u00e9nergivores r\u00e9duisent leur consommation ou, pire encore pour l&#8217;emploi local, <strong>d\u00e9localisent leurs activit\u00e9s<\/strong>. Parall\u00e8lement, la <strong>volatilit\u00e9 des prix s&rsquo;est accrue<\/strong> au fur et \u00e0 mesure de la mont\u00e9e en puissance des \u00e9nergies intermittentes. Cette <strong>instabilit\u00e9 du march\u00e9 de gros<\/strong> complique la planification \u00e0 long terme.<\/p>\n\n\n\n<h2 class=\"wp-block-heading\">Pourquoi le \u00ab\u00a0gratuit\u00a0\u00bb co\u00fbte si cher : la face cach\u00e9e des renouvelables<\/h2>\n\n\n\n<h3 class=\"wp-block-heading\">Des infrastructures vieillissantes \u00e0 r\u00e9nover<\/h3>\n\n\n\n<p>L&rsquo;argument semble imparable : <strong>le vent et le soleil<\/strong> sont des ressources gratuites et in\u00e9puisables. Pourtant, les factures ne cessent de grimper. Cette contradiction apparente s&rsquo;explique par une s\u00e9rie de <strong>co\u00fbts structurels<\/strong> que les discours politiques ont longtemps minimis\u00e9s.<\/p>\n\n\n\n<p>Exploiter ces \u00e9nergies n\u00e9cessite d&rsquo;abord des <strong>infrastructures massives<\/strong>. Les <strong>infrastructures de transport et de distribution<\/strong> vieillissent dangereusement : environ 40 % des installations ont plus de 40 ans (certains tron\u00e7ons datent m\u00eame des ann\u00e9es 1950). Pour remettre tout cela aux normes, la Commission europ\u00e9enne parle de <strong>584 milliards d&rsquo;euros d&rsquo;ici 2030<\/strong>. Une facture colossale.<\/p>\n\n\n\n<p>En France, <strong>le TURPE<\/strong> (tarif d&rsquo;utilisation des r\u00e9seaux publics d&rsquo;\u00e9lectricit\u00e9) a augment\u00e9 de 8 % en 2025 pour financer la maintenance intensive de lignes construites entre 1970 et 1990.<\/p>\n\n\n\n<h3 class=\"wp-block-heading\">L&rsquo;intermittence : un d\u00e9fi technique et financier<\/h3>\n\n\n\n<p>Mais le v\u00e9ritable d\u00e9fi r\u00e9side dans l&rsquo;intermittence. Contrairement aux centrales conventionnelles qui produisent \u00e0 la demande, les parcs solaires et \u00e9oliens d\u00e9pendent des conditions m\u00e9t\u00e9orologiques.<\/p>\n\n\n\n<p><strong>Le cas du Royaume-Uni :<\/strong><\/p>\n\n\n\n<ul class=\"wp-block-list\">\n<li><strong>Capacit\u00e9 install\u00e9e<\/strong> : 120 gigawatts<\/li>\n\n\n\n<li><strong>Demande r\u00e9elle<\/strong> : ~60 gigawatts<\/li>\n\n\n\n<li><strong>Redondance n\u00e9cessaire<\/strong> : x2 pour compenser l&rsquo;intermittence<\/li>\n<\/ul>\n\n\n\n<p>Prenons l&rsquo;exemple du parc \u00e9olien offshore de Seagreen, au large de l&rsquo;\u00c9cosse. Ses 114 \u00e9oliennes en mer du Nord ont \u00e9t\u00e9 <strong>d\u00e9connect\u00e9es plus de 70 % du temps en 2024<\/strong>. Lorsque le vent souffle trop fort et risque d&rsquo;endommager le r\u00e9seau vieillissant, une centrale \u00e0 gaz dans le sud de l&rsquo;Angleterre prend le relais.<\/p>\n\n\n\n<p><strong>Co\u00fbts d&rsquo;\u00e9quilibrage au Royaume-Uni :<\/strong><\/p>\n\n\n\n<ul class=\"wp-block-list\">\n<li>2024 : 2,7 milliards de livres sterling<\/li>\n\n\n\n<li>2030 (pr\u00e9vision) : 8 milliards de livres sterling<\/li>\n<\/ul>\n\n\n\n<h3 class=\"wp-block-heading\">Les rendements g\u00e9ographiques variables<\/h3>\n\n\n\n<p>La g\u00e9ographie est \u00e9galement d\u00e9terminante. Les performances varient consid\u00e9rablement selon l&#8217;emplacement :<\/p>\n\n\n\n<p><strong>Taux d&rsquo;utilisation des capacit\u00e9s install\u00e9es<\/strong><\/p>\n\n\n\n<figure class=\"wp-block-table\"><table class=\"has-fixed-layout\"><tbody><tr><td><strong>Zone g\u00e9ographique<\/strong><\/td><td><strong>\u00c9olien terrestre<\/strong><\/td><td><strong>Solaire<\/strong><\/td><\/tr><tr><td><strong>Allemagne\/UK<\/strong><\/td><td>~20%<\/td><td>~10%<\/td><\/tr><tr><td><strong>Espagne\/Portugal<\/strong><\/td><td>~25-30%<\/td><td>~15-20%<\/td><\/tr><tr><td><strong>France (Nord)<\/strong><\/td><td>~22%<\/td><td>~11%<\/td><\/tr><tr><td><strong>France (Sud)<\/strong><\/td><td>~24%<\/td><td>~14%<\/td><\/tr><\/tbody><\/table><\/figure>\n\n\n\n<p>Un exemple concret : un d\u00e9veloppeur fran\u00e7ais qui installe 1000 panneaux solaires en Bretagne obtiendra environ 950 MWh par an, contre 1300 MWh pour la m\u00eame installation dans le Var. Cette diff\u00e9rence de pr\u00e8s de 30 % se r\u00e9percute directement sur la rentabilit\u00e9 et, in fine, sur les tarifs propos\u00e9s aux consommateurs.<\/p>\n\n\n\n<h2 class=\"wp-block-heading\">Industries en exil, data centers en stand-by : l&rsquo;Europe perd sa comp\u00e9titivit\u00e9<\/h2>\n\n\n\n<h3 class=\"wp-block-heading\">Fermetures d&rsquo;usines et pertes d&#8217;emplois<\/h3>\n\n\n\n<p>Derri\u00e8re ces co\u00fbts cach\u00e9s et ces \u00e9quilibres comptables, ce sont des emplois et des territoires entiers qui vacillent. Les cons\u00e9quences de cette flamb\u00e9e tarifaire vont bien au-del\u00e0 des chiffres.<\/p>\n\n\n\n<p><strong>Cas embl\u00e9matique : Huntsman (chimie)<\/strong><\/p>\n\n\n\n<ul class=\"wp-block-list\">\n<li>Il y a 20 ans : UK = site le plus comp\u00e9titif au monde<\/li>\n\n\n\n<li>Aujourd&rsquo;hui : effectifs r\u00e9duits de 2 000 \u00e0 70 personnes (-97%)<\/li>\n\n\n\n<li>Cause : \u00e9nergie mer du Nord bon march\u00e9 \u2192 prix \u00e9lev\u00e9s actuels<\/li>\n<\/ul>\n\n\n\n<p>Miguel Lopez, \u00e0 la t\u00eate du g\u00e9ant industriel allemand Thyssenkrupp, r\u00e9sume : \u00ab\u00a0Je n&rsquo;ai vu aucun projet en faveur d&rsquo;une \u00e9lectricit\u00e9 verte \u00e0 co\u00fbts comp\u00e9titifs en Europe centrale\u00a0\u00bb.<\/p>\n\n\n\n<h3 class=\"wp-block-heading\">Le secteur num\u00e9rique bloqu\u00e9<\/h3>\n\n\n\n<p>Le secteur num\u00e9rique n&rsquo;est pas \u00e9pargn\u00e9 :<\/p>\n\n\n\n<p><strong>Moratoire data centers en Irlande<\/strong><\/p>\n\n\n\n<ul class=\"wp-block-list\">\n<li><strong>Dur\u00e9e<\/strong> : jusqu&rsquo;en 2028<\/li>\n\n\n\n<li><strong>Raison<\/strong> : centres existants = 20% de l&rsquo;\u00e9lectricit\u00e9 nationale<\/li>\n\n\n\n<li><strong>Impact<\/strong> : blocage d\u00e9veloppement IA et cloud<\/li>\n<\/ul>\n\n\n\n<p>\u00c0 Francfort, carrefour Internet de l&rsquo;Allemagne, le diagnostic est similaire. Jerome Evans, PDG d&rsquo;un op\u00e9rateur de centres de donn\u00e9es, s&rsquo;est vu r\u00e9pondre qu&rsquo;il devrait attendre une d\u00e9cennie, jusqu&rsquo;en 2035, pour disposer de l&rsquo;\u00e9nergie n\u00e9cessaire \u00e0 l&rsquo;agrandissement de ses sites.<\/p>\n\n\n\n<p>Cette situation p\u00e9nalise directement le d\u00e9veloppement de l&rsquo;intelligence artificielle et du cloud computing, secteurs gourmands en <strong>\u00e9lectricit\u00e9 stable et bon march\u00e9<\/strong>. Alors que les \u00c9tats-Unis et la Chine acc\u00e9l\u00e8rent leurs investissements dans ces technologies strat\u00e9giques, l&rsquo;Europe risque de prendre un retard difficile \u00e0 combler. Un paradoxe pour un continent qui se voulait pionnier de la transition \u00e9cologique.<\/p>\n\n\n\n<h2 class=\"wp-block-heading\">Le cas fran\u00e7ais : deux fois moins cher qu&rsquo;en Allemagne gr\u00e2ce au nucl\u00e9aire<\/h2>\n\n\n\n<h3 class=\"wp-block-heading\">L&rsquo;avantage du mix nucl\u00e9aire<\/h3>\n\n\n\n<p>Au milieu de ce tableau contrast\u00e9, la France tire son \u00e9pingle du jeu. En d\u00e9cembre 2025, le prix du kilowattheure pour les particuliers s&rsquo;\u00e9tablit \u00e0 <strong>0,20 \u20ac<\/strong>, soit 3 % en dessous de la moyenne europ\u00e9enne et presque deux fois moins cher qu&rsquo;en Allemagne.<\/p>\n\n\n\n<p><strong>Les atouts du mod\u00e8le fran\u00e7ais :<\/strong><\/p>\n\n\n\n<ul class=\"wp-block-list\">\n<li><strong>Production stable<\/strong> : 70% d&rsquo;\u00e9lectricit\u00e9 nucl\u00e9aire bas-carbone<\/li>\n\n\n\n<li><strong>Ind\u00e9pendance<\/strong> : moins sensible aux variations des march\u00e9s du gaz<\/li>\n\n\n\n<li><strong>Pilotabilit\u00e9<\/strong> : production ajustable en temps r\u00e9el selon la demande<\/li>\n\n\n\n<li><strong>Exportations<\/strong> : 89 TWh export\u00e9s en 2024 (= consommation annuelle de la Belgique)<\/li>\n<\/ul>\n\n\n\n<h3 class=\"wp-block-heading\">Un mod\u00e8le avec ses fragilit\u00e9s<\/h3>\n\n\n\n<p>Mais ce statut d&rsquo;exportateur masque une fragilit\u00e9 : la France reste tributaire de la bonne sant\u00e9 de son parc nucl\u00e9aire vieillissant. Les arr\u00eats impr\u00e9vus pour corrosion sous contrainte en 2022-2023 ont rappel\u00e9 que cette ind\u00e9pendance \u00e9nerg\u00e9tique demeure conditionnelle.<\/p>\n\n\n\n<p><strong>\u00c9volution du cadre r\u00e9glementaire<\/strong><\/p>\n\n\n\n<figure class=\"wp-block-table\"><table class=\"has-fixed-layout\"><tbody><tr><td><strong>M\u00e9canisme<\/strong><\/td><td><strong>P\u00e9riode<\/strong><\/td><td><strong>Prix<\/strong><\/td><td><strong>Statut<\/strong><\/td><\/tr><tr><td><strong>ARENH<\/strong><\/td><td>Jusqu&rsquo;\u00e0 fin 2025<\/td><td>42 \u20ac\/MWh<\/td><td>En cours<\/td><\/tr><tr><td><strong>Versement Nucl\u00e9aire Universel<\/strong><\/td><td>D\u00e8s 2026<\/td><td>Variable<\/td><td>\u00c0 venir<\/td><\/tr><\/tbody><\/table><\/figure>\n\n\n\n<p>Le mod\u00e8le fran\u00e7ais ne repose pas sur un rejet des \u00e9nergies renouvelables. Au contraire, leur part augmente progressivement dans le mix, notamment avec le d\u00e9veloppement du photovolta\u00efque et de l&rsquo;\u00e9olien. Mais cette <strong>approche \u00e9quilibr\u00e9e<\/strong> entre nucl\u00e9aire et renouvelables permet de limiter la volatilit\u00e9 tout en poursuivant la d\u00e9carbonation.<\/p>\n\n\n\n<h3 class=\"wp-block-heading\">Une convergence progressive vers la moyenne europ\u00e9enne<\/h3>\n\n\n\n<p>Pour autant, la France n&rsquo;\u00e9chappe pas compl\u00e8tement aux turbulences. Le prix du kilowattheure a augment\u00e9 de 86 % en dix ans, rejoignant progressivement la moyenne europ\u00e9enne. Cette convergence marque la fin d&rsquo;un avantage historique que le pays avait su pr\u00e9server pendant des d\u00e9cennies.<\/p>\n\n\n\n<h2 class=\"wp-block-heading\">Entre optimisme et r\u00e9alisme : que nous r\u00e9serve l&rsquo;avenir ?<\/h2>\n\n\n\n<h3 class=\"wp-block-heading\">La vision optimiste : des co\u00fbts qui vont baisser<\/h3>\n\n\n\n<p>Les experts ne s&rsquo;accordent pas sur la trajectoire future des prix. Les optimistes, comme Jacob Kirkegaard, \u00e9conomiste au Peterson Institute for International Economics bas\u00e9 \u00e0 Bruxelles, affirment que <strong>\u00ab\u00a0les co\u00fbts \u00e9nerg\u00e9tiques vont reculer consid\u00e9rablement\u00a0\u00bb<\/strong> une fois le syst\u00e8me europ\u00e9en d&rsquo;\u00e9nergies renouvelables pleinement op\u00e9rationnel.<\/p>\n\n\n\n<p><strong>Arguments des optimistes :<\/strong><\/p>\n\n\n\n<ul class=\"wp-block-list\">\n<li>Une fois les infrastructures construites, le vent et le soleil ne co\u00fbtent rien<\/li>\n\n\n\n<li>Technologies de batteries en progr\u00e8s rapide<\/li>\n\n\n\n<li>Prix \u00e9lev\u00e9s actuels = incitation massive \u00e0 investir dans l&rsquo;autoconsommation<\/li>\n\n\n\n<li>Boom du solaire attendu dans les prochaines ann\u00e9es<\/li>\n<\/ul>\n\n\n\n<h3 class=\"wp-block-heading\">La vision r\u00e9aliste : des co\u00fbts structurellement \u00e9lev\u00e9s<\/h3>\n\n\n\n<p>Face \u00e0 eux, d&rsquo;autres voix plus sceptiques temp\u00e8rent cet optimisme. Gordon Hughes, professeur \u00e0 l&rsquo;universit\u00e9 d&rsquo;\u00c9dimbourg et ancien conseiller en \u00e9nergie aupr\u00e8s de la Banque mondiale, estime qu'\u00a0\u00bbil est tr\u00e8s clair que le co\u00fbt de la transition n&rsquo;a jamais \u00e9t\u00e9 reconnu ni pris en compte\u00a0\u00bb.<\/p>\n\n\n\n<p>Dieter Helm, professeur de politique \u00e9conomique \u00e0 Oxford qui conseille les gouvernements britanniques, consid\u00e8re que les \u00e9nergies renouvelables resteront plus co\u00fbteuses que les hydrocarbures car <strong>le syst\u00e8me est globalement plus contraignant<\/strong>.<\/p>\n\n\n\n<p><strong>Contraintes structurelles :<\/strong><\/p>\n\n\n\n<ul class=\"wp-block-list\">\n<li>Rendements faibles au Nord (10-20% de capacit\u00e9 th\u00e9orique)<\/li>\n\n\n\n<li>Besoin capacit\u00e9s redondantes permanentes<\/li>\n\n\n\n<li>Co\u00fbts stockage et \u00e9quilibrage incompressibles<\/li>\n\n\n\n<li>Renouvellement infrastructures massif n\u00e9cessaire<\/li>\n<\/ul>\n\n\n\n<h3 class=\"wp-block-heading\">Des compromis pragmatiques \u00e9mergent<\/h3>\n\n\n\n<p>Cette incertitude pousse certains acteurs \u00e0 explorer des <strong>solutions pragmatiques de transition<\/strong>. Au Royaume-Uni, m\u00eame des figures \u00e9cologistes traditionnellement favorables aux renouvelables commencent \u00e0 r\u00e9viser leur position :<\/p>\n\n\n\n<ul class=\"wp-block-list\">\n<li><strong>Greg Jackson<\/strong> (Octopus Energy) : relancer l&rsquo;exploration hydrocarbures mer du Nord<\/li>\n\n\n\n<li><strong>Dale Vince<\/strong> (Ecotricity) : baisser les taxes sur projets gaz existants<\/li>\n\n\n\n<li><strong>Tony Blair Institute<\/strong> : suspendre 5 ans la taxe carbone sur le gaz<\/li>\n<\/ul>\n\n\n\n<p>Ces ajustements t\u00e9moignent d&rsquo;une prise de conscience : acc\u00e9l\u00e9rer co\u00fbte que co\u00fbte n&rsquo;est pas forc\u00e9ment la bonne strat\u00e9gie si cela fragilise l&rsquo;\u00e9conomie au point de rendre la transition politiquement insoutenable. La Commission europ\u00e9enne elle-m\u00eame reconna\u00eet que sans investissements massifs dans les r\u00e9seaux et le stockage, la transition \u00e9nerg\u00e9tique n&rsquo;atteindra pas ses objectifs.<\/p>\n\n\n\n<p>La transition \u00e9nerg\u00e9tique europ\u00e9enne r\u00e9v\u00e8le une \u00e9quation complexe : d\u00e9carboner sans d\u00e9sindustrialiser. Si la France tire son \u00e9pingle du jeu gr\u00e2ce \u00e0 un mix nucl\u00e9aire et renouvelable \u00e9quilibr\u00e9, l&rsquo;Europe dans son ensemble doit repenser son mod\u00e8le. Entre investissements massifs dans les infrastructures, r\u00e9formes fiscales et compromis pragmatiques, les solutions existent. Mais elles exigent une lucidit\u00e9 \u00e9conomique que le discours politique peine encore \u00e0 assumer.<\/p>\n\n\n\n<p>La transition sera verte, certes. Sera-t-elle aussi viable ?<\/p>\n","protected":false},"excerpt":{"rendered":"","protected":false},"author":2,"featured_media":133,"comment_status":"closed","ping_status":"closed","sticky":false,"template":"","format":"standard","meta":{"footnotes":""},"categories":[1],"tags":[],"class_list":["post-131","post","type-post","status-publish","format-standard","has-post-thumbnail","hentry","category-energies","masonry-post","generate-columns","tablet-grid-50","mobile-grid-100","grid-parent","grid-33"],"yoast_head":"<!-- This site is optimized with the Yoast SEO plugin v26.6 - https:\/\/yoast.com\/wordpress\/plugins\/seo\/ -->\n<title>Transition \u00e9nerg\u00e9tique en Europe : quand la course aux renouvelables fait grimper les factures - ECOinfos<\/title>\n<meta name=\"robots\" content=\"index, follow, max-snippet:-1, max-image-preview:large, max-video-preview:-1\" \/>\n<link rel=\"canonical\" href=\"https:\/\/www.les-energies-renouvelables.eu\/article\/actualites\/energies\/transition-energetique-en-europe-quand-la-course-aux-renouvelables-fait-grimper-les-factures-131\/\" \/>\n<meta property=\"og:locale\" content=\"fr_FR\" \/>\n<meta property=\"og:type\" content=\"article\" \/>\n<meta property=\"og:title\" content=\"Transition \u00e9nerg\u00e9tique en Europe : quand la course aux renouvelables fait grimper les factures - ECOinfos\" \/>\n<meta property=\"og:description\" content=\"L&#039;Europe a r\u00e9ussi son pari climatique avec une r\u00e9duction de 30 % de ses \u00e9missions depuis 2005. Pourtant, les factures d&#039;\u00e9lectricit\u00e9 explosent : l&#039;Allemagne et le Royaume-Uni affichent d\u00e9sormais les tarifs les plus \u00e9lev\u00e9s des pays d\u00e9velopp\u00e9s. Entre investissements massifs dans les infrastructures et co\u00fbts cach\u00e9s de l&#039;intermittence, la transition \u00e9nerg\u00e9tique r\u00e9v\u00e8le une face m\u00e9connue qui interroge sa viabilit\u00e9 \u00e9conomique.\" \/>\n<meta property=\"og:url\" content=\"https:\/\/www.les-energies-renouvelables.eu\/article\/actualites\/energies\/transition-energetique-en-europe-quand-la-course-aux-renouvelables-fait-grimper-les-factures-131\/\" \/>\n<meta property=\"og:site_name\" content=\"ECOinfos Energies renouvelables\" \/>\n<meta property=\"article:publisher\" content=\"https:\/\/www.facebook.com\/ecoannuaire.energierenouvelable\/\" \/>\n<meta property=\"article:author\" content=\"https:\/\/www.facebook.com\/tictacf2c\/\" \/>\n<meta property=\"article:published_time\" content=\"2025-12-21T07:00:00+00:00\" \/>\n<meta property=\"og:image\" content=\"https:\/\/www.les-energies-renouvelables.eu\/article\/actualites\/wp-content\/uploads\/2025\/12\/actualites-transition-energetique-en-europe-quand-la-course-aux-renouvelables-fait-grimper-les-factures-prix-electricite-europe.jpg\" \/>\n\t<meta property=\"og:image:width\" content=\"1200\" \/>\n\t<meta property=\"og:image:height\" content=\"675\" \/>\n\t<meta property=\"og:image:type\" content=\"image\/jpeg\" \/>\n<meta name=\"author\" content=\"Alexia JACQUARD\" \/>\n<meta name=\"twitter:card\" content=\"summary_large_image\" \/>\n<meta name=\"twitter:creator\" content=\"@alexiajcrd\" \/>\n<meta name=\"twitter:site\" content=\"@ECOinfosENR\" \/>\n<meta name=\"twitter:label1\" content=\"\u00c9crit par\" \/>\n\t<meta name=\"twitter:data1\" content=\"Alexia JACQUARD\" \/>\n\t<meta name=\"twitter:label2\" content=\"Dur\u00e9e de lecture estim\u00e9e\" \/>\n\t<meta name=\"twitter:data2\" content=\"9 minutes\" \/>\n<script type=\"application\/ld+json\" class=\"yoast-schema-graph\">{\"@context\":\"https:\/\/schema.org\",\"@graph\":[{\"@type\":\"Article\",\"@id\":\"https:\/\/www.les-energies-renouvelables.eu\/article\/actualites\/energies\/transition-energetique-en-europe-quand-la-course-aux-renouvelables-fait-grimper-les-factures-131\/#article\",\"isPartOf\":{\"@id\":\"https:\/\/www.les-energies-renouvelables.eu\/article\/actualites\/energies\/transition-energetique-en-europe-quand-la-course-aux-renouvelables-fait-grimper-les-factures-131\/\"},\"author\":{\"name\":\"Alexia JACQUARD\",\"@id\":\"https:\/\/www.les-energies-renouvelables.eu\/article\/actualites\/#\/schema\/person\/2c7d09eb5ca339c12ca8d86145440169\"},\"headline\":\"Transition \u00e9nerg\u00e9tique en Europe : quand la course aux renouvelables fait grimper les factures\",\"datePublished\":\"2025-12-21T07:00:00+00:00\",\"mainEntityOfPage\":{\"@id\":\"https:\/\/www.les-energies-renouvelables.eu\/article\/actualites\/energies\/transition-energetique-en-europe-quand-la-course-aux-renouvelables-fait-grimper-les-factures-131\/\"},\"wordCount\":1926,\"publisher\":{\"@id\":\"https:\/\/www.les-energies-renouvelables.eu\/article\/actualites\/#organization\"},\"image\":{\"@id\":\"https:\/\/www.les-energies-renouvelables.eu\/article\/actualites\/energies\/transition-energetique-en-europe-quand-la-course-aux-renouvelables-fait-grimper-les-factures-131\/#primaryimage\"},\"thumbnailUrl\":\"https:\/\/www.les-energies-renouvelables.eu\/article\/actualites\/wp-content\/uploads\/2025\/12\/actualites-transition-energetique-en-europe-quand-la-course-aux-renouvelables-fait-grimper-les-factures-prix-electricite-europe.jpg\",\"articleSection\":[\"\u00c9nergies\"],\"inLanguage\":\"fr-FR\"},{\"@type\":\"WebPage\",\"@id\":\"https:\/\/www.les-energies-renouvelables.eu\/article\/actualites\/energies\/transition-energetique-en-europe-quand-la-course-aux-renouvelables-fait-grimper-les-factures-131\/\",\"url\":\"https:\/\/www.les-energies-renouvelables.eu\/article\/actualites\/energies\/transition-energetique-en-europe-quand-la-course-aux-renouvelables-fait-grimper-les-factures-131\/\",\"name\":\"Transition \u00e9nerg\u00e9tique en Europe : quand la course aux renouvelables fait grimper les factures - ECOinfos\",\"isPartOf\":{\"@id\":\"https:\/\/www.les-energies-renouvelables.eu\/article\/actualites\/#website\"},\"primaryImageOfPage\":{\"@id\":\"https:\/\/www.les-energies-renouvelables.eu\/article\/actualites\/energies\/transition-energetique-en-europe-quand-la-course-aux-renouvelables-fait-grimper-les-factures-131\/#primaryimage\"},\"image\":{\"@id\":\"https:\/\/www.les-energies-renouvelables.eu\/article\/actualites\/energies\/transition-energetique-en-europe-quand-la-course-aux-renouvelables-fait-grimper-les-factures-131\/#primaryimage\"},\"thumbnailUrl\":\"https:\/\/www.les-energies-renouvelables.eu\/article\/actualites\/wp-content\/uploads\/2025\/12\/actualites-transition-energetique-en-europe-quand-la-course-aux-renouvelables-fait-grimper-les-factures-prix-electricite-europe.jpg\",\"datePublished\":\"2025-12-21T07:00:00+00:00\",\"breadcrumb\":{\"@id\":\"https:\/\/www.les-energies-renouvelables.eu\/article\/actualites\/energies\/transition-energetique-en-europe-quand-la-course-aux-renouvelables-fait-grimper-les-factures-131\/#breadcrumb\"},\"inLanguage\":\"fr-FR\",\"potentialAction\":[{\"@type\":\"ReadAction\",\"target\":[\"https:\/\/www.les-energies-renouvelables.eu\/article\/actualites\/energies\/transition-energetique-en-europe-quand-la-course-aux-renouvelables-fait-grimper-les-factures-131\/\"]}]},{\"@type\":\"ImageObject\",\"inLanguage\":\"fr-FR\",\"@id\":\"https:\/\/www.les-energies-renouvelables.eu\/article\/actualites\/energies\/transition-energetique-en-europe-quand-la-course-aux-renouvelables-fait-grimper-les-factures-131\/#primaryimage\",\"url\":\"https:\/\/www.les-energies-renouvelables.eu\/article\/actualites\/wp-content\/uploads\/2025\/12\/actualites-transition-energetique-en-europe-quand-la-course-aux-renouvelables-fait-grimper-les-factures-prix-electricite-europe.jpg\",\"contentUrl\":\"https:\/\/www.les-energies-renouvelables.eu\/article\/actualites\/wp-content\/uploads\/2025\/12\/actualites-transition-energetique-en-europe-quand-la-course-aux-renouvelables-fait-grimper-les-factures-prix-electricite-europe.jpg\",\"width\":1200,\"height\":675,\"caption\":\"Ideogram\"},{\"@type\":\"BreadcrumbList\",\"@id\":\"https:\/\/www.les-energies-renouvelables.eu\/article\/actualites\/energies\/transition-energetique-en-europe-quand-la-course-aux-renouvelables-fait-grimper-les-factures-131\/#breadcrumb\",\"itemListElement\":[{\"@type\":\"ListItem\",\"position\":1,\"name\":\"Accueil\",\"item\":\"https:\/\/www.les-energies-renouvelables.eu\/article\/actualites\/\"},{\"@type\":\"ListItem\",\"position\":2,\"name\":\"Transition \u00e9nerg\u00e9tique en Europe : quand la course aux renouvelables fait grimper les factures\"}]},{\"@type\":\"WebSite\",\"@id\":\"https:\/\/www.les-energies-renouvelables.eu\/article\/actualites\/#website\",\"url\":\"https:\/\/www.les-energies-renouvelables.eu\/article\/actualites\/\",\"name\":\"ECOinfos Energies renouvelables\",\"description\":\"Le d\u00e9cryptage quotidien du secteur des \u00e9nergies renouvelables\",\"publisher\":{\"@id\":\"https:\/\/www.les-energies-renouvelables.eu\/article\/actualites\/#organization\"},\"potentialAction\":[{\"@type\":\"SearchAction\",\"target\":{\"@type\":\"EntryPoint\",\"urlTemplate\":\"https:\/\/www.les-energies-renouvelables.eu\/article\/actualites\/?s={search_term_string}\"},\"query-input\":{\"@type\":\"PropertyValueSpecification\",\"valueRequired\":true,\"valueName\":\"search_term_string\"}}],\"inLanguage\":\"fr-FR\"},{\"@type\":\"Organization\",\"@id\":\"https:\/\/www.les-energies-renouvelables.eu\/article\/actualites\/#organization\",\"name\":\"ECOinfos Energies renouvelables\",\"url\":\"https:\/\/www.les-energies-renouvelables.eu\/article\/actualites\/\",\"logo\":{\"@type\":\"ImageObject\",\"inLanguage\":\"fr-FR\",\"@id\":\"https:\/\/www.les-energies-renouvelables.eu\/article\/actualites\/#\/schema\/logo\/image\/\",\"url\":\"https:\/\/www.les-energies-renouvelables.eu\/article\/actualites\/wp-content\/uploads\/2025\/11\/ecoinfos.eldorado-consulting.com-logo-logo.svg\",\"contentUrl\":\"https:\/\/www.les-energies-renouvelables.eu\/article\/actualites\/wp-content\/uploads\/2025\/11\/ecoinfos.eldorado-consulting.com-logo-logo.svg\",\"caption\":\"ECOinfos Energies renouvelables\"},\"image\":{\"@id\":\"https:\/\/www.les-energies-renouvelables.eu\/article\/actualites\/#\/schema\/logo\/image\/\"},\"sameAs\":[\"https:\/\/www.facebook.com\/ecoannuaire.energierenouvelable\/\",\"https:\/\/x.com\/ECOinfosENR\",\"https:\/\/www.linkedin.com\/company\/ecoinfos-energies-renouvelables\/\",\"https:\/\/www.youtube.com\/@ecoinfosenergies\",\"https:\/\/share.google\/dyKHJPxAV42WhhjbM\"]},{\"@type\":\"Person\",\"@id\":\"https:\/\/www.les-energies-renouvelables.eu\/article\/actualites\/#\/schema\/person\/2c7d09eb5ca339c12ca8d86145440169\",\"name\":\"Alexia JACQUARD\",\"pronouns\":\"elle\/elle\",\"image\":{\"@type\":\"ImageObject\",\"inLanguage\":\"fr-FR\",\"@id\":\"https:\/\/www.les-energies-renouvelables.eu\/article\/actualites\/#\/schema\/person\/image\/\",\"url\":\"https:\/\/www.les-energies-renouvelables.eu\/article\/actualites\/wp-content\/uploads\/2026\/01\/actualites-alexia-jacquard-alexia-jacquard-160x160.jpg\",\"contentUrl\":\"https:\/\/www.les-energies-renouvelables.eu\/article\/actualites\/wp-content\/uploads\/2026\/01\/actualites-alexia-jacquard-alexia-jacquard-160x160.jpg\",\"caption\":\"Alexia JACQUARD\"},\"description\":\"Curieuse de nature et attentif aux enjeux du d\u00e9veloppement durable, Alexia Jacquard suit l'actualit\u00e9 des \u00e9nergies renouvelables pour partager les derni\u00e8res nouveaut\u00e9s du secteur. Elle s'attache \u00e0 retranscrire simplement les informations cl\u00e9s et les initiatives positives qui marquent la transition \u00e9nerg\u00e9tique. Son objectif : proposer des articles d'actualit\u00e9 clairs et accessibles pour tous ceux qui s'int\u00e9ressent \u00e0 l'avenir de notre \u00e9nergie.\",\"sameAs\":[\"https:\/\/alexia-jacquard.fr\",\"https:\/\/www.facebook.com\/tictacf2c\/\",\"https:\/\/www.instagram.com\/alexia_redac\/\",\"https:\/\/www.linkedin.com\/in\/alexia-jacquard-449a4b289\/\",\"https:\/\/fr.pinterest.com\/alexiajacquard\/\",\"https:\/\/x.com\/alexiajcrd\",\"https:\/\/www.youtube.com\/@Thepaindemie\",\"https:\/\/muckrack.com\/alexia-jacquard\"],\"url\":\"https:\/\/www.les-energies-renouvelables.eu\/article\/actualites\/author\/alexia-jacquard\/\"}]}<\/script>\n<!-- \/ Yoast SEO plugin. -->","yoast_head_json":{"title":"Transition \u00e9nerg\u00e9tique en Europe : quand la course aux renouvelables fait grimper les factures - ECOinfos","robots":{"index":"index","follow":"follow","max-snippet":"max-snippet:-1","max-image-preview":"max-image-preview:large","max-video-preview":"max-video-preview:-1"},"canonical":"https:\/\/www.les-energies-renouvelables.eu\/article\/actualites\/energies\/transition-energetique-en-europe-quand-la-course-aux-renouvelables-fait-grimper-les-factures-131\/","og_locale":"fr_FR","og_type":"article","og_title":"Transition \u00e9nerg\u00e9tique en Europe : quand la course aux renouvelables fait grimper les factures - ECOinfos","og_description":"L'Europe a r\u00e9ussi son pari climatique avec une r\u00e9duction de 30 % de ses \u00e9missions depuis 2005. Pourtant, les factures d'\u00e9lectricit\u00e9 explosent : l'Allemagne et le Royaume-Uni affichent d\u00e9sormais les tarifs les plus \u00e9lev\u00e9s des pays d\u00e9velopp\u00e9s. Entre investissements massifs dans les infrastructures et co\u00fbts cach\u00e9s de l'intermittence, la transition \u00e9nerg\u00e9tique r\u00e9v\u00e8le une face m\u00e9connue qui interroge sa viabilit\u00e9 \u00e9conomique.","og_url":"https:\/\/www.les-energies-renouvelables.eu\/article\/actualites\/energies\/transition-energetique-en-europe-quand-la-course-aux-renouvelables-fait-grimper-les-factures-131\/","og_site_name":"ECOinfos Energies renouvelables","article_publisher":"https:\/\/www.facebook.com\/ecoannuaire.energierenouvelable\/","article_author":"https:\/\/www.facebook.com\/tictacf2c\/","article_published_time":"2025-12-21T07:00:00+00:00","og_image":[{"width":1200,"height":675,"url":"https:\/\/www.les-energies-renouvelables.eu\/article\/actualites\/wp-content\/uploads\/2025\/12\/actualites-transition-energetique-en-europe-quand-la-course-aux-renouvelables-fait-grimper-les-factures-prix-electricite-europe.jpg","type":"image\/jpeg"}],"author":"Alexia JACQUARD","twitter_card":"summary_large_image","twitter_creator":"@alexiajcrd","twitter_site":"@ECOinfosENR","twitter_misc":{"\u00c9crit par":"Alexia JACQUARD","Dur\u00e9e de lecture estim\u00e9e":"9 minutes"},"schema":{"@context":"https:\/\/schema.org","@graph":[{"@type":"Article","@id":"https:\/\/www.les-energies-renouvelables.eu\/article\/actualites\/energies\/transition-energetique-en-europe-quand-la-course-aux-renouvelables-fait-grimper-les-factures-131\/#article","isPartOf":{"@id":"https:\/\/www.les-energies-renouvelables.eu\/article\/actualites\/energies\/transition-energetique-en-europe-quand-la-course-aux-renouvelables-fait-grimper-les-factures-131\/"},"author":{"name":"Alexia JACQUARD","@id":"https:\/\/www.les-energies-renouvelables.eu\/article\/actualites\/#\/schema\/person\/2c7d09eb5ca339c12ca8d86145440169"},"headline":"Transition \u00e9nerg\u00e9tique en Europe : quand la course aux renouvelables fait grimper les factures","datePublished":"2025-12-21T07:00:00+00:00","mainEntityOfPage":{"@id":"https:\/\/www.les-energies-renouvelables.eu\/article\/actualites\/energies\/transition-energetique-en-europe-quand-la-course-aux-renouvelables-fait-grimper-les-factures-131\/"},"wordCount":1926,"publisher":{"@id":"https:\/\/www.les-energies-renouvelables.eu\/article\/actualites\/#organization"},"image":{"@id":"https:\/\/www.les-energies-renouvelables.eu\/article\/actualites\/energies\/transition-energetique-en-europe-quand-la-course-aux-renouvelables-fait-grimper-les-factures-131\/#primaryimage"},"thumbnailUrl":"https:\/\/www.les-energies-renouvelables.eu\/article\/actualites\/wp-content\/uploads\/2025\/12\/actualites-transition-energetique-en-europe-quand-la-course-aux-renouvelables-fait-grimper-les-factures-prix-electricite-europe.jpg","articleSection":["\u00c9nergies"],"inLanguage":"fr-FR"},{"@type":"WebPage","@id":"https:\/\/www.les-energies-renouvelables.eu\/article\/actualites\/energies\/transition-energetique-en-europe-quand-la-course-aux-renouvelables-fait-grimper-les-factures-131\/","url":"https:\/\/www.les-energies-renouvelables.eu\/article\/actualites\/energies\/transition-energetique-en-europe-quand-la-course-aux-renouvelables-fait-grimper-les-factures-131\/","name":"Transition \u00e9nerg\u00e9tique en Europe : quand la course aux renouvelables fait grimper les factures - ECOinfos","isPartOf":{"@id":"https:\/\/www.les-energies-renouvelables.eu\/article\/actualites\/#website"},"primaryImageOfPage":{"@id":"https:\/\/www.les-energies-renouvelables.eu\/article\/actualites\/energies\/transition-energetique-en-europe-quand-la-course-aux-renouvelables-fait-grimper-les-factures-131\/#primaryimage"},"image":{"@id":"https:\/\/www.les-energies-renouvelables.eu\/article\/actualites\/energies\/transition-energetique-en-europe-quand-la-course-aux-renouvelables-fait-grimper-les-factures-131\/#primaryimage"},"thumbnailUrl":"https:\/\/www.les-energies-renouvelables.eu\/article\/actualites\/wp-content\/uploads\/2025\/12\/actualites-transition-energetique-en-europe-quand-la-course-aux-renouvelables-fait-grimper-les-factures-prix-electricite-europe.jpg","datePublished":"2025-12-21T07:00:00+00:00","breadcrumb":{"@id":"https:\/\/www.les-energies-renouvelables.eu\/article\/actualites\/energies\/transition-energetique-en-europe-quand-la-course-aux-renouvelables-fait-grimper-les-factures-131\/#breadcrumb"},"inLanguage":"fr-FR","potentialAction":[{"@type":"ReadAction","target":["https:\/\/www.les-energies-renouvelables.eu\/article\/actualites\/energies\/transition-energetique-en-europe-quand-la-course-aux-renouvelables-fait-grimper-les-factures-131\/"]}]},{"@type":"ImageObject","inLanguage":"fr-FR","@id":"https:\/\/www.les-energies-renouvelables.eu\/article\/actualites\/energies\/transition-energetique-en-europe-quand-la-course-aux-renouvelables-fait-grimper-les-factures-131\/#primaryimage","url":"https:\/\/www.les-energies-renouvelables.eu\/article\/actualites\/wp-content\/uploads\/2025\/12\/actualites-transition-energetique-en-europe-quand-la-course-aux-renouvelables-fait-grimper-les-factures-prix-electricite-europe.jpg","contentUrl":"https:\/\/www.les-energies-renouvelables.eu\/article\/actualites\/wp-content\/uploads\/2025\/12\/actualites-transition-energetique-en-europe-quand-la-course-aux-renouvelables-fait-grimper-les-factures-prix-electricite-europe.jpg","width":1200,"height":675,"caption":"Ideogram"},{"@type":"BreadcrumbList","@id":"https:\/\/www.les-energies-renouvelables.eu\/article\/actualites\/energies\/transition-energetique-en-europe-quand-la-course-aux-renouvelables-fait-grimper-les-factures-131\/#breadcrumb","itemListElement":[{"@type":"ListItem","position":1,"name":"Accueil","item":"https:\/\/www.les-energies-renouvelables.eu\/article\/actualites\/"},{"@type":"ListItem","position":2,"name":"Transition \u00e9nerg\u00e9tique en Europe : quand la course aux renouvelables fait grimper les factures"}]},{"@type":"WebSite","@id":"https:\/\/www.les-energies-renouvelables.eu\/article\/actualites\/#website","url":"https:\/\/www.les-energies-renouvelables.eu\/article\/actualites\/","name":"ECOinfos Energies renouvelables","description":"Le d\u00e9cryptage quotidien du secteur des \u00e9nergies renouvelables","publisher":{"@id":"https:\/\/www.les-energies-renouvelables.eu\/article\/actualites\/#organization"},"potentialAction":[{"@type":"SearchAction","target":{"@type":"EntryPoint","urlTemplate":"https:\/\/www.les-energies-renouvelables.eu\/article\/actualites\/?s={search_term_string}"},"query-input":{"@type":"PropertyValueSpecification","valueRequired":true,"valueName":"search_term_string"}}],"inLanguage":"fr-FR"},{"@type":"Organization","@id":"https:\/\/www.les-energies-renouvelables.eu\/article\/actualites\/#organization","name":"ECOinfos Energies renouvelables","url":"https:\/\/www.les-energies-renouvelables.eu\/article\/actualites\/","logo":{"@type":"ImageObject","inLanguage":"fr-FR","@id":"https:\/\/www.les-energies-renouvelables.eu\/article\/actualites\/#\/schema\/logo\/image\/","url":"https:\/\/www.les-energies-renouvelables.eu\/article\/actualites\/wp-content\/uploads\/2025\/11\/ecoinfos.eldorado-consulting.com-logo-logo.svg","contentUrl":"https:\/\/www.les-energies-renouvelables.eu\/article\/actualites\/wp-content\/uploads\/2025\/11\/ecoinfos.eldorado-consulting.com-logo-logo.svg","caption":"ECOinfos Energies renouvelables"},"image":{"@id":"https:\/\/www.les-energies-renouvelables.eu\/article\/actualites\/#\/schema\/logo\/image\/"},"sameAs":["https:\/\/www.facebook.com\/ecoannuaire.energierenouvelable\/","https:\/\/x.com\/ECOinfosENR","https:\/\/www.linkedin.com\/company\/ecoinfos-energies-renouvelables\/","https:\/\/www.youtube.com\/@ecoinfosenergies","https:\/\/share.google\/dyKHJPxAV42WhhjbM"]},{"@type":"Person","@id":"https:\/\/www.les-energies-renouvelables.eu\/article\/actualites\/#\/schema\/person\/2c7d09eb5ca339c12ca8d86145440169","name":"Alexia JACQUARD","pronouns":"elle\/elle","image":{"@type":"ImageObject","inLanguage":"fr-FR","@id":"https:\/\/www.les-energies-renouvelables.eu\/article\/actualites\/#\/schema\/person\/image\/","url":"https:\/\/www.les-energies-renouvelables.eu\/article\/actualites\/wp-content\/uploads\/2026\/01\/actualites-alexia-jacquard-alexia-jacquard-160x160.jpg","contentUrl":"https:\/\/www.les-energies-renouvelables.eu\/article\/actualites\/wp-content\/uploads\/2026\/01\/actualites-alexia-jacquard-alexia-jacquard-160x160.jpg","caption":"Alexia JACQUARD"},"description":"Curieuse de nature et attentif aux enjeux du d\u00e9veloppement durable, Alexia Jacquard suit l'actualit\u00e9 des \u00e9nergies renouvelables pour partager les derni\u00e8res nouveaut\u00e9s du secteur. Elle s'attache \u00e0 retranscrire simplement les informations cl\u00e9s et les initiatives positives qui marquent la transition \u00e9nerg\u00e9tique. Son objectif : proposer des articles d'actualit\u00e9 clairs et accessibles pour tous ceux qui s'int\u00e9ressent \u00e0 l'avenir de notre \u00e9nergie.","sameAs":["https:\/\/alexia-jacquard.fr","https:\/\/www.facebook.com\/tictacf2c\/","https:\/\/www.instagram.com\/alexia_redac\/","https:\/\/www.linkedin.com\/in\/alexia-jacquard-449a4b289\/","https:\/\/fr.pinterest.com\/alexiajacquard\/","https:\/\/x.com\/alexiajcrd","https:\/\/www.youtube.com\/@Thepaindemie","https:\/\/muckrack.com\/alexia-jacquard"],"url":"https:\/\/www.les-energies-renouvelables.eu\/article\/actualites\/author\/alexia-jacquard\/"}]}},"_links":{"self":[{"href":"https:\/\/www.les-energies-renouvelables.eu\/article\/actualites\/wp-json\/wp\/v2\/posts\/131","targetHints":{"allow":["GET"]}}],"collection":[{"href":"https:\/\/www.les-energies-renouvelables.eu\/article\/actualites\/wp-json\/wp\/v2\/posts"}],"about":[{"href":"https:\/\/www.les-energies-renouvelables.eu\/article\/actualites\/wp-json\/wp\/v2\/types\/post"}],"author":[{"embeddable":true,"href":"https:\/\/www.les-energies-renouvelables.eu\/article\/actualites\/wp-json\/wp\/v2\/users\/2"}],"replies":[{"embeddable":true,"href":"https:\/\/www.les-energies-renouvelables.eu\/article\/actualites\/wp-json\/wp\/v2\/comments?post=131"}],"version-history":[{"count":3,"href":"https:\/\/www.les-energies-renouvelables.eu\/article\/actualites\/wp-json\/wp\/v2\/posts\/131\/revisions"}],"predecessor-version":[{"id":198,"href":"https:\/\/www.les-energies-renouvelables.eu\/article\/actualites\/wp-json\/wp\/v2\/posts\/131\/revisions\/198"}],"wp:featuredmedia":[{"embeddable":true,"href":"https:\/\/www.les-energies-renouvelables.eu\/article\/actualites\/wp-json\/wp\/v2\/media\/133"}],"wp:attachment":[{"href":"https:\/\/www.les-energies-renouvelables.eu\/article\/actualites\/wp-json\/wp\/v2\/media?parent=131"}],"wp:term":[{"taxonomy":"category","embeddable":true,"href":"https:\/\/www.les-energies-renouvelables.eu\/article\/actualites\/wp-json\/wp\/v2\/categories?post=131"},{"taxonomy":"post_tag","embeddable":true,"href":"https:\/\/www.les-energies-renouvelables.eu\/article\/actualites\/wp-json\/wp\/v2\/tags?post=131"}],"curies":[{"name":"wp","href":"https:\/\/api.w.org\/{rel}","templated":true}]}}